{"id":6253,"date":"2018-04-13T18:20:40","date_gmt":"2018-04-13T16:20:40","guid":{"rendered":"https:\/\/news.save.ch\/?p=6253"},"modified":"2023-03-14T08:59:21","modified_gmt":"2023-03-14T07:59:21","slug":"bodycams-deeskalierende-wirkung","status":null,"type":"post","link":"https:\/\/news.save.ch\/it\/bodycams-deeskalierende-wirkung\/","title":{"rendered":"Bodycam: effetto di de-escalation"},"content":{"rendered":"<figure id=\"attachment_6254\" aria-describedby=\"caption-attachment-6254\" style=\"width: 680px\" class=\"wp-caption aligncenter\"><img loading=\"lazy\" decoding=\"async\" class=\"size-medium wp-image-6254\" src=\"https:\/\/news.save.ch\/wp-content\/uploads\/2018\/04\/15-Bodycam-scaled-1.jpg\" alt=\"\" width=\"680\" height=\"454\" \/><figcaption id=\"caption-attachment-6254\" class=\"wp-caption-text\">\u00a9 FFS<\/figcaption><\/figure>\n<p>Gli agenti delle forze dell'ordine sono sempre pi\u00f9 esposti ad aggressioni verbali e fisiche. Oltre alla violenza perpetrata da singoli individui, di recente si sono moltiplicate le situazioni in cui la polizia viene attaccata da gruppi. Nell'ambito del progetto \"Police work in urban areas of tension (PiuS)\", l'Istituto di Criminologia dell'Universit\u00e0 di Zurigo \u00e8 stato incaricato di valutare questi attacchi con un'indagine sui presunti autori e sulle vittime e di proporre delle misure.<\/p>\n<p>Poich\u00e9 le aggressioni da parte di singoli individui sono gi\u00e0 state ben studiate scientificamente, l'Istituto di Criminologia \u00e8 stato incaricato di limitare il suo studio alle aggressioni di gruppo contro gli agenti di polizia. L'indagine mostra: gli attacchi di gruppo di questo tipo sono pochi ogni anno, ma ogni volta hanno un grande potenziale di danno psicologico e fisico. La met\u00e0 degli accusati vive nella citt\u00e0 di Zurigo, la maggior parte dei violenti sono svizzeri e uomini, tra cui molti giovani. Pi\u00f9 di un terzo dei presunti autori ha meno di 20 anni. E la violenza \u00e8 diversa: mentre gli under 20 lanciano soprattutto pietre e bottiglie, le aggressioni dei 20-25enni riguardano soprattutto insulti.<\/p>\n<p><strong>Migliori prove disponibili <\/strong><\/p>\n<p>Un buon equipaggiamento \u00e8 un prerequisito per la protezione della polizia. Inoltre, si dovrebbe valutare se i casi di violenza e di minacce contro gli agenti da parte di gruppi possano essere coordinati e trattati in un unico luogo presso l'Ufficio del Pubblico Ministero. Questa richiesta \u00e8 stata presentata all'Ufficio del Procuratore Capo del Cantone di Zurigo. E il quadro penale deve essere utilizzato maggiormente dalla magistratura. \u00c8 fatale quando gli autori dei reati pensano che le loro azioni non abbiano conseguenze: \u00e8 dimostrato che questa convinzione favorisce la violenza. Inoltre, in futuro dovrebbero essere disponibili prove migliori per gli attacchi ad alto potenziale di violenza, motivo per cui dovrebbe essere possibile l'installazione temporanea di videocamere in alcuni punti caldi.<\/p>\n<p>L'Istituto di Criminologia ha rilevato che una comunicazione professionale e amichevole e un aspetto appropriato da parte della polizia sono di grande importanza per la de-escalation o per evitare la violenza. In particolare, gli autori dello studio raccomandano l'impiego di squadre speciali di dialogo in occasione di grandi eventi come manifestazioni o partite di calcio. Questi gruppi di dialogo sono stati impiegati con successo a Berlino e anche a Berna. Cercano attivamente il dialogo con la popolazione. La polizia municipale sta conducendo un test pilota con squadre di dialogo nel 2018. Inoltre, l'Istituto Criminologico raccomanda di esaminare l'uso delle body cam. L'anno scorso, questo \u00e8 gi\u00e0 stato fatto in una sperimentazione, indipendentemente dallo studio sulla violenza.<\/p>\n<p><strong>17 000 operazioni di polizia valutate <\/strong><\/p>\n<p>Nell'ambito del progetto PiuS, \u00e8 stata condotta una sperimentazione scientificamente controllata con telecamere per il corpo (bodycam) presso la polizia municipale di Zurigo (e la polizia dei trasporti FFS di Zurigo e Losanna). In Svizzera si discute da tempo dell'uso delle body cam, ma finora non ci sono stati progetti pilota e quindi non \u00e8 stato possibile rispondere alla domanda se le body cam abbiano un effetto.<\/p>\n<p>Il capo della sicurezza e il comandante della polizia cittadina hanno incaricato l'Istituto per la prevenzione della delinquenza e del crimine dell'Universit\u00e0 di Scienze Applicate di Zurigo (ZHAW) di chiarire se le bodycam siano uno strumento di polizia efficace e utile.<\/p>\n<p>Il processo di Zurigo \u00e8 durato 36 settimane, con gli agenti di polizia che indossavano le telecamere solo ogni due settimane. Questo ha permesso un confronto diretto tra i turni con telecamere e quelli senza. Dopo ogni turno, dovevano compilare un questionario. Durante la fase sperimentale sono stati effettuati 17.198 turni e sono stati compilati 7822 questionari. Gli autori dello studio sono giunti alle seguenti conclusioni: La maggior parte degli interventi \u00e8 pacifica. Ogni 200 interventi (0,5 %) si sono verificate aggressioni fisiche contro gli agenti di polizia, come spintoni, colpi, calci o addirittura colpi con oggetti. La polizia ha riferito di aggressioni verbali come abusi verbali in circa il 4% delle operazioni.<\/p>\n<p><strong>50 aggressioni in meno all'anno <\/strong><\/p>\n<p>In un confronto tra gli interventi con body camera e quelli senza, gli autori suggeriscono un effetto favorevole della body camera, senza tuttavia descrivere l'effetto positivo come statisticamente significativo. Nell'estrapolazione dei casi esaminati, tuttavia, la rilevanza \u00e8 data: Se tutti gli agenti di polizia delle quattro unit\u00e0 che hanno partecipato all'esperimento indossassero le body cam, ci sarebbero circa 50 casi in meno di aggressioni fisiche contro la polizia ogni anno. Inoltre, la bodycam favorisce l'obiettivit\u00e0 nelle operazioni controverse. Inoltre, fornisce ulteriori prove nelle denunce e nei procedimenti penali. L'indagine mostra chiaramente che la Boycam non ha certo un effetto di escalation: In molti casi, la situazione si \u00e8 calmata nel momento in cui la pattuglia di polizia ha fatto presente alla controparte che avrebbe acceso la telecamera. Pi\u00f9 della met\u00e0 degli agenti di polizia che hanno partecipato alla sperimentazione sono favorevoli all'introduzione delle body cam.<\/p>\n<p><strong>\u00a0<\/strong><strong>Richiesta di introduzione definitiva<\/strong><\/p>\n<p>Il capo del dipartimento di sicurezza, Richard Wolff, in accordo con il comandante della polizia, presenter\u00e0 una richiesta al consiglio comunale per l'introduzione definitiva delle body cam. Se l'esecutivo approva la richiesta, questa sar\u00e0 presentata al Consiglio comunale di Zurigo, che \u00e8 responsabile della base giuridica necessaria. Secondo Wolff, l'uso delle body cam dovrebbe essere regolamentato come nel processo: Le bodycam registrano solo se la situazione ha gi\u00e0 raggiunto un certo livello di escalation o se l'avversario lo richiede alla polizia. I costi del progetto sono stimati tra i 100.000 e i 200.000 franchi svizzeri.<\/p>\n<p><em>Comunicato stampa Dipartimento Sicurezza Citt\u00e0 di Zurigo<\/em><\/p>\n<p>&nbsp;<\/p>\n<p><em>Le relazioni finali sui sottoprogetti \"Violenza contro gli agenti di polizia\" e \"Bodycam\", nonch\u00e9 le relazioni scientifiche dell'Universit\u00e0 di Zurigo e della ZHAW sono disponibili su Internet. <a href=\"https:\/\/bit.ly\/2GV5w1e\">https:\/\/bit.ly\/2GV5w1e<\/a><\/em><\/p>\n<p>&nbsp;<\/p>\n<p>&nbsp;<\/p>\n<p>&nbsp;<\/p>","protected":false},"excerpt":{"rendered":"<p>Vermehrt sind die Ordnungsh\u00fcter verbalen und physischen \u00dcbergriffen ausgesetzt. Neben Gewalt, die von einzelnen Personen ausge\u00fcbt wird, gibt es in j\u00fcngerer Zeit immer wieder Situationen, in denen die Polizei aus Gruppen heraus angegriffen wird. Im Rahmen des Projekts \u00abPolizeiarbeit in urbanen Spannungsfeldern (PiuS)\u00bb wurde das Kriminologische Institut der Universit\u00e4t Z\u00fcrich beauftragt, mit einer Befragung von [&hellip;]<\/p>\n","protected":false},"author":8,"featured_media":6254,"comment_status":"open","ping_status":"open","sticky":false,"template":"","format":"standard","meta":{"_acf_changed":false,"pgc_sgb_lightbox_settings":"","footnotes":""},"categories":[3312],"tags":[],"class_list":["post-6253","post","type-post","status-publish","format-standard","has-post-thumbnail","hentry","category-sicherheit"],"acf":[],"hkrextid":null,"publication":null,"issue":null,"workflow":null,"startPage":null,"spitzmarke":null,"_posts_by_tag_page_fields":{"widget_title":"","widget_tags":""},"_at_widget":"1","_yoast_wpseo_primary_category":"529","_yoast_wpseo_focuskw_text_input":"Bodycams","_yoast_wpseo_opengraph-image":null,"_yoast_wpseo_opengraph-description":null,"_yoast_wpseo_opengraph-title":null,"enclosure":null,"_yoast_wpseo_twitter-title":null,"_yoast_wpseo_twitter-description":null,"_yoast_wpseo_twitter-image":null,"_wp_old_slug":null,"_yoast_wpseo_title":null,"_yoast_wpseo_canonical":null,"yoast_head":"<!-- This site is optimized with the Yoast SEO plugin v27.5 - https:\/\/yoast.com\/product\/yoast-seo-wordpress\/ -->\n<title>Bodycams: deeskalierende Wirkung - Save<\/title>\n<meta name=\"description\" content=\"J\u00e4hrlich lassen sich f\u00fcnfzig \u00dcbergriffe auf die Polizei vermeiden, wenn diese eine Kamera tragen. Dies zeigt ein Versuch der Stadtpolizei mit Bodycams.\" \/>\n<meta name=\"robots\" content=\"index, follow, max-snippet:-1, max-image-preview:large, max-video-preview:-1\" \/>\n<link rel=\"canonical\" href=\"https:\/\/news.save.ch\/it\/bodycams-deeskalierende-wirkung\/\" \/>\n<meta property=\"og:locale\" content=\"it_IT\" \/>\n<meta property=\"og:type\" content=\"article\" \/>\n<meta property=\"og:title\" content=\"Bodycams: deeskalierende Wirkung - Save\" \/>\n<meta property=\"og:description\" content=\"J\u00e4hrlich lassen sich f\u00fcnfzig \u00dcbergriffe auf die Polizei vermeiden, wenn diese eine Kamera tragen. Dies zeigt ein Versuch der Stadtpolizei mit Bodycams.\" \/>\n<meta property=\"og:url\" content=\"https:\/\/news.save.ch\/it\/bodycams-deeskalierende-wirkung\/\" \/>\n<meta property=\"og:site_name\" content=\"Save\" \/>\n<meta property=\"article:published_time\" content=\"2018-04-13T16:20:40+00:00\" \/>\n<meta property=\"article:modified_time\" content=\"2023-03-14T07:59:21+00:00\" \/>\n<meta property=\"og:image\" content=\"https:\/\/news.save.ch\/wp-content\/uploads\/2018\/04\/15-Bodycam-scaled-1-scaled.jpg\" \/>\n\t<meta property=\"og:image:width\" content=\"1400\" \/>\n\t<meta property=\"og:image:height\" content=\"935\" \/>\n\t<meta property=\"og:image:type\" content=\"image\/jpeg\" \/>\n<meta name=\"author\" content=\"Roger Str\u00e4ssle\" \/>\n<meta name=\"twitter:card\" content=\"summary_large_image\" \/>\n<meta name=\"twitter:label1\" content=\"Scritto da\" \/>\n\t<meta name=\"twitter:data1\" content=\"Roger Str\u00e4ssle\" \/>\n\t<meta name=\"twitter:label2\" content=\"Tempo di lettura stimato\" \/>\n\t<meta name=\"twitter:data2\" content=\"5 minuti\" \/>\n<script type=\"application\/ld+json\" class=\"yoast-schema-graph\">{\"@context\":\"https:\\\/\\\/schema.org\",\"@graph\":[{\"@type\":\"Article\",\"@id\":\"https:\\\/\\\/news.save.ch\\\/bodycams-deeskalierende-wirkung\\\/#article\",\"isPartOf\":{\"@id\":\"https:\\\/\\\/news.save.ch\\\/bodycams-deeskalierende-wirkung\\\/\"},\"author\":{\"name\":\"Roger Str\u00e4ssle\",\"@id\":\"https:\\\/\\\/news.save.ch\\\/de\\\/#\\\/schema\\\/person\\\/d5022db048e0e2b9785c50e5b24da5aa\"},\"headline\":\"Bodycams: deeskalierende Wirkung\",\"datePublished\":\"2018-04-13T16:20:40+00:00\",\"dateModified\":\"2023-03-14T07:59:21+00:00\",\"mainEntityOfPage\":{\"@id\":\"https:\\\/\\\/news.save.ch\\\/bodycams-deeskalierende-wirkung\\\/\"},\"wordCount\":949,\"commentCount\":0,\"publisher\":{\"@id\":\"https:\\\/\\\/news.save.ch\\\/de\\\/#organization\"},\"image\":{\"@id\":\"https:\\\/\\\/news.save.ch\\\/bodycams-deeskalierende-wirkung\\\/#primaryimage\"},\"thumbnailUrl\":\"https:\\\/\\\/news.save.ch\\\/wp-content\\\/uploads\\\/2018\\\/04\\\/15-Bodycam-scaled-1-scaled.jpg\",\"articleSection\":[\"SICHERHEIT\"],\"inLanguage\":\"it-IT\"},{\"@type\":\"WebPage\",\"@id\":\"https:\\\/\\\/news.save.ch\\\/bodycams-deeskalierende-wirkung\\\/\",\"url\":\"https:\\\/\\\/news.save.ch\\\/bodycams-deeskalierende-wirkung\\\/\",\"name\":\"Bodycams: deeskalierende Wirkung - Save\",\"isPartOf\":{\"@id\":\"https:\\\/\\\/news.save.ch\\\/de\\\/#website\"},\"primaryImageOfPage\":{\"@id\":\"https:\\\/\\\/news.save.ch\\\/bodycams-deeskalierende-wirkung\\\/#primaryimage\"},\"image\":{\"@id\":\"https:\\\/\\\/news.save.ch\\\/bodycams-deeskalierende-wirkung\\\/#primaryimage\"},\"thumbnailUrl\":\"https:\\\/\\\/news.save.ch\\\/wp-content\\\/uploads\\\/2018\\\/04\\\/15-Bodycam-scaled-1-scaled.jpg\",\"datePublished\":\"2018-04-13T16:20:40+00:00\",\"dateModified\":\"2023-03-14T07:59:21+00:00\",\"description\":\"J\u00e4hrlich lassen sich f\u00fcnfzig \u00dcbergriffe auf die Polizei vermeiden, wenn diese eine Kamera tragen. Dies zeigt ein Versuch der Stadtpolizei mit Bodycams.\",\"breadcrumb\":{\"@id\":\"https:\\\/\\\/news.save.ch\\\/bodycams-deeskalierende-wirkung\\\/#breadcrumb\"},\"inLanguage\":\"it-IT\",\"potentialAction\":[{\"@type\":\"ReadAction\",\"target\":[\"https:\\\/\\\/news.save.ch\\\/bodycams-deeskalierende-wirkung\\\/\"]}]},{\"@type\":\"ImageObject\",\"inLanguage\":\"it-IT\",\"@id\":\"https:\\\/\\\/news.save.ch\\\/bodycams-deeskalierende-wirkung\\\/#primaryimage\",\"url\":\"https:\\\/\\\/news.save.ch\\\/wp-content\\\/uploads\\\/2018\\\/04\\\/15-Bodycam-scaled-1-scaled.jpg\",\"contentUrl\":\"https:\\\/\\\/news.save.ch\\\/wp-content\\\/uploads\\\/2018\\\/04\\\/15-Bodycam-scaled-1-scaled.jpg\",\"width\":1400,\"height\":935,\"caption\":\"\u00a9 SBB\"},{\"@type\":\"BreadcrumbList\",\"@id\":\"https:\\\/\\\/news.save.ch\\\/bodycams-deeskalierende-wirkung\\\/#breadcrumb\",\"itemListElement\":[{\"@type\":\"ListItem\",\"position\":1,\"name\":\"Home\",\"item\":\"https:\\\/\\\/news.save.ch\\\/de\\\/\"},{\"@type\":\"ListItem\",\"position\":2,\"name\":\"Bodycams: deeskalierende Wirkung\"}]},{\"@type\":\"WebSite\",\"@id\":\"https:\\\/\\\/news.save.ch\\\/de\\\/#website\",\"url\":\"https:\\\/\\\/news.save.ch\\\/de\\\/\",\"name\":\"Save\",\"description\":\"Schweizer Fachzeitschrift f\u00fcr Sicherheit\",\"publisher\":{\"@id\":\"https:\\\/\\\/news.save.ch\\\/de\\\/#organization\"},\"potentialAction\":[{\"@type\":\"SearchAction\",\"target\":{\"@type\":\"EntryPoint\",\"urlTemplate\":\"https:\\\/\\\/news.save.ch\\\/de\\\/?s={search_term_string}\"},\"query-input\":{\"@type\":\"PropertyValueSpecification\",\"valueRequired\":true,\"valueName\":\"search_term_string\"}}],\"inLanguage\":\"it-IT\"},{\"@type\":\"Organization\",\"@id\":\"https:\\\/\\\/news.save.ch\\\/de\\\/#organization\",\"name\":\"Sicherheitsforum\",\"url\":\"https:\\\/\\\/news.save.ch\\\/de\\\/\",\"logo\":{\"@type\":\"ImageObject\",\"inLanguage\":\"it-IT\",\"@id\":\"https:\\\/\\\/news.save.ch\\\/de\\\/#\\\/schema\\\/logo\\\/image\\\/\",\"url\":\"https:\\\/\\\/news.save.ch\\\/wp-content\\\/uploads\\\/2022\\\/06\\\/Logo_SF_2012.png\",\"contentUrl\":\"https:\\\/\\\/news.save.ch\\\/wp-content\\\/uploads\\\/2022\\\/06\\\/Logo_SF_2012.png\",\"width\":1100,\"height\":91,\"caption\":\"Sicherheitsforum\"},\"image\":{\"@id\":\"https:\\\/\\\/news.save.ch\\\/de\\\/#\\\/schema\\\/logo\\\/image\\\/\"}},{\"@type\":\"Person\",\"@id\":\"https:\\\/\\\/news.save.ch\\\/de\\\/#\\\/schema\\\/person\\\/d5022db048e0e2b9785c50e5b24da5aa\",\"name\":\"Roger Str\u00e4ssle\",\"image\":{\"@type\":\"ImageObject\",\"inLanguage\":\"it-IT\",\"@id\":\"https:\\\/\\\/secure.gravatar.com\\\/avatar\\\/862a5569d087de48e5856e32f45d719a03804c891d6deb8d4f71a660e79e4a47?s=96&d=mm&r=g\",\"url\":\"https:\\\/\\\/secure.gravatar.com\\\/avatar\\\/862a5569d087de48e5856e32f45d719a03804c891d6deb8d4f71a660e79e4a47?s=96&d=mm&r=g\",\"contentUrl\":\"https:\\\/\\\/secure.gravatar.com\\\/avatar\\\/862a5569d087de48e5856e32f45d719a03804c891d6deb8d4f71a660e79e4a47?s=96&d=mm&r=g\",\"caption\":\"Roger Str\u00e4ssle\"},\"url\":\"https:\\\/\\\/news.save.ch\\\/it\\\/author\\\/roger-straessle\\\/\"}]}<\/script>\n<!-- \/ Yoast SEO plugin. -->","yoast_head_json":{"title":"Bodycam: effetto de-escalation - Salva","description":"Cinquanta aggressioni alla polizia possono essere evitate ogni anno se indossano una telecamera. Questo \u00e8 dimostrato da una prova della polizia municipale con le body cam.","robots":{"index":"index","follow":"follow","max-snippet":"max-snippet:-1","max-image-preview":"max-image-preview:large","max-video-preview":"max-video-preview:-1"},"canonical":"https:\/\/news.save.ch\/it\/bodycams-deeskalierende-wirkung\/","og_locale":"it_IT","og_type":"article","og_title":"Bodycams: deeskalierende Wirkung - Save","og_description":"J\u00e4hrlich lassen sich f\u00fcnfzig \u00dcbergriffe auf die Polizei vermeiden, wenn diese eine Kamera tragen. Dies zeigt ein Versuch der Stadtpolizei mit Bodycams.","og_url":"https:\/\/news.save.ch\/it\/bodycams-deeskalierende-wirkung\/","og_site_name":"Save","article_published_time":"2018-04-13T16:20:40+00:00","article_modified_time":"2023-03-14T07:59:21+00:00","og_image":[{"width":1400,"height":935,"url":"https:\/\/news.save.ch\/wp-content\/uploads\/2018\/04\/15-Bodycam-scaled-1-scaled.jpg","type":"image\/jpeg"}],"author":"Roger Str\u00e4ssle","twitter_card":"summary_large_image","twitter_misc":{"Scritto da":"Roger Str\u00e4ssle","Tempo di lettura stimato":"5 minuti"},"schema":{"@context":"https:\/\/schema.org","@graph":[{"@type":"Article","@id":"https:\/\/news.save.ch\/bodycams-deeskalierende-wirkung\/#article","isPartOf":{"@id":"https:\/\/news.save.ch\/bodycams-deeskalierende-wirkung\/"},"author":{"name":"Roger Str\u00e4ssle","@id":"https:\/\/news.save.ch\/de\/#\/schema\/person\/d5022db048e0e2b9785c50e5b24da5aa"},"headline":"Bodycams: deeskalierende Wirkung","datePublished":"2018-04-13T16:20:40+00:00","dateModified":"2023-03-14T07:59:21+00:00","mainEntityOfPage":{"@id":"https:\/\/news.save.ch\/bodycams-deeskalierende-wirkung\/"},"wordCount":949,"commentCount":0,"publisher":{"@id":"https:\/\/news.save.ch\/de\/#organization"},"image":{"@id":"https:\/\/news.save.ch\/bodycams-deeskalierende-wirkung\/#primaryimage"},"thumbnailUrl":"https:\/\/news.save.ch\/wp-content\/uploads\/2018\/04\/15-Bodycam-scaled-1-scaled.jpg","articleSection":["SICHERHEIT"],"inLanguage":"it-IT"},{"@type":"WebPage","@id":"https:\/\/news.save.ch\/bodycams-deeskalierende-wirkung\/","url":"https:\/\/news.save.ch\/bodycams-deeskalierende-wirkung\/","name":"Bodycam: effetto de-escalation - Salva","isPartOf":{"@id":"https:\/\/news.save.ch\/de\/#website"},"primaryImageOfPage":{"@id":"https:\/\/news.save.ch\/bodycams-deeskalierende-wirkung\/#primaryimage"},"image":{"@id":"https:\/\/news.save.ch\/bodycams-deeskalierende-wirkung\/#primaryimage"},"thumbnailUrl":"https:\/\/news.save.ch\/wp-content\/uploads\/2018\/04\/15-Bodycam-scaled-1-scaled.jpg","datePublished":"2018-04-13T16:20:40+00:00","dateModified":"2023-03-14T07:59:21+00:00","description":"Cinquanta aggressioni alla polizia possono essere evitate ogni anno se indossano una telecamera. Questo \u00e8 dimostrato da una prova della polizia municipale con le body cam.","breadcrumb":{"@id":"https:\/\/news.save.ch\/bodycams-deeskalierende-wirkung\/#breadcrumb"},"inLanguage":"it-IT","potentialAction":[{"@type":"ReadAction","target":["https:\/\/news.save.ch\/bodycams-deeskalierende-wirkung\/"]}]},{"@type":"ImageObject","inLanguage":"it-IT","@id":"https:\/\/news.save.ch\/bodycams-deeskalierende-wirkung\/#primaryimage","url":"https:\/\/news.save.ch\/wp-content\/uploads\/2018\/04\/15-Bodycam-scaled-1-scaled.jpg","contentUrl":"https:\/\/news.save.ch\/wp-content\/uploads\/2018\/04\/15-Bodycam-scaled-1-scaled.jpg","width":1400,"height":935,"caption":"\u00a9 SBB"},{"@type":"BreadcrumbList","@id":"https:\/\/news.save.ch\/bodycams-deeskalierende-wirkung\/#breadcrumb","itemListElement":[{"@type":"ListItem","position":1,"name":"Home","item":"https:\/\/news.save.ch\/de\/"},{"@type":"ListItem","position":2,"name":"Bodycams: deeskalierende Wirkung"}]},{"@type":"WebSite","@id":"https:\/\/news.save.ch\/de\/#website","url":"https:\/\/news.save.ch\/de\/","name":"Risparmiare","description":"Rivista svizzera specializzata in sicurezza","publisher":{"@id":"https:\/\/news.save.ch\/de\/#organization"},"potentialAction":[{"@type":"SearchAction","target":{"@type":"EntryPoint","urlTemplate":"https:\/\/news.save.ch\/de\/?s={search_term_string}"},"query-input":{"@type":"PropertyValueSpecification","valueRequired":true,"valueName":"search_term_string"}}],"inLanguage":"it-IT"},{"@type":"Organization","@id":"https:\/\/news.save.ch\/de\/#organization","name":"Forum sulla sicurezza","url":"https:\/\/news.save.ch\/de\/","logo":{"@type":"ImageObject","inLanguage":"it-IT","@id":"https:\/\/news.save.ch\/de\/#\/schema\/logo\/image\/","url":"https:\/\/news.save.ch\/wp-content\/uploads\/2022\/06\/Logo_SF_2012.png","contentUrl":"https:\/\/news.save.ch\/wp-content\/uploads\/2022\/06\/Logo_SF_2012.png","width":1100,"height":91,"caption":"Sicherheitsforum"},"image":{"@id":"https:\/\/news.save.ch\/de\/#\/schema\/logo\/image\/"}},{"@type":"Person","@id":"https:\/\/news.save.ch\/de\/#\/schema\/person\/d5022db048e0e2b9785c50e5b24da5aa","name":"Roger Str\u00e4ssle","image":{"@type":"ImageObject","inLanguage":"it-IT","@id":"https:\/\/secure.gravatar.com\/avatar\/862a5569d087de48e5856e32f45d719a03804c891d6deb8d4f71a660e79e4a47?s=96&d=mm&r=g","url":"https:\/\/secure.gravatar.com\/avatar\/862a5569d087de48e5856e32f45d719a03804c891d6deb8d4f71a660e79e4a47?s=96&d=mm&r=g","contentUrl":"https:\/\/secure.gravatar.com\/avatar\/862a5569d087de48e5856e32f45d719a03804c891d6deb8d4f71a660e79e4a47?s=96&d=mm&r=g","caption":"Roger Str\u00e4ssle"},"url":"https:\/\/news.save.ch\/it\/author\/roger-straessle\/"}]}},"_links":{"self":[{"href":"https:\/\/news.save.ch\/it\/wp-json\/wp\/v2\/posts\/6253","targetHints":{"allow":["GET"]}}],"collection":[{"href":"https:\/\/news.save.ch\/it\/wp-json\/wp\/v2\/posts"}],"about":[{"href":"https:\/\/news.save.ch\/it\/wp-json\/wp\/v2\/types\/post"}],"author":[{"embeddable":true,"href":"https:\/\/news.save.ch\/it\/wp-json\/wp\/v2\/users\/8"}],"replies":[{"embeddable":true,"href":"https:\/\/news.save.ch\/it\/wp-json\/wp\/v2\/comments?post=6253"}],"version-history":[{"count":1,"href":"https:\/\/news.save.ch\/it\/wp-json\/wp\/v2\/posts\/6253\/revisions"}],"predecessor-version":[{"id":17929,"href":"https:\/\/news.save.ch\/it\/wp-json\/wp\/v2\/posts\/6253\/revisions\/17929"}],"wp:featuredmedia":[{"embeddable":true,"href":"https:\/\/news.save.ch\/it\/wp-json\/wp\/v2\/media\/6254"}],"wp:attachment":[{"href":"https:\/\/news.save.ch\/it\/wp-json\/wp\/v2\/media?parent=6253"}],"wp:term":[{"taxonomy":"category","embeddable":true,"href":"https:\/\/news.save.ch\/it\/wp-json\/wp\/v2\/categories?post=6253"},{"taxonomy":"post_tag","embeddable":true,"href":"https:\/\/news.save.ch\/it\/wp-json\/wp\/v2\/tags?post=6253"}],"curies":[{"name":"wp","href":"https:\/\/api.w.org\/{rel}","templated":true}]}}