{"id":6264,"date":"2018-04-19T06:36:10","date_gmt":"2018-04-19T04:36:10","guid":{"rendered":"https:\/\/news.save.ch\/?p=6264"},"modified":"2023-03-14T08:58:58","modified_gmt":"2023-03-14T07:58:58","slug":"naturgefahren-bund-will-alarmierungskette-vervollstaendigen","status":null,"type":"post","link":"https:\/\/news.save.ch\/it\/naturgefahren-bund-will-alarmierungskette-vervollstaendigen\/","title":{"rendered":"Rischi naturali: La Confederazione vuole completare la catena di allerta"},"content":{"rendered":"<figure id=\"attachment_6265\" aria-describedby=\"caption-attachment-6265\" style=\"width: 680px\" class=\"wp-caption aligncenter\"><img loading=\"lazy\" decoding=\"async\" class=\"size-medium wp-image-6265\" src=\"https:\/\/news.save.ch\/wp-content\/uploads\/2018\/04\/unwetter-goldach1.jpg\" alt=\"\" width=\"680\" height=\"451\" \/><figcaption id=\"caption-attachment-6265\" class=\"wp-caption-text\">Foto: Kapo SG<\/figcaption><\/figure>\n<p>Nell'ambito del progetto Ottimizzazione dell'allerta e dell'allarme per i pericoli naturali (Owarna), la Confederazione e i Cantoni migliorano costantemente la loro collaborazione e le previsioni e le allerte per gli eventi naturali. L'obiettivo \u00e8 quello di prevenire il pi\u00f9 possibile vittime e danni. A livello federale, il Comitato direttivo Interventi contro i pericoli naturali (Lainat) coordina le attivit\u00e0 delle varie agenzie federali. Nella riunione del 18 aprile 2018, il Consiglio federale ha preso atto del rapporto periodico del Lainat sullo stato di Owarna e ha stanziato fondi per l'attuazione delle misure in esso contenute, come annunciato.<\/p>\n<p><strong>Espandere gli avvisi<\/strong><\/p>\n<p>Il <a href=\"https:\/\/www.newsd.admin.ch\/newsd\/message\/attachments\/52033.pdf\">Secondo rapporto sulla successione di Owarna<\/a> dimostra che la Svizzera dispone oggi di una catena di allerta e di allarme ben funzionante in caso di pericoli naturali imminenti, grazie alle misure attuate e all'impegno degli uffici e delle agenzie specializzate. Tuttavia, sono necessari ulteriori sforzi per mantenere il livello attuale: Questa catena deve essere completata e adattata per tenere il passo con i nuovi mezzi e le nuove tecnologie di comunicazione e con le crescenti richieste di disponibilit\u00e0 e accuratezza delle informazioni sui rischi naturali.<\/p>\n<p><strong>Eventi estremi: monitoraggio coordinato<\/strong><\/p>\n<p>\u00c8 sempre pi\u00f9 evidente che eventi come tempeste, inondazioni o movimenti di massa diventeranno pi\u00f9 frequenti e pi\u00f9 grandi o pi\u00f9 intensi nei prossimi anni. La Confederazione intende contrastare questi eventi estremi con un monitoraggio coordinato a livello nazionale e con l'ampliamento delle attivit\u00e0 di previsione e di allerta, includendo nelle allerte anche i movimenti di massa. Inoltre, il sistema di allerta meteorologica sar\u00e0 ulteriormente migliorato per emettere avvisi con maggiore precisione a livello locale e per potersi concentrare sui possibili impatti futuri. Il Consiglio federale ha stanziato un totale di 17,3 milioni di franchi per gli investimenti e i costi operativi di queste misure per il periodo dal 2019 al 2023, nonch\u00e9 9,5 posti di lavoro.<\/p>\n<p><strong>Le agenzie federali per i rischi naturali e le loro responsabilit\u00e0<\/strong><\/p>\n<p>Le seguenti agenzie federali per i rischi naturali sono membri della Lainat:<\/p>\n<ul>\n<li><strong>Ufficio federale della protezione civile<\/strong> (Babs): Il Babs gestisce la Centrale nazionale d'allarme, \u00e8 responsabile del personale federale di protezione civile e progetta, sviluppa e gestisce sistemi tecnici di allerta, allarme e diffusione di istruzioni comportamentali alla popolazione e ai media. <a href=\"https:\/\/www.babs.admin.ch\">www.babs.admin.ch\u00a0<\/a><br \/>\n<strong>L'Ufficio federale dell'ambiente<\/strong> (Bafu): Protezione dai rischi naturali nell'ambito delle previsioni idrologiche, avvertendo la popolazione delle inondazioni, dei movimenti di massa associati e del rischio di incendi boschivi. <a href=\"https:\/\/www.bafu.admin.ch\">www.bafu.admin.ch<\/a><br \/>\n<strong>Ufficio federale di meteorologia e climatologia MeteoSvizzera<\/strong>Monitoraggio dei modelli meteorologici, analisi dei dati meteorologici e climatici, elaborazione di previsioni meteorologiche e avviso alle autorit\u00e0 e alla popolazione di temporali, vento, pioggia, caldo, gelo, nevicate e strade scivolose. <a href=\"https:\/\/www.meteoschweiz.admin.ch\">www.meteoschweiz.admin.ch<\/a><br \/>\n<strong>Il Servizio sismologico svizzero<\/strong> (SED) del Politecnico di Zurigo: monitora l'attivit\u00e0 sismica in Svizzera e nei Paesi limitrofi. Valuta il rischio sismico e fornisce informazioni sulla localizzazione, la magnitudo e i possibili effetti dei terremoti. www.seismo.ethz.ch<br \/>\n<strong>Istituto WSL per lo studio della neve e delle valanghe<\/strong> SLF: valuta il pericolo di valanghe ed emette un bollettino valanghe giornaliero in inverno. Supporta Bafu con informazioni sulle risorse idriche nevose per gli avvisi di alluvione. <a href=\"https:\/\/www.slf.ch\">www.slf.ch<\/a><\/li>\n<\/ul>\n<p><em>Fonte: Confederazione<\/em><\/p>\n<p><em>Confronta anche l'articolo \"<a href=\"https:\/\/news.save.ch\/it\/bericht-zur-vereinheitlichung-der-unwetterwarnungen\/\">Nessun avviso di maltempo uniforme<\/a>\"<\/em><\/p>","protected":false},"excerpt":{"rendered":"<p>Im Rahmen des Projekts Optimierung von Warnung und Alarmierung bei Naturgefahren (Owarna) verbessern Bund und Kantone laufend ihre Zusammenarbeit sowie Vorhersagen und Warnungen bei Naturereignissen. Das Ziel ist, Opfer und Sch\u00e4den m\u00f6glichst zu verhindern. Auf Stufe Bund koordiniert der Lenkungsausschuss Intervention Naturgefahren (Lainat) die T\u00e4tigkeit der verschiedenen Bundesstellen. An seiner Sitzung vom 18.\u00a0April 2018 hat [&hellip;]<\/p>\n","protected":false},"author":8,"featured_media":6265,"comment_status":"open","ping_status":"open","sticky":false,"template":"","format":"standard","meta":{"_acf_changed":false,"pgc_sgb_lightbox_settings":"","footnotes":""},"categories":[3312],"tags":[151,371,168],"class_list":["post-6264","post","type-post","status-publish","format-standard","has-post-thumbnail","hentry","category-sicherheit","tag-alarmierung","tag-bevoelkerungsschutz","tag-bundesrat"],"acf":[],"hkrextid":null,"publication":null,"issue":null,"workflow":null,"startPage":null,"spitzmarke":null,"_posts_by_tag_page_fields":{"widget_title":"","widget_tags":""},"_at_widget":"1","_yoast_wpseo_primary_category":"5","_yoast_wpseo_focuskw_text_input":"Alarmierungskette","_yoast_wpseo_opengraph-image":null,"_yoast_wpseo_opengraph-description":null,"_yoast_wpseo_opengraph-title":null,"enclosure":null,"_yoast_wpseo_twitter-title":null,"_yoast_wpseo_twitter-description":null,"_yoast_wpseo_twitter-image":null,"_wp_old_slug":null,"_yoast_wpseo_title":null,"_yoast_wpseo_canonical":null,"yoast_head":"<!-- This site is optimized with the Yoast SEO plugin v27.5 - https:\/\/yoast.com\/product\/yoast-seo-wordpress\/ -->\n<title>Naturgefahren: Bund will Alarmierungskette vervollst\u00e4ndigen - Save<\/title>\n<meta name=\"description\" content=\"Der Bund warnt vor Naturgefahren. Angesichts des Klimawandels und neuer Risiken verst\u00e4rkt er diesen Schutz durch zus\u00e4tzliche Massnahmen.\" \/>\n<meta name=\"robots\" content=\"index, follow, max-snippet:-1, max-image-preview:large, max-video-preview:-1\" \/>\n<link rel=\"canonical\" href=\"https:\/\/news.save.ch\/it\/naturgefahren-bund-will-alarmierungskette-vervollstaendigen\/\" \/>\n<meta property=\"og:locale\" content=\"it_IT\" \/>\n<meta property=\"og:type\" content=\"article\" \/>\n<meta property=\"og:title\" content=\"Naturgefahren: Bund will Alarmierungskette vervollst\u00e4ndigen - Save\" \/>\n<meta property=\"og:description\" content=\"Der Bund warnt vor Naturgefahren. Angesichts des Klimawandels und neuer Risiken verst\u00e4rkt er diesen Schutz durch zus\u00e4tzliche Massnahmen.\" \/>\n<meta property=\"og:url\" content=\"https:\/\/news.save.ch\/it\/naturgefahren-bund-will-alarmierungskette-vervollstaendigen\/\" \/>\n<meta property=\"og:site_name\" content=\"Save\" \/>\n<meta property=\"article:published_time\" content=\"2018-04-19T04:36:10+00:00\" \/>\n<meta property=\"article:modified_time\" content=\"2023-03-14T07:58:58+00:00\" \/>\n<meta property=\"og:image\" content=\"https:\/\/news.save.ch\/wp-content\/uploads\/2018\/04\/unwetter-goldach1-scaled.jpg\" \/>\n\t<meta property=\"og:image:width\" content=\"1400\" \/>\n\t<meta property=\"og:image:height\" content=\"928\" \/>\n\t<meta property=\"og:image:type\" content=\"image\/jpeg\" \/>\n<meta name=\"author\" content=\"Roger Str\u00e4ssle\" \/>\n<meta name=\"twitter:card\" content=\"summary_large_image\" \/>\n<meta name=\"twitter:label1\" content=\"Scritto da\" \/>\n\t<meta name=\"twitter:data1\" content=\"Roger Str\u00e4ssle\" \/>\n\t<meta name=\"twitter:label2\" content=\"Tempo di lettura stimato\" \/>\n\t<meta name=\"twitter:data2\" content=\"2 minuti\" \/>\n<script type=\"application\/ld+json\" class=\"yoast-schema-graph\">{\"@context\":\"https:\\\/\\\/schema.org\",\"@graph\":[{\"@type\":\"Article\",\"@id\":\"https:\\\/\\\/news.save.ch\\\/naturgefahren-bund-will-alarmierungskette-vervollstaendigen\\\/#article\",\"isPartOf\":{\"@id\":\"https:\\\/\\\/news.save.ch\\\/naturgefahren-bund-will-alarmierungskette-vervollstaendigen\\\/\"},\"author\":{\"name\":\"Roger Str\u00e4ssle\",\"@id\":\"https:\\\/\\\/news.save.ch\\\/de\\\/#\\\/schema\\\/person\\\/d5022db048e0e2b9785c50e5b24da5aa\"},\"headline\":\"Naturgefahren: Bund will Alarmierungskette vervollst\u00e4ndigen\",\"datePublished\":\"2018-04-19T04:36:10+00:00\",\"dateModified\":\"2023-03-14T07:58:58+00:00\",\"mainEntityOfPage\":{\"@id\":\"https:\\\/\\\/news.save.ch\\\/naturgefahren-bund-will-alarmierungskette-vervollstaendigen\\\/\"},\"wordCount\":491,\"commentCount\":0,\"publisher\":{\"@id\":\"https:\\\/\\\/news.save.ch\\\/de\\\/#organization\"},\"image\":{\"@id\":\"https:\\\/\\\/news.save.ch\\\/naturgefahren-bund-will-alarmierungskette-vervollstaendigen\\\/#primaryimage\"},\"thumbnailUrl\":\"https:\\\/\\\/news.save.ch\\\/wp-content\\\/uploads\\\/2018\\\/04\\\/unwetter-goldach1-scaled.jpg\",\"keywords\":[\"Alarmierung\",\"Bev\u00f6lkerungsschutz\",\"Bundesrat\"],\"articleSection\":[\"SICHERHEIT\"],\"inLanguage\":\"it-IT\"},{\"@type\":\"WebPage\",\"@id\":\"https:\\\/\\\/news.save.ch\\\/naturgefahren-bund-will-alarmierungskette-vervollstaendigen\\\/\",\"url\":\"https:\\\/\\\/news.save.ch\\\/naturgefahren-bund-will-alarmierungskette-vervollstaendigen\\\/\",\"name\":\"Naturgefahren: Bund will Alarmierungskette vervollst\u00e4ndigen - Save\",\"isPartOf\":{\"@id\":\"https:\\\/\\\/news.save.ch\\\/de\\\/#website\"},\"primaryImageOfPage\":{\"@id\":\"https:\\\/\\\/news.save.ch\\\/naturgefahren-bund-will-alarmierungskette-vervollstaendigen\\\/#primaryimage\"},\"image\":{\"@id\":\"https:\\\/\\\/news.save.ch\\\/naturgefahren-bund-will-alarmierungskette-vervollstaendigen\\\/#primaryimage\"},\"thumbnailUrl\":\"https:\\\/\\\/news.save.ch\\\/wp-content\\\/uploads\\\/2018\\\/04\\\/unwetter-goldach1-scaled.jpg\",\"datePublished\":\"2018-04-19T04:36:10+00:00\",\"dateModified\":\"2023-03-14T07:58:58+00:00\",\"description\":\"Der Bund warnt vor Naturgefahren. Angesichts des Klimawandels und neuer Risiken verst\u00e4rkt er diesen Schutz durch zus\u00e4tzliche Massnahmen.\",\"breadcrumb\":{\"@id\":\"https:\\\/\\\/news.save.ch\\\/naturgefahren-bund-will-alarmierungskette-vervollstaendigen\\\/#breadcrumb\"},\"inLanguage\":\"it-IT\",\"potentialAction\":[{\"@type\":\"ReadAction\",\"target\":[\"https:\\\/\\\/news.save.ch\\\/naturgefahren-bund-will-alarmierungskette-vervollstaendigen\\\/\"]}]},{\"@type\":\"ImageObject\",\"inLanguage\":\"it-IT\",\"@id\":\"https:\\\/\\\/news.save.ch\\\/naturgefahren-bund-will-alarmierungskette-vervollstaendigen\\\/#primaryimage\",\"url\":\"https:\\\/\\\/news.save.ch\\\/wp-content\\\/uploads\\\/2018\\\/04\\\/unwetter-goldach1-scaled.jpg\",\"contentUrl\":\"https:\\\/\\\/news.save.ch\\\/wp-content\\\/uploads\\\/2018\\\/04\\\/unwetter-goldach1-scaled.jpg\",\"width\":1400,\"height\":928,\"caption\":\"Foto: Kapo SG\"},{\"@type\":\"BreadcrumbList\",\"@id\":\"https:\\\/\\\/news.save.ch\\\/naturgefahren-bund-will-alarmierungskette-vervollstaendigen\\\/#breadcrumb\",\"itemListElement\":[{\"@type\":\"ListItem\",\"position\":1,\"name\":\"Home\",\"item\":\"https:\\\/\\\/news.save.ch\\\/de\\\/\"},{\"@type\":\"ListItem\",\"position\":2,\"name\":\"Naturgefahren: Bund will Alarmierungskette vervollst\u00e4ndigen\"}]},{\"@type\":\"WebSite\",\"@id\":\"https:\\\/\\\/news.save.ch\\\/de\\\/#website\",\"url\":\"https:\\\/\\\/news.save.ch\\\/de\\\/\",\"name\":\"Save\",\"description\":\"Schweizer Fachzeitschrift f\u00fcr Sicherheit\",\"publisher\":{\"@id\":\"https:\\\/\\\/news.save.ch\\\/de\\\/#organization\"},\"potentialAction\":[{\"@type\":\"SearchAction\",\"target\":{\"@type\":\"EntryPoint\",\"urlTemplate\":\"https:\\\/\\\/news.save.ch\\\/de\\\/?s={search_term_string}\"},\"query-input\":{\"@type\":\"PropertyValueSpecification\",\"valueRequired\":true,\"valueName\":\"search_term_string\"}}],\"inLanguage\":\"it-IT\"},{\"@type\":\"Organization\",\"@id\":\"https:\\\/\\\/news.save.ch\\\/de\\\/#organization\",\"name\":\"Sicherheitsforum\",\"url\":\"https:\\\/\\\/news.save.ch\\\/de\\\/\",\"logo\":{\"@type\":\"ImageObject\",\"inLanguage\":\"it-IT\",\"@id\":\"https:\\\/\\\/news.save.ch\\\/de\\\/#\\\/schema\\\/logo\\\/image\\\/\",\"url\":\"https:\\\/\\\/news.save.ch\\\/wp-content\\\/uploads\\\/2022\\\/06\\\/Logo_SF_2012.png\",\"contentUrl\":\"https:\\\/\\\/news.save.ch\\\/wp-content\\\/uploads\\\/2022\\\/06\\\/Logo_SF_2012.png\",\"width\":1100,\"height\":91,\"caption\":\"Sicherheitsforum\"},\"image\":{\"@id\":\"https:\\\/\\\/news.save.ch\\\/de\\\/#\\\/schema\\\/logo\\\/image\\\/\"}},{\"@type\":\"Person\",\"@id\":\"https:\\\/\\\/news.save.ch\\\/de\\\/#\\\/schema\\\/person\\\/d5022db048e0e2b9785c50e5b24da5aa\",\"name\":\"Roger Str\u00e4ssle\",\"image\":{\"@type\":\"ImageObject\",\"inLanguage\":\"it-IT\",\"@id\":\"https:\\\/\\\/secure.gravatar.com\\\/avatar\\\/862a5569d087de48e5856e32f45d719a03804c891d6deb8d4f71a660e79e4a47?s=96&d=mm&r=g\",\"url\":\"https:\\\/\\\/secure.gravatar.com\\\/avatar\\\/862a5569d087de48e5856e32f45d719a03804c891d6deb8d4f71a660e79e4a47?s=96&d=mm&r=g\",\"contentUrl\":\"https:\\\/\\\/secure.gravatar.com\\\/avatar\\\/862a5569d087de48e5856e32f45d719a03804c891d6deb8d4f71a660e79e4a47?s=96&d=mm&r=g\",\"caption\":\"Roger Str\u00e4ssle\"},\"url\":\"https:\\\/\\\/news.save.ch\\\/it\\\/author\\\/roger-straessle\\\/\"}]}<\/script>\n<!-- \/ Yoast SEO plugin. -->","yoast_head_json":{"title":"Pericoli naturali: La Confederazione vuole completare la catena di allerta - Save","description":"La Confederazione mette in guardia dai rischi naturali. In vista dei cambiamenti climatici e dei nuovi rischi, sta rafforzando questa protezione con misure aggiuntive.","robots":{"index":"index","follow":"follow","max-snippet":"max-snippet:-1","max-image-preview":"max-image-preview:large","max-video-preview":"max-video-preview:-1"},"canonical":"https:\/\/news.save.ch\/it\/naturgefahren-bund-will-alarmierungskette-vervollstaendigen\/","og_locale":"it_IT","og_type":"article","og_title":"Naturgefahren: Bund will Alarmierungskette vervollst\u00e4ndigen - Save","og_description":"Der Bund warnt vor Naturgefahren. Angesichts des Klimawandels und neuer Risiken verst\u00e4rkt er diesen Schutz durch zus\u00e4tzliche Massnahmen.","og_url":"https:\/\/news.save.ch\/it\/naturgefahren-bund-will-alarmierungskette-vervollstaendigen\/","og_site_name":"Save","article_published_time":"2018-04-19T04:36:10+00:00","article_modified_time":"2023-03-14T07:58:58+00:00","og_image":[{"width":1400,"height":928,"url":"https:\/\/news.save.ch\/wp-content\/uploads\/2018\/04\/unwetter-goldach1-scaled.jpg","type":"image\/jpeg"}],"author":"Roger Str\u00e4ssle","twitter_card":"summary_large_image","twitter_misc":{"Scritto da":"Roger Str\u00e4ssle","Tempo di lettura stimato":"2 minuti"},"schema":{"@context":"https:\/\/schema.org","@graph":[{"@type":"Article","@id":"https:\/\/news.save.ch\/naturgefahren-bund-will-alarmierungskette-vervollstaendigen\/#article","isPartOf":{"@id":"https:\/\/news.save.ch\/naturgefahren-bund-will-alarmierungskette-vervollstaendigen\/"},"author":{"name":"Roger Str\u00e4ssle","@id":"https:\/\/news.save.ch\/de\/#\/schema\/person\/d5022db048e0e2b9785c50e5b24da5aa"},"headline":"Naturgefahren: Bund will Alarmierungskette vervollst\u00e4ndigen","datePublished":"2018-04-19T04:36:10+00:00","dateModified":"2023-03-14T07:58:58+00:00","mainEntityOfPage":{"@id":"https:\/\/news.save.ch\/naturgefahren-bund-will-alarmierungskette-vervollstaendigen\/"},"wordCount":491,"commentCount":0,"publisher":{"@id":"https:\/\/news.save.ch\/de\/#organization"},"image":{"@id":"https:\/\/news.save.ch\/naturgefahren-bund-will-alarmierungskette-vervollstaendigen\/#primaryimage"},"thumbnailUrl":"https:\/\/news.save.ch\/wp-content\/uploads\/2018\/04\/unwetter-goldach1-scaled.jpg","keywords":["Alarmierung","Bev\u00f6lkerungsschutz","Bundesrat"],"articleSection":["SICHERHEIT"],"inLanguage":"it-IT"},{"@type":"WebPage","@id":"https:\/\/news.save.ch\/naturgefahren-bund-will-alarmierungskette-vervollstaendigen\/","url":"https:\/\/news.save.ch\/naturgefahren-bund-will-alarmierungskette-vervollstaendigen\/","name":"Pericoli naturali: La Confederazione vuole completare la catena di allerta - Save","isPartOf":{"@id":"https:\/\/news.save.ch\/de\/#website"},"primaryImageOfPage":{"@id":"https:\/\/news.save.ch\/naturgefahren-bund-will-alarmierungskette-vervollstaendigen\/#primaryimage"},"image":{"@id":"https:\/\/news.save.ch\/naturgefahren-bund-will-alarmierungskette-vervollstaendigen\/#primaryimage"},"thumbnailUrl":"https:\/\/news.save.ch\/wp-content\/uploads\/2018\/04\/unwetter-goldach1-scaled.jpg","datePublished":"2018-04-19T04:36:10+00:00","dateModified":"2023-03-14T07:58:58+00:00","description":"La Confederazione mette in guardia dai rischi naturali. In vista dei cambiamenti climatici e dei nuovi rischi, sta rafforzando questa protezione con misure aggiuntive.","breadcrumb":{"@id":"https:\/\/news.save.ch\/naturgefahren-bund-will-alarmierungskette-vervollstaendigen\/#breadcrumb"},"inLanguage":"it-IT","potentialAction":[{"@type":"ReadAction","target":["https:\/\/news.save.ch\/naturgefahren-bund-will-alarmierungskette-vervollstaendigen\/"]}]},{"@type":"ImageObject","inLanguage":"it-IT","@id":"https:\/\/news.save.ch\/naturgefahren-bund-will-alarmierungskette-vervollstaendigen\/#primaryimage","url":"https:\/\/news.save.ch\/wp-content\/uploads\/2018\/04\/unwetter-goldach1-scaled.jpg","contentUrl":"https:\/\/news.save.ch\/wp-content\/uploads\/2018\/04\/unwetter-goldach1-scaled.jpg","width":1400,"height":928,"caption":"Foto: Kapo SG"},{"@type":"BreadcrumbList","@id":"https:\/\/news.save.ch\/naturgefahren-bund-will-alarmierungskette-vervollstaendigen\/#breadcrumb","itemListElement":[{"@type":"ListItem","position":1,"name":"Home","item":"https:\/\/news.save.ch\/de\/"},{"@type":"ListItem","position":2,"name":"Naturgefahren: Bund will Alarmierungskette vervollst\u00e4ndigen"}]},{"@type":"WebSite","@id":"https:\/\/news.save.ch\/de\/#website","url":"https:\/\/news.save.ch\/de\/","name":"Risparmiare","description":"Rivista svizzera specializzata in sicurezza","publisher":{"@id":"https:\/\/news.save.ch\/de\/#organization"},"potentialAction":[{"@type":"SearchAction","target":{"@type":"EntryPoint","urlTemplate":"https:\/\/news.save.ch\/de\/?s={search_term_string}"},"query-input":{"@type":"PropertyValueSpecification","valueRequired":true,"valueName":"search_term_string"}}],"inLanguage":"it-IT"},{"@type":"Organization","@id":"https:\/\/news.save.ch\/de\/#organization","name":"Forum sulla sicurezza","url":"https:\/\/news.save.ch\/de\/","logo":{"@type":"ImageObject","inLanguage":"it-IT","@id":"https:\/\/news.save.ch\/de\/#\/schema\/logo\/image\/","url":"https:\/\/news.save.ch\/wp-content\/uploads\/2022\/06\/Logo_SF_2012.png","contentUrl":"https:\/\/news.save.ch\/wp-content\/uploads\/2022\/06\/Logo_SF_2012.png","width":1100,"height":91,"caption":"Sicherheitsforum"},"image":{"@id":"https:\/\/news.save.ch\/de\/#\/schema\/logo\/image\/"}},{"@type":"Person","@id":"https:\/\/news.save.ch\/de\/#\/schema\/person\/d5022db048e0e2b9785c50e5b24da5aa","name":"Roger Str\u00e4ssle","image":{"@type":"ImageObject","inLanguage":"it-IT","@id":"https:\/\/secure.gravatar.com\/avatar\/862a5569d087de48e5856e32f45d719a03804c891d6deb8d4f71a660e79e4a47?s=96&d=mm&r=g","url":"https:\/\/secure.gravatar.com\/avatar\/862a5569d087de48e5856e32f45d719a03804c891d6deb8d4f71a660e79e4a47?s=96&d=mm&r=g","contentUrl":"https:\/\/secure.gravatar.com\/avatar\/862a5569d087de48e5856e32f45d719a03804c891d6deb8d4f71a660e79e4a47?s=96&d=mm&r=g","caption":"Roger Str\u00e4ssle"},"url":"https:\/\/news.save.ch\/it\/author\/roger-straessle\/"}]}},"_links":{"self":[{"href":"https:\/\/news.save.ch\/it\/wp-json\/wp\/v2\/posts\/6264","targetHints":{"allow":["GET"]}}],"collection":[{"href":"https:\/\/news.save.ch\/it\/wp-json\/wp\/v2\/posts"}],"about":[{"href":"https:\/\/news.save.ch\/it\/wp-json\/wp\/v2\/types\/post"}],"author":[{"embeddable":true,"href":"https:\/\/news.save.ch\/it\/wp-json\/wp\/v2\/users\/8"}],"replies":[{"embeddable":true,"href":"https:\/\/news.save.ch\/it\/wp-json\/wp\/v2\/comments?post=6264"}],"version-history":[{"count":1,"href":"https:\/\/news.save.ch\/it\/wp-json\/wp\/v2\/posts\/6264\/revisions"}],"predecessor-version":[{"id":17865,"href":"https:\/\/news.save.ch\/it\/wp-json\/wp\/v2\/posts\/6264\/revisions\/17865"}],"wp:featuredmedia":[{"embeddable":true,"href":"https:\/\/news.save.ch\/it\/wp-json\/wp\/v2\/media\/6265"}],"wp:attachment":[{"href":"https:\/\/news.save.ch\/it\/wp-json\/wp\/v2\/media?parent=6264"}],"wp:term":[{"taxonomy":"category","embeddable":true,"href":"https:\/\/news.save.ch\/it\/wp-json\/wp\/v2\/categories?post=6264"},{"taxonomy":"post_tag","embeddable":true,"href":"https:\/\/news.save.ch\/it\/wp-json\/wp\/v2\/tags?post=6264"}],"curies":[{"name":"wp","href":"https:\/\/api.w.org\/{rel}","templated":true}]}}