{"id":6271,"date":"2018-04-19T10:00:21","date_gmt":"2018-04-19T08:00:21","guid":{"rendered":"https:\/\/news.save.ch\/?p=6271"},"modified":"2018-04-19T10:00:21","modified_gmt":"2018-04-19T08:00:21","slug":"der-neue-ambulanzjet-bringt-mehr-sicherheit","status":null,"type":"post","link":"https:\/\/news.save.ch\/it\/der-neue-ambulanzjet-bringt-mehr-sicherheit\/","title":{"rendered":"Il nuovo jet ambulanza offre anche maggiore sicurezza"},"content":{"rendered":"<figure id=\"attachment_6272\" aria-describedby=\"caption-attachment-6272\" style=\"width: 680px\" class=\"wp-caption aligncenter\"><img loading=\"lazy\" decoding=\"async\" class=\"size-medium wp-image-6272\" src=\"https:\/\/news.save.ch\/wp-content\/uploads\/2018\/04\/AB5_5699-scaled-1.jpg\" alt=\"\" width=\"680\" height=\"453\" \/><figcaption id=\"caption-attachment-6272\" class=\"wp-caption-text\">In atterraggio all'aeroporto di Zurigo: il nuovo jet ambulanza Rega. \u00a9 Rega<\/figcaption><\/figure>\n<p>&nbsp;<\/p>\n<p>Il nuovo jet ambulanza Challenger 650 della Rega, prodotto dal costruttore canadese Bombardier, \u00e8 atterrato di recente all'aeroporto di Zurigo in occasione della conferenza stampa annuale della Rega ed \u00e8 stato accolto dai vigili del fuoco dell'aeroporto con il tradizionale arco d'acqua. Il jet con immatricolazione HB-JWA \u00e8 il primo di un totale di tre nuovi jet ambulanza che entreranno a far parte della flotta della Rega entro la fine del 2018. Per Ernst Kohler, CEO della Rega, si tratta di un investimento nel futuro: \"Il nuovo jet Rega \u00e8 uno dei pi\u00f9 moderni aerei ambulanza civili al mondo, e in questo modo garantiamo che la Rega potr\u00e0 continuare a fornire ai suoi pazienti un'assistenza professionale e affidabile in tutto il mondo negli anni a venire.\" Secondo la dichiarazione, la Rega completer\u00e0 il progetto nei tempi previsti e nel rispetto del budget di 130 milioni di franchi.<\/p>\n<p>Il Challenger 650 \u00e8 il modello successivo ai tre precedenti Challenger CL-604 della Rega, che sono stati in servizio per 16 anni - pi\u00f9 a lungo di qualsiasi altro jet ambulanza nella storia della Rega. Gli interni e le attrezzature mediche degli aerei ambulanza della Rega sono realizzati su misura: Negli ultimi quattro anni, un team di progetto della Rega ha lavorato con specialisti esterni per sviluppare i nuovi interni. Le modifiche si basano non solo sull'esperienza acquisita con il modello precedente CL-604, ma anche sulle conoscenze accumulate dalla Rega in quasi 60 anni di attivit\u00e0 di rimpatrio di persone malate o ferite.<\/p>\n<p><strong>Il nuovo radar meteorologico aumenta la sicurezza <\/strong><\/p>\n<p>I pazienti del Challenger 650 non solo beneficeranno di divani pi\u00f9 ampi e multifunzionali e di una minore rumorosit\u00e0 in cabina, ma anche di una tecnologia all'avanguardia nell'abitacolo. Grazie a nuovi strumenti di navigazione e comunicazione, i piloti possono ora utilizzare rotte di volo a quote pi\u00f9 elevate sopra l'Atlantico, ad esempio. Grazie alla minore resistenza dell'aria ad alta quota, il nuovo jet richiede meno carburante su queste rotte, il che significa meno soste di rifornimento sulle lunghe distanze. Urs Nagel, capo pilota della Rega: \"Soprattutto nelle missioni a lungo raggio, questo ci permetter\u00e0 in futuro di riportare a casa i nostri pazienti in modo pi\u00f9 rapido ed economico\". Inoltre, un nuovo radar meteorologico aumenta la sicurezza durante le missioni e una telecamera a infrarossi consente di raggiungere gli aeroporti in condizioni meteorologiche peggiori di quelle attuali: un vantaggio importante per la sicurezza dei piloti di jet della Rega, che ogni anno raggiungono oltre 400 aeroporti diversi in tutto il mondo.<\/p>\n<p><strong>Anche nuovi elicotteri<\/strong><\/p>\n<p><strong>\u00a0<\/strong>La Rega sta inoltre rinnovando parte della sua flotta di elicotteri: entro la met\u00e0 del 2019, sei nuovi elicotteri di soccorso Airbus Helicopters H145 sostituiranno la flotta di EC 145 mid-air della Rega. Nel 2021 si uniranno a loro i tre elicotteri di soccorso all-weather AW169-FIPS. La Rega sfrutta l'ammodernamento della sua flotta come occasione per aggiornare il suo logo, che ha pi\u00f9 di vent'anni. Il nuovo jet ambulanza Challenger 650, immatricolato HB-JWA, \u00e8 il primo aereo della Rega a ricevere la nuova livrea.<\/p>\n<p>Nel 2017, la Rega ha effettuato 15.958 missioni: \u00e8 stata pi\u00f9 richiesta che mai, sia in patria che all'estero. Ci\u00f2 corrisponde a una missione ogni 33 minuti.<\/p>\n<p>&nbsp;<\/p>\n<p><em>Fonte: Rega<\/em><\/p>\n<p><em>Vedi anche l'articolo \"<a href=\"https:\/\/news.save.ch\/it\/rega-testet-hinderniswarnsystem\/\">La Rega testa il sistema di segnalazione degli ostacoli<\/a>\u201e<\/em><\/p>\n<p>&nbsp;<\/p>\n<p>&nbsp;<\/p>\n<p>&nbsp;<\/p>\n<p>&nbsp;<\/p>","protected":false},"excerpt":{"rendered":"<p>&nbsp; Der neue Ambulanzjet der Rega vom Typ Challenger 650 des kanadischen Herstellers Bombardier landete k\u00fcrzlich anl\u00e4sslich der Rega-Jahresmedienkonferenz am Flughafen Z\u00fcrich und wurde von der Flughafenfeuerwehr mit einem traditionellen Wasserbogen empfangen. Der Jet mit der Immatrikulation HB-JWA ist der erste von insgesamt drei neuen Ambulanzjets, die bis Ende 2018 zur Rega-Flotte stossen werden. F\u00fcr [&hellip;]<\/p>\n","protected":false},"author":8,"featured_media":6272,"comment_status":"open","ping_status":"open","sticky":false,"template":"","format":"standard","meta":{"_acf_changed":false,"pgc_sgb_lightbox_settings":"","footnotes":""},"categories":[1],"tags":[386],"class_list":["post-6271","post","type-post","status-publish","format-standard","has-post-thumbnail","hentry","category-allgemein","tag-rega"],"acf":[],"hkrextid":null,"publication":null,"issue":null,"workflow":null,"startPage":null,"spitzmarke":null,"_posts_by_tag_page_fields":{"widget_title":"","widget_tags":""},"_at_widget":"1","_yoast_wpseo_primary_category":"1","_yoast_wpseo_focuskw_text_input":"Rettungsflugwacht","_yoast_wpseo_opengraph-image":null,"_yoast_wpseo_opengraph-description":null,"_yoast_wpseo_opengraph-title":null,"enclosure":null,"_yoast_wpseo_twitter-title":null,"_yoast_wpseo_twitter-description":null,"_yoast_wpseo_twitter-image":null,"_wp_old_slug":null,"_yoast_wpseo_title":null,"_yoast_wpseo_canonical":null,"yoast_head":"<!-- This site is optimized with the Yoast SEO plugin v27.5 - https:\/\/yoast.com\/product\/yoast-seo-wordpress\/ -->\n<title>Der neue Ambulanzjet bringt auch mehr Sicherheit - Save<\/title>\n<meta name=\"description\" content=\"Die Schweizerische Rettungsflugwacht Rega hat k\u00fcrzlich den ersten ihrer drei neuen Ambulanzjets vom Typ Bombardier Challenger 650 erhalten.\" \/>\n<meta name=\"robots\" content=\"index, follow, max-snippet:-1, max-image-preview:large, max-video-preview:-1\" \/>\n<link rel=\"canonical\" href=\"https:\/\/news.save.ch\/it\/der-neue-ambulanzjet-bringt-mehr-sicherheit\/\" \/>\n<meta property=\"og:locale\" content=\"it_IT\" \/>\n<meta property=\"og:type\" content=\"article\" \/>\n<meta property=\"og:title\" content=\"Der neue Ambulanzjet bringt auch mehr Sicherheit - Save\" \/>\n<meta property=\"og:description\" content=\"Die Schweizerische Rettungsflugwacht Rega hat k\u00fcrzlich den ersten ihrer drei neuen Ambulanzjets vom Typ Bombardier Challenger 650 erhalten.\" \/>\n<meta property=\"og:url\" content=\"https:\/\/news.save.ch\/it\/der-neue-ambulanzjet-bringt-mehr-sicherheit\/\" \/>\n<meta property=\"og:site_name\" content=\"Save\" \/>\n<meta property=\"article:published_time\" content=\"2018-04-19T08:00:21+00:00\" \/>\n<meta property=\"og:image\" content=\"https:\/\/news.save.ch\/wp-content\/uploads\/2018\/04\/AB5_5699-scaled-1-scaled.jpg\" \/>\n\t<meta property=\"og:image:width\" content=\"1400\" \/>\n\t<meta property=\"og:image:height\" content=\"934\" \/>\n\t<meta property=\"og:image:type\" content=\"image\/jpeg\" \/>\n<meta name=\"author\" content=\"Roger Str\u00e4ssle\" \/>\n<meta name=\"twitter:card\" content=\"summary_large_image\" \/>\n<meta name=\"twitter:label1\" content=\"Scritto da\" \/>\n\t<meta name=\"twitter:data1\" content=\"Roger Str\u00e4ssle\" \/>\n\t<meta name=\"twitter:label2\" content=\"Tempo di lettura stimato\" \/>\n\t<meta name=\"twitter:data2\" content=\"3 minuti\" \/>\n<script type=\"application\/ld+json\" class=\"yoast-schema-graph\">{\"@context\":\"https:\\\/\\\/schema.org\",\"@graph\":[{\"@type\":\"Article\",\"@id\":\"https:\\\/\\\/news.save.ch\\\/der-neue-ambulanzjet-bringt-mehr-sicherheit\\\/#article\",\"isPartOf\":{\"@id\":\"https:\\\/\\\/news.save.ch\\\/der-neue-ambulanzjet-bringt-mehr-sicherheit\\\/\"},\"author\":{\"name\":\"Roger Str\u00e4ssle\",\"@id\":\"https:\\\/\\\/news.save.ch\\\/de\\\/#\\\/schema\\\/person\\\/d5022db048e0e2b9785c50e5b24da5aa\"},\"headline\":\"Der neue Ambulanzjet bringt auch mehr Sicherheit\",\"datePublished\":\"2018-04-19T08:00:21+00:00\",\"mainEntityOfPage\":{\"@id\":\"https:\\\/\\\/news.save.ch\\\/der-neue-ambulanzjet-bringt-mehr-sicherheit\\\/\"},\"wordCount\":513,\"commentCount\":0,\"publisher\":{\"@id\":\"https:\\\/\\\/news.save.ch\\\/de\\\/#organization\"},\"image\":{\"@id\":\"https:\\\/\\\/news.save.ch\\\/der-neue-ambulanzjet-bringt-mehr-sicherheit\\\/#primaryimage\"},\"thumbnailUrl\":\"https:\\\/\\\/news.save.ch\\\/wp-content\\\/uploads\\\/2018\\\/04\\\/AB5_5699-scaled-1-scaled.jpg\",\"keywords\":[\"Rega\"],\"articleSection\":[\"ALLGEMEIN\"],\"inLanguage\":\"it-IT\"},{\"@type\":\"WebPage\",\"@id\":\"https:\\\/\\\/news.save.ch\\\/der-neue-ambulanzjet-bringt-mehr-sicherheit\\\/\",\"url\":\"https:\\\/\\\/news.save.ch\\\/der-neue-ambulanzjet-bringt-mehr-sicherheit\\\/\",\"name\":\"Der neue Ambulanzjet bringt auch mehr Sicherheit - Save\",\"isPartOf\":{\"@id\":\"https:\\\/\\\/news.save.ch\\\/de\\\/#website\"},\"primaryImageOfPage\":{\"@id\":\"https:\\\/\\\/news.save.ch\\\/der-neue-ambulanzjet-bringt-mehr-sicherheit\\\/#primaryimage\"},\"image\":{\"@id\":\"https:\\\/\\\/news.save.ch\\\/der-neue-ambulanzjet-bringt-mehr-sicherheit\\\/#primaryimage\"},\"thumbnailUrl\":\"https:\\\/\\\/news.save.ch\\\/wp-content\\\/uploads\\\/2018\\\/04\\\/AB5_5699-scaled-1-scaled.jpg\",\"datePublished\":\"2018-04-19T08:00:21+00:00\",\"description\":\"Die Schweizerische Rettungsflugwacht Rega hat k\u00fcrzlich den ersten ihrer drei neuen Ambulanzjets vom Typ Bombardier Challenger 650 erhalten.\",\"breadcrumb\":{\"@id\":\"https:\\\/\\\/news.save.ch\\\/der-neue-ambulanzjet-bringt-mehr-sicherheit\\\/#breadcrumb\"},\"inLanguage\":\"it-IT\",\"potentialAction\":[{\"@type\":\"ReadAction\",\"target\":[\"https:\\\/\\\/news.save.ch\\\/der-neue-ambulanzjet-bringt-mehr-sicherheit\\\/\"]}]},{\"@type\":\"ImageObject\",\"inLanguage\":\"it-IT\",\"@id\":\"https:\\\/\\\/news.save.ch\\\/der-neue-ambulanzjet-bringt-mehr-sicherheit\\\/#primaryimage\",\"url\":\"https:\\\/\\\/news.save.ch\\\/wp-content\\\/uploads\\\/2018\\\/04\\\/AB5_5699-scaled-1-scaled.jpg\",\"contentUrl\":\"https:\\\/\\\/news.save.ch\\\/wp-content\\\/uploads\\\/2018\\\/04\\\/AB5_5699-scaled-1-scaled.jpg\",\"width\":1400,\"height\":934,\"caption\":\"\u00a9 Rega\"},{\"@type\":\"BreadcrumbList\",\"@id\":\"https:\\\/\\\/news.save.ch\\\/der-neue-ambulanzjet-bringt-mehr-sicherheit\\\/#breadcrumb\",\"itemListElement\":[{\"@type\":\"ListItem\",\"position\":1,\"name\":\"Home\",\"item\":\"https:\\\/\\\/news.save.ch\\\/de\\\/\"},{\"@type\":\"ListItem\",\"position\":2,\"name\":\"Der neue Ambulanzjet bringt auch mehr Sicherheit\"}]},{\"@type\":\"WebSite\",\"@id\":\"https:\\\/\\\/news.save.ch\\\/de\\\/#website\",\"url\":\"https:\\\/\\\/news.save.ch\\\/de\\\/\",\"name\":\"Save\",\"description\":\"Schweizer Fachzeitschrift f\u00fcr Sicherheit\",\"publisher\":{\"@id\":\"https:\\\/\\\/news.save.ch\\\/de\\\/#organization\"},\"potentialAction\":[{\"@type\":\"SearchAction\",\"target\":{\"@type\":\"EntryPoint\",\"urlTemplate\":\"https:\\\/\\\/news.save.ch\\\/de\\\/?s={search_term_string}\"},\"query-input\":{\"@type\":\"PropertyValueSpecification\",\"valueRequired\":true,\"valueName\":\"search_term_string\"}}],\"inLanguage\":\"it-IT\"},{\"@type\":\"Organization\",\"@id\":\"https:\\\/\\\/news.save.ch\\\/de\\\/#organization\",\"name\":\"Sicherheitsforum\",\"url\":\"https:\\\/\\\/news.save.ch\\\/de\\\/\",\"logo\":{\"@type\":\"ImageObject\",\"inLanguage\":\"it-IT\",\"@id\":\"https:\\\/\\\/news.save.ch\\\/de\\\/#\\\/schema\\\/logo\\\/image\\\/\",\"url\":\"https:\\\/\\\/news.save.ch\\\/wp-content\\\/uploads\\\/2022\\\/06\\\/Logo_SF_2012.png\",\"contentUrl\":\"https:\\\/\\\/news.save.ch\\\/wp-content\\\/uploads\\\/2022\\\/06\\\/Logo_SF_2012.png\",\"width\":1100,\"height\":91,\"caption\":\"Sicherheitsforum\"},\"image\":{\"@id\":\"https:\\\/\\\/news.save.ch\\\/de\\\/#\\\/schema\\\/logo\\\/image\\\/\"}},{\"@type\":\"Person\",\"@id\":\"https:\\\/\\\/news.save.ch\\\/de\\\/#\\\/schema\\\/person\\\/d5022db048e0e2b9785c50e5b24da5aa\",\"name\":\"Roger Str\u00e4ssle\",\"image\":{\"@type\":\"ImageObject\",\"inLanguage\":\"it-IT\",\"@id\":\"https:\\\/\\\/secure.gravatar.com\\\/avatar\\\/862a5569d087de48e5856e32f45d719a03804c891d6deb8d4f71a660e79e4a47?s=96&d=mm&r=g\",\"url\":\"https:\\\/\\\/secure.gravatar.com\\\/avatar\\\/862a5569d087de48e5856e32f45d719a03804c891d6deb8d4f71a660e79e4a47?s=96&d=mm&r=g\",\"contentUrl\":\"https:\\\/\\\/secure.gravatar.com\\\/avatar\\\/862a5569d087de48e5856e32f45d719a03804c891d6deb8d4f71a660e79e4a47?s=96&d=mm&r=g\",\"caption\":\"Roger Str\u00e4ssle\"},\"url\":\"https:\\\/\\\/news.save.ch\\\/it\\\/author\\\/roger-straessle\\\/\"}]}<\/script>\n<!-- \/ Yoast SEO plugin. -->","yoast_head_json":{"title":"Il nuovo jet ambulanza porta anche pi\u00f9 sicurezza - Save","description":"La Guardia aerea svizzera di soccorso Rega ha recentemente preso in consegna il primo dei suoi tre nuovi jet ambulanza Bombardier Challenger 650.","robots":{"index":"index","follow":"follow","max-snippet":"max-snippet:-1","max-image-preview":"max-image-preview:large","max-video-preview":"max-video-preview:-1"},"canonical":"https:\/\/news.save.ch\/it\/der-neue-ambulanzjet-bringt-mehr-sicherheit\/","og_locale":"it_IT","og_type":"article","og_title":"Der neue Ambulanzjet bringt auch mehr Sicherheit - Save","og_description":"Die Schweizerische Rettungsflugwacht Rega hat k\u00fcrzlich den ersten ihrer drei neuen Ambulanzjets vom Typ Bombardier Challenger 650 erhalten.","og_url":"https:\/\/news.save.ch\/it\/der-neue-ambulanzjet-bringt-mehr-sicherheit\/","og_site_name":"Save","article_published_time":"2018-04-19T08:00:21+00:00","og_image":[{"width":1400,"height":934,"url":"https:\/\/news.save.ch\/wp-content\/uploads\/2018\/04\/AB5_5699-scaled-1-scaled.jpg","type":"image\/jpeg"}],"author":"Roger Str\u00e4ssle","twitter_card":"summary_large_image","twitter_misc":{"Scritto da":"Roger Str\u00e4ssle","Tempo di lettura stimato":"3 minuti"},"schema":{"@context":"https:\/\/schema.org","@graph":[{"@type":"Article","@id":"https:\/\/news.save.ch\/der-neue-ambulanzjet-bringt-mehr-sicherheit\/#article","isPartOf":{"@id":"https:\/\/news.save.ch\/der-neue-ambulanzjet-bringt-mehr-sicherheit\/"},"author":{"name":"Roger Str\u00e4ssle","@id":"https:\/\/news.save.ch\/de\/#\/schema\/person\/d5022db048e0e2b9785c50e5b24da5aa"},"headline":"Der neue Ambulanzjet bringt auch mehr Sicherheit","datePublished":"2018-04-19T08:00:21+00:00","mainEntityOfPage":{"@id":"https:\/\/news.save.ch\/der-neue-ambulanzjet-bringt-mehr-sicherheit\/"},"wordCount":513,"commentCount":0,"publisher":{"@id":"https:\/\/news.save.ch\/de\/#organization"},"image":{"@id":"https:\/\/news.save.ch\/der-neue-ambulanzjet-bringt-mehr-sicherheit\/#primaryimage"},"thumbnailUrl":"https:\/\/news.save.ch\/wp-content\/uploads\/2018\/04\/AB5_5699-scaled-1-scaled.jpg","keywords":["Rega"],"articleSection":["ALLGEMEIN"],"inLanguage":"it-IT"},{"@type":"WebPage","@id":"https:\/\/news.save.ch\/der-neue-ambulanzjet-bringt-mehr-sicherheit\/","url":"https:\/\/news.save.ch\/der-neue-ambulanzjet-bringt-mehr-sicherheit\/","name":"Il nuovo jet ambulanza porta anche pi\u00f9 sicurezza - Save","isPartOf":{"@id":"https:\/\/news.save.ch\/de\/#website"},"primaryImageOfPage":{"@id":"https:\/\/news.save.ch\/der-neue-ambulanzjet-bringt-mehr-sicherheit\/#primaryimage"},"image":{"@id":"https:\/\/news.save.ch\/der-neue-ambulanzjet-bringt-mehr-sicherheit\/#primaryimage"},"thumbnailUrl":"https:\/\/news.save.ch\/wp-content\/uploads\/2018\/04\/AB5_5699-scaled-1-scaled.jpg","datePublished":"2018-04-19T08:00:21+00:00","description":"La Guardia aerea svizzera di soccorso Rega ha recentemente preso in consegna il primo dei suoi tre nuovi jet ambulanza Bombardier Challenger 650.","breadcrumb":{"@id":"https:\/\/news.save.ch\/der-neue-ambulanzjet-bringt-mehr-sicherheit\/#breadcrumb"},"inLanguage":"it-IT","potentialAction":[{"@type":"ReadAction","target":["https:\/\/news.save.ch\/der-neue-ambulanzjet-bringt-mehr-sicherheit\/"]}]},{"@type":"ImageObject","inLanguage":"it-IT","@id":"https:\/\/news.save.ch\/der-neue-ambulanzjet-bringt-mehr-sicherheit\/#primaryimage","url":"https:\/\/news.save.ch\/wp-content\/uploads\/2018\/04\/AB5_5699-scaled-1-scaled.jpg","contentUrl":"https:\/\/news.save.ch\/wp-content\/uploads\/2018\/04\/AB5_5699-scaled-1-scaled.jpg","width":1400,"height":934,"caption":"\u00a9 Rega"},{"@type":"BreadcrumbList","@id":"https:\/\/news.save.ch\/der-neue-ambulanzjet-bringt-mehr-sicherheit\/#breadcrumb","itemListElement":[{"@type":"ListItem","position":1,"name":"Home","item":"https:\/\/news.save.ch\/de\/"},{"@type":"ListItem","position":2,"name":"Der neue Ambulanzjet bringt auch mehr Sicherheit"}]},{"@type":"WebSite","@id":"https:\/\/news.save.ch\/de\/#website","url":"https:\/\/news.save.ch\/de\/","name":"Risparmiare","description":"Rivista svizzera specializzata in sicurezza","publisher":{"@id":"https:\/\/news.save.ch\/de\/#organization"},"potentialAction":[{"@type":"SearchAction","target":{"@type":"EntryPoint","urlTemplate":"https:\/\/news.save.ch\/de\/?s={search_term_string}"},"query-input":{"@type":"PropertyValueSpecification","valueRequired":true,"valueName":"search_term_string"}}],"inLanguage":"it-IT"},{"@type":"Organization","@id":"https:\/\/news.save.ch\/de\/#organization","name":"Forum sulla sicurezza","url":"https:\/\/news.save.ch\/de\/","logo":{"@type":"ImageObject","inLanguage":"it-IT","@id":"https:\/\/news.save.ch\/de\/#\/schema\/logo\/image\/","url":"https:\/\/news.save.ch\/wp-content\/uploads\/2022\/06\/Logo_SF_2012.png","contentUrl":"https:\/\/news.save.ch\/wp-content\/uploads\/2022\/06\/Logo_SF_2012.png","width":1100,"height":91,"caption":"Sicherheitsforum"},"image":{"@id":"https:\/\/news.save.ch\/de\/#\/schema\/logo\/image\/"}},{"@type":"Person","@id":"https:\/\/news.save.ch\/de\/#\/schema\/person\/d5022db048e0e2b9785c50e5b24da5aa","name":"Roger Str\u00e4ssle","image":{"@type":"ImageObject","inLanguage":"it-IT","@id":"https:\/\/secure.gravatar.com\/avatar\/862a5569d087de48e5856e32f45d719a03804c891d6deb8d4f71a660e79e4a47?s=96&d=mm&r=g","url":"https:\/\/secure.gravatar.com\/avatar\/862a5569d087de48e5856e32f45d719a03804c891d6deb8d4f71a660e79e4a47?s=96&d=mm&r=g","contentUrl":"https:\/\/secure.gravatar.com\/avatar\/862a5569d087de48e5856e32f45d719a03804c891d6deb8d4f71a660e79e4a47?s=96&d=mm&r=g","caption":"Roger Str\u00e4ssle"},"url":"https:\/\/news.save.ch\/it\/author\/roger-straessle\/"}]}},"_links":{"self":[{"href":"https:\/\/news.save.ch\/it\/wp-json\/wp\/v2\/posts\/6271","targetHints":{"allow":["GET"]}}],"collection":[{"href":"https:\/\/news.save.ch\/it\/wp-json\/wp\/v2\/posts"}],"about":[{"href":"https:\/\/news.save.ch\/it\/wp-json\/wp\/v2\/types\/post"}],"author":[{"embeddable":true,"href":"https:\/\/news.save.ch\/it\/wp-json\/wp\/v2\/users\/8"}],"replies":[{"embeddable":true,"href":"https:\/\/news.save.ch\/it\/wp-json\/wp\/v2\/comments?post=6271"}],"version-history":[{"count":0,"href":"https:\/\/news.save.ch\/it\/wp-json\/wp\/v2\/posts\/6271\/revisions"}],"wp:featuredmedia":[{"embeddable":true,"href":"https:\/\/news.save.ch\/it\/wp-json\/wp\/v2\/media\/6272"}],"wp:attachment":[{"href":"https:\/\/news.save.ch\/it\/wp-json\/wp\/v2\/media?parent=6271"}],"wp:term":[{"taxonomy":"category","embeddable":true,"href":"https:\/\/news.save.ch\/it\/wp-json\/wp\/v2\/categories?post=6271"},{"taxonomy":"post_tag","embeddable":true,"href":"https:\/\/news.save.ch\/it\/wp-json\/wp\/v2\/tags?post=6271"}],"curies":[{"name":"wp","href":"https:\/\/api.w.org\/{rel}","templated":true}]}}