{"id":6283,"date":"2018-04-24T10:39:21","date_gmt":"2018-04-24T08:39:21","guid":{"rendered":"https:\/\/news.save.ch\/?p=6283"},"modified":"2023-03-14T08:56:56","modified_gmt":"2023-03-14T07:56:56","slug":"markus-kuenzler-neu-bei-ntt-security","status":null,"type":"post","link":"https:\/\/news.save.ch\/it\/markus-kuenzler-neu-bei-ntt-security\/","title":{"rendered":"Markus K\u00fcnzler nuovo in NTT Security"},"content":{"rendered":"<p>&nbsp;<\/p>\n<p><img loading=\"lazy\" decoding=\"async\" class=\"aligncenter wp-image-6285 size-medium\" src=\"https:\/\/news.save.ch\/wp-content\/uploads\/2018\/04\/ntt_security_markus_kuenzler-scaled-1.jpg\" alt=\"Markus K\u00fcnzler\" width=\"680\" height=\"453\" \/><\/p>\n<p>Dal 1\u00b0 aprile 2018, Markus K\u00fcnzler (54) \u00e8 responsabile dell'intera divisione Consulting di <a href=\"https:\/\/www.nttsecurity.com\/de-ch\">NTT Sicurezza<\/a> in Svizzera. I punti focali tematici includono la difesa informatica, la gestione delle identit\u00e0 e delle chiavi, il luogo di lavoro digitale, la sicurezza del cloud, l'internet industriale delle cose (IIoT) e l'architettura della sicurezza aziendale, secondo l'azienda specializzata in sicurezza.<\/p>\n<p>Tra le altre cose, K\u00fcnzler sar\u00e0 anche responsabile della creazione del dipartimento Governance, Risk &amp; Compliance (GRC). Inoltre, collaborer\u00e0 con il management dell'Alleanza per promuovere la cooperazione con le altre filiali svizzere di NTT.<\/p>\n<p>Tom Hager, Direttore nazionale <a href=\"https:\/\/news.save.ch\/it\/die-fuehrungsebene-ein-it-sicherheitsrisiko\/\">NTT Security Svizzera<\/a>sottolinea: \"Siamo fermamente convinti che con lui a bordo potremo espandere in modo significativo la nostra attivit\u00e0 di consulenza in Svizzera\".<\/p>\n<p>K\u00fcnzler ha conseguito una laurea in ingegneria elettrica e un Master of Business Administration (MBA) presso la Business School dell'Universit\u00e0 di Edimburgo. Prima di entrare in NTT Security, \u00e8 stato Managing Director e Principal Consultant presso K\u00fcnzler Management Consulting GmbH, dove negli ultimi anni ha guidato diversi progetti strategici nel campo della cybersecurity per importanti aziende europee, si legge nel comunicato.<\/p>\n<p><em>Comunicato stampa NTT Security<\/em><\/p>","protected":false},"excerpt":{"rendered":"<p>&nbsp; Markus K\u00fcnzler (54) verantwortet seit 1. April 2018 den gesamten Consulting-Bereich von NTT Security in der Schweiz. Thematische Schwerpunkte bilden unter anderem Cyber Defense, Identity &amp; Key Management, Digital Workplace, Cloud Security, Industrial Internet of Things (IIoT) und Enterprise Security Architecture, wie das auf Sicherheit spezialisierte Unternehmen schreibt. K\u00fcnzler werde unter anderem auch den [&hellip;]<\/p>\n","protected":false},"author":8,"featured_media":6285,"comment_status":"open","ping_status":"open","sticky":false,"template":"","format":"standard","meta":{"_acf_changed":false,"pgc_sgb_lightbox_settings":"","footnotes":""},"categories":[3313],"tags":[63,65],"class_list":["post-6283","post","type-post","status-publish","format-standard","has-post-thumbnail","hentry","category-digitalisierung","tag-it-security","tag-unternehmen"],"acf":[],"hkrextid":null,"publication":null,"issue":null,"workflow":null,"startPage":null,"spitzmarke":null,"_posts_by_tag_page_fields":{"widget_title":"","widget_tags":""},"_at_widget":"1","_yoast_wpseo_primary_category":"2","_yoast_wpseo_focuskw_text_input":"Markus K\u00fcnzler","_yoast_wpseo_opengraph-image":null,"_yoast_wpseo_opengraph-description":null,"_yoast_wpseo_opengraph-title":null,"enclosure":null,"_yoast_wpseo_twitter-title":null,"_yoast_wpseo_twitter-description":null,"_yoast_wpseo_twitter-image":null,"_wp_old_slug":null,"_yoast_wpseo_title":null,"_yoast_wpseo_canonical":null,"yoast_head":"<!-- This site is optimized with the Yoast SEO plugin v27.5 - https:\/\/yoast.com\/product\/yoast-seo-wordpress\/ -->\n<title>Markus K\u00fcnzler neu bei NTT Security - Save<\/title>\n<meta name=\"description\" content=\"NTT Security (Switzerland) AG hat Markus K\u00fcnzler als neuen Head of Consulting Schweiz an Bord geholt.\" \/>\n<meta name=\"robots\" content=\"index, follow, max-snippet:-1, max-image-preview:large, max-video-preview:-1\" \/>\n<link rel=\"canonical\" href=\"https:\/\/news.save.ch\/it\/markus-kuenzler-neu-bei-ntt-security\/\" \/>\n<meta property=\"og:locale\" content=\"it_IT\" \/>\n<meta property=\"og:type\" content=\"article\" \/>\n<meta property=\"og:title\" content=\"Markus K\u00fcnzler neu bei NTT Security - Save\" \/>\n<meta property=\"og:description\" content=\"NTT Security (Switzerland) AG hat Markus K\u00fcnzler als neuen Head of Consulting Schweiz an Bord geholt.\" \/>\n<meta property=\"og:url\" content=\"https:\/\/news.save.ch\/it\/markus-kuenzler-neu-bei-ntt-security\/\" \/>\n<meta property=\"og:site_name\" content=\"Save\" \/>\n<meta property=\"article:published_time\" content=\"2018-04-24T08:39:21+00:00\" \/>\n<meta property=\"article:modified_time\" content=\"2023-03-14T07:56:56+00:00\" \/>\n<meta property=\"og:image\" content=\"https:\/\/news.save.ch\/wp-content\/uploads\/2018\/04\/ntt_security_markus_kuenzler-scaled-1-scaled.jpg\" \/>\n\t<meta property=\"og:image:width\" content=\"1400\" \/>\n\t<meta property=\"og:image:height\" content=\"934\" \/>\n\t<meta property=\"og:image:type\" content=\"image\/jpeg\" \/>\n<meta name=\"author\" content=\"Roger Str\u00e4ssle\" \/>\n<meta name=\"twitter:card\" content=\"summary_large_image\" \/>\n<meta name=\"twitter:label1\" content=\"Scritto da\" \/>\n\t<meta name=\"twitter:data1\" content=\"Roger Str\u00e4ssle\" \/>\n\t<meta name=\"twitter:label2\" content=\"Tempo di lettura stimato\" \/>\n\t<meta name=\"twitter:data2\" content=\"1 minuto\" \/>\n<script type=\"application\/ld+json\" class=\"yoast-schema-graph\">{\"@context\":\"https:\\\/\\\/schema.org\",\"@graph\":[{\"@type\":\"Article\",\"@id\":\"https:\\\/\\\/news.save.ch\\\/markus-kuenzler-neu-bei-ntt-security\\\/#article\",\"isPartOf\":{\"@id\":\"https:\\\/\\\/news.save.ch\\\/markus-kuenzler-neu-bei-ntt-security\\\/\"},\"author\":{\"name\":\"Roger Str\u00e4ssle\",\"@id\":\"https:\\\/\\\/news.save.ch\\\/de\\\/#\\\/schema\\\/person\\\/d5022db048e0e2b9785c50e5b24da5aa\"},\"headline\":\"Markus K\u00fcnzler neu bei NTT Security\",\"datePublished\":\"2018-04-24T08:39:21+00:00\",\"dateModified\":\"2023-03-14T07:56:56+00:00\",\"mainEntityOfPage\":{\"@id\":\"https:\\\/\\\/news.save.ch\\\/markus-kuenzler-neu-bei-ntt-security\\\/\"},\"wordCount\":182,\"commentCount\":0,\"publisher\":{\"@id\":\"https:\\\/\\\/news.save.ch\\\/de\\\/#organization\"},\"image\":{\"@id\":\"https:\\\/\\\/news.save.ch\\\/markus-kuenzler-neu-bei-ntt-security\\\/#primaryimage\"},\"thumbnailUrl\":\"https:\\\/\\\/news.save.ch\\\/wp-content\\\/uploads\\\/2018\\\/04\\\/ntt_security_markus_kuenzler-scaled-1-scaled.jpg\",\"keywords\":[\"IT-SECURITY\",\"Unternehmen\"],\"articleSection\":[\"DIGITALISIERUNG\"],\"inLanguage\":\"it-IT\"},{\"@type\":\"WebPage\",\"@id\":\"https:\\\/\\\/news.save.ch\\\/markus-kuenzler-neu-bei-ntt-security\\\/\",\"url\":\"https:\\\/\\\/news.save.ch\\\/markus-kuenzler-neu-bei-ntt-security\\\/\",\"name\":\"Markus K\u00fcnzler neu bei NTT Security - Save\",\"isPartOf\":{\"@id\":\"https:\\\/\\\/news.save.ch\\\/de\\\/#website\"},\"primaryImageOfPage\":{\"@id\":\"https:\\\/\\\/news.save.ch\\\/markus-kuenzler-neu-bei-ntt-security\\\/#primaryimage\"},\"image\":{\"@id\":\"https:\\\/\\\/news.save.ch\\\/markus-kuenzler-neu-bei-ntt-security\\\/#primaryimage\"},\"thumbnailUrl\":\"https:\\\/\\\/news.save.ch\\\/wp-content\\\/uploads\\\/2018\\\/04\\\/ntt_security_markus_kuenzler-scaled-1-scaled.jpg\",\"datePublished\":\"2018-04-24T08:39:21+00:00\",\"dateModified\":\"2023-03-14T07:56:56+00:00\",\"description\":\"NTT Security (Switzerland) AG hat Markus K\u00fcnzler als neuen Head of Consulting Schweiz an Bord geholt.\",\"breadcrumb\":{\"@id\":\"https:\\\/\\\/news.save.ch\\\/markus-kuenzler-neu-bei-ntt-security\\\/#breadcrumb\"},\"inLanguage\":\"it-IT\",\"potentialAction\":[{\"@type\":\"ReadAction\",\"target\":[\"https:\\\/\\\/news.save.ch\\\/markus-kuenzler-neu-bei-ntt-security\\\/\"]}]},{\"@type\":\"ImageObject\",\"inLanguage\":\"it-IT\",\"@id\":\"https:\\\/\\\/news.save.ch\\\/markus-kuenzler-neu-bei-ntt-security\\\/#primaryimage\",\"url\":\"https:\\\/\\\/news.save.ch\\\/wp-content\\\/uploads\\\/2018\\\/04\\\/ntt_security_markus_kuenzler-scaled-1-scaled.jpg\",\"contentUrl\":\"https:\\\/\\\/news.save.ch\\\/wp-content\\\/uploads\\\/2018\\\/04\\\/ntt_security_markus_kuenzler-scaled-1-scaled.jpg\",\"width\":1400,\"height\":934},{\"@type\":\"BreadcrumbList\",\"@id\":\"https:\\\/\\\/news.save.ch\\\/markus-kuenzler-neu-bei-ntt-security\\\/#breadcrumb\",\"itemListElement\":[{\"@type\":\"ListItem\",\"position\":1,\"name\":\"Home\",\"item\":\"https:\\\/\\\/news.save.ch\\\/de\\\/\"},{\"@type\":\"ListItem\",\"position\":2,\"name\":\"Markus K\u00fcnzler neu bei NTT Security\"}]},{\"@type\":\"WebSite\",\"@id\":\"https:\\\/\\\/news.save.ch\\\/de\\\/#website\",\"url\":\"https:\\\/\\\/news.save.ch\\\/de\\\/\",\"name\":\"Save\",\"description\":\"Schweizer Fachzeitschrift f\u00fcr Sicherheit\",\"publisher\":{\"@id\":\"https:\\\/\\\/news.save.ch\\\/de\\\/#organization\"},\"potentialAction\":[{\"@type\":\"SearchAction\",\"target\":{\"@type\":\"EntryPoint\",\"urlTemplate\":\"https:\\\/\\\/news.save.ch\\\/de\\\/?s={search_term_string}\"},\"query-input\":{\"@type\":\"PropertyValueSpecification\",\"valueRequired\":true,\"valueName\":\"search_term_string\"}}],\"inLanguage\":\"it-IT\"},{\"@type\":\"Organization\",\"@id\":\"https:\\\/\\\/news.save.ch\\\/de\\\/#organization\",\"name\":\"Sicherheitsforum\",\"url\":\"https:\\\/\\\/news.save.ch\\\/de\\\/\",\"logo\":{\"@type\":\"ImageObject\",\"inLanguage\":\"it-IT\",\"@id\":\"https:\\\/\\\/news.save.ch\\\/de\\\/#\\\/schema\\\/logo\\\/image\\\/\",\"url\":\"https:\\\/\\\/news.save.ch\\\/wp-content\\\/uploads\\\/2022\\\/06\\\/Logo_SF_2012.png\",\"contentUrl\":\"https:\\\/\\\/news.save.ch\\\/wp-content\\\/uploads\\\/2022\\\/06\\\/Logo_SF_2012.png\",\"width\":1100,\"height\":91,\"caption\":\"Sicherheitsforum\"},\"image\":{\"@id\":\"https:\\\/\\\/news.save.ch\\\/de\\\/#\\\/schema\\\/logo\\\/image\\\/\"}},{\"@type\":\"Person\",\"@id\":\"https:\\\/\\\/news.save.ch\\\/de\\\/#\\\/schema\\\/person\\\/d5022db048e0e2b9785c50e5b24da5aa\",\"name\":\"Roger Str\u00e4ssle\",\"image\":{\"@type\":\"ImageObject\",\"inLanguage\":\"it-IT\",\"@id\":\"https:\\\/\\\/secure.gravatar.com\\\/avatar\\\/862a5569d087de48e5856e32f45d719a03804c891d6deb8d4f71a660e79e4a47?s=96&d=mm&r=g\",\"url\":\"https:\\\/\\\/secure.gravatar.com\\\/avatar\\\/862a5569d087de48e5856e32f45d719a03804c891d6deb8d4f71a660e79e4a47?s=96&d=mm&r=g\",\"contentUrl\":\"https:\\\/\\\/secure.gravatar.com\\\/avatar\\\/862a5569d087de48e5856e32f45d719a03804c891d6deb8d4f71a660e79e4a47?s=96&d=mm&r=g\",\"caption\":\"Roger Str\u00e4ssle\"},\"url\":\"https:\\\/\\\/news.save.ch\\\/it\\\/author\\\/roger-straessle\\\/\"}]}<\/script>\n<!-- \/ Yoast SEO plugin. -->","yoast_head_json":{"title":"Markus K\u00fcnzler nuovo ad NTT Security - Salva","description":"NTT Security (Svizzera) AG ha assunto Markus K\u00fcnzler come nuovo Head of Consulting Switzerland.","robots":{"index":"index","follow":"follow","max-snippet":"max-snippet:-1","max-image-preview":"max-image-preview:large","max-video-preview":"max-video-preview:-1"},"canonical":"https:\/\/news.save.ch\/it\/markus-kuenzler-neu-bei-ntt-security\/","og_locale":"it_IT","og_type":"article","og_title":"Markus K\u00fcnzler neu bei NTT Security - Save","og_description":"NTT Security (Switzerland) AG hat Markus K\u00fcnzler als neuen Head of Consulting Schweiz an Bord geholt.","og_url":"https:\/\/news.save.ch\/it\/markus-kuenzler-neu-bei-ntt-security\/","og_site_name":"Save","article_published_time":"2018-04-24T08:39:21+00:00","article_modified_time":"2023-03-14T07:56:56+00:00","og_image":[{"width":1400,"height":934,"url":"https:\/\/news.save.ch\/wp-content\/uploads\/2018\/04\/ntt_security_markus_kuenzler-scaled-1-scaled.jpg","type":"image\/jpeg"}],"author":"Roger Str\u00e4ssle","twitter_card":"summary_large_image","twitter_misc":{"Scritto da":"Roger Str\u00e4ssle","Tempo di lettura stimato":"1 minuto"},"schema":{"@context":"https:\/\/schema.org","@graph":[{"@type":"Article","@id":"https:\/\/news.save.ch\/markus-kuenzler-neu-bei-ntt-security\/#article","isPartOf":{"@id":"https:\/\/news.save.ch\/markus-kuenzler-neu-bei-ntt-security\/"},"author":{"name":"Roger Str\u00e4ssle","@id":"https:\/\/news.save.ch\/de\/#\/schema\/person\/d5022db048e0e2b9785c50e5b24da5aa"},"headline":"Markus K\u00fcnzler neu bei NTT Security","datePublished":"2018-04-24T08:39:21+00:00","dateModified":"2023-03-14T07:56:56+00:00","mainEntityOfPage":{"@id":"https:\/\/news.save.ch\/markus-kuenzler-neu-bei-ntt-security\/"},"wordCount":182,"commentCount":0,"publisher":{"@id":"https:\/\/news.save.ch\/de\/#organization"},"image":{"@id":"https:\/\/news.save.ch\/markus-kuenzler-neu-bei-ntt-security\/#primaryimage"},"thumbnailUrl":"https:\/\/news.save.ch\/wp-content\/uploads\/2018\/04\/ntt_security_markus_kuenzler-scaled-1-scaled.jpg","keywords":["IT-SECURITY","Unternehmen"],"articleSection":["DIGITALISIERUNG"],"inLanguage":"it-IT"},{"@type":"WebPage","@id":"https:\/\/news.save.ch\/markus-kuenzler-neu-bei-ntt-security\/","url":"https:\/\/news.save.ch\/markus-kuenzler-neu-bei-ntt-security\/","name":"Markus K\u00fcnzler nuovo ad NTT Security - Salva","isPartOf":{"@id":"https:\/\/news.save.ch\/de\/#website"},"primaryImageOfPage":{"@id":"https:\/\/news.save.ch\/markus-kuenzler-neu-bei-ntt-security\/#primaryimage"},"image":{"@id":"https:\/\/news.save.ch\/markus-kuenzler-neu-bei-ntt-security\/#primaryimage"},"thumbnailUrl":"https:\/\/news.save.ch\/wp-content\/uploads\/2018\/04\/ntt_security_markus_kuenzler-scaled-1-scaled.jpg","datePublished":"2018-04-24T08:39:21+00:00","dateModified":"2023-03-14T07:56:56+00:00","description":"NTT Security (Svizzera) AG ha assunto Markus K\u00fcnzler come nuovo Head of Consulting Switzerland.","breadcrumb":{"@id":"https:\/\/news.save.ch\/markus-kuenzler-neu-bei-ntt-security\/#breadcrumb"},"inLanguage":"it-IT","potentialAction":[{"@type":"ReadAction","target":["https:\/\/news.save.ch\/markus-kuenzler-neu-bei-ntt-security\/"]}]},{"@type":"ImageObject","inLanguage":"it-IT","@id":"https:\/\/news.save.ch\/markus-kuenzler-neu-bei-ntt-security\/#primaryimage","url":"https:\/\/news.save.ch\/wp-content\/uploads\/2018\/04\/ntt_security_markus_kuenzler-scaled-1-scaled.jpg","contentUrl":"https:\/\/news.save.ch\/wp-content\/uploads\/2018\/04\/ntt_security_markus_kuenzler-scaled-1-scaled.jpg","width":1400,"height":934},{"@type":"BreadcrumbList","@id":"https:\/\/news.save.ch\/markus-kuenzler-neu-bei-ntt-security\/#breadcrumb","itemListElement":[{"@type":"ListItem","position":1,"name":"Home","item":"https:\/\/news.save.ch\/de\/"},{"@type":"ListItem","position":2,"name":"Markus K\u00fcnzler neu bei NTT Security"}]},{"@type":"WebSite","@id":"https:\/\/news.save.ch\/de\/#website","url":"https:\/\/news.save.ch\/de\/","name":"Risparmiare","description":"Rivista svizzera specializzata in sicurezza","publisher":{"@id":"https:\/\/news.save.ch\/de\/#organization"},"potentialAction":[{"@type":"SearchAction","target":{"@type":"EntryPoint","urlTemplate":"https:\/\/news.save.ch\/de\/?s={search_term_string}"},"query-input":{"@type":"PropertyValueSpecification","valueRequired":true,"valueName":"search_term_string"}}],"inLanguage":"it-IT"},{"@type":"Organization","@id":"https:\/\/news.save.ch\/de\/#organization","name":"Forum sulla sicurezza","url":"https:\/\/news.save.ch\/de\/","logo":{"@type":"ImageObject","inLanguage":"it-IT","@id":"https:\/\/news.save.ch\/de\/#\/schema\/logo\/image\/","url":"https:\/\/news.save.ch\/wp-content\/uploads\/2022\/06\/Logo_SF_2012.png","contentUrl":"https:\/\/news.save.ch\/wp-content\/uploads\/2022\/06\/Logo_SF_2012.png","width":1100,"height":91,"caption":"Sicherheitsforum"},"image":{"@id":"https:\/\/news.save.ch\/de\/#\/schema\/logo\/image\/"}},{"@type":"Person","@id":"https:\/\/news.save.ch\/de\/#\/schema\/person\/d5022db048e0e2b9785c50e5b24da5aa","name":"Roger Str\u00e4ssle","image":{"@type":"ImageObject","inLanguage":"it-IT","@id":"https:\/\/secure.gravatar.com\/avatar\/862a5569d087de48e5856e32f45d719a03804c891d6deb8d4f71a660e79e4a47?s=96&d=mm&r=g","url":"https:\/\/secure.gravatar.com\/avatar\/862a5569d087de48e5856e32f45d719a03804c891d6deb8d4f71a660e79e4a47?s=96&d=mm&r=g","contentUrl":"https:\/\/secure.gravatar.com\/avatar\/862a5569d087de48e5856e32f45d719a03804c891d6deb8d4f71a660e79e4a47?s=96&d=mm&r=g","caption":"Roger Str\u00e4ssle"},"url":"https:\/\/news.save.ch\/it\/author\/roger-straessle\/"}]}},"_links":{"self":[{"href":"https:\/\/news.save.ch\/it\/wp-json\/wp\/v2\/posts\/6283","targetHints":{"allow":["GET"]}}],"collection":[{"href":"https:\/\/news.save.ch\/it\/wp-json\/wp\/v2\/posts"}],"about":[{"href":"https:\/\/news.save.ch\/it\/wp-json\/wp\/v2\/types\/post"}],"author":[{"embeddable":true,"href":"https:\/\/news.save.ch\/it\/wp-json\/wp\/v2\/users\/8"}],"replies":[{"embeddable":true,"href":"https:\/\/news.save.ch\/it\/wp-json\/wp\/v2\/comments?post=6283"}],"version-history":[{"count":1,"href":"https:\/\/news.save.ch\/it\/wp-json\/wp\/v2\/posts\/6283\/revisions"}],"predecessor-version":[{"id":17455,"href":"https:\/\/news.save.ch\/it\/wp-json\/wp\/v2\/posts\/6283\/revisions\/17455"}],"wp:featuredmedia":[{"embeddable":true,"href":"https:\/\/news.save.ch\/it\/wp-json\/wp\/v2\/media\/6285"}],"wp:attachment":[{"href":"https:\/\/news.save.ch\/it\/wp-json\/wp\/v2\/media?parent=6283"}],"wp:term":[{"taxonomy":"category","embeddable":true,"href":"https:\/\/news.save.ch\/it\/wp-json\/wp\/v2\/categories?post=6283"},{"taxonomy":"post_tag","embeddable":true,"href":"https:\/\/news.save.ch\/it\/wp-json\/wp\/v2\/tags?post=6283"}],"curies":[{"name":"wp","href":"https:\/\/api.w.org\/{rel}","templated":true}]}}