{"id":6313,"date":"2018-05-01T10:00:05","date_gmt":"2018-05-01T08:00:05","guid":{"rendered":"https:\/\/news.save.ch\/?p=6313"},"modified":"2018-05-01T10:00:05","modified_gmt":"2018-05-01T08:00:05","slug":"neue-webauftritt-neuer-mann-in-der-gl","status":null,"type":"post","link":"https:\/\/news.save.ch\/it\/neue-webauftritt-neuer-mann-in-der-gl\/","title":{"rendered":"Nuovo sito web, nuovo uomo nel consiglio di amministrazione"},"content":{"rendered":"<figure id=\"attachment_6314\" aria-describedby=\"caption-attachment-6314\" style=\"width: 680px\" class=\"wp-caption alignleft\"><img loading=\"lazy\" decoding=\"async\" class=\"wp-image-6314 size-medium\" src=\"https:\/\/news.save.ch\/wp-content\/uploads\/2018\/04\/Securiton-7043_009-1-scaled-1.jpg\" alt=\"Securiton, Martin Altorfer\" width=\"680\" height=\"453\" \/><figcaption id=\"caption-attachment-6314\" class=\"wp-caption-text\">Martin Altorfer<\/figcaption><\/figure>\n<p>Di recente, il sito web di nuova concezione del <a href=\"https:\/\/www.securiton.ch\/\">Securiton AG<\/a> online. Nel corso degli anni sono stati aggiunti sempre pi\u00f9 testi e requisiti, scrive il fornitore di sicurezza. Era quindi giunto il momento di rinnovare. La piattaforma ha un design contemporaneo. Una struttura chiara e concisa semplifica la navigazione. Con pochi clic, \u00e8 possibile raggiungere i singoli argomenti del fornitore: protezione antincendio, protezione antintrusione, controllo degli accessi, videosorveglianza, sistemi di guida di sicurezza, protezione della propriet\u00e0 mobile.<\/p>\n<h3>Gestione rafforzata<\/h3>\n<p>Martin Altorfer \u00e8 un nuovo membro del team di gestione di Securiton da qualche mese. \u00c8 il nuovo responsabile delle vendite in Svizzera. Dal 1996, l'economista aziendale FH ha svolto varie funzioni per diverse societ\u00e0 del Gruppo Securitas in Svizzera e all'estero. Martin Altorfer \u00e8 entrato in Securiton AG nel 2014 e da allora dirige l'ufficio di Berna.<\/p>","protected":false},"excerpt":{"rendered":"<p>Seit Kurzem ist die neu gestaltete Website der Securiton AG online. \u00dcber die Jahre hinweg seien laufend mehr Texte und Anforderungen hinzugekommen, schreibt der Sicherheitsanbieter. Also h\u00f6chste Zeit, sich zu erneuern. Die Plattform kommt im zeitgem\u00e4ssen Design daher. Eine klare und \u00fcbersichtliche Struktur vereinfacht die Navigation. Mit wenigen Klicks gelangt man zu den einzelnen Themen [&hellip;]<\/p>\n","protected":false},"author":8,"featured_media":6314,"comment_status":"open","ping_status":"open","sticky":false,"template":"","format":"standard","meta":{"_acf_changed":false,"pgc_sgb_lightbox_settings":"","footnotes":""},"categories":[1],"tags":[65],"class_list":["post-6313","post","type-post","status-publish","format-standard","has-post-thumbnail","hentry","category-allgemein","tag-unternehmen"],"acf":[],"hkrextid":null,"publication":null,"issue":null,"workflow":null,"startPage":null,"spitzmarke":null,"_posts_by_tag_page_fields":{"widget_title":"","widget_tags":""},"_at_widget":"1","_yoast_wpseo_primary_category":"1","_yoast_wpseo_focuskw_text_input":"Securiton","_yoast_wpseo_opengraph-image":null,"_yoast_wpseo_opengraph-description":null,"_yoast_wpseo_opengraph-title":null,"enclosure":null,"_yoast_wpseo_twitter-title":null,"_yoast_wpseo_twitter-description":null,"_yoast_wpseo_twitter-image":null,"_wp_old_slug":null,"_yoast_wpseo_title":null,"_yoast_wpseo_canonical":null,"yoast_head":"<!-- This site is optimized with the Yoast SEO plugin v27.5 - https:\/\/yoast.com\/product\/yoast-seo-wordpress\/ -->\n<title>Neuer Webauftritt, neuer Mann in der GL - Save<\/title>\n<meta name=\"description\" content=\"Der Website der Securiton AG wurde eine Frischzellenkur verpasst und die Gesch\u00e4ftsleitung wurde mit Martin Altorfer verst\u00e4rkt.\" \/>\n<meta name=\"robots\" content=\"index, follow, max-snippet:-1, max-image-preview:large, max-video-preview:-1\" \/>\n<link rel=\"canonical\" href=\"https:\/\/news.save.ch\/it\/neue-webauftritt-neuer-mann-in-der-gl\/\" \/>\n<meta property=\"og:locale\" content=\"it_IT\" \/>\n<meta property=\"og:type\" content=\"article\" \/>\n<meta property=\"og:title\" content=\"Neuer Webauftritt, neuer Mann in der GL - Save\" \/>\n<meta property=\"og:description\" content=\"Der Website der Securiton AG wurde eine Frischzellenkur verpasst und die Gesch\u00e4ftsleitung wurde mit Martin Altorfer verst\u00e4rkt.\" \/>\n<meta property=\"og:url\" content=\"https:\/\/news.save.ch\/it\/neue-webauftritt-neuer-mann-in-der-gl\/\" \/>\n<meta property=\"og:site_name\" content=\"Save\" \/>\n<meta property=\"article:published_time\" content=\"2018-05-01T08:00:05+00:00\" \/>\n<meta property=\"og:image\" content=\"https:\/\/news.save.ch\/wp-content\/uploads\/2018\/04\/Securiton-7043_009-1-scaled-1-scaled.jpg\" \/>\n\t<meta property=\"og:image:width\" content=\"1400\" \/>\n\t<meta property=\"og:image:height\" content=\"934\" \/>\n\t<meta property=\"og:image:type\" content=\"image\/jpeg\" \/>\n<meta name=\"author\" content=\"Roger Str\u00e4ssle\" \/>\n<meta name=\"twitter:card\" content=\"summary_large_image\" \/>\n<meta name=\"twitter:label1\" content=\"Scritto da\" \/>\n\t<meta name=\"twitter:data1\" content=\"Roger Str\u00e4ssle\" \/>\n\t<meta name=\"twitter:label2\" content=\"Tempo di lettura stimato\" \/>\n\t<meta name=\"twitter:data2\" content=\"1 minuto\" \/>\n<script type=\"application\/ld+json\" class=\"yoast-schema-graph\">{\"@context\":\"https:\\\/\\\/schema.org\",\"@graph\":[{\"@type\":\"Article\",\"@id\":\"https:\\\/\\\/news.save.ch\\\/neue-webauftritt-neuer-mann-in-der-gl\\\/#article\",\"isPartOf\":{\"@id\":\"https:\\\/\\\/news.save.ch\\\/neue-webauftritt-neuer-mann-in-der-gl\\\/\"},\"author\":{\"name\":\"Roger Str\u00e4ssle\",\"@id\":\"https:\\\/\\\/news.save.ch\\\/de\\\/#\\\/schema\\\/person\\\/d5022db048e0e2b9785c50e5b24da5aa\"},\"headline\":\"Neuer Webauftritt, neuer Mann in der GL\",\"datePublished\":\"2018-05-01T08:00:05+00:00\",\"mainEntityOfPage\":{\"@id\":\"https:\\\/\\\/news.save.ch\\\/neue-webauftritt-neuer-mann-in-der-gl\\\/\"},\"wordCount\":149,\"commentCount\":0,\"publisher\":{\"@id\":\"https:\\\/\\\/news.save.ch\\\/de\\\/#organization\"},\"image\":{\"@id\":\"https:\\\/\\\/news.save.ch\\\/neue-webauftritt-neuer-mann-in-der-gl\\\/#primaryimage\"},\"thumbnailUrl\":\"https:\\\/\\\/news.save.ch\\\/wp-content\\\/uploads\\\/2018\\\/04\\\/Securiton-7043_009-1-scaled-1-scaled.jpg\",\"keywords\":[\"Unternehmen\"],\"articleSection\":[\"ALLGEMEIN\"],\"inLanguage\":\"it-IT\"},{\"@type\":\"WebPage\",\"@id\":\"https:\\\/\\\/news.save.ch\\\/neue-webauftritt-neuer-mann-in-der-gl\\\/\",\"url\":\"https:\\\/\\\/news.save.ch\\\/neue-webauftritt-neuer-mann-in-der-gl\\\/\",\"name\":\"Neuer Webauftritt, neuer Mann in der GL - Save\",\"isPartOf\":{\"@id\":\"https:\\\/\\\/news.save.ch\\\/de\\\/#website\"},\"primaryImageOfPage\":{\"@id\":\"https:\\\/\\\/news.save.ch\\\/neue-webauftritt-neuer-mann-in-der-gl\\\/#primaryimage\"},\"image\":{\"@id\":\"https:\\\/\\\/news.save.ch\\\/neue-webauftritt-neuer-mann-in-der-gl\\\/#primaryimage\"},\"thumbnailUrl\":\"https:\\\/\\\/news.save.ch\\\/wp-content\\\/uploads\\\/2018\\\/04\\\/Securiton-7043_009-1-scaled-1-scaled.jpg\",\"datePublished\":\"2018-05-01T08:00:05+00:00\",\"description\":\"Der Website der Securiton AG wurde eine Frischzellenkur verpasst und die Gesch\u00e4ftsleitung wurde mit Martin Altorfer verst\u00e4rkt.\",\"breadcrumb\":{\"@id\":\"https:\\\/\\\/news.save.ch\\\/neue-webauftritt-neuer-mann-in-der-gl\\\/#breadcrumb\"},\"inLanguage\":\"it-IT\",\"potentialAction\":[{\"@type\":\"ReadAction\",\"target\":[\"https:\\\/\\\/news.save.ch\\\/neue-webauftritt-neuer-mann-in-der-gl\\\/\"]}]},{\"@type\":\"ImageObject\",\"inLanguage\":\"it-IT\",\"@id\":\"https:\\\/\\\/news.save.ch\\\/neue-webauftritt-neuer-mann-in-der-gl\\\/#primaryimage\",\"url\":\"https:\\\/\\\/news.save.ch\\\/wp-content\\\/uploads\\\/2018\\\/04\\\/Securiton-7043_009-1-scaled-1-scaled.jpg\",\"contentUrl\":\"https:\\\/\\\/news.save.ch\\\/wp-content\\\/uploads\\\/2018\\\/04\\\/Securiton-7043_009-1-scaled-1-scaled.jpg\",\"width\":1400,\"height\":934,\"caption\":\"Martin Altorfer\"},{\"@type\":\"BreadcrumbList\",\"@id\":\"https:\\\/\\\/news.save.ch\\\/neue-webauftritt-neuer-mann-in-der-gl\\\/#breadcrumb\",\"itemListElement\":[{\"@type\":\"ListItem\",\"position\":1,\"name\":\"Home\",\"item\":\"https:\\\/\\\/news.save.ch\\\/de\\\/\"},{\"@type\":\"ListItem\",\"position\":2,\"name\":\"Neuer Webauftritt, neuer Mann in der GL\"}]},{\"@type\":\"WebSite\",\"@id\":\"https:\\\/\\\/news.save.ch\\\/de\\\/#website\",\"url\":\"https:\\\/\\\/news.save.ch\\\/de\\\/\",\"name\":\"Save\",\"description\":\"Schweizer Fachzeitschrift f\u00fcr Sicherheit\",\"publisher\":{\"@id\":\"https:\\\/\\\/news.save.ch\\\/de\\\/#organization\"},\"potentialAction\":[{\"@type\":\"SearchAction\",\"target\":{\"@type\":\"EntryPoint\",\"urlTemplate\":\"https:\\\/\\\/news.save.ch\\\/de\\\/?s={search_term_string}\"},\"query-input\":{\"@type\":\"PropertyValueSpecification\",\"valueRequired\":true,\"valueName\":\"search_term_string\"}}],\"inLanguage\":\"it-IT\"},{\"@type\":\"Organization\",\"@id\":\"https:\\\/\\\/news.save.ch\\\/de\\\/#organization\",\"name\":\"Sicherheitsforum\",\"url\":\"https:\\\/\\\/news.save.ch\\\/de\\\/\",\"logo\":{\"@type\":\"ImageObject\",\"inLanguage\":\"it-IT\",\"@id\":\"https:\\\/\\\/news.save.ch\\\/de\\\/#\\\/schema\\\/logo\\\/image\\\/\",\"url\":\"https:\\\/\\\/news.save.ch\\\/wp-content\\\/uploads\\\/2022\\\/06\\\/Logo_SF_2012.png\",\"contentUrl\":\"https:\\\/\\\/news.save.ch\\\/wp-content\\\/uploads\\\/2022\\\/06\\\/Logo_SF_2012.png\",\"width\":1100,\"height\":91,\"caption\":\"Sicherheitsforum\"},\"image\":{\"@id\":\"https:\\\/\\\/news.save.ch\\\/de\\\/#\\\/schema\\\/logo\\\/image\\\/\"}},{\"@type\":\"Person\",\"@id\":\"https:\\\/\\\/news.save.ch\\\/de\\\/#\\\/schema\\\/person\\\/d5022db048e0e2b9785c50e5b24da5aa\",\"name\":\"Roger Str\u00e4ssle\",\"image\":{\"@type\":\"ImageObject\",\"inLanguage\":\"it-IT\",\"@id\":\"https:\\\/\\\/secure.gravatar.com\\\/avatar\\\/862a5569d087de48e5856e32f45d719a03804c891d6deb8d4f71a660e79e4a47?s=96&d=mm&r=g\",\"url\":\"https:\\\/\\\/secure.gravatar.com\\\/avatar\\\/862a5569d087de48e5856e32f45d719a03804c891d6deb8d4f71a660e79e4a47?s=96&d=mm&r=g\",\"contentUrl\":\"https:\\\/\\\/secure.gravatar.com\\\/avatar\\\/862a5569d087de48e5856e32f45d719a03804c891d6deb8d4f71a660e79e4a47?s=96&d=mm&r=g\",\"caption\":\"Roger Str\u00e4ssle\"},\"url\":\"https:\\\/\\\/news.save.ch\\\/it\\\/author\\\/roger-straessle\\\/\"}]}<\/script>\n<!-- \/ Yoast SEO plugin. -->","yoast_head_json":{"title":"Nuovo sito web, nuovo uomo nel consiglio di amministrazione - Save","description":"Il sito web di Securiton AG \u00e8 stato rinnovato e il team di gestione \u00e8 stato rafforzato con Martin Altorfer.","robots":{"index":"index","follow":"follow","max-snippet":"max-snippet:-1","max-image-preview":"max-image-preview:large","max-video-preview":"max-video-preview:-1"},"canonical":"https:\/\/news.save.ch\/it\/neue-webauftritt-neuer-mann-in-der-gl\/","og_locale":"it_IT","og_type":"article","og_title":"Neuer Webauftritt, neuer Mann in der GL - Save","og_description":"Der Website der Securiton AG wurde eine Frischzellenkur verpasst und die Gesch\u00e4ftsleitung wurde mit Martin Altorfer verst\u00e4rkt.","og_url":"https:\/\/news.save.ch\/it\/neue-webauftritt-neuer-mann-in-der-gl\/","og_site_name":"Save","article_published_time":"2018-05-01T08:00:05+00:00","og_image":[{"width":1400,"height":934,"url":"https:\/\/news.save.ch\/wp-content\/uploads\/2018\/04\/Securiton-7043_009-1-scaled-1-scaled.jpg","type":"image\/jpeg"}],"author":"Roger Str\u00e4ssle","twitter_card":"summary_large_image","twitter_misc":{"Scritto da":"Roger Str\u00e4ssle","Tempo di lettura stimato":"1 minuto"},"schema":{"@context":"https:\/\/schema.org","@graph":[{"@type":"Article","@id":"https:\/\/news.save.ch\/neue-webauftritt-neuer-mann-in-der-gl\/#article","isPartOf":{"@id":"https:\/\/news.save.ch\/neue-webauftritt-neuer-mann-in-der-gl\/"},"author":{"name":"Roger Str\u00e4ssle","@id":"https:\/\/news.save.ch\/de\/#\/schema\/person\/d5022db048e0e2b9785c50e5b24da5aa"},"headline":"Neuer Webauftritt, neuer Mann in der GL","datePublished":"2018-05-01T08:00:05+00:00","mainEntityOfPage":{"@id":"https:\/\/news.save.ch\/neue-webauftritt-neuer-mann-in-der-gl\/"},"wordCount":149,"commentCount":0,"publisher":{"@id":"https:\/\/news.save.ch\/de\/#organization"},"image":{"@id":"https:\/\/news.save.ch\/neue-webauftritt-neuer-mann-in-der-gl\/#primaryimage"},"thumbnailUrl":"https:\/\/news.save.ch\/wp-content\/uploads\/2018\/04\/Securiton-7043_009-1-scaled-1-scaled.jpg","keywords":["Unternehmen"],"articleSection":["ALLGEMEIN"],"inLanguage":"it-IT"},{"@type":"WebPage","@id":"https:\/\/news.save.ch\/neue-webauftritt-neuer-mann-in-der-gl\/","url":"https:\/\/news.save.ch\/neue-webauftritt-neuer-mann-in-der-gl\/","name":"Nuovo sito web, nuovo uomo nel consiglio di amministrazione - Save","isPartOf":{"@id":"https:\/\/news.save.ch\/de\/#website"},"primaryImageOfPage":{"@id":"https:\/\/news.save.ch\/neue-webauftritt-neuer-mann-in-der-gl\/#primaryimage"},"image":{"@id":"https:\/\/news.save.ch\/neue-webauftritt-neuer-mann-in-der-gl\/#primaryimage"},"thumbnailUrl":"https:\/\/news.save.ch\/wp-content\/uploads\/2018\/04\/Securiton-7043_009-1-scaled-1-scaled.jpg","datePublished":"2018-05-01T08:00:05+00:00","description":"Il sito web di Securiton AG \u00e8 stato rinnovato e il team di gestione \u00e8 stato rafforzato con Martin Altorfer.","breadcrumb":{"@id":"https:\/\/news.save.ch\/neue-webauftritt-neuer-mann-in-der-gl\/#breadcrumb"},"inLanguage":"it-IT","potentialAction":[{"@type":"ReadAction","target":["https:\/\/news.save.ch\/neue-webauftritt-neuer-mann-in-der-gl\/"]}]},{"@type":"ImageObject","inLanguage":"it-IT","@id":"https:\/\/news.save.ch\/neue-webauftritt-neuer-mann-in-der-gl\/#primaryimage","url":"https:\/\/news.save.ch\/wp-content\/uploads\/2018\/04\/Securiton-7043_009-1-scaled-1-scaled.jpg","contentUrl":"https:\/\/news.save.ch\/wp-content\/uploads\/2018\/04\/Securiton-7043_009-1-scaled-1-scaled.jpg","width":1400,"height":934,"caption":"Martin Altorfer"},{"@type":"BreadcrumbList","@id":"https:\/\/news.save.ch\/neue-webauftritt-neuer-mann-in-der-gl\/#breadcrumb","itemListElement":[{"@type":"ListItem","position":1,"name":"Home","item":"https:\/\/news.save.ch\/de\/"},{"@type":"ListItem","position":2,"name":"Neuer Webauftritt, neuer Mann in der GL"}]},{"@type":"WebSite","@id":"https:\/\/news.save.ch\/de\/#website","url":"https:\/\/news.save.ch\/de\/","name":"Risparmiare","description":"Rivista svizzera specializzata in sicurezza","publisher":{"@id":"https:\/\/news.save.ch\/de\/#organization"},"potentialAction":[{"@type":"SearchAction","target":{"@type":"EntryPoint","urlTemplate":"https:\/\/news.save.ch\/de\/?s={search_term_string}"},"query-input":{"@type":"PropertyValueSpecification","valueRequired":true,"valueName":"search_term_string"}}],"inLanguage":"it-IT"},{"@type":"Organization","@id":"https:\/\/news.save.ch\/de\/#organization","name":"Forum sulla sicurezza","url":"https:\/\/news.save.ch\/de\/","logo":{"@type":"ImageObject","inLanguage":"it-IT","@id":"https:\/\/news.save.ch\/de\/#\/schema\/logo\/image\/","url":"https:\/\/news.save.ch\/wp-content\/uploads\/2022\/06\/Logo_SF_2012.png","contentUrl":"https:\/\/news.save.ch\/wp-content\/uploads\/2022\/06\/Logo_SF_2012.png","width":1100,"height":91,"caption":"Sicherheitsforum"},"image":{"@id":"https:\/\/news.save.ch\/de\/#\/schema\/logo\/image\/"}},{"@type":"Person","@id":"https:\/\/news.save.ch\/de\/#\/schema\/person\/d5022db048e0e2b9785c50e5b24da5aa","name":"Roger Str\u00e4ssle","image":{"@type":"ImageObject","inLanguage":"it-IT","@id":"https:\/\/secure.gravatar.com\/avatar\/862a5569d087de48e5856e32f45d719a03804c891d6deb8d4f71a660e79e4a47?s=96&d=mm&r=g","url":"https:\/\/secure.gravatar.com\/avatar\/862a5569d087de48e5856e32f45d719a03804c891d6deb8d4f71a660e79e4a47?s=96&d=mm&r=g","contentUrl":"https:\/\/secure.gravatar.com\/avatar\/862a5569d087de48e5856e32f45d719a03804c891d6deb8d4f71a660e79e4a47?s=96&d=mm&r=g","caption":"Roger Str\u00e4ssle"},"url":"https:\/\/news.save.ch\/it\/author\/roger-straessle\/"}]}},"_links":{"self":[{"href":"https:\/\/news.save.ch\/it\/wp-json\/wp\/v2\/posts\/6313","targetHints":{"allow":["GET"]}}],"collection":[{"href":"https:\/\/news.save.ch\/it\/wp-json\/wp\/v2\/posts"}],"about":[{"href":"https:\/\/news.save.ch\/it\/wp-json\/wp\/v2\/types\/post"}],"author":[{"embeddable":true,"href":"https:\/\/news.save.ch\/it\/wp-json\/wp\/v2\/users\/8"}],"replies":[{"embeddable":true,"href":"https:\/\/news.save.ch\/it\/wp-json\/wp\/v2\/comments?post=6313"}],"version-history":[{"count":0,"href":"https:\/\/news.save.ch\/it\/wp-json\/wp\/v2\/posts\/6313\/revisions"}],"wp:featuredmedia":[{"embeddable":true,"href":"https:\/\/news.save.ch\/it\/wp-json\/wp\/v2\/media\/6314"}],"wp:attachment":[{"href":"https:\/\/news.save.ch\/it\/wp-json\/wp\/v2\/media?parent=6313"}],"wp:term":[{"taxonomy":"category","embeddable":true,"href":"https:\/\/news.save.ch\/it\/wp-json\/wp\/v2\/categories?post=6313"},{"taxonomy":"post_tag","embeddable":true,"href":"https:\/\/news.save.ch\/it\/wp-json\/wp\/v2\/tags?post=6313"}],"curies":[{"name":"wp","href":"https:\/\/api.w.org\/{rel}","templated":true}]}}