{"id":6457,"date":"2018-06-02T06:35:21","date_gmt":"2018-06-02T04:35:21","guid":{"rendered":"https:\/\/news.save.ch\/?p=6457"},"modified":"2023-03-14T09:00:01","modified_gmt":"2023-03-14T08:00:01","slug":"unbemannte-schleusen-kommen-definitiv","status":null,"type":"post","link":"https:\/\/news.save.ch\/it\/unbemannte-schleusen-kommen-definitiv\/","title":{"rendered":"Il controllo dei passaporti senza operatore \u00e8 in arrivo"},"content":{"rendered":"<figure id=\"attachment_6460\" aria-describedby=\"caption-attachment-6460\" style=\"width: 680px\" class=\"wp-caption aligncenter\"><img loading=\"lazy\" decoding=\"async\" class=\"size-medium wp-image-6460\" src=\"https:\/\/news.save.ch\/wp-content\/uploads\/2018\/06\/Automatisierte_Passkontrolle_Einreise_Sept2017_1-scaled-1.jpg\" alt=\"\" width=\"680\" height=\"399\" \/><figcaption id=\"caption-attachment-6460\" class=\"wp-caption-text\">\u00a9 Aeroporto di Zurigo<\/figcaption><\/figure>\n<p>&nbsp;<\/p>\n<p>Dallo scorso settembre, a otto persone \u00e8 stato rifiutato l'ingresso in Svizzera. <a href=\"https:\/\/news.save.ch\/it\/kontrollsysteme-im-flughafen-zuerich\/\">controlli di frontiera senza operatore<\/a> in funzione. L'esperienza della fase pilota \u00e8 stata positiva, scrive il gestore dell'aeroporto di Zurigo. Pertanto, oltre all'ingresso, anche l'uscita di Zurigo sar\u00e0 dotata di cinque airlock di questo tipo, che renderanno pi\u00f9 efficiente il controllo di frontiera per i passeggeri.<br \/>\nNel controllo automatizzato dei passaporti, un passeggero attraversa il confine di Schengen facendosi leggere i dati biometrici del suo passaporto. Il controllo dei passaporti senza operatore \u00e8 volontario. Chiunque sia in possesso di un passaporto biometrico, abbia pi\u00f9 di 18 anni e sia cittadino svizzero, dell'UE o del SEE pu\u00f2 passare attraverso queste barriere. I funzionari dell'aeroporto promettono che non verranno memorizzati dati personali.<\/p>\n<p><strong>Anche pi\u00f9 interruttori azionati<\/strong><\/p>\n<p>A causa del costante aumento del numero di passeggeri, la sala di controllo passaporti dell'aeroporto di Zurigo raggiunge i limiti di capacit\u00e0 nelle ore di punta. Per questo motivo, il gestore dell'aeroporto ha installato sei sportelli aggiuntivi con personale all'uscita locale, oltre ai blocchi aerei non presidiati.<\/p>\n<p>I costi complessivi per l'ampliamento della sala di controllo passaporti e per l'installazione di sportelli e airlock aggiuntivi ammontano a circa otto milioni di franchi svizzeri. I costi saranno sostenuti congiuntamente dal gestore dell'aeroporto, dal Cantone di Zurigo e dal Fondo europeo per la sicurezza interna (Fondo ISF), secondo una dichiarazione finale. <em>(rs)<\/em><\/p>\n<p>&nbsp;<\/p>\n<p>&nbsp;<\/p>\n<p>&nbsp;<\/p>","protected":false},"excerpt":{"rendered":"<p>&nbsp; Seit letztem September sind bei der Einreise in die Schweiz acht unbemannte Grenzkontrollen in Betrieb. Die Erfahrungen der Pilotphase seien positiv verlaufen, schreibt die Betreiberin des Flughafens Z\u00fcrich. Deshalb wird jetzt nebst der Einreise auch die Ausreise in Z\u00fcrich mit f\u00fcnf solchen Schleusen best\u00fcckt, was die Grenzkontrolle f\u00fcr die Passagiere effizienter gestaltet. Bei der [&hellip;]<\/p>\n","protected":false},"author":8,"featured_media":6460,"comment_status":"open","ping_status":"open","sticky":false,"template":"","format":"standard","meta":{"_acf_changed":false,"pgc_sgb_lightbox_settings":"","footnotes":""},"categories":[3312],"tags":[69,158],"class_list":["post-6457","post","type-post","status-publish","format-standard","has-post-thumbnail","hentry","category-sicherheit","tag-justiz-polizei","tag-zutrittskontrolle"],"acf":[],"hkrextid":null,"publication":null,"issue":null,"workflow":null,"startPage":null,"spitzmarke":null,"_posts_by_tag_page_fields":{"widget_title":"","widget_tags":""},"_at_widget":"1","_yoast_wpseo_primary_category":"3303","_yoast_wpseo_focuskw_text_input":"Grenzkontrolle","_yoast_wpseo_opengraph-image":null,"_yoast_wpseo_opengraph-description":null,"_yoast_wpseo_opengraph-title":null,"enclosure":null,"_yoast_wpseo_twitter-title":null,"_yoast_wpseo_twitter-description":null,"_yoast_wpseo_twitter-image":null,"_wp_old_slug":null,"_yoast_wpseo_title":null,"_yoast_wpseo_canonical":null,"yoast_head":"<!-- This site is optimized with the Yoast SEO plugin v27.4 - https:\/\/yoast.com\/product\/yoast-seo-wordpress\/ -->\n<title>Unbemannte Passkontrolle kommt definitiv - Save<\/title>\n<meta name=\"description\" content=\"Der Flughafen Z\u00fcrich f\u00fchrt die automatisierte Passkontrolle bei der In- und Ausreise definitive ein.\" \/>\n<meta name=\"robots\" content=\"index, follow, max-snippet:-1, max-image-preview:large, max-video-preview:-1\" \/>\n<link rel=\"canonical\" href=\"https:\/\/news.save.ch\/it\/unbemannte-schleusen-kommen-definitiv\/\" \/>\n<meta property=\"og:locale\" content=\"it_IT\" \/>\n<meta property=\"og:type\" content=\"article\" \/>\n<meta property=\"og:title\" content=\"Unbemannte Passkontrolle kommt definitiv - Save\" \/>\n<meta property=\"og:description\" content=\"Der Flughafen Z\u00fcrich f\u00fchrt die automatisierte Passkontrolle bei der In- und Ausreise definitive ein.\" \/>\n<meta property=\"og:url\" content=\"https:\/\/news.save.ch\/it\/unbemannte-schleusen-kommen-definitiv\/\" \/>\n<meta property=\"og:site_name\" content=\"Save\" \/>\n<meta property=\"article:published_time\" content=\"2018-06-02T04:35:21+00:00\" \/>\n<meta property=\"article:modified_time\" content=\"2023-03-14T08:00:01+00:00\" \/>\n<meta property=\"og:image\" content=\"https:\/\/news.save.ch\/wp-content\/uploads\/2018\/06\/Automatisierte_Passkontrolle_Einreise_Sept2017_1-scaled-1-scaled.jpg\" \/>\n\t<meta property=\"og:image:width\" content=\"1400\" \/>\n\t<meta property=\"og:image:height\" content=\"820\" \/>\n\t<meta property=\"og:image:type\" content=\"image\/jpeg\" \/>\n<meta name=\"author\" content=\"Roger Str\u00e4ssle\" \/>\n<meta name=\"twitter:card\" content=\"summary_large_image\" \/>\n<meta name=\"twitter:label1\" content=\"Scritto da\" \/>\n\t<meta name=\"twitter:data1\" content=\"Roger Str\u00e4ssle\" \/>\n\t<meta name=\"twitter:label2\" content=\"Tempo di lettura stimato\" \/>\n\t<meta name=\"twitter:data2\" content=\"1 minuto\" \/>\n<script type=\"application\/ld+json\" class=\"yoast-schema-graph\">{\"@context\":\"https:\\\/\\\/schema.org\",\"@graph\":[{\"@type\":\"Article\",\"@id\":\"https:\\\/\\\/news.save.ch\\\/unbemannte-schleusen-kommen-definitiv\\\/#article\",\"isPartOf\":{\"@id\":\"https:\\\/\\\/news.save.ch\\\/unbemannte-schleusen-kommen-definitiv\\\/\"},\"author\":{\"name\":\"Roger Str\u00e4ssle\",\"@id\":\"https:\\\/\\\/news.save.ch\\\/de\\\/#\\\/schema\\\/person\\\/d5022db048e0e2b9785c50e5b24da5aa\"},\"headline\":\"Unbemannte Passkontrolle kommt definitiv\",\"datePublished\":\"2018-06-02T04:35:21+00:00\",\"dateModified\":\"2023-03-14T08:00:01+00:00\",\"mainEntityOfPage\":{\"@id\":\"https:\\\/\\\/news.save.ch\\\/unbemannte-schleusen-kommen-definitiv\\\/\"},\"wordCount\":218,\"commentCount\":0,\"publisher\":{\"@id\":\"https:\\\/\\\/news.save.ch\\\/de\\\/#organization\"},\"image\":{\"@id\":\"https:\\\/\\\/news.save.ch\\\/unbemannte-schleusen-kommen-definitiv\\\/#primaryimage\"},\"thumbnailUrl\":\"https:\\\/\\\/news.save.ch\\\/wp-content\\\/uploads\\\/2018\\\/06\\\/Automatisierte_Passkontrolle_Einreise_Sept2017_1-scaled-1-scaled.jpg\",\"keywords\":[\"Justiz &amp; Polizei\",\"Zutrittskontrolle\"],\"articleSection\":[\"SICHERHEIT\"],\"inLanguage\":\"it-IT\"},{\"@type\":\"WebPage\",\"@id\":\"https:\\\/\\\/news.save.ch\\\/unbemannte-schleusen-kommen-definitiv\\\/\",\"url\":\"https:\\\/\\\/news.save.ch\\\/unbemannte-schleusen-kommen-definitiv\\\/\",\"name\":\"Unbemannte Passkontrolle kommt definitiv - Save\",\"isPartOf\":{\"@id\":\"https:\\\/\\\/news.save.ch\\\/de\\\/#website\"},\"primaryImageOfPage\":{\"@id\":\"https:\\\/\\\/news.save.ch\\\/unbemannte-schleusen-kommen-definitiv\\\/#primaryimage\"},\"image\":{\"@id\":\"https:\\\/\\\/news.save.ch\\\/unbemannte-schleusen-kommen-definitiv\\\/#primaryimage\"},\"thumbnailUrl\":\"https:\\\/\\\/news.save.ch\\\/wp-content\\\/uploads\\\/2018\\\/06\\\/Automatisierte_Passkontrolle_Einreise_Sept2017_1-scaled-1-scaled.jpg\",\"datePublished\":\"2018-06-02T04:35:21+00:00\",\"dateModified\":\"2023-03-14T08:00:01+00:00\",\"description\":\"Der Flughafen Z\u00fcrich f\u00fchrt die automatisierte Passkontrolle bei der In- und Ausreise definitive ein.\",\"breadcrumb\":{\"@id\":\"https:\\\/\\\/news.save.ch\\\/unbemannte-schleusen-kommen-definitiv\\\/#breadcrumb\"},\"inLanguage\":\"it-IT\",\"potentialAction\":[{\"@type\":\"ReadAction\",\"target\":[\"https:\\\/\\\/news.save.ch\\\/unbemannte-schleusen-kommen-definitiv\\\/\"]}]},{\"@type\":\"ImageObject\",\"inLanguage\":\"it-IT\",\"@id\":\"https:\\\/\\\/news.save.ch\\\/unbemannte-schleusen-kommen-definitiv\\\/#primaryimage\",\"url\":\"https:\\\/\\\/news.save.ch\\\/wp-content\\\/uploads\\\/2018\\\/06\\\/Automatisierte_Passkontrolle_Einreise_Sept2017_1-scaled-1-scaled.jpg\",\"contentUrl\":\"https:\\\/\\\/news.save.ch\\\/wp-content\\\/uploads\\\/2018\\\/06\\\/Automatisierte_Passkontrolle_Einreise_Sept2017_1-scaled-1-scaled.jpg\",\"width\":1400,\"height\":820,\"caption\":\"\u00a9 Flughafen Z\u00fcrich\"},{\"@type\":\"BreadcrumbList\",\"@id\":\"https:\\\/\\\/news.save.ch\\\/unbemannte-schleusen-kommen-definitiv\\\/#breadcrumb\",\"itemListElement\":[{\"@type\":\"ListItem\",\"position\":1,\"name\":\"Home\",\"item\":\"https:\\\/\\\/news.save.ch\\\/de\\\/\"},{\"@type\":\"ListItem\",\"position\":2,\"name\":\"Unbemannte Passkontrolle kommt definitiv\"}]},{\"@type\":\"WebSite\",\"@id\":\"https:\\\/\\\/news.save.ch\\\/de\\\/#website\",\"url\":\"https:\\\/\\\/news.save.ch\\\/de\\\/\",\"name\":\"Save\",\"description\":\"Schweizer Fachzeitschrift f\u00fcr Sicherheit\",\"publisher\":{\"@id\":\"https:\\\/\\\/news.save.ch\\\/de\\\/#organization\"},\"potentialAction\":[{\"@type\":\"SearchAction\",\"target\":{\"@type\":\"EntryPoint\",\"urlTemplate\":\"https:\\\/\\\/news.save.ch\\\/de\\\/?s={search_term_string}\"},\"query-input\":{\"@type\":\"PropertyValueSpecification\",\"valueRequired\":true,\"valueName\":\"search_term_string\"}}],\"inLanguage\":\"it-IT\"},{\"@type\":\"Organization\",\"@id\":\"https:\\\/\\\/news.save.ch\\\/de\\\/#organization\",\"name\":\"Sicherheitsforum\",\"url\":\"https:\\\/\\\/news.save.ch\\\/de\\\/\",\"logo\":{\"@type\":\"ImageObject\",\"inLanguage\":\"it-IT\",\"@id\":\"https:\\\/\\\/news.save.ch\\\/de\\\/#\\\/schema\\\/logo\\\/image\\\/\",\"url\":\"https:\\\/\\\/news.save.ch\\\/wp-content\\\/uploads\\\/2022\\\/06\\\/Logo_SF_2012.png\",\"contentUrl\":\"https:\\\/\\\/news.save.ch\\\/wp-content\\\/uploads\\\/2022\\\/06\\\/Logo_SF_2012.png\",\"width\":1100,\"height\":91,\"caption\":\"Sicherheitsforum\"},\"image\":{\"@id\":\"https:\\\/\\\/news.save.ch\\\/de\\\/#\\\/schema\\\/logo\\\/image\\\/\"}},{\"@type\":\"Person\",\"@id\":\"https:\\\/\\\/news.save.ch\\\/de\\\/#\\\/schema\\\/person\\\/d5022db048e0e2b9785c50e5b24da5aa\",\"name\":\"Roger Str\u00e4ssle\",\"image\":{\"@type\":\"ImageObject\",\"inLanguage\":\"it-IT\",\"@id\":\"https:\\\/\\\/secure.gravatar.com\\\/avatar\\\/862a5569d087de48e5856e32f45d719a03804c891d6deb8d4f71a660e79e4a47?s=96&d=mm&r=g\",\"url\":\"https:\\\/\\\/secure.gravatar.com\\\/avatar\\\/862a5569d087de48e5856e32f45d719a03804c891d6deb8d4f71a660e79e4a47?s=96&d=mm&r=g\",\"contentUrl\":\"https:\\\/\\\/secure.gravatar.com\\\/avatar\\\/862a5569d087de48e5856e32f45d719a03804c891d6deb8d4f71a660e79e4a47?s=96&d=mm&r=g\",\"caption\":\"Roger Str\u00e4ssle\"},\"url\":\"https:\\\/\\\/news.save.ch\\\/it\\\/author\\\/roger-straessle\\\/\"}]}<\/script>\n<!-- \/ Yoast SEO plugin. -->","yoast_head_json":{"title":"Il controllo dei passaporti senza operatore \u00e8 in arrivo - Save","description":"L'aeroporto di Zurigo sta introducendo il controllo automatizzato dei passaporti per l'ingresso e l'uscita.","robots":{"index":"index","follow":"follow","max-snippet":"max-snippet:-1","max-image-preview":"max-image-preview:large","max-video-preview":"max-video-preview:-1"},"canonical":"https:\/\/news.save.ch\/it\/unbemannte-schleusen-kommen-definitiv\/","og_locale":"it_IT","og_type":"article","og_title":"Unbemannte Passkontrolle kommt definitiv - Save","og_description":"Der Flughafen Z\u00fcrich f\u00fchrt die automatisierte Passkontrolle bei der In- und Ausreise definitive ein.","og_url":"https:\/\/news.save.ch\/it\/unbemannte-schleusen-kommen-definitiv\/","og_site_name":"Save","article_published_time":"2018-06-02T04:35:21+00:00","article_modified_time":"2023-03-14T08:00:01+00:00","og_image":[{"width":1400,"height":820,"url":"https:\/\/news.save.ch\/wp-content\/uploads\/2018\/06\/Automatisierte_Passkontrolle_Einreise_Sept2017_1-scaled-1-scaled.jpg","type":"image\/jpeg"}],"author":"Roger Str\u00e4ssle","twitter_card":"summary_large_image","twitter_misc":{"Scritto da":"Roger Str\u00e4ssle","Tempo di lettura stimato":"1 minuto"},"schema":{"@context":"https:\/\/schema.org","@graph":[{"@type":"Article","@id":"https:\/\/news.save.ch\/unbemannte-schleusen-kommen-definitiv\/#article","isPartOf":{"@id":"https:\/\/news.save.ch\/unbemannte-schleusen-kommen-definitiv\/"},"author":{"name":"Roger Str\u00e4ssle","@id":"https:\/\/news.save.ch\/de\/#\/schema\/person\/d5022db048e0e2b9785c50e5b24da5aa"},"headline":"Unbemannte Passkontrolle kommt definitiv","datePublished":"2018-06-02T04:35:21+00:00","dateModified":"2023-03-14T08:00:01+00:00","mainEntityOfPage":{"@id":"https:\/\/news.save.ch\/unbemannte-schleusen-kommen-definitiv\/"},"wordCount":218,"commentCount":0,"publisher":{"@id":"https:\/\/news.save.ch\/de\/#organization"},"image":{"@id":"https:\/\/news.save.ch\/unbemannte-schleusen-kommen-definitiv\/#primaryimage"},"thumbnailUrl":"https:\/\/news.save.ch\/wp-content\/uploads\/2018\/06\/Automatisierte_Passkontrolle_Einreise_Sept2017_1-scaled-1-scaled.jpg","keywords":["Justiz &amp; Polizei","Zutrittskontrolle"],"articleSection":["SICHERHEIT"],"inLanguage":"it-IT"},{"@type":"WebPage","@id":"https:\/\/news.save.ch\/unbemannte-schleusen-kommen-definitiv\/","url":"https:\/\/news.save.ch\/unbemannte-schleusen-kommen-definitiv\/","name":"Il controllo dei passaporti senza operatore \u00e8 in arrivo - Save","isPartOf":{"@id":"https:\/\/news.save.ch\/de\/#website"},"primaryImageOfPage":{"@id":"https:\/\/news.save.ch\/unbemannte-schleusen-kommen-definitiv\/#primaryimage"},"image":{"@id":"https:\/\/news.save.ch\/unbemannte-schleusen-kommen-definitiv\/#primaryimage"},"thumbnailUrl":"https:\/\/news.save.ch\/wp-content\/uploads\/2018\/06\/Automatisierte_Passkontrolle_Einreise_Sept2017_1-scaled-1-scaled.jpg","datePublished":"2018-06-02T04:35:21+00:00","dateModified":"2023-03-14T08:00:01+00:00","description":"L'aeroporto di Zurigo sta introducendo il controllo automatizzato dei passaporti per l'ingresso e l'uscita.","breadcrumb":{"@id":"https:\/\/news.save.ch\/unbemannte-schleusen-kommen-definitiv\/#breadcrumb"},"inLanguage":"it-IT","potentialAction":[{"@type":"ReadAction","target":["https:\/\/news.save.ch\/unbemannte-schleusen-kommen-definitiv\/"]}]},{"@type":"ImageObject","inLanguage":"it-IT","@id":"https:\/\/news.save.ch\/unbemannte-schleusen-kommen-definitiv\/#primaryimage","url":"https:\/\/news.save.ch\/wp-content\/uploads\/2018\/06\/Automatisierte_Passkontrolle_Einreise_Sept2017_1-scaled-1-scaled.jpg","contentUrl":"https:\/\/news.save.ch\/wp-content\/uploads\/2018\/06\/Automatisierte_Passkontrolle_Einreise_Sept2017_1-scaled-1-scaled.jpg","width":1400,"height":820,"caption":"\u00a9 Flughafen Z\u00fcrich"},{"@type":"BreadcrumbList","@id":"https:\/\/news.save.ch\/unbemannte-schleusen-kommen-definitiv\/#breadcrumb","itemListElement":[{"@type":"ListItem","position":1,"name":"Home","item":"https:\/\/news.save.ch\/de\/"},{"@type":"ListItem","position":2,"name":"Unbemannte Passkontrolle kommt definitiv"}]},{"@type":"WebSite","@id":"https:\/\/news.save.ch\/de\/#website","url":"https:\/\/news.save.ch\/de\/","name":"Risparmiare","description":"Rivista svizzera specializzata in sicurezza","publisher":{"@id":"https:\/\/news.save.ch\/de\/#organization"},"potentialAction":[{"@type":"SearchAction","target":{"@type":"EntryPoint","urlTemplate":"https:\/\/news.save.ch\/de\/?s={search_term_string}"},"query-input":{"@type":"PropertyValueSpecification","valueRequired":true,"valueName":"search_term_string"}}],"inLanguage":"it-IT"},{"@type":"Organization","@id":"https:\/\/news.save.ch\/de\/#organization","name":"Forum sulla sicurezza","url":"https:\/\/news.save.ch\/de\/","logo":{"@type":"ImageObject","inLanguage":"it-IT","@id":"https:\/\/news.save.ch\/de\/#\/schema\/logo\/image\/","url":"https:\/\/news.save.ch\/wp-content\/uploads\/2022\/06\/Logo_SF_2012.png","contentUrl":"https:\/\/news.save.ch\/wp-content\/uploads\/2022\/06\/Logo_SF_2012.png","width":1100,"height":91,"caption":"Sicherheitsforum"},"image":{"@id":"https:\/\/news.save.ch\/de\/#\/schema\/logo\/image\/"}},{"@type":"Person","@id":"https:\/\/news.save.ch\/de\/#\/schema\/person\/d5022db048e0e2b9785c50e5b24da5aa","name":"Roger Str\u00e4ssle","image":{"@type":"ImageObject","inLanguage":"it-IT","@id":"https:\/\/secure.gravatar.com\/avatar\/862a5569d087de48e5856e32f45d719a03804c891d6deb8d4f71a660e79e4a47?s=96&d=mm&r=g","url":"https:\/\/secure.gravatar.com\/avatar\/862a5569d087de48e5856e32f45d719a03804c891d6deb8d4f71a660e79e4a47?s=96&d=mm&r=g","contentUrl":"https:\/\/secure.gravatar.com\/avatar\/862a5569d087de48e5856e32f45d719a03804c891d6deb8d4f71a660e79e4a47?s=96&d=mm&r=g","caption":"Roger Str\u00e4ssle"},"url":"https:\/\/news.save.ch\/it\/author\/roger-straessle\/"}]}},"_links":{"self":[{"href":"https:\/\/news.save.ch\/it\/wp-json\/wp\/v2\/posts\/6457","targetHints":{"allow":["GET"]}}],"collection":[{"href":"https:\/\/news.save.ch\/it\/wp-json\/wp\/v2\/posts"}],"about":[{"href":"https:\/\/news.save.ch\/it\/wp-json\/wp\/v2\/types\/post"}],"author":[{"embeddable":true,"href":"https:\/\/news.save.ch\/it\/wp-json\/wp\/v2\/users\/8"}],"replies":[{"embeddable":true,"href":"https:\/\/news.save.ch\/it\/wp-json\/wp\/v2\/comments?post=6457"}],"version-history":[{"count":1,"href":"https:\/\/news.save.ch\/it\/wp-json\/wp\/v2\/posts\/6457\/revisions"}],"predecessor-version":[{"id":17988,"href":"https:\/\/news.save.ch\/it\/wp-json\/wp\/v2\/posts\/6457\/revisions\/17988"}],"wp:featuredmedia":[{"embeddable":true,"href":"https:\/\/news.save.ch\/it\/wp-json\/wp\/v2\/media\/6460"}],"wp:attachment":[{"href":"https:\/\/news.save.ch\/it\/wp-json\/wp\/v2\/media?parent=6457"}],"wp:term":[{"taxonomy":"category","embeddable":true,"href":"https:\/\/news.save.ch\/it\/wp-json\/wp\/v2\/categories?post=6457"},{"taxonomy":"post_tag","embeddable":true,"href":"https:\/\/news.save.ch\/it\/wp-json\/wp\/v2\/tags?post=6457"}],"curies":[{"name":"wp","href":"https:\/\/api.w.org\/{rel}","templated":true}]}}