{"id":6662,"date":"2018-08-09T14:14:59","date_gmt":"2018-08-09T12:14:59","guid":{"rendered":"https:\/\/news.save.ch\/?p=6662"},"modified":"2018-08-09T14:14:59","modified_gmt":"2018-08-09T12:14:59","slug":"die-einhausung-wird-mit-bim-realisiert","status":null,"type":"post","link":"https:\/\/news.save.ch\/it\/die-einhausung-wird-mit-bim-realisiert\/","title":{"rendered":"L'involucro \u00e8 realizzato in BIM"},"content":{"rendered":"<figure id=\"attachment_6663\" aria-describedby=\"caption-attachment-6663\" style=\"width: 680px\" class=\"wp-caption aligncenter\"><img loading=\"lazy\" decoding=\"async\" class=\"size-medium wp-image-6663\" src=\"https:\/\/news.save.ch\/wp-content\/uploads\/2018\/07\/26-Bild-2-Einhausung_Schwamendingen.jpg\" alt=\"\" width=\"680\" height=\"453\" srcset=\"https:\/\/news.save.ch\/wp-content\/uploads\/2018\/07\/26-Bild-2-Einhausung_Schwamendingen.jpg 930w, https:\/\/news.save.ch\/wp-content\/uploads\/2018\/07\/26-Bild-2-Einhausung_Schwamendingen-375x250.jpg 375w\" sizes=\"auto, (max-width: 680px) 100vw, 680px\" \/><figcaption id=\"caption-attachment-6663\" class=\"wp-caption-text\">\u00a9 Ufficio federale delle strade Astra - Immagine: Raumgleiter GmbH<\/figcaption><\/figure>\n<p>&nbsp;<\/p>\n<p>Questo esempio dimostra che il Building Information Modelling (BIM) \u00e8 sempre pi\u00f9 utilizzato: l'Ufficio federale delle strade (Astra) ha assegnato al consorzio EHS (Arge) l'appalto per la costruzione dell'involucro dell'A1 a Zurigo-Schwamendingen, per un valore di circa 200 milioni di franchi. Il consorzio \u00e8 composto dai quattro partner Implenia, Marti Bauunternehmung, Walo Bertschinger e Anliker. Il lotto di costruzione principale comprende, tra l'altro, i lavori speciali di ingegneria civile, di sterro, di pavimentazione, di calcestruzzo, di riparazione e di gestione dei lavori necessari per la costruzione dell'involucro. Il consorzio ha gi\u00e0 utilizzato il metodo BIM nella fase di appalto. Tuttavia, il BIM sar\u00e0 utilizzato anche nell'esecuzione, una novit\u00e0 assoluta nella costruzione di infrastrutture in Svizzera, scrive Implenia. I lavori di costruzione inizieranno nella primavera del 2019 e dureranno fino al 2024, creando un involucro per l'ingresso alla citt\u00e0 attraverso l'autostrada Zurigo Nord con il metodo del cut-and-cover.<\/p>\n<p>Con il <a href=\"https:\/\/www.einhausung.ch\">Involucro<\/a> Lungo un tratto di quasi un chilometro della strada nazionale N01\/40, tra lo svincolo autostradale di Aubrugg e lo Sch\u00f6neichtunnel, verr\u00e0 realizzato un edificio di servizio largo 30 metri, unico in Svizzera. Uno spazio verde e di incontro continuo sul tetto dell'edificio, il futuro overland park, sar\u00e0 accessibile alla popolazione del quartiere tramite rampe, scale e ascensori. Il recinto riconnetter\u00e0 il quartiere diviso allo stesso modo di un attraversamento faunistico e, inoltre, diventer\u00e0 una zona ricreativa.<\/p>\n<p><strong>Congresso BIM<\/strong><\/p>\n<p>Per la terza volta, \"Bauen digital Schweiz\" organizza l'evento \"Bauen digital Schweiz\". <a href=\"https:\/\/www.bauen-digital.ch\">Congresso BIM<\/a> da. Si terr\u00e0 l'8 e il 9 novembre presso il Centro Congressi di Basilea. La novit\u00e0 di quest'anno \u00e8 che il team di Swissbau contribuisce con la sua esperienza all'organizzazione dell'evento. Markus Weber, Presidente di \"Bauen digital Schweiz\": \"Swissbau 2018 ha gi\u00e0 dimostrato con l'Innovation Lab che il BIM \u00e8 arrivato nell'industria edilizia svizzera.<\/p>\n<p>Durante la due giorni - con congresso, camp, premio e mostra - verranno discussi con esperti del settore i temi attuali della trasformazione digitale dell'industria delle costruzioni. Il primo giorno, il congresso sar\u00e0 caratterizzato dall'Arc-Award BIM, che mette in mostra i migliori progetti BIM in Svizzera. Al simposio dell'8 novembre, i decisori del mondo economico e politico incontreranno esperti di spicco e definiranno le prossime tappe della digitalizzazione dell'industria edilizia e immobiliare svizzera. Gli argomenti trattati saranno i seguenti:<\/p>\n<ul>\n<li>Disruption: quali innovazioni ci attendono e come sta cambiando il settore delle costruzioni?<\/li>\n<li>Piano graduale per la digitalizzazione: quali condizioni quadro sono necessarie per accelerare la trasformazione digitale?<\/li>\n<li>Best Practice Svizzera: come le aziende di successo danno forma alla trasformazione digitale?<\/li>\n<\/ul>\n<p>Il secondo giorno, il 9 novembre, si terr\u00e0 il BIM Camp: Qui l'attenzione si concentra sul BIM come metodo di applicazione. Gli esperti svizzeri mostreranno dal vivo, su progetti reali, come funzionano oggi e mostreranno le opportunit\u00e0 e le sfide nella pratica.<\/p>\n<p><em>Un articolo dettagliato su come il metodo BIM viene implementato in azienda \u00e8 disponibile nel prossimo numero. <a href=\"https:\/\/news.save.ch\/it\/sicherheitsforum\/\">Forum sulla sicurezza<\/a> leggere epub<\/em>.<\/p>\n<p>&nbsp;<\/p>","protected":false},"excerpt":{"rendered":"<p>&nbsp; Dass Building Information Modeling (BIM) vermehrt angewendet wird, zeigt auch dieses Beispiel: Das Bundesamt f\u00fcr Strassen (Astra) hat den Auftrag f\u00fcr den Rohbau der Einhausung der A1 in Z\u00fcrich-Schwamendingen im Wert von rund 200 Mio. Franken an die Arbeitsgemeinschaft (Arge) EHS vergeben. Die Arge besteht aus den vier Partnern Implenia, Marti Bauunternehmung, Walo Bertschinger [&hellip;]<\/p>\n","protected":false},"author":8,"featured_media":6663,"comment_status":"open","ping_status":"open","sticky":false,"template":"","format":"standard","meta":{"_acf_changed":false,"pgc_sgb_lightbox_settings":"","footnotes":""},"categories":[1],"tags":[354,161],"class_list":["post-6662","post","type-post","status-publish","format-standard","has-post-thumbnail","hentry","category-allgemein","tag-bauforum","tag-bim"],"acf":[],"hkrextid":null,"publication":null,"issue":null,"workflow":null,"startPage":null,"spitzmarke":null,"_posts_by_tag_page_fields":{"widget_title":"","widget_tags":""},"_at_widget":"1","_yoast_wpseo_primary_category":"1","_yoast_wpseo_focuskw_text_input":"BIM","_yoast_wpseo_opengraph-image":null,"_yoast_wpseo_opengraph-description":null,"_yoast_wpseo_opengraph-title":null,"enclosure":null,"_yoast_wpseo_twitter-title":null,"_yoast_wpseo_twitter-description":null,"_yoast_wpseo_twitter-image":null,"_wp_old_slug":null,"_yoast_wpseo_title":null,"_yoast_wpseo_canonical":null,"yoast_head":"<!-- This site is optimized with the Yoast SEO plugin v27.4 - https:\/\/yoast.com\/product\/yoast-seo-wordpress\/ -->\n<title>Die Einhausung wird mit BIM realisiert - Save<\/title>\n<meta name=\"description\" content=\"BIM hat die Planungs- und Baubranche der Schweiz erfasst. Davon zeugen diverse Projekte wie etwa die Einhausung in Z\u00fcrich-Schwamendingen.\" \/>\n<meta name=\"robots\" content=\"index, follow, max-snippet:-1, max-image-preview:large, max-video-preview:-1\" \/>\n<link rel=\"canonical\" href=\"https:\/\/news.save.ch\/it\/die-einhausung-wird-mit-bim-realisiert\/\" \/>\n<meta property=\"og:locale\" content=\"it_IT\" \/>\n<meta property=\"og:type\" content=\"article\" \/>\n<meta property=\"og:title\" content=\"Die Einhausung wird mit BIM realisiert - Save\" \/>\n<meta property=\"og:description\" content=\"BIM hat die Planungs- und Baubranche der Schweiz erfasst. Davon zeugen diverse Projekte wie etwa die Einhausung in Z\u00fcrich-Schwamendingen.\" \/>\n<meta property=\"og:url\" content=\"https:\/\/news.save.ch\/it\/die-einhausung-wird-mit-bim-realisiert\/\" \/>\n<meta property=\"og:site_name\" content=\"Save\" \/>\n<meta property=\"article:published_time\" content=\"2018-08-09T12:14:59+00:00\" \/>\n<meta property=\"og:image\" content=\"https:\/\/news.save.ch\/wp-content\/uploads\/2018\/07\/26-Bild-2-Einhausung_Schwamendingen.jpg\" \/>\n\t<meta property=\"og:image:width\" content=\"930\" \/>\n\t<meta property=\"og:image:height\" content=\"620\" \/>\n\t<meta property=\"og:image:type\" content=\"image\/jpeg\" \/>\n<meta name=\"author\" content=\"Roger Str\u00e4ssle\" \/>\n<meta name=\"twitter:card\" content=\"summary_large_image\" \/>\n<meta name=\"twitter:label1\" content=\"Scritto da\" \/>\n\t<meta name=\"twitter:data1\" content=\"Roger Str\u00e4ssle\" \/>\n\t<meta name=\"twitter:label2\" content=\"Tempo di lettura stimato\" \/>\n\t<meta name=\"twitter:data2\" content=\"2 minuti\" \/>\n<script type=\"application\/ld+json\" class=\"yoast-schema-graph\">{\"@context\":\"https:\\\/\\\/schema.org\",\"@graph\":[{\"@type\":\"Article\",\"@id\":\"https:\\\/\\\/news.save.ch\\\/die-einhausung-wird-mit-bim-realisiert\\\/#article\",\"isPartOf\":{\"@id\":\"https:\\\/\\\/news.save.ch\\\/die-einhausung-wird-mit-bim-realisiert\\\/\"},\"author\":{\"name\":\"Roger Str\u00e4ssle\",\"@id\":\"https:\\\/\\\/news.save.ch\\\/de\\\/#\\\/schema\\\/person\\\/d5022db048e0e2b9785c50e5b24da5aa\"},\"headline\":\"Die Einhausung wird mit BIM realisiert\",\"datePublished\":\"2018-08-09T12:14:59+00:00\",\"mainEntityOfPage\":{\"@id\":\"https:\\\/\\\/news.save.ch\\\/die-einhausung-wird-mit-bim-realisiert\\\/\"},\"wordCount\":468,\"commentCount\":0,\"publisher\":{\"@id\":\"https:\\\/\\\/news.save.ch\\\/de\\\/#organization\"},\"image\":{\"@id\":\"https:\\\/\\\/news.save.ch\\\/die-einhausung-wird-mit-bim-realisiert\\\/#primaryimage\"},\"thumbnailUrl\":\"https:\\\/\\\/news.save.ch\\\/wp-content\\\/uploads\\\/2018\\\/07\\\/26-Bild-2-Einhausung_Schwamendingen.jpg\",\"keywords\":[\"Bauforum\",\"BIM\"],\"articleSection\":[\"ALLGEMEIN\"],\"inLanguage\":\"it-IT\"},{\"@type\":\"WebPage\",\"@id\":\"https:\\\/\\\/news.save.ch\\\/die-einhausung-wird-mit-bim-realisiert\\\/\",\"url\":\"https:\\\/\\\/news.save.ch\\\/die-einhausung-wird-mit-bim-realisiert\\\/\",\"name\":\"Die Einhausung wird mit BIM realisiert - Save\",\"isPartOf\":{\"@id\":\"https:\\\/\\\/news.save.ch\\\/de\\\/#website\"},\"primaryImageOfPage\":{\"@id\":\"https:\\\/\\\/news.save.ch\\\/die-einhausung-wird-mit-bim-realisiert\\\/#primaryimage\"},\"image\":{\"@id\":\"https:\\\/\\\/news.save.ch\\\/die-einhausung-wird-mit-bim-realisiert\\\/#primaryimage\"},\"thumbnailUrl\":\"https:\\\/\\\/news.save.ch\\\/wp-content\\\/uploads\\\/2018\\\/07\\\/26-Bild-2-Einhausung_Schwamendingen.jpg\",\"datePublished\":\"2018-08-09T12:14:59+00:00\",\"description\":\"BIM hat die Planungs- und Baubranche der Schweiz erfasst. Davon zeugen diverse Projekte wie etwa die Einhausung in Z\u00fcrich-Schwamendingen.\",\"breadcrumb\":{\"@id\":\"https:\\\/\\\/news.save.ch\\\/die-einhausung-wird-mit-bim-realisiert\\\/#breadcrumb\"},\"inLanguage\":\"it-IT\",\"potentialAction\":[{\"@type\":\"ReadAction\",\"target\":[\"https:\\\/\\\/news.save.ch\\\/die-einhausung-wird-mit-bim-realisiert\\\/\"]}]},{\"@type\":\"ImageObject\",\"inLanguage\":\"it-IT\",\"@id\":\"https:\\\/\\\/news.save.ch\\\/die-einhausung-wird-mit-bim-realisiert\\\/#primaryimage\",\"url\":\"https:\\\/\\\/news.save.ch\\\/wp-content\\\/uploads\\\/2018\\\/07\\\/26-Bild-2-Einhausung_Schwamendingen.jpg\",\"contentUrl\":\"https:\\\/\\\/news.save.ch\\\/wp-content\\\/uploads\\\/2018\\\/07\\\/26-Bild-2-Einhausung_Schwamendingen.jpg\",\"width\":930,\"height\":620,\"caption\":\"\u00a9 Bundesamt f\u00fcr Strassen Astra \u2013 Bild: Raumgleiter GmbH\"},{\"@type\":\"BreadcrumbList\",\"@id\":\"https:\\\/\\\/news.save.ch\\\/die-einhausung-wird-mit-bim-realisiert\\\/#breadcrumb\",\"itemListElement\":[{\"@type\":\"ListItem\",\"position\":1,\"name\":\"Home\",\"item\":\"https:\\\/\\\/news.save.ch\\\/de\\\/\"},{\"@type\":\"ListItem\",\"position\":2,\"name\":\"Die Einhausung wird mit BIM realisiert\"}]},{\"@type\":\"WebSite\",\"@id\":\"https:\\\/\\\/news.save.ch\\\/de\\\/#website\",\"url\":\"https:\\\/\\\/news.save.ch\\\/de\\\/\",\"name\":\"Save\",\"description\":\"Schweizer Fachzeitschrift f\u00fcr Sicherheit\",\"publisher\":{\"@id\":\"https:\\\/\\\/news.save.ch\\\/de\\\/#organization\"},\"potentialAction\":[{\"@type\":\"SearchAction\",\"target\":{\"@type\":\"EntryPoint\",\"urlTemplate\":\"https:\\\/\\\/news.save.ch\\\/de\\\/?s={search_term_string}\"},\"query-input\":{\"@type\":\"PropertyValueSpecification\",\"valueRequired\":true,\"valueName\":\"search_term_string\"}}],\"inLanguage\":\"it-IT\"},{\"@type\":\"Organization\",\"@id\":\"https:\\\/\\\/news.save.ch\\\/de\\\/#organization\",\"name\":\"Sicherheitsforum\",\"url\":\"https:\\\/\\\/news.save.ch\\\/de\\\/\",\"logo\":{\"@type\":\"ImageObject\",\"inLanguage\":\"it-IT\",\"@id\":\"https:\\\/\\\/news.save.ch\\\/de\\\/#\\\/schema\\\/logo\\\/image\\\/\",\"url\":\"https:\\\/\\\/news.save.ch\\\/wp-content\\\/uploads\\\/2022\\\/06\\\/Logo_SF_2012.png\",\"contentUrl\":\"https:\\\/\\\/news.save.ch\\\/wp-content\\\/uploads\\\/2022\\\/06\\\/Logo_SF_2012.png\",\"width\":1100,\"height\":91,\"caption\":\"Sicherheitsforum\"},\"image\":{\"@id\":\"https:\\\/\\\/news.save.ch\\\/de\\\/#\\\/schema\\\/logo\\\/image\\\/\"}},{\"@type\":\"Person\",\"@id\":\"https:\\\/\\\/news.save.ch\\\/de\\\/#\\\/schema\\\/person\\\/d5022db048e0e2b9785c50e5b24da5aa\",\"name\":\"Roger Str\u00e4ssle\",\"image\":{\"@type\":\"ImageObject\",\"inLanguage\":\"it-IT\",\"@id\":\"https:\\\/\\\/secure.gravatar.com\\\/avatar\\\/862a5569d087de48e5856e32f45d719a03804c891d6deb8d4f71a660e79e4a47?s=96&d=mm&r=g\",\"url\":\"https:\\\/\\\/secure.gravatar.com\\\/avatar\\\/862a5569d087de48e5856e32f45d719a03804c891d6deb8d4f71a660e79e4a47?s=96&d=mm&r=g\",\"contentUrl\":\"https:\\\/\\\/secure.gravatar.com\\\/avatar\\\/862a5569d087de48e5856e32f45d719a03804c891d6deb8d4f71a660e79e4a47?s=96&d=mm&r=g\",\"caption\":\"Roger Str\u00e4ssle\"},\"url\":\"https:\\\/\\\/news.save.ch\\\/it\\\/author\\\/roger-straessle\\\/\"}]}<\/script>\n<!-- \/ Yoast SEO plugin. -->","yoast_head_json":{"title":"L'involucro \u00e8 realizzato con BIM - Save","description":"Il BIM ha preso piede nel settore della progettazione e dell'edilizia in Svizzera. Lo testimoniano diversi progetti, come il recinto di Zurigo-Schwamendingen.","robots":{"index":"index","follow":"follow","max-snippet":"max-snippet:-1","max-image-preview":"max-image-preview:large","max-video-preview":"max-video-preview:-1"},"canonical":"https:\/\/news.save.ch\/it\/die-einhausung-wird-mit-bim-realisiert\/","og_locale":"it_IT","og_type":"article","og_title":"Die Einhausung wird mit BIM realisiert - Save","og_description":"BIM hat die Planungs- und Baubranche der Schweiz erfasst. Davon zeugen diverse Projekte wie etwa die Einhausung in Z\u00fcrich-Schwamendingen.","og_url":"https:\/\/news.save.ch\/it\/die-einhausung-wird-mit-bim-realisiert\/","og_site_name":"Save","article_published_time":"2018-08-09T12:14:59+00:00","og_image":[{"width":930,"height":620,"url":"https:\/\/news.save.ch\/wp-content\/uploads\/2018\/07\/26-Bild-2-Einhausung_Schwamendingen.jpg","type":"image\/jpeg"}],"author":"Roger Str\u00e4ssle","twitter_card":"summary_large_image","twitter_misc":{"Scritto da":"Roger Str\u00e4ssle","Tempo di lettura stimato":"2 minuti"},"schema":{"@context":"https:\/\/schema.org","@graph":[{"@type":"Article","@id":"https:\/\/news.save.ch\/die-einhausung-wird-mit-bim-realisiert\/#article","isPartOf":{"@id":"https:\/\/news.save.ch\/die-einhausung-wird-mit-bim-realisiert\/"},"author":{"name":"Roger Str\u00e4ssle","@id":"https:\/\/news.save.ch\/de\/#\/schema\/person\/d5022db048e0e2b9785c50e5b24da5aa"},"headline":"Die Einhausung wird mit BIM realisiert","datePublished":"2018-08-09T12:14:59+00:00","mainEntityOfPage":{"@id":"https:\/\/news.save.ch\/die-einhausung-wird-mit-bim-realisiert\/"},"wordCount":468,"commentCount":0,"publisher":{"@id":"https:\/\/news.save.ch\/de\/#organization"},"image":{"@id":"https:\/\/news.save.ch\/die-einhausung-wird-mit-bim-realisiert\/#primaryimage"},"thumbnailUrl":"https:\/\/news.save.ch\/wp-content\/uploads\/2018\/07\/26-Bild-2-Einhausung_Schwamendingen.jpg","keywords":["Bauforum","BIM"],"articleSection":["ALLGEMEIN"],"inLanguage":"it-IT"},{"@type":"WebPage","@id":"https:\/\/news.save.ch\/die-einhausung-wird-mit-bim-realisiert\/","url":"https:\/\/news.save.ch\/die-einhausung-wird-mit-bim-realisiert\/","name":"L'involucro \u00e8 realizzato con BIM - Save","isPartOf":{"@id":"https:\/\/news.save.ch\/de\/#website"},"primaryImageOfPage":{"@id":"https:\/\/news.save.ch\/die-einhausung-wird-mit-bim-realisiert\/#primaryimage"},"image":{"@id":"https:\/\/news.save.ch\/die-einhausung-wird-mit-bim-realisiert\/#primaryimage"},"thumbnailUrl":"https:\/\/news.save.ch\/wp-content\/uploads\/2018\/07\/26-Bild-2-Einhausung_Schwamendingen.jpg","datePublished":"2018-08-09T12:14:59+00:00","description":"Il BIM ha preso piede nel settore della progettazione e dell'edilizia in Svizzera. Lo testimoniano diversi progetti, come il recinto di Zurigo-Schwamendingen.","breadcrumb":{"@id":"https:\/\/news.save.ch\/die-einhausung-wird-mit-bim-realisiert\/#breadcrumb"},"inLanguage":"it-IT","potentialAction":[{"@type":"ReadAction","target":["https:\/\/news.save.ch\/die-einhausung-wird-mit-bim-realisiert\/"]}]},{"@type":"ImageObject","inLanguage":"it-IT","@id":"https:\/\/news.save.ch\/die-einhausung-wird-mit-bim-realisiert\/#primaryimage","url":"https:\/\/news.save.ch\/wp-content\/uploads\/2018\/07\/26-Bild-2-Einhausung_Schwamendingen.jpg","contentUrl":"https:\/\/news.save.ch\/wp-content\/uploads\/2018\/07\/26-Bild-2-Einhausung_Schwamendingen.jpg","width":930,"height":620,"caption":"\u00a9 Bundesamt f\u00fcr Strassen Astra \u2013 Bild: Raumgleiter GmbH"},{"@type":"BreadcrumbList","@id":"https:\/\/news.save.ch\/die-einhausung-wird-mit-bim-realisiert\/#breadcrumb","itemListElement":[{"@type":"ListItem","position":1,"name":"Home","item":"https:\/\/news.save.ch\/de\/"},{"@type":"ListItem","position":2,"name":"Die Einhausung wird mit BIM realisiert"}]},{"@type":"WebSite","@id":"https:\/\/news.save.ch\/de\/#website","url":"https:\/\/news.save.ch\/de\/","name":"Risparmiare","description":"Rivista svizzera specializzata in sicurezza","publisher":{"@id":"https:\/\/news.save.ch\/de\/#organization"},"potentialAction":[{"@type":"SearchAction","target":{"@type":"EntryPoint","urlTemplate":"https:\/\/news.save.ch\/de\/?s={search_term_string}"},"query-input":{"@type":"PropertyValueSpecification","valueRequired":true,"valueName":"search_term_string"}}],"inLanguage":"it-IT"},{"@type":"Organization","@id":"https:\/\/news.save.ch\/de\/#organization","name":"Forum sulla sicurezza","url":"https:\/\/news.save.ch\/de\/","logo":{"@type":"ImageObject","inLanguage":"it-IT","@id":"https:\/\/news.save.ch\/de\/#\/schema\/logo\/image\/","url":"https:\/\/news.save.ch\/wp-content\/uploads\/2022\/06\/Logo_SF_2012.png","contentUrl":"https:\/\/news.save.ch\/wp-content\/uploads\/2022\/06\/Logo_SF_2012.png","width":1100,"height":91,"caption":"Sicherheitsforum"},"image":{"@id":"https:\/\/news.save.ch\/de\/#\/schema\/logo\/image\/"}},{"@type":"Person","@id":"https:\/\/news.save.ch\/de\/#\/schema\/person\/d5022db048e0e2b9785c50e5b24da5aa","name":"Roger Str\u00e4ssle","image":{"@type":"ImageObject","inLanguage":"it-IT","@id":"https:\/\/secure.gravatar.com\/avatar\/862a5569d087de48e5856e32f45d719a03804c891d6deb8d4f71a660e79e4a47?s=96&d=mm&r=g","url":"https:\/\/secure.gravatar.com\/avatar\/862a5569d087de48e5856e32f45d719a03804c891d6deb8d4f71a660e79e4a47?s=96&d=mm&r=g","contentUrl":"https:\/\/secure.gravatar.com\/avatar\/862a5569d087de48e5856e32f45d719a03804c891d6deb8d4f71a660e79e4a47?s=96&d=mm&r=g","caption":"Roger Str\u00e4ssle"},"url":"https:\/\/news.save.ch\/it\/author\/roger-straessle\/"}]}},"_links":{"self":[{"href":"https:\/\/news.save.ch\/it\/wp-json\/wp\/v2\/posts\/6662","targetHints":{"allow":["GET"]}}],"collection":[{"href":"https:\/\/news.save.ch\/it\/wp-json\/wp\/v2\/posts"}],"about":[{"href":"https:\/\/news.save.ch\/it\/wp-json\/wp\/v2\/types\/post"}],"author":[{"embeddable":true,"href":"https:\/\/news.save.ch\/it\/wp-json\/wp\/v2\/users\/8"}],"replies":[{"embeddable":true,"href":"https:\/\/news.save.ch\/it\/wp-json\/wp\/v2\/comments?post=6662"}],"version-history":[{"count":0,"href":"https:\/\/news.save.ch\/it\/wp-json\/wp\/v2\/posts\/6662\/revisions"}],"wp:featuredmedia":[{"embeddable":true,"href":"https:\/\/news.save.ch\/it\/wp-json\/wp\/v2\/media\/6663"}],"wp:attachment":[{"href":"https:\/\/news.save.ch\/it\/wp-json\/wp\/v2\/media?parent=6662"}],"wp:term":[{"taxonomy":"category","embeddable":true,"href":"https:\/\/news.save.ch\/it\/wp-json\/wp\/v2\/categories?post=6662"},{"taxonomy":"post_tag","embeddable":true,"href":"https:\/\/news.save.ch\/it\/wp-json\/wp\/v2\/tags?post=6662"}],"curies":[{"name":"wp","href":"https:\/\/api.w.org\/{rel}","templated":true}]}}