{"id":6938,"date":"2018-09-20T12:58:47","date_gmt":"2018-09-20T10:58:47","guid":{"rendered":"https:\/\/news.save.ch\/?p=6938"},"modified":"2018-09-20T12:58:47","modified_gmt":"2018-09-20T10:58:47","slug":"sicherheitsmarkt-erwartet-deutliches-umsatzwachstum","status":null,"type":"post","link":"https:\/\/news.save.ch\/it\/sicherheitsmarkt-erwartet-deutliches-umsatzwachstum\/","title":{"rendered":"Il mercato della sicurezza prevede una crescita delle vendite"},"content":{"rendered":"<p><img loading=\"lazy\" decoding=\"async\" class=\"aligncenter wp-image-6939 size-medium\" src=\"https:\/\/news.save.ch\/wp-content\/uploads\/2018\/09\/BHE.gif\" alt=\"BHE, mercato della sicurezza, tecnologia della sicurezza \" width=\"680\" height=\"383\" \/><\/p>\n<p>Anche i fornitori di tecnologie di sicurezza elettronica potranno contare su un significativo aumento del fatturato nel 2018. Secondo l'ultima indagine di mercato, il <a href=\"https:\/\/www.bhe.de\">BHE<\/a> Bundesverband Sicherheitstechnik (Associazione federale tedesca per la tecnologia della sicurezza) per l'anno in corso una crescita di 5%.<\/p>\n<p><strong>Ancora un valore record?<\/strong><\/p>\n<p>Dopo l'aumento di oltre 12% registrato negli ultimi due anni, il nuovo valore record sar\u00e0 raggiunto con quasi 4,4 miliardi di euro, come scrive la BHE. Secondo una stima, aumenti particolarmente elevati sono attribuibili al controllo degli accessi (+ 6,7%) e alla tecnologia di videosorveglianza (+ 6%). \"L'interesse per la tecnologia video professionale e il controllo degli accessi \u00e8 in crescita, non da ultimo per le diverse possibilit\u00e0 di applicazione nel settore privato, industriale e pubblico e per il loro effetto preventivo\", afferma il presidente di BHE Norbert Schaaf.<\/p>\n<p>Un aumento considerevole \u00e8 previsto anche per la tecnologia di allarme antincendio (+ 5,3%), la tecnologia di allarme antifurto (+ 4%) e i sistemi di estrazione di fumo e calore e altri sistemi (sistemi di uscita di emergenza, sistemi di chiamata, ecc.) (+ 4%). Si prevede una solida crescita anche per i sistemi di allarme vocale (+ 1,9%), conclude il rapporto.<\/p>","protected":false},"excerpt":{"rendered":"<p>Die Anbieter elektronischer Sicherungstechnik werden sich auch im Jahr 2018 \u00fcber ein deutliches Umsatz-Plus freuen k\u00f6nnen. Laut aktueller Markterhebung erwartet der BHE Bundesverband Sicherheitstechnik f\u00fcr das laufende Jahr ein Wachstum von 5%. Erneut Rekordwert? Nachdem schon in den beiden vergangenen Jahren eine Steigerung von \u00fcber 12% verzeichnet werden konnte, w\u00e4re mit fast 4,4 Milliarden Euro [&hellip;]<\/p>\n","protected":false},"author":8,"featured_media":6939,"comment_status":"open","ping_status":"open","sticky":false,"template":"","format":"standard","meta":{"_acf_changed":false,"pgc_sgb_lightbox_settings":"","footnotes":""},"categories":[1],"tags":[151,156,78,158],"class_list":["post-6938","post","type-post","status-publish","format-standard","has-post-thumbnail","hentry","category-allgemein","tag-alarmierung","tag-brandschutz","tag-videoueberwachung","tag-zutrittskontrolle"],"acf":[],"hkrextid":null,"publication":null,"issue":null,"workflow":null,"startPage":null,"spitzmarke":null,"_posts_by_tag_page_fields":{"widget_title":"","widget_tags":""},"_at_widget":"1","_yoast_wpseo_primary_category":"1","_yoast_wpseo_focuskw_text_input":"BHE","_yoast_wpseo_opengraph-image":null,"_yoast_wpseo_opengraph-description":null,"_yoast_wpseo_opengraph-title":null,"enclosure":null,"_yoast_wpseo_twitter-title":null,"_yoast_wpseo_twitter-description":null,"_yoast_wpseo_twitter-image":null,"_wp_old_slug":null,"_yoast_wpseo_title":null,"_yoast_wpseo_canonical":null,"yoast_head":"<!-- This site is optimized with the Yoast SEO plugin v27.5 - https:\/\/yoast.com\/product\/yoast-seo-wordpress\/ -->\n<title>Sicherheitsmarkt erwartet Umsatzwachstum - Save<\/title>\n<meta name=\"robots\" content=\"index, follow, max-snippet:-1, max-image-preview:large, max-video-preview:-1\" \/>\n<link rel=\"canonical\" href=\"https:\/\/news.save.ch\/it\/sicherheitsmarkt-erwartet-deutliches-umsatzwachstum\/\" \/>\n<meta property=\"og:locale\" content=\"it_IT\" \/>\n<meta property=\"og:type\" content=\"article\" \/>\n<meta property=\"og:title\" content=\"Sicherheitsmarkt erwartet Umsatzwachstum - Save\" \/>\n<meta property=\"og:description\" content=\"Die Anbieter elektronischer Sicherungstechnik werden sich auch im Jahr 2018 \u00fcber ein deutliches Umsatz-Plus freuen k\u00f6nnen. Laut aktueller Markterhebung erwartet der BHE Bundesverband Sicherheitstechnik f\u00fcr das laufende Jahr ein Wachstum von 5%. Erneut Rekordwert? Nachdem schon in den beiden vergangenen Jahren eine Steigerung von \u00fcber 12% verzeichnet werden konnte, w\u00e4re mit fast 4,4 Milliarden Euro [&hellip;]\" \/>\n<meta property=\"og:url\" content=\"https:\/\/news.save.ch\/it\/sicherheitsmarkt-erwartet-deutliches-umsatzwachstum\/\" \/>\n<meta property=\"og:site_name\" content=\"Save\" \/>\n<meta property=\"article:published_time\" content=\"2018-09-20T10:58:47+00:00\" \/>\n<meta property=\"og:image\" content=\"https:\/\/news.save.ch\/wp-content\/uploads\/2018\/09\/BHE-scaled.gif\" \/>\n\t<meta property=\"og:image:width\" content=\"1400\" \/>\n\t<meta property=\"og:image:height\" content=\"788\" \/>\n\t<meta property=\"og:image:type\" content=\"image\/gif\" \/>\n<meta name=\"author\" content=\"Roger Str\u00e4ssle\" \/>\n<meta name=\"twitter:card\" content=\"summary_large_image\" \/>\n<meta name=\"twitter:label1\" content=\"Scritto da\" \/>\n\t<meta name=\"twitter:data1\" content=\"Roger Str\u00e4ssle\" \/>\n\t<meta name=\"twitter:label2\" content=\"Tempo di lettura stimato\" \/>\n\t<meta name=\"twitter:data2\" content=\"1 minuto\" \/>\n<script type=\"application\/ld+json\" class=\"yoast-schema-graph\">{\"@context\":\"https:\\\/\\\/schema.org\",\"@graph\":[{\"@type\":\"Article\",\"@id\":\"https:\\\/\\\/news.save.ch\\\/sicherheitsmarkt-erwartet-deutliches-umsatzwachstum\\\/#article\",\"isPartOf\":{\"@id\":\"https:\\\/\\\/news.save.ch\\\/sicherheitsmarkt-erwartet-deutliches-umsatzwachstum\\\/\"},\"author\":{\"name\":\"Roger Str\u00e4ssle\",\"@id\":\"https:\\\/\\\/news.save.ch\\\/de\\\/#\\\/schema\\\/person\\\/d5022db048e0e2b9785c50e5b24da5aa\"},\"headline\":\"Sicherheitsmarkt erwartet Umsatzwachstum\",\"datePublished\":\"2018-09-20T10:58:47+00:00\",\"mainEntityOfPage\":{\"@id\":\"https:\\\/\\\/news.save.ch\\\/sicherheitsmarkt-erwartet-deutliches-umsatzwachstum\\\/\"},\"wordCount\":155,\"commentCount\":0,\"publisher\":{\"@id\":\"https:\\\/\\\/news.save.ch\\\/de\\\/#organization\"},\"image\":{\"@id\":\"https:\\\/\\\/news.save.ch\\\/sicherheitsmarkt-erwartet-deutliches-umsatzwachstum\\\/#primaryimage\"},\"thumbnailUrl\":\"https:\\\/\\\/news.save.ch\\\/wp-content\\\/uploads\\\/2018\\\/09\\\/BHE-scaled.gif\",\"keywords\":[\"Alarmierung\",\"Brandschutz\",\"Video\u00fcberwachung\",\"Zutrittskontrolle\"],\"articleSection\":[\"ALLGEMEIN\"],\"inLanguage\":\"it-IT\"},{\"@type\":\"WebPage\",\"@id\":\"https:\\\/\\\/news.save.ch\\\/sicherheitsmarkt-erwartet-deutliches-umsatzwachstum\\\/\",\"url\":\"https:\\\/\\\/news.save.ch\\\/sicherheitsmarkt-erwartet-deutliches-umsatzwachstum\\\/\",\"name\":\"Sicherheitsmarkt erwartet Umsatzwachstum - Save\",\"isPartOf\":{\"@id\":\"https:\\\/\\\/news.save.ch\\\/de\\\/#website\"},\"primaryImageOfPage\":{\"@id\":\"https:\\\/\\\/news.save.ch\\\/sicherheitsmarkt-erwartet-deutliches-umsatzwachstum\\\/#primaryimage\"},\"image\":{\"@id\":\"https:\\\/\\\/news.save.ch\\\/sicherheitsmarkt-erwartet-deutliches-umsatzwachstum\\\/#primaryimage\"},\"thumbnailUrl\":\"https:\\\/\\\/news.save.ch\\\/wp-content\\\/uploads\\\/2018\\\/09\\\/BHE-scaled.gif\",\"datePublished\":\"2018-09-20T10:58:47+00:00\",\"breadcrumb\":{\"@id\":\"https:\\\/\\\/news.save.ch\\\/sicherheitsmarkt-erwartet-deutliches-umsatzwachstum\\\/#breadcrumb\"},\"inLanguage\":\"it-IT\",\"potentialAction\":[{\"@type\":\"ReadAction\",\"target\":[\"https:\\\/\\\/news.save.ch\\\/sicherheitsmarkt-erwartet-deutliches-umsatzwachstum\\\/\"]}]},{\"@type\":\"ImageObject\",\"inLanguage\":\"it-IT\",\"@id\":\"https:\\\/\\\/news.save.ch\\\/sicherheitsmarkt-erwartet-deutliches-umsatzwachstum\\\/#primaryimage\",\"url\":\"https:\\\/\\\/news.save.ch\\\/wp-content\\\/uploads\\\/2018\\\/09\\\/BHE-scaled.gif\",\"contentUrl\":\"https:\\\/\\\/news.save.ch\\\/wp-content\\\/uploads\\\/2018\\\/09\\\/BHE-scaled.gif\",\"width\":1400,\"height\":788},{\"@type\":\"BreadcrumbList\",\"@id\":\"https:\\\/\\\/news.save.ch\\\/sicherheitsmarkt-erwartet-deutliches-umsatzwachstum\\\/#breadcrumb\",\"itemListElement\":[{\"@type\":\"ListItem\",\"position\":1,\"name\":\"Home\",\"item\":\"https:\\\/\\\/news.save.ch\\\/de\\\/\"},{\"@type\":\"ListItem\",\"position\":2,\"name\":\"Sicherheitsmarkt erwartet Umsatzwachstum\"}]},{\"@type\":\"WebSite\",\"@id\":\"https:\\\/\\\/news.save.ch\\\/de\\\/#website\",\"url\":\"https:\\\/\\\/news.save.ch\\\/de\\\/\",\"name\":\"Save\",\"description\":\"Schweizer Fachzeitschrift f\u00fcr Sicherheit\",\"publisher\":{\"@id\":\"https:\\\/\\\/news.save.ch\\\/de\\\/#organization\"},\"potentialAction\":[{\"@type\":\"SearchAction\",\"target\":{\"@type\":\"EntryPoint\",\"urlTemplate\":\"https:\\\/\\\/news.save.ch\\\/de\\\/?s={search_term_string}\"},\"query-input\":{\"@type\":\"PropertyValueSpecification\",\"valueRequired\":true,\"valueName\":\"search_term_string\"}}],\"inLanguage\":\"it-IT\"},{\"@type\":\"Organization\",\"@id\":\"https:\\\/\\\/news.save.ch\\\/de\\\/#organization\",\"name\":\"Sicherheitsforum\",\"url\":\"https:\\\/\\\/news.save.ch\\\/de\\\/\",\"logo\":{\"@type\":\"ImageObject\",\"inLanguage\":\"it-IT\",\"@id\":\"https:\\\/\\\/news.save.ch\\\/de\\\/#\\\/schema\\\/logo\\\/image\\\/\",\"url\":\"https:\\\/\\\/news.save.ch\\\/wp-content\\\/uploads\\\/2022\\\/06\\\/Logo_SF_2012.png\",\"contentUrl\":\"https:\\\/\\\/news.save.ch\\\/wp-content\\\/uploads\\\/2022\\\/06\\\/Logo_SF_2012.png\",\"width\":1100,\"height\":91,\"caption\":\"Sicherheitsforum\"},\"image\":{\"@id\":\"https:\\\/\\\/news.save.ch\\\/de\\\/#\\\/schema\\\/logo\\\/image\\\/\"}},{\"@type\":\"Person\",\"@id\":\"https:\\\/\\\/news.save.ch\\\/de\\\/#\\\/schema\\\/person\\\/d5022db048e0e2b9785c50e5b24da5aa\",\"name\":\"Roger Str\u00e4ssle\",\"image\":{\"@type\":\"ImageObject\",\"inLanguage\":\"it-IT\",\"@id\":\"https:\\\/\\\/secure.gravatar.com\\\/avatar\\\/862a5569d087de48e5856e32f45d719a03804c891d6deb8d4f71a660e79e4a47?s=96&d=mm&r=g\",\"url\":\"https:\\\/\\\/secure.gravatar.com\\\/avatar\\\/862a5569d087de48e5856e32f45d719a03804c891d6deb8d4f71a660e79e4a47?s=96&d=mm&r=g\",\"contentUrl\":\"https:\\\/\\\/secure.gravatar.com\\\/avatar\\\/862a5569d087de48e5856e32f45d719a03804c891d6deb8d4f71a660e79e4a47?s=96&d=mm&r=g\",\"caption\":\"Roger Str\u00e4ssle\"},\"url\":\"https:\\\/\\\/news.save.ch\\\/it\\\/author\\\/roger-straessle\\\/\"}]}<\/script>\n<!-- \/ Yoast SEO plugin. -->","yoast_head_json":{"title":"Il mercato della sicurezza prevede una crescita dei ricavi - Save","robots":{"index":"index","follow":"follow","max-snippet":"max-snippet:-1","max-image-preview":"max-image-preview:large","max-video-preview":"max-video-preview:-1"},"canonical":"https:\/\/news.save.ch\/it\/sicherheitsmarkt-erwartet-deutliches-umsatzwachstum\/","og_locale":"it_IT","og_type":"article","og_title":"Sicherheitsmarkt erwartet Umsatzwachstum - Save","og_description":"Die Anbieter elektronischer Sicherungstechnik werden sich auch im Jahr 2018 \u00fcber ein deutliches Umsatz-Plus freuen k\u00f6nnen. Laut aktueller Markterhebung erwartet der BHE Bundesverband Sicherheitstechnik f\u00fcr das laufende Jahr ein Wachstum von 5%. Erneut Rekordwert? Nachdem schon in den beiden vergangenen Jahren eine Steigerung von \u00fcber 12% verzeichnet werden konnte, w\u00e4re mit fast 4,4 Milliarden Euro [&hellip;]","og_url":"https:\/\/news.save.ch\/it\/sicherheitsmarkt-erwartet-deutliches-umsatzwachstum\/","og_site_name":"Save","article_published_time":"2018-09-20T10:58:47+00:00","og_image":[{"width":1400,"height":788,"url":"https:\/\/news.save.ch\/wp-content\/uploads\/2018\/09\/BHE-scaled.gif","type":"image\/gif"}],"author":"Roger Str\u00e4ssle","twitter_card":"summary_large_image","twitter_misc":{"Scritto da":"Roger Str\u00e4ssle","Tempo di lettura stimato":"1 minuto"},"schema":{"@context":"https:\/\/schema.org","@graph":[{"@type":"Article","@id":"https:\/\/news.save.ch\/sicherheitsmarkt-erwartet-deutliches-umsatzwachstum\/#article","isPartOf":{"@id":"https:\/\/news.save.ch\/sicherheitsmarkt-erwartet-deutliches-umsatzwachstum\/"},"author":{"name":"Roger Str\u00e4ssle","@id":"https:\/\/news.save.ch\/de\/#\/schema\/person\/d5022db048e0e2b9785c50e5b24da5aa"},"headline":"Sicherheitsmarkt erwartet Umsatzwachstum","datePublished":"2018-09-20T10:58:47+00:00","mainEntityOfPage":{"@id":"https:\/\/news.save.ch\/sicherheitsmarkt-erwartet-deutliches-umsatzwachstum\/"},"wordCount":155,"commentCount":0,"publisher":{"@id":"https:\/\/news.save.ch\/de\/#organization"},"image":{"@id":"https:\/\/news.save.ch\/sicherheitsmarkt-erwartet-deutliches-umsatzwachstum\/#primaryimage"},"thumbnailUrl":"https:\/\/news.save.ch\/wp-content\/uploads\/2018\/09\/BHE-scaled.gif","keywords":["Alarmierung","Brandschutz","Video\u00fcberwachung","Zutrittskontrolle"],"articleSection":["ALLGEMEIN"],"inLanguage":"it-IT"},{"@type":"WebPage","@id":"https:\/\/news.save.ch\/sicherheitsmarkt-erwartet-deutliches-umsatzwachstum\/","url":"https:\/\/news.save.ch\/sicherheitsmarkt-erwartet-deutliches-umsatzwachstum\/","name":"Il mercato della sicurezza prevede una crescita dei ricavi - Save","isPartOf":{"@id":"https:\/\/news.save.ch\/de\/#website"},"primaryImageOfPage":{"@id":"https:\/\/news.save.ch\/sicherheitsmarkt-erwartet-deutliches-umsatzwachstum\/#primaryimage"},"image":{"@id":"https:\/\/news.save.ch\/sicherheitsmarkt-erwartet-deutliches-umsatzwachstum\/#primaryimage"},"thumbnailUrl":"https:\/\/news.save.ch\/wp-content\/uploads\/2018\/09\/BHE-scaled.gif","datePublished":"2018-09-20T10:58:47+00:00","breadcrumb":{"@id":"https:\/\/news.save.ch\/sicherheitsmarkt-erwartet-deutliches-umsatzwachstum\/#breadcrumb"},"inLanguage":"it-IT","potentialAction":[{"@type":"ReadAction","target":["https:\/\/news.save.ch\/sicherheitsmarkt-erwartet-deutliches-umsatzwachstum\/"]}]},{"@type":"ImageObject","inLanguage":"it-IT","@id":"https:\/\/news.save.ch\/sicherheitsmarkt-erwartet-deutliches-umsatzwachstum\/#primaryimage","url":"https:\/\/news.save.ch\/wp-content\/uploads\/2018\/09\/BHE-scaled.gif","contentUrl":"https:\/\/news.save.ch\/wp-content\/uploads\/2018\/09\/BHE-scaled.gif","width":1400,"height":788},{"@type":"BreadcrumbList","@id":"https:\/\/news.save.ch\/sicherheitsmarkt-erwartet-deutliches-umsatzwachstum\/#breadcrumb","itemListElement":[{"@type":"ListItem","position":1,"name":"Home","item":"https:\/\/news.save.ch\/de\/"},{"@type":"ListItem","position":2,"name":"Sicherheitsmarkt erwartet Umsatzwachstum"}]},{"@type":"WebSite","@id":"https:\/\/news.save.ch\/de\/#website","url":"https:\/\/news.save.ch\/de\/","name":"Risparmiare","description":"Rivista svizzera specializzata in sicurezza","publisher":{"@id":"https:\/\/news.save.ch\/de\/#organization"},"potentialAction":[{"@type":"SearchAction","target":{"@type":"EntryPoint","urlTemplate":"https:\/\/news.save.ch\/de\/?s={search_term_string}"},"query-input":{"@type":"PropertyValueSpecification","valueRequired":true,"valueName":"search_term_string"}}],"inLanguage":"it-IT"},{"@type":"Organization","@id":"https:\/\/news.save.ch\/de\/#organization","name":"Forum sulla sicurezza","url":"https:\/\/news.save.ch\/de\/","logo":{"@type":"ImageObject","inLanguage":"it-IT","@id":"https:\/\/news.save.ch\/de\/#\/schema\/logo\/image\/","url":"https:\/\/news.save.ch\/wp-content\/uploads\/2022\/06\/Logo_SF_2012.png","contentUrl":"https:\/\/news.save.ch\/wp-content\/uploads\/2022\/06\/Logo_SF_2012.png","width":1100,"height":91,"caption":"Sicherheitsforum"},"image":{"@id":"https:\/\/news.save.ch\/de\/#\/schema\/logo\/image\/"}},{"@type":"Person","@id":"https:\/\/news.save.ch\/de\/#\/schema\/person\/d5022db048e0e2b9785c50e5b24da5aa","name":"Roger Str\u00e4ssle","image":{"@type":"ImageObject","inLanguage":"it-IT","@id":"https:\/\/secure.gravatar.com\/avatar\/862a5569d087de48e5856e32f45d719a03804c891d6deb8d4f71a660e79e4a47?s=96&d=mm&r=g","url":"https:\/\/secure.gravatar.com\/avatar\/862a5569d087de48e5856e32f45d719a03804c891d6deb8d4f71a660e79e4a47?s=96&d=mm&r=g","contentUrl":"https:\/\/secure.gravatar.com\/avatar\/862a5569d087de48e5856e32f45d719a03804c891d6deb8d4f71a660e79e4a47?s=96&d=mm&r=g","caption":"Roger Str\u00e4ssle"},"url":"https:\/\/news.save.ch\/it\/author\/roger-straessle\/"}]}},"_links":{"self":[{"href":"https:\/\/news.save.ch\/it\/wp-json\/wp\/v2\/posts\/6938","targetHints":{"allow":["GET"]}}],"collection":[{"href":"https:\/\/news.save.ch\/it\/wp-json\/wp\/v2\/posts"}],"about":[{"href":"https:\/\/news.save.ch\/it\/wp-json\/wp\/v2\/types\/post"}],"author":[{"embeddable":true,"href":"https:\/\/news.save.ch\/it\/wp-json\/wp\/v2\/users\/8"}],"replies":[{"embeddable":true,"href":"https:\/\/news.save.ch\/it\/wp-json\/wp\/v2\/comments?post=6938"}],"version-history":[{"count":0,"href":"https:\/\/news.save.ch\/it\/wp-json\/wp\/v2\/posts\/6938\/revisions"}],"wp:featuredmedia":[{"embeddable":true,"href":"https:\/\/news.save.ch\/it\/wp-json\/wp\/v2\/media\/6939"}],"wp:attachment":[{"href":"https:\/\/news.save.ch\/it\/wp-json\/wp\/v2\/media?parent=6938"}],"wp:term":[{"taxonomy":"category","embeddable":true,"href":"https:\/\/news.save.ch\/it\/wp-json\/wp\/v2\/categories?post=6938"},{"taxonomy":"post_tag","embeddable":true,"href":"https:\/\/news.save.ch\/it\/wp-json\/wp\/v2\/tags?post=6938"}],"curies":[{"name":"wp","href":"https:\/\/api.w.org\/{rel}","templated":true}]}}