{"id":705,"date":"2015-12-03T15:22:07","date_gmt":"2015-12-03T14:22:07","guid":{"rendered":"http:\/\/dev.safety-plus.ch\/?p=705"},"modified":"2023-03-14T09:03:04","modified_gmt":"2023-03-14T08:03:04","slug":"sicherheit-fuer-spitex-betriebe","status":null,"type":"post","link":"https:\/\/news.save.ch\/it\/sicherheit-fuer-spitex-betriebe\/","title":{"rendered":"Sicurezza per le operazioni Spitex"},"content":{"rendered":"<figure id=\"attachment_708\" aria-describedby=\"caption-attachment-708\" style=\"width: 680px\" class=\"wp-caption alignnone\"><img loading=\"lazy\" decoding=\"async\" class=\"wp-image-708 size-medium\" src=\"http:\/\/develop.safety-plus.ch\/wp-content\/uploads\/2016\/12\/Sicherheit-fuer-Spitex-Betriebe_safety-plus.jpeg\" alt=\"Il rischio di incidenti nell&#039;assistenza extraospedaliera \u00e8 in aumento.\" width=\"680\" height=\"607\" \/><figcaption id=\"caption-attachment-708\" class=\"wp-caption-text\">Il rischio di incidenti nell'assistenza extraospedaliera \u00e8 in aumento.<\/figcaption><\/figure>\n<p>Sempre pi\u00f9 persone anziane dipendono da aiuti e cure esterne. Circa 30.000 dipendenti a tempo pieno lavorano in questo settore e la tendenza \u00e8 in aumento. Negli ultimi 10 anni, il rischio di infortuni nelle aziende Spitex \u00e8 passato da 69,2 a 76,1 infortuni ogni 1000 dipendenti a tempo pieno. Nel 2012, nelle aziende Spitex si sono verificati pi\u00f9 di 2200 infortuni sul lavoro. Questi hanno causato prestazioni assicurative correnti per oltre 6 milioni di franchi svizzeri (fonte SSUV).<\/p>\n<p>I dipendenti del settore dell'assistenza e della cura a domicilio sono spesso esposti a un elevato stress mentale e fisico. Una fonte aggiornata di informazioni sulla salute e la sicurezza sul lavoro \u00e8 quindi indispensabile.<\/p>\n<p><strong>Importante strumento di lavoro nella prevenzione<\/strong><br \/>\nIl nuovo opuscolo dell'UFCS si rivolge principalmente ai dirigenti e al personale di organizzazioni e aziende che forniscono servizi di assistenza e cura esterni. Fornisce una base preziosa per le loro attivit\u00e0. Suddiviso in sezioni tematiche, l'opuscolo elenca i possibili pericoli e suggerisce allo stesso tempo le misure adeguate.<br \/>\nL'opuscolo \u00e8 stato sviluppato in collaborazione con specialisti della Confederazione, della Suva, dei Cantoni e delle pi\u00f9 importanti associazioni industriali e professionali. Con questo strumento pratico e di facile comprensione, l'UFCS colma un'importante lacuna nella prevenzione. In questo modo contribuisce attivamente alla riduzione degli infortuni e delle malattie professionali e dei disturbi della salute legati al lavoro tra i professionisti dell'assistenza e della cura a domicilio.<\/p>\n<p><strong>Ordine online gratuito<\/strong><br \/>\nL'opuscolo pu\u00f2 essere ordinato gratuitamente sul sito web dell'UFCS con il numero d'ordine 6291 o scaricato in formato pdf: <a href=\"http:\/\/www.ekas.ch\" target=\"_blank\" data-cke-saved-href=\"http:\/\/www.ekas.ch\" rel=\"noopener\">www.ekas.ch<\/a> &gt; Ordinare il servizio.<\/p>","protected":false},"excerpt":{"rendered":"<p>Immer mehr betagte Menschen sind auf spitalexterne Hilfe und Pflege angewiesen.\u00a0Rund 30&#8217;000 Vollzeitbesch\u00e4ftigte arbeiten mittlerweile auf diesem Gebiet, Tendenz\u00a0steigend. Das Unfallrisiko ist in den letzten 10 Jahren in Spitexbetrieben von 69,2\u00a0auf 76,1 Unf\u00e4lle pro 1000 Vollbesch\u00e4ftigte angestiegen. 2012 ereigneten sich \u00fcber\u00a02200 Berufsunf\u00e4lle in Spitexbetrieben. Diese verursachten laufende Versicherungsleistungen\u00a0von mehr als 6 Millionen Franken (Quelle SSUV). [&hellip;]<\/p>\n","protected":false},"author":1,"featured_media":16055,"comment_status":"open","ping_status":"open","sticky":false,"template":"","format":"standard","meta":{"_acf_changed":false,"pgc_sgb_lightbox_settings":"","footnotes":""},"categories":[3314],"tags":[172,149],"class_list":["post-705","post","type-post","status-publish","format-standard","has-post-thumbnail","hentry","category-health-safety","tag-arbeitssicherheit","tag-gesundheitsschutz"],"acf":[],"hkrextid":null,"publication":null,"issue":null,"workflow":null,"startPage":null,"spitzmarke":null,"_posts_by_tag_page_fields":{"widget_title":"","widget_tags":""},"_at_widget":"1","_yoast_wpseo_primary_category":"5","_yoast_wpseo_focuskw_text_input":"Spitex","_yoast_wpseo_opengraph-image":null,"_yoast_wpseo_opengraph-description":null,"_yoast_wpseo_opengraph-title":null,"enclosure":null,"_yoast_wpseo_twitter-title":null,"_yoast_wpseo_twitter-description":null,"_yoast_wpseo_twitter-image":null,"_wp_old_slug":null,"_yoast_wpseo_title":null,"_yoast_wpseo_canonical":null,"yoast_head":"<!-- This site is optimized with the Yoast SEO plugin v27.5 - https:\/\/yoast.com\/product\/yoast-seo-wordpress\/ -->\n<title>Sicherheit f\u00fcr Spitex-Betriebe - Save<\/title>\n<meta name=\"description\" content=\"Mit der Brosch\u00fcre f\u00fcr das Fachpersonal in Spitex-Betrieben will das EKAS auf die Bedeutung von Arbeitssicherheit und Gesundheitsschutz hinweisen.\" \/>\n<meta name=\"robots\" content=\"index, follow, max-snippet:-1, max-image-preview:large, max-video-preview:-1\" \/>\n<link rel=\"canonical\" href=\"https:\/\/news.save.ch\/it\/sicherheit-fuer-spitex-betriebe\/\" \/>\n<meta property=\"og:locale\" content=\"it_IT\" \/>\n<meta property=\"og:type\" content=\"article\" \/>\n<meta property=\"og:title\" content=\"Sicherheit f\u00fcr Spitex-Betriebe - Save\" \/>\n<meta property=\"og:description\" content=\"Mit der Brosch\u00fcre f\u00fcr das Fachpersonal in Spitex-Betrieben will das EKAS auf die Bedeutung von Arbeitssicherheit und Gesundheitsschutz hinweisen.\" \/>\n<meta property=\"og:url\" content=\"https:\/\/news.save.ch\/it\/sicherheit-fuer-spitex-betriebe\/\" \/>\n<meta property=\"og:site_name\" content=\"Save\" \/>\n<meta property=\"article:published_time\" content=\"2015-12-03T14:22:07+00:00\" \/>\n<meta property=\"article:modified_time\" content=\"2023-03-14T08:03:04+00:00\" \/>\n<meta property=\"og:image\" content=\"https:\/\/news.save.ch\/wp-content\/uploads\/2016\/12\/Sicherheit-fuer-Spitex-Betriebe_safety-plus-scaled-1.jpeg\" \/>\n\t<meta property=\"og:image:width\" content=\"1200\" \/>\n\t<meta property=\"og:image:height\" content=\"1071\" \/>\n\t<meta property=\"og:image:type\" content=\"image\/jpeg\" \/>\n<meta name=\"author\" content=\"admin\" \/>\n<meta name=\"twitter:card\" content=\"summary_large_image\" \/>\n<meta name=\"twitter:label1\" content=\"Scritto da\" \/>\n\t<meta name=\"twitter:data1\" content=\"admin\" \/>\n\t<meta name=\"twitter:label2\" content=\"Tempo di lettura stimato\" \/>\n\t<meta name=\"twitter:data2\" content=\"1 minuto\" \/>\n<script type=\"application\/ld+json\" class=\"yoast-schema-graph\">{\"@context\":\"https:\\\/\\\/schema.org\",\"@graph\":[{\"@type\":\"Article\",\"@id\":\"https:\\\/\\\/news.save.ch\\\/sicherheit-fuer-spitex-betriebe\\\/#article\",\"isPartOf\":{\"@id\":\"https:\\\/\\\/news.save.ch\\\/sicherheit-fuer-spitex-betriebe\\\/\"},\"author\":{\"name\":\"admin\",\"@id\":\"https:\\\/\\\/news.save.ch\\\/de\\\/#\\\/schema\\\/person\\\/d49e199490bad7c70d64b9ab51142f2b\"},\"headline\":\"Sicherheit f\u00fcr Spitex-Betriebe\",\"datePublished\":\"2015-12-03T14:22:07+00:00\",\"dateModified\":\"2023-03-14T08:03:04+00:00\",\"mainEntityOfPage\":{\"@id\":\"https:\\\/\\\/news.save.ch\\\/sicherheit-fuer-spitex-betriebe\\\/\"},\"wordCount\":253,\"commentCount\":1,\"publisher\":{\"@id\":\"https:\\\/\\\/news.save.ch\\\/de\\\/#organization\"},\"image\":{\"@id\":\"https:\\\/\\\/news.save.ch\\\/sicherheit-fuer-spitex-betriebe\\\/#primaryimage\"},\"thumbnailUrl\":\"https:\\\/\\\/news.save.ch\\\/wp-content\\\/uploads\\\/2016\\\/12\\\/Sicherheit-fuer-Spitex-Betriebe_safety-plus-scaled-1.jpeg\",\"keywords\":[\"Arbeitssicherheit\",\"Gesundheitsschutz\"],\"articleSection\":[\"HEALTH &amp; SAFETY\"],\"inLanguage\":\"it-IT\"},{\"@type\":\"WebPage\",\"@id\":\"https:\\\/\\\/news.save.ch\\\/sicherheit-fuer-spitex-betriebe\\\/\",\"url\":\"https:\\\/\\\/news.save.ch\\\/sicherheit-fuer-spitex-betriebe\\\/\",\"name\":\"Sicherheit f\u00fcr Spitex-Betriebe - Save\",\"isPartOf\":{\"@id\":\"https:\\\/\\\/news.save.ch\\\/de\\\/#website\"},\"primaryImageOfPage\":{\"@id\":\"https:\\\/\\\/news.save.ch\\\/sicherheit-fuer-spitex-betriebe\\\/#primaryimage\"},\"image\":{\"@id\":\"https:\\\/\\\/news.save.ch\\\/sicherheit-fuer-spitex-betriebe\\\/#primaryimage\"},\"thumbnailUrl\":\"https:\\\/\\\/news.save.ch\\\/wp-content\\\/uploads\\\/2016\\\/12\\\/Sicherheit-fuer-Spitex-Betriebe_safety-plus-scaled-1.jpeg\",\"datePublished\":\"2015-12-03T14:22:07+00:00\",\"dateModified\":\"2023-03-14T08:03:04+00:00\",\"description\":\"Mit der Brosch\u00fcre f\u00fcr das Fachpersonal in Spitex-Betrieben will das EKAS auf die Bedeutung von Arbeitssicherheit und Gesundheitsschutz hinweisen.\",\"breadcrumb\":{\"@id\":\"https:\\\/\\\/news.save.ch\\\/sicherheit-fuer-spitex-betriebe\\\/#breadcrumb\"},\"inLanguage\":\"it-IT\",\"potentialAction\":[{\"@type\":\"ReadAction\",\"target\":[\"https:\\\/\\\/news.save.ch\\\/sicherheit-fuer-spitex-betriebe\\\/\"]}]},{\"@type\":\"ImageObject\",\"inLanguage\":\"it-IT\",\"@id\":\"https:\\\/\\\/news.save.ch\\\/sicherheit-fuer-spitex-betriebe\\\/#primaryimage\",\"url\":\"https:\\\/\\\/news.save.ch\\\/wp-content\\\/uploads\\\/2016\\\/12\\\/Sicherheit-fuer-Spitex-Betriebe_safety-plus-scaled-1.jpeg\",\"contentUrl\":\"https:\\\/\\\/news.save.ch\\\/wp-content\\\/uploads\\\/2016\\\/12\\\/Sicherheit-fuer-Spitex-Betriebe_safety-plus-scaled-1.jpeg\",\"width\":1200,\"height\":1071,\"caption\":\"Das Unfallrisiko in der spitalexternen Pflege steigt.\"},{\"@type\":\"BreadcrumbList\",\"@id\":\"https:\\\/\\\/news.save.ch\\\/sicherheit-fuer-spitex-betriebe\\\/#breadcrumb\",\"itemListElement\":[{\"@type\":\"ListItem\",\"position\":1,\"name\":\"Home\",\"item\":\"https:\\\/\\\/news.save.ch\\\/de\\\/\"},{\"@type\":\"ListItem\",\"position\":2,\"name\":\"Sicherheit f\u00fcr Spitex-Betriebe\"}]},{\"@type\":\"WebSite\",\"@id\":\"https:\\\/\\\/news.save.ch\\\/de\\\/#website\",\"url\":\"https:\\\/\\\/news.save.ch\\\/de\\\/\",\"name\":\"Save\",\"description\":\"Schweizer Fachzeitschrift f\u00fcr Sicherheit\",\"publisher\":{\"@id\":\"https:\\\/\\\/news.save.ch\\\/de\\\/#organization\"},\"potentialAction\":[{\"@type\":\"SearchAction\",\"target\":{\"@type\":\"EntryPoint\",\"urlTemplate\":\"https:\\\/\\\/news.save.ch\\\/de\\\/?s={search_term_string}\"},\"query-input\":{\"@type\":\"PropertyValueSpecification\",\"valueRequired\":true,\"valueName\":\"search_term_string\"}}],\"inLanguage\":\"it-IT\"},{\"@type\":\"Organization\",\"@id\":\"https:\\\/\\\/news.save.ch\\\/de\\\/#organization\",\"name\":\"Sicherheitsforum\",\"url\":\"https:\\\/\\\/news.save.ch\\\/de\\\/\",\"logo\":{\"@type\":\"ImageObject\",\"inLanguage\":\"it-IT\",\"@id\":\"https:\\\/\\\/news.save.ch\\\/de\\\/#\\\/schema\\\/logo\\\/image\\\/\",\"url\":\"https:\\\/\\\/news.save.ch\\\/wp-content\\\/uploads\\\/2022\\\/06\\\/Logo_SF_2012.png\",\"contentUrl\":\"https:\\\/\\\/news.save.ch\\\/wp-content\\\/uploads\\\/2022\\\/06\\\/Logo_SF_2012.png\",\"width\":1100,\"height\":91,\"caption\":\"Sicherheitsforum\"},\"image\":{\"@id\":\"https:\\\/\\\/news.save.ch\\\/de\\\/#\\\/schema\\\/logo\\\/image\\\/\"}},{\"@type\":\"Person\",\"@id\":\"https:\\\/\\\/news.save.ch\\\/de\\\/#\\\/schema\\\/person\\\/d49e199490bad7c70d64b9ab51142f2b\",\"name\":\"admin\",\"image\":{\"@type\":\"ImageObject\",\"inLanguage\":\"it-IT\",\"@id\":\"https:\\\/\\\/secure.gravatar.com\\\/avatar\\\/ae2f4d718e6c49043e314ce431e7e645d646302a24a5ef5a8bc8e3f5a032e319?s=96&d=mm&r=g\",\"url\":\"https:\\\/\\\/secure.gravatar.com\\\/avatar\\\/ae2f4d718e6c49043e314ce431e7e645d646302a24a5ef5a8bc8e3f5a032e319?s=96&d=mm&r=g\",\"contentUrl\":\"https:\\\/\\\/secure.gravatar.com\\\/avatar\\\/ae2f4d718e6c49043e314ce431e7e645d646302a24a5ef5a8bc8e3f5a032e319?s=96&d=mm&r=g\",\"caption\":\"admin\"},\"sameAs\":[\"https:\\\/\\\/develop.organisator.galledia.ch\"],\"url\":\"https:\\\/\\\/news.save.ch\\\/it\\\/author\\\/admin\\\/\"}]}<\/script>\n<!-- \/ Yoast SEO plugin. -->","yoast_head_json":{"title":"Sicurezza per le operazioni Spitex - Salva","description":"Con l'opuscolo per il personale specializzato delle aziende Spitex, l'UFCS vuole richiamare l'attenzione sull'importanza della sicurezza sul lavoro e della tutela della salute.","robots":{"index":"index","follow":"follow","max-snippet":"max-snippet:-1","max-image-preview":"max-image-preview:large","max-video-preview":"max-video-preview:-1"},"canonical":"https:\/\/news.save.ch\/it\/sicherheit-fuer-spitex-betriebe\/","og_locale":"it_IT","og_type":"article","og_title":"Sicherheit f\u00fcr Spitex-Betriebe - Save","og_description":"Mit der Brosch\u00fcre f\u00fcr das Fachpersonal in Spitex-Betrieben will das EKAS auf die Bedeutung von Arbeitssicherheit und Gesundheitsschutz hinweisen.","og_url":"https:\/\/news.save.ch\/it\/sicherheit-fuer-spitex-betriebe\/","og_site_name":"Save","article_published_time":"2015-12-03T14:22:07+00:00","article_modified_time":"2023-03-14T08:03:04+00:00","og_image":[{"width":1200,"height":1071,"url":"https:\/\/news.save.ch\/wp-content\/uploads\/2016\/12\/Sicherheit-fuer-Spitex-Betriebe_safety-plus-scaled-1.jpeg","type":"image\/jpeg"}],"author":"admin","twitter_card":"summary_large_image","twitter_misc":{"Scritto da":"admin","Tempo di lettura stimato":"1 minuto"},"schema":{"@context":"https:\/\/schema.org","@graph":[{"@type":"Article","@id":"https:\/\/news.save.ch\/sicherheit-fuer-spitex-betriebe\/#article","isPartOf":{"@id":"https:\/\/news.save.ch\/sicherheit-fuer-spitex-betriebe\/"},"author":{"name":"admin","@id":"https:\/\/news.save.ch\/de\/#\/schema\/person\/d49e199490bad7c70d64b9ab51142f2b"},"headline":"Sicherheit f\u00fcr Spitex-Betriebe","datePublished":"2015-12-03T14:22:07+00:00","dateModified":"2023-03-14T08:03:04+00:00","mainEntityOfPage":{"@id":"https:\/\/news.save.ch\/sicherheit-fuer-spitex-betriebe\/"},"wordCount":253,"commentCount":1,"publisher":{"@id":"https:\/\/news.save.ch\/de\/#organization"},"image":{"@id":"https:\/\/news.save.ch\/sicherheit-fuer-spitex-betriebe\/#primaryimage"},"thumbnailUrl":"https:\/\/news.save.ch\/wp-content\/uploads\/2016\/12\/Sicherheit-fuer-Spitex-Betriebe_safety-plus-scaled-1.jpeg","keywords":["Arbeitssicherheit","Gesundheitsschutz"],"articleSection":["HEALTH &amp; SAFETY"],"inLanguage":"it-IT"},{"@type":"WebPage","@id":"https:\/\/news.save.ch\/sicherheit-fuer-spitex-betriebe\/","url":"https:\/\/news.save.ch\/sicherheit-fuer-spitex-betriebe\/","name":"Sicurezza per le operazioni Spitex - Salva","isPartOf":{"@id":"https:\/\/news.save.ch\/de\/#website"},"primaryImageOfPage":{"@id":"https:\/\/news.save.ch\/sicherheit-fuer-spitex-betriebe\/#primaryimage"},"image":{"@id":"https:\/\/news.save.ch\/sicherheit-fuer-spitex-betriebe\/#primaryimage"},"thumbnailUrl":"https:\/\/news.save.ch\/wp-content\/uploads\/2016\/12\/Sicherheit-fuer-Spitex-Betriebe_safety-plus-scaled-1.jpeg","datePublished":"2015-12-03T14:22:07+00:00","dateModified":"2023-03-14T08:03:04+00:00","description":"Con l'opuscolo per il personale specializzato delle aziende Spitex, l'UFCS vuole richiamare l'attenzione sull'importanza della sicurezza sul lavoro e della tutela della salute.","breadcrumb":{"@id":"https:\/\/news.save.ch\/sicherheit-fuer-spitex-betriebe\/#breadcrumb"},"inLanguage":"it-IT","potentialAction":[{"@type":"ReadAction","target":["https:\/\/news.save.ch\/sicherheit-fuer-spitex-betriebe\/"]}]},{"@type":"ImageObject","inLanguage":"it-IT","@id":"https:\/\/news.save.ch\/sicherheit-fuer-spitex-betriebe\/#primaryimage","url":"https:\/\/news.save.ch\/wp-content\/uploads\/2016\/12\/Sicherheit-fuer-Spitex-Betriebe_safety-plus-scaled-1.jpeg","contentUrl":"https:\/\/news.save.ch\/wp-content\/uploads\/2016\/12\/Sicherheit-fuer-Spitex-Betriebe_safety-plus-scaled-1.jpeg","width":1200,"height":1071,"caption":"Das Unfallrisiko in der spitalexternen Pflege steigt."},{"@type":"BreadcrumbList","@id":"https:\/\/news.save.ch\/sicherheit-fuer-spitex-betriebe\/#breadcrumb","itemListElement":[{"@type":"ListItem","position":1,"name":"Home","item":"https:\/\/news.save.ch\/de\/"},{"@type":"ListItem","position":2,"name":"Sicherheit f\u00fcr Spitex-Betriebe"}]},{"@type":"WebSite","@id":"https:\/\/news.save.ch\/de\/#website","url":"https:\/\/news.save.ch\/de\/","name":"Risparmiare","description":"Rivista svizzera specializzata in sicurezza","publisher":{"@id":"https:\/\/news.save.ch\/de\/#organization"},"potentialAction":[{"@type":"SearchAction","target":{"@type":"EntryPoint","urlTemplate":"https:\/\/news.save.ch\/de\/?s={search_term_string}"},"query-input":{"@type":"PropertyValueSpecification","valueRequired":true,"valueName":"search_term_string"}}],"inLanguage":"it-IT"},{"@type":"Organization","@id":"https:\/\/news.save.ch\/de\/#organization","name":"Forum sulla sicurezza","url":"https:\/\/news.save.ch\/de\/","logo":{"@type":"ImageObject","inLanguage":"it-IT","@id":"https:\/\/news.save.ch\/de\/#\/schema\/logo\/image\/","url":"https:\/\/news.save.ch\/wp-content\/uploads\/2022\/06\/Logo_SF_2012.png","contentUrl":"https:\/\/news.save.ch\/wp-content\/uploads\/2022\/06\/Logo_SF_2012.png","width":1100,"height":91,"caption":"Sicherheitsforum"},"image":{"@id":"https:\/\/news.save.ch\/de\/#\/schema\/logo\/image\/"}},{"@type":"Person","@id":"https:\/\/news.save.ch\/de\/#\/schema\/person\/d49e199490bad7c70d64b9ab51142f2b","name":"amministratore","image":{"@type":"ImageObject","inLanguage":"it-IT","@id":"https:\/\/secure.gravatar.com\/avatar\/ae2f4d718e6c49043e314ce431e7e645d646302a24a5ef5a8bc8e3f5a032e319?s=96&d=mm&r=g","url":"https:\/\/secure.gravatar.com\/avatar\/ae2f4d718e6c49043e314ce431e7e645d646302a24a5ef5a8bc8e3f5a032e319?s=96&d=mm&r=g","contentUrl":"https:\/\/secure.gravatar.com\/avatar\/ae2f4d718e6c49043e314ce431e7e645d646302a24a5ef5a8bc8e3f5a032e319?s=96&d=mm&r=g","caption":"admin"},"sameAs":["https:\/\/develop.organisator.galledia.ch"],"url":"https:\/\/news.save.ch\/it\/author\/admin\/"}]}},"_links":{"self":[{"href":"https:\/\/news.save.ch\/it\/wp-json\/wp\/v2\/posts\/705","targetHints":{"allow":["GET"]}}],"collection":[{"href":"https:\/\/news.save.ch\/it\/wp-json\/wp\/v2\/posts"}],"about":[{"href":"https:\/\/news.save.ch\/it\/wp-json\/wp\/v2\/types\/post"}],"author":[{"embeddable":true,"href":"https:\/\/news.save.ch\/it\/wp-json\/wp\/v2\/users\/1"}],"replies":[{"embeddable":true,"href":"https:\/\/news.save.ch\/it\/wp-json\/wp\/v2\/comments?post=705"}],"version-history":[{"count":1,"href":"https:\/\/news.save.ch\/it\/wp-json\/wp\/v2\/posts\/705\/revisions"}],"predecessor-version":[{"id":18380,"href":"https:\/\/news.save.ch\/it\/wp-json\/wp\/v2\/posts\/705\/revisions\/18380"}],"wp:featuredmedia":[{"embeddable":true,"href":"https:\/\/news.save.ch\/it\/wp-json\/wp\/v2\/media\/16055"}],"wp:attachment":[{"href":"https:\/\/news.save.ch\/it\/wp-json\/wp\/v2\/media?parent=705"}],"wp:term":[{"taxonomy":"category","embeddable":true,"href":"https:\/\/news.save.ch\/it\/wp-json\/wp\/v2\/categories?post=705"},{"taxonomy":"post_tag","embeddable":true,"href":"https:\/\/news.save.ch\/it\/wp-json\/wp\/v2\/tags?post=705"}],"curies":[{"name":"wp","href":"https:\/\/api.w.org\/{rel}","templated":true}]}}