{"id":7093,"date":"2018-10-22T10:49:36","date_gmt":"2018-10-22T08:49:36","guid":{"rendered":"https:\/\/news.save.ch\/?p=7093"},"modified":"2018-10-22T10:49:36","modified_gmt":"2018-10-22T08:49:36","slug":"alertswiss-neue-wege-zur-alarmierung-und-information-der-bevoelkerung","status":null,"type":"post","link":"https:\/\/news.save.ch\/it\/alertswiss-neue-wege-zur-alarmierung-und-information-der-bevoelkerung\/","title":{"rendered":"Alertswiss: nuovi modi per avvisare e informare"},"content":{"rendered":"<figure id=\"attachment_7094\" aria-describedby=\"caption-attachment-7094\" style=\"width: 680px\" class=\"wp-caption aligncenter\"><img loading=\"lazy\" decoding=\"async\" class=\"size-medium wp-image-7094\" src=\"https:\/\/news.save.ch\/wp-content\/uploads\/2018\/10\/DSC_7834.jpg\" alt=\"\" width=\"680\" height=\"450\" \/><figcaption id=\"caption-attachment-7094\" class=\"wp-caption-text\">Foto: R. Str\u00e4ssle<\/figcaption><\/figure>\n<p>Un terremoto, frane e altri disastri naturali, un incendio in un impianto chimico, un grave incidente ferroviario, un attacco terroristico, persino una \"bomba sporca\": i disastri possono verificarsi in qualsiasi momento e senza preavviso. In ogni caso, un compito essenziale per far fronte alla situazione \u00e8 l'allerta rapida e accurata e l'informazione adeguata della popolazione, in particolare la comunicazione di istruzioni comportamentali.<\/p>\n<h2>I canali di avviso aggiuntivi rispondono a nuove esigenze<\/h2>\n<p>Finora la Svizzera disponeva di un sistema di allerta a livello nazionale con sirene e successive informazioni sulle radio che richiedono la trasmissione, come riportato dall'Ufficio federale della protezione civile (<a href=\"https:\/\/www.babs.admin.ch\/\">Babs<\/a>) scrive. L'attuale sistema di allerta e informazione della popolazione funziona bene e in modo sicuro. Tuttavia, non soddisfa pi\u00f9 appieno le esigenze odierne (cfr. anche notizia di <a href=\"https:\/\/news.save.ch\/it\/die-warn-drehscheibe-baut-aus\/\">Agosto 2017<\/a>): Gran parte della popolazione utilizza principalmente mezzi di comunicazione mobile nella vita quotidiana. Le informazioni possono essere diffuse sempre pi\u00f9 rapidamente tramite Internet. Una parte della popolazione non sa pi\u00f9 cosa fare in caso di allarme sirena, come sottolinea Babs. Anche le persone con problemi di udito sono escluse dal precedente sistema con supporti acustici. Hanno diritto a un sistema di allerta e di informazione che sia direttamente accessibile anche a loro.<\/p>\n<h2>Alertswiss: il filo diretto<\/h2>\n<p>In caso di disastri ed emergenze, le autorit\u00e0 possono ora allertare e informare la popolazione anche attraverso i canali digitali. A tal fine, dal 2015 utilizzano i canali digitali gestiti dall'Ufficio federale della protezione civile. <a href=\"https:\/\/www.alert.swiss\/de\/home.html\">Allertswiss<\/a>-canali di comunicazione: Gli avvisi vengono distribuiti sotto forma di messaggi push tramite l'app Alertswiss sugli smartphone e come pubblicazioni online sul sito web di Alertswiss.<\/p>\n<p>Secondo Babs, la pubblicazione dei messaggi di allarme su questi nuovi canali avviene contemporaneamente all'attivazione della sirena di allarme. I canali di Alertswiss amplierebbero anche gli strumenti e le possibilit\u00e0 delle autorit\u00e0 nel campo della comunicazione degli eventi: Dopo un allarme, possono fornire ulteriori informazioni sull'evento acuto attraverso gli stessi canali. Inoltre, possono anche diffondere avvisi e ulteriori informazioni senza far scattare contemporaneamente l'allarme di una sirena.<\/p>\n<h2>La cooperazione tra Confederazione e Cantoni come fattore chiave<\/h2>\n<p>L'ulteriore sviluppo del sistema di allerta e informazione con i nuovi canali di Alertswiss \u00e8 una soluzione uniforme: tutti i Cantoni e il Principato del Liechtenstein sono coinvolti. La stretta collaborazione tra la Confederazione e i Cantoni nello sviluppo e nel futuro funzionamento del sistema \u00e8 la chiave del suo successo, secondo Babs. Per la maggior parte degli incidenti, la responsabilit\u00e0 di allertare e informare la popolazione \u00e8 a livello cantonale o locale. In concreto, l'allarme viene lanciato e la popolazione viene informata di norma in una centrale operativa della polizia cantonale. A livello federale, il Centro nazionale per le operazioni di emergenza (National Emergency Operations Centre, NEOC) dell'Ufficio federale della protezione civile pu\u00f2 diffondere allarmi e altre informazioni.<\/p>\n<p>Secondo Babs, l'intero processo di allerta e informazione della popolazione \u00e8 stato fuso in un unico sistema integrale. Tecnicamente, i nuovi canali di Alertswiss sono collegati al sistema di allarme a sirene ad alta sicurezza in vigore dal 2012.<a href=\"https:\/\/www.newsd.admin.ch\/newsd\/message\/attachments\/54064.pdf\"> Polyalert<\/a> collegato. Le informazioni vengono quindi inserite in un unico terminale e tutti i canali di uscita si basano sullo stesso ingresso. In questo modo si risparmia tempo prezioso in caso di incidente.<\/p>\n<p><em>L'applicazione Alertswiss \u00e8 disponibile gratuitamente per i sistemi Android e iOS. Pu\u00f2 essere scaricata dal Google Play Store e dall'Apple App Store.<\/em><\/p>\n<p>&nbsp;<\/p>","protected":false},"excerpt":{"rendered":"<p>Ein Erdbeben, Erdrutsche und andere Naturkatastrophen, ein Brand in einer Chemieanlage, ein schweres Zugsungl\u00fcck, ein Terroranschlag, allenfalls sogar mit einer &#8222;Dirty Bomb&#8220;: Katastrophen k\u00f6nnen sich jederzeit und ohne Vorank\u00fcndigung ereignen. Eine wesentliche Aufgabe bei der Bew\u00e4ltigung ist in jedem Fall die rasche und zielgenaue Alarmierung sowie die sachgerechte Information der Bev\u00f6lkerung, insbesondere die Kommunikation von [&hellip;]<\/p>\n","protected":false},"author":8,"featured_media":7094,"comment_status":"open","ping_status":"open","sticky":false,"template":"","format":"standard","meta":{"_acf_changed":false,"pgc_sgb_lightbox_settings":"","footnotes":""},"categories":[1],"tags":[151],"class_list":["post-7093","post","type-post","status-publish","format-standard","has-post-thumbnail","hentry","category-allgemein","tag-alarmierung"],"acf":[],"hkrextid":null,"publication":null,"issue":null,"workflow":null,"startPage":null,"spitzmarke":null,"_posts_by_tag_page_fields":{"widget_title":"","widget_tags":""},"_at_widget":"1","_yoast_wpseo_primary_category":"1","_yoast_wpseo_focuskw_text_input":"Alertswiss","_yoast_wpseo_opengraph-image":null,"_yoast_wpseo_opengraph-description":null,"_yoast_wpseo_opengraph-title":null,"enclosure":null,"_yoast_wpseo_twitter-title":null,"_yoast_wpseo_twitter-description":null,"_yoast_wpseo_twitter-image":null,"_wp_old_slug":null,"_yoast_wpseo_title":null,"_yoast_wpseo_canonical":null,"yoast_head":"<!-- This site is optimized with the Yoast SEO plugin v27.4 - https:\/\/yoast.com\/product\/yoast-seo-wordpress\/ -->\n<title>Alertswiss: neue Wege zur Alarmierung und Information - Save<\/title>\n<meta name=\"description\" content=\"Das Bundesamt f\u00fcr Bev\u00f6lkerungsschutz lanciert neue Kan\u00e4le zur Alarmierung und Information der Bev\u00f6lkerung bei Katastrophen und in Notlagen.\" \/>\n<meta name=\"robots\" content=\"index, follow, max-snippet:-1, max-image-preview:large, max-video-preview:-1\" \/>\n<link rel=\"canonical\" href=\"https:\/\/news.save.ch\/it\/alertswiss-neue-wege-zur-alarmierung-und-information-der-bevoelkerung\/\" \/>\n<meta property=\"og:locale\" content=\"it_IT\" \/>\n<meta property=\"og:type\" content=\"article\" \/>\n<meta property=\"og:title\" content=\"Alertswiss: neue Wege zur Alarmierung und Information - Save\" \/>\n<meta property=\"og:description\" content=\"Das Bundesamt f\u00fcr Bev\u00f6lkerungsschutz lanciert neue Kan\u00e4le zur Alarmierung und Information der Bev\u00f6lkerung bei Katastrophen und in Notlagen.\" \/>\n<meta property=\"og:url\" content=\"https:\/\/news.save.ch\/it\/alertswiss-neue-wege-zur-alarmierung-und-information-der-bevoelkerung\/\" \/>\n<meta property=\"og:site_name\" content=\"Save\" \/>\n<meta property=\"article:published_time\" content=\"2018-10-22T08:49:36+00:00\" \/>\n<meta name=\"author\" content=\"Roger Str\u00e4ssle\" \/>\n<meta name=\"twitter:card\" content=\"summary_large_image\" \/>\n<meta name=\"twitter:label1\" content=\"Scritto da\" \/>\n\t<meta name=\"twitter:data1\" content=\"Roger Str\u00e4ssle\" \/>\n\t<meta name=\"twitter:label2\" content=\"Tempo di lettura stimato\" \/>\n\t<meta name=\"twitter:data2\" content=\"3 minuti\" \/>\n<script type=\"application\/ld+json\" class=\"yoast-schema-graph\">{\"@context\":\"https:\\\/\\\/schema.org\",\"@graph\":[{\"@type\":\"Article\",\"@id\":\"https:\\\/\\\/news.save.ch\\\/alertswiss-neue-wege-zur-alarmierung-und-information-der-bevoelkerung\\\/#article\",\"isPartOf\":{\"@id\":\"https:\\\/\\\/news.save.ch\\\/alertswiss-neue-wege-zur-alarmierung-und-information-der-bevoelkerung\\\/\"},\"author\":{\"name\":\"Roger Str\u00e4ssle\",\"@id\":\"https:\\\/\\\/news.save.ch\\\/de\\\/#\\\/schema\\\/person\\\/d5022db048e0e2b9785c50e5b24da5aa\"},\"headline\":\"Alertswiss: neue Wege zur Alarmierung und Information\",\"datePublished\":\"2018-10-22T08:49:36+00:00\",\"mainEntityOfPage\":{\"@id\":\"https:\\\/\\\/news.save.ch\\\/alertswiss-neue-wege-zur-alarmierung-und-information-der-bevoelkerung\\\/\"},\"wordCount\":566,\"commentCount\":0,\"publisher\":{\"@id\":\"https:\\\/\\\/news.save.ch\\\/de\\\/#organization\"},\"image\":{\"@id\":\"https:\\\/\\\/news.save.ch\\\/alertswiss-neue-wege-zur-alarmierung-und-information-der-bevoelkerung\\\/#primaryimage\"},\"thumbnailUrl\":\"\",\"keywords\":[\"Alarmierung\"],\"articleSection\":[\"ALLGEMEIN\"],\"inLanguage\":\"it-IT\"},{\"@type\":\"WebPage\",\"@id\":\"https:\\\/\\\/news.save.ch\\\/alertswiss-neue-wege-zur-alarmierung-und-information-der-bevoelkerung\\\/\",\"url\":\"https:\\\/\\\/news.save.ch\\\/alertswiss-neue-wege-zur-alarmierung-und-information-der-bevoelkerung\\\/\",\"name\":\"Alertswiss: neue Wege zur Alarmierung und Information - Save\",\"isPartOf\":{\"@id\":\"https:\\\/\\\/news.save.ch\\\/de\\\/#website\"},\"primaryImageOfPage\":{\"@id\":\"https:\\\/\\\/news.save.ch\\\/alertswiss-neue-wege-zur-alarmierung-und-information-der-bevoelkerung\\\/#primaryimage\"},\"image\":{\"@id\":\"https:\\\/\\\/news.save.ch\\\/alertswiss-neue-wege-zur-alarmierung-und-information-der-bevoelkerung\\\/#primaryimage\"},\"thumbnailUrl\":\"\",\"datePublished\":\"2018-10-22T08:49:36+00:00\",\"description\":\"Das Bundesamt f\u00fcr Bev\u00f6lkerungsschutz lanciert neue Kan\u00e4le zur Alarmierung und Information der Bev\u00f6lkerung bei Katastrophen und in Notlagen.\",\"breadcrumb\":{\"@id\":\"https:\\\/\\\/news.save.ch\\\/alertswiss-neue-wege-zur-alarmierung-und-information-der-bevoelkerung\\\/#breadcrumb\"},\"inLanguage\":\"it-IT\",\"potentialAction\":[{\"@type\":\"ReadAction\",\"target\":[\"https:\\\/\\\/news.save.ch\\\/alertswiss-neue-wege-zur-alarmierung-und-information-der-bevoelkerung\\\/\"]}]},{\"@type\":\"ImageObject\",\"inLanguage\":\"it-IT\",\"@id\":\"https:\\\/\\\/news.save.ch\\\/alertswiss-neue-wege-zur-alarmierung-und-information-der-bevoelkerung\\\/#primaryimage\",\"url\":\"\",\"contentUrl\":\"\"},{\"@type\":\"BreadcrumbList\",\"@id\":\"https:\\\/\\\/news.save.ch\\\/alertswiss-neue-wege-zur-alarmierung-und-information-der-bevoelkerung\\\/#breadcrumb\",\"itemListElement\":[{\"@type\":\"ListItem\",\"position\":1,\"name\":\"Home\",\"item\":\"https:\\\/\\\/news.save.ch\\\/de\\\/\"},{\"@type\":\"ListItem\",\"position\":2,\"name\":\"Alertswiss: neue Wege zur Alarmierung und Information\"}]},{\"@type\":\"WebSite\",\"@id\":\"https:\\\/\\\/news.save.ch\\\/de\\\/#website\",\"url\":\"https:\\\/\\\/news.save.ch\\\/de\\\/\",\"name\":\"Save\",\"description\":\"Schweizer Fachzeitschrift f\u00fcr Sicherheit\",\"publisher\":{\"@id\":\"https:\\\/\\\/news.save.ch\\\/de\\\/#organization\"},\"potentialAction\":[{\"@type\":\"SearchAction\",\"target\":{\"@type\":\"EntryPoint\",\"urlTemplate\":\"https:\\\/\\\/news.save.ch\\\/de\\\/?s={search_term_string}\"},\"query-input\":{\"@type\":\"PropertyValueSpecification\",\"valueRequired\":true,\"valueName\":\"search_term_string\"}}],\"inLanguage\":\"it-IT\"},{\"@type\":\"Organization\",\"@id\":\"https:\\\/\\\/news.save.ch\\\/de\\\/#organization\",\"name\":\"Sicherheitsforum\",\"url\":\"https:\\\/\\\/news.save.ch\\\/de\\\/\",\"logo\":{\"@type\":\"ImageObject\",\"inLanguage\":\"it-IT\",\"@id\":\"https:\\\/\\\/news.save.ch\\\/de\\\/#\\\/schema\\\/logo\\\/image\\\/\",\"url\":\"https:\\\/\\\/news.save.ch\\\/wp-content\\\/uploads\\\/2022\\\/06\\\/Logo_SF_2012.png\",\"contentUrl\":\"https:\\\/\\\/news.save.ch\\\/wp-content\\\/uploads\\\/2022\\\/06\\\/Logo_SF_2012.png\",\"width\":1100,\"height\":91,\"caption\":\"Sicherheitsforum\"},\"image\":{\"@id\":\"https:\\\/\\\/news.save.ch\\\/de\\\/#\\\/schema\\\/logo\\\/image\\\/\"}},{\"@type\":\"Person\",\"@id\":\"https:\\\/\\\/news.save.ch\\\/de\\\/#\\\/schema\\\/person\\\/d5022db048e0e2b9785c50e5b24da5aa\",\"name\":\"Roger Str\u00e4ssle\",\"image\":{\"@type\":\"ImageObject\",\"inLanguage\":\"it-IT\",\"@id\":\"https:\\\/\\\/secure.gravatar.com\\\/avatar\\\/862a5569d087de48e5856e32f45d719a03804c891d6deb8d4f71a660e79e4a47?s=96&d=mm&r=g\",\"url\":\"https:\\\/\\\/secure.gravatar.com\\\/avatar\\\/862a5569d087de48e5856e32f45d719a03804c891d6deb8d4f71a660e79e4a47?s=96&d=mm&r=g\",\"contentUrl\":\"https:\\\/\\\/secure.gravatar.com\\\/avatar\\\/862a5569d087de48e5856e32f45d719a03804c891d6deb8d4f71a660e79e4a47?s=96&d=mm&r=g\",\"caption\":\"Roger Str\u00e4ssle\"},\"url\":\"https:\\\/\\\/news.save.ch\\\/it\\\/author\\\/roger-straessle\\\/\"}]}<\/script>\n<!-- \/ Yoast SEO plugin. -->","yoast_head_json":{"title":"Alertswiss: nuovi modi per avvisare e informare - Save","description":"L'Ufficio federale della protezione civile sta lanciando nuovi canali per allertare e informare la popolazione in caso di disastri ed emergenze.","robots":{"index":"index","follow":"follow","max-snippet":"max-snippet:-1","max-image-preview":"max-image-preview:large","max-video-preview":"max-video-preview:-1"},"canonical":"https:\/\/news.save.ch\/it\/alertswiss-neue-wege-zur-alarmierung-und-information-der-bevoelkerung\/","og_locale":"it_IT","og_type":"article","og_title":"Alertswiss: neue Wege zur Alarmierung und Information - Save","og_description":"Das Bundesamt f\u00fcr Bev\u00f6lkerungsschutz lanciert neue Kan\u00e4le zur Alarmierung und Information der Bev\u00f6lkerung bei Katastrophen und in Notlagen.","og_url":"https:\/\/news.save.ch\/it\/alertswiss-neue-wege-zur-alarmierung-und-information-der-bevoelkerung\/","og_site_name":"Save","article_published_time":"2018-10-22T08:49:36+00:00","author":"Roger Str\u00e4ssle","twitter_card":"summary_large_image","twitter_misc":{"Scritto da":"Roger Str\u00e4ssle","Tempo di lettura stimato":"3 minuti"},"schema":{"@context":"https:\/\/schema.org","@graph":[{"@type":"Article","@id":"https:\/\/news.save.ch\/alertswiss-neue-wege-zur-alarmierung-und-information-der-bevoelkerung\/#article","isPartOf":{"@id":"https:\/\/news.save.ch\/alertswiss-neue-wege-zur-alarmierung-und-information-der-bevoelkerung\/"},"author":{"name":"Roger Str\u00e4ssle","@id":"https:\/\/news.save.ch\/de\/#\/schema\/person\/d5022db048e0e2b9785c50e5b24da5aa"},"headline":"Alertswiss: neue Wege zur Alarmierung und Information","datePublished":"2018-10-22T08:49:36+00:00","mainEntityOfPage":{"@id":"https:\/\/news.save.ch\/alertswiss-neue-wege-zur-alarmierung-und-information-der-bevoelkerung\/"},"wordCount":566,"commentCount":0,"publisher":{"@id":"https:\/\/news.save.ch\/de\/#organization"},"image":{"@id":"https:\/\/news.save.ch\/alertswiss-neue-wege-zur-alarmierung-und-information-der-bevoelkerung\/#primaryimage"},"thumbnailUrl":"","keywords":["Alarmierung"],"articleSection":["ALLGEMEIN"],"inLanguage":"it-IT"},{"@type":"WebPage","@id":"https:\/\/news.save.ch\/alertswiss-neue-wege-zur-alarmierung-und-information-der-bevoelkerung\/","url":"https:\/\/news.save.ch\/alertswiss-neue-wege-zur-alarmierung-und-information-der-bevoelkerung\/","name":"Alertswiss: nuovi modi per avvisare e informare - Save","isPartOf":{"@id":"https:\/\/news.save.ch\/de\/#website"},"primaryImageOfPage":{"@id":"https:\/\/news.save.ch\/alertswiss-neue-wege-zur-alarmierung-und-information-der-bevoelkerung\/#primaryimage"},"image":{"@id":"https:\/\/news.save.ch\/alertswiss-neue-wege-zur-alarmierung-und-information-der-bevoelkerung\/#primaryimage"},"thumbnailUrl":"","datePublished":"2018-10-22T08:49:36+00:00","description":"L'Ufficio federale della protezione civile sta lanciando nuovi canali per allertare e informare la popolazione in caso di disastri ed emergenze.","breadcrumb":{"@id":"https:\/\/news.save.ch\/alertswiss-neue-wege-zur-alarmierung-und-information-der-bevoelkerung\/#breadcrumb"},"inLanguage":"it-IT","potentialAction":[{"@type":"ReadAction","target":["https:\/\/news.save.ch\/alertswiss-neue-wege-zur-alarmierung-und-information-der-bevoelkerung\/"]}]},{"@type":"ImageObject","inLanguage":"it-IT","@id":"https:\/\/news.save.ch\/alertswiss-neue-wege-zur-alarmierung-und-information-der-bevoelkerung\/#primaryimage","url":"","contentUrl":""},{"@type":"BreadcrumbList","@id":"https:\/\/news.save.ch\/alertswiss-neue-wege-zur-alarmierung-und-information-der-bevoelkerung\/#breadcrumb","itemListElement":[{"@type":"ListItem","position":1,"name":"Home","item":"https:\/\/news.save.ch\/de\/"},{"@type":"ListItem","position":2,"name":"Alertswiss: neue Wege zur Alarmierung und Information"}]},{"@type":"WebSite","@id":"https:\/\/news.save.ch\/de\/#website","url":"https:\/\/news.save.ch\/de\/","name":"Risparmiare","description":"Rivista svizzera specializzata in sicurezza","publisher":{"@id":"https:\/\/news.save.ch\/de\/#organization"},"potentialAction":[{"@type":"SearchAction","target":{"@type":"EntryPoint","urlTemplate":"https:\/\/news.save.ch\/de\/?s={search_term_string}"},"query-input":{"@type":"PropertyValueSpecification","valueRequired":true,"valueName":"search_term_string"}}],"inLanguage":"it-IT"},{"@type":"Organization","@id":"https:\/\/news.save.ch\/de\/#organization","name":"Forum sulla sicurezza","url":"https:\/\/news.save.ch\/de\/","logo":{"@type":"ImageObject","inLanguage":"it-IT","@id":"https:\/\/news.save.ch\/de\/#\/schema\/logo\/image\/","url":"https:\/\/news.save.ch\/wp-content\/uploads\/2022\/06\/Logo_SF_2012.png","contentUrl":"https:\/\/news.save.ch\/wp-content\/uploads\/2022\/06\/Logo_SF_2012.png","width":1100,"height":91,"caption":"Sicherheitsforum"},"image":{"@id":"https:\/\/news.save.ch\/de\/#\/schema\/logo\/image\/"}},{"@type":"Person","@id":"https:\/\/news.save.ch\/de\/#\/schema\/person\/d5022db048e0e2b9785c50e5b24da5aa","name":"Roger Str\u00e4ssle","image":{"@type":"ImageObject","inLanguage":"it-IT","@id":"https:\/\/secure.gravatar.com\/avatar\/862a5569d087de48e5856e32f45d719a03804c891d6deb8d4f71a660e79e4a47?s=96&d=mm&r=g","url":"https:\/\/secure.gravatar.com\/avatar\/862a5569d087de48e5856e32f45d719a03804c891d6deb8d4f71a660e79e4a47?s=96&d=mm&r=g","contentUrl":"https:\/\/secure.gravatar.com\/avatar\/862a5569d087de48e5856e32f45d719a03804c891d6deb8d4f71a660e79e4a47?s=96&d=mm&r=g","caption":"Roger Str\u00e4ssle"},"url":"https:\/\/news.save.ch\/it\/author\/roger-straessle\/"}]}},"_links":{"self":[{"href":"https:\/\/news.save.ch\/it\/wp-json\/wp\/v2\/posts\/7093","targetHints":{"allow":["GET"]}}],"collection":[{"href":"https:\/\/news.save.ch\/it\/wp-json\/wp\/v2\/posts"}],"about":[{"href":"https:\/\/news.save.ch\/it\/wp-json\/wp\/v2\/types\/post"}],"author":[{"embeddable":true,"href":"https:\/\/news.save.ch\/it\/wp-json\/wp\/v2\/users\/8"}],"replies":[{"embeddable":true,"href":"https:\/\/news.save.ch\/it\/wp-json\/wp\/v2\/comments?post=7093"}],"version-history":[{"count":0,"href":"https:\/\/news.save.ch\/it\/wp-json\/wp\/v2\/posts\/7093\/revisions"}],"wp:featuredmedia":[{"embeddable":true,"href":"https:\/\/news.save.ch\/it\/wp-json\/"}],"wp:attachment":[{"href":"https:\/\/news.save.ch\/it\/wp-json\/wp\/v2\/media?parent=7093"}],"wp:term":[{"taxonomy":"category","embeddable":true,"href":"https:\/\/news.save.ch\/it\/wp-json\/wp\/v2\/categories?post=7093"},{"taxonomy":"post_tag","embeddable":true,"href":"https:\/\/news.save.ch\/it\/wp-json\/wp\/v2\/tags?post=7093"}],"curies":[{"name":"wp","href":"https:\/\/api.w.org\/{rel}","templated":true}]}}