{"id":7107,"date":"2018-10-24T09:34:30","date_gmt":"2018-10-24T07:34:30","guid":{"rendered":"https:\/\/news.save.ch\/?p=7107"},"modified":"2018-10-24T09:34:30","modified_gmt":"2018-10-24T07:34:30","slug":"dormakaba-gv-hoehere-dividende-cadonau-mit-doppelfunktion","status":null,"type":"post","link":"https:\/\/news.save.ch\/it\/dormakaba-gv-hoehere-dividende-cadonau-mit-doppelfunktion\/","title":{"rendered":"Dividendo pi\u00f9 alto, il CEO Cadonau con una doppia funzione"},"content":{"rendered":"<figure id=\"attachment_7108\" aria-describedby=\"caption-attachment-7108\" style=\"width: 680px\" class=\"wp-caption aligncenter\"><img loading=\"lazy\" decoding=\"async\" class=\"wp-image-7108 size-medium\" src=\"https:\/\/news.save.ch\/wp-content\/uploads\/2018\/10\/pic-headquarters-2-data-scaled-1.jpg\" alt=\"Dormakaba\" width=\"680\" height=\"453\" \/><figcaption id=\"caption-attachment-7108\" class=\"wp-caption-text\">\u00a9 dormakaba<\/figcaption><\/figure>\n<p>&nbsp;<\/p>\n<p>A causa dell'aumento del risultato consolidato, la <a href=\"https:\/\/www.dormakaba.com\">Dormakaba<\/a>-Il Consiglio di amministrazione ha proposto all'Assemblea generale il pagamento di un dividendo di 15 franchi per azione, con un aumento di 1 franco per azione rispetto all'anno precedente. L'Assemblea generale ha approvato questa distribuzione, che sar\u00e0 effettuata interamente dalle riserve di capitale, secondo quanto dichiarato dalla societ\u00e0. L'Assemblea generale ha inoltre approvato le elezioni e le rielezioni del Consiglio di amministrazione, in ogni caso per il mandato proposto di un anno: Riet Cadonau \u00e8 stato eletto nuovo membro e presidente del Consiglio di amministrazione e Jens Birgersson \u00e8 stato eletto nuovo membro del Consiglio di amministrazione. Sono stati rieletti i membri del Consiglio di amministrazione Rolf D\u00f6rig, Stephanie Brecht-Bergen, Daniel Daeniker, Karina Dubs-Kuenzle, Hans Gummert, John Heppner, Hans Hess e Christine Mankel.<\/p>\n<p><strong>Riet Cadonau con doppia funzione<\/strong><\/p>\n<p>Come gi\u00e0 annunciato, Ulrich Graf ed Elton SK Chiu, membri del Consiglio di amministrazione dal 2010, non si sono candidati alla rielezione dopo dodici anni di presidenza del Consiglio di amministrazione. Secondo il comunicato stampa di Dormakaba, Riet Cadonau continuer\u00e0 a svolgere la sua funzione di CEO del Gruppo Dormakaba per due o tre anni al massimo, parallelamente alla presidenza del consiglio di amministrazione. Hans Hess assumer\u00e0 la nuova funzione di Lead Independent Director e la vicepresidenza. Anche gli attuali membri del Comitato per le remunerazioni Rolf D\u00f6rig, Hans Gummert e Hans Hess sono stati rieletti come proposto per un mandato di un anno.<\/p>\n<p>Nell'ambito del voto consultivo, l'Assemblea generale ha approvato anche la relazione sulla remunerazione 2017\/18, la proposta di remunerazione massima per il Consiglio di amministrazione fino all'Assemblea generale del 2019 e la proposta di importo massimo per la remunerazione del Comitato esecutivo per l'esercizio finanziario 2019\/20.<\/p>\n<p><em>Fonte: Comunicato stampa Dormakaba<\/em><\/p>\n<p>&nbsp;<\/p>","protected":false},"excerpt":{"rendered":"<p>&nbsp; Aufgrund des gesteigerten Konzernergebnisses schlug der Dormakaba-Verwaltungsrat der Generalversammlung die Auszahlung einer gegen\u00fcber Vorjahr um Fr. 1.- pro Aktie auf Fr. 15.- pro Aktie erh\u00f6hten Dividende vor. Die GV genehmigte diese Aussch\u00fcttung, die vollst\u00e4ndig aus Kapitalreserven erfolgen wird, wie das Unternehmen schreibt. Im Weiteren genehmigte die GV die Wahlen beziehungsweise Wiederwahlen in den Verwaltungsrat, [&hellip;]<\/p>\n","protected":false},"author":8,"featured_media":7108,"comment_status":"open","ping_status":"open","sticky":false,"template":"","format":"standard","meta":{"_acf_changed":false,"pgc_sgb_lightbox_settings":"","footnotes":""},"categories":[1],"tags":[137,65],"class_list":["post-7107","post","type-post","status-publish","format-standard","has-post-thumbnail","hentry","category-allgemein","tag-generalversammlung","tag-unternehmen"],"acf":[],"hkrextid":null,"publication":null,"issue":null,"workflow":null,"startPage":null,"spitzmarke":null,"_posts_by_tag_page_fields":{"widget_title":"","widget_tags":""},"_at_widget":"1","_yoast_wpseo_primary_category":"1","_yoast_wpseo_focuskw_text_input":"Dormakaba","_yoast_wpseo_opengraph-image":null,"_yoast_wpseo_opengraph-description":null,"_yoast_wpseo_opengraph-title":null,"enclosure":null,"_yoast_wpseo_twitter-title":null,"_yoast_wpseo_twitter-description":null,"_yoast_wpseo_twitter-image":null,"_wp_old_slug":null,"_yoast_wpseo_title":null,"_yoast_wpseo_canonical":null,"yoast_head":"<!-- This site is optimized with the Yoast SEO plugin v27.4 - https:\/\/yoast.com\/product\/yoast-seo-wordpress\/ -->\n<title>H\u00f6here Dividende, CEO Cadonau mit Doppelfunktion - Save<\/title>\n<meta name=\"description\" content=\"An der ordentlichen Generalversammlung der Dormakaba Holding AG vom 23. Oktober 2018 in Regensdorf ZH haben die Aktion\u00e4re alle Antr\u00e4ge angenommen.\" \/>\n<meta name=\"robots\" content=\"index, follow, max-snippet:-1, max-image-preview:large, max-video-preview:-1\" \/>\n<link rel=\"canonical\" href=\"https:\/\/news.save.ch\/it\/dormakaba-gv-hoehere-dividende-cadonau-mit-doppelfunktion\/\" \/>\n<meta property=\"og:locale\" content=\"it_IT\" \/>\n<meta property=\"og:type\" content=\"article\" \/>\n<meta property=\"og:title\" content=\"H\u00f6here Dividende, CEO Cadonau mit Doppelfunktion - Save\" \/>\n<meta property=\"og:description\" content=\"An der ordentlichen Generalversammlung der Dormakaba Holding AG vom 23. Oktober 2018 in Regensdorf ZH haben die Aktion\u00e4re alle Antr\u00e4ge angenommen.\" \/>\n<meta property=\"og:url\" content=\"https:\/\/news.save.ch\/it\/dormakaba-gv-hoehere-dividende-cadonau-mit-doppelfunktion\/\" \/>\n<meta property=\"og:site_name\" content=\"Save\" \/>\n<meta property=\"article:published_time\" content=\"2018-10-24T07:34:30+00:00\" \/>\n<meta property=\"og:image\" content=\"https:\/\/news.save.ch\/wp-content\/uploads\/2018\/10\/pic-headquarters-2-data-scaled-1-scaled.jpg\" \/>\n\t<meta property=\"og:image:width\" content=\"1400\" \/>\n\t<meta property=\"og:image:height\" content=\"933\" \/>\n\t<meta property=\"og:image:type\" content=\"image\/jpeg\" \/>\n<meta name=\"author\" content=\"Roger Str\u00e4ssle\" \/>\n<meta name=\"twitter:card\" content=\"summary_large_image\" \/>\n<meta name=\"twitter:label1\" content=\"Scritto da\" \/>\n\t<meta name=\"twitter:data1\" content=\"Roger Str\u00e4ssle\" \/>\n\t<meta name=\"twitter:label2\" content=\"Tempo di lettura stimato\" \/>\n\t<meta name=\"twitter:data2\" content=\"1 minuto\" \/>\n<script type=\"application\/ld+json\" class=\"yoast-schema-graph\">{\"@context\":\"https:\\\/\\\/schema.org\",\"@graph\":[{\"@type\":\"Article\",\"@id\":\"https:\\\/\\\/news.save.ch\\\/dormakaba-gv-hoehere-dividende-cadonau-mit-doppelfunktion\\\/#article\",\"isPartOf\":{\"@id\":\"https:\\\/\\\/news.save.ch\\\/dormakaba-gv-hoehere-dividende-cadonau-mit-doppelfunktion\\\/\"},\"author\":{\"name\":\"Roger Str\u00e4ssle\",\"@id\":\"https:\\\/\\\/news.save.ch\\\/de\\\/#\\\/schema\\\/person\\\/d5022db048e0e2b9785c50e5b24da5aa\"},\"headline\":\"H\u00f6here Dividende, CEO Cadonau mit Doppelfunktion\",\"datePublished\":\"2018-10-24T07:34:30+00:00\",\"mainEntityOfPage\":{\"@id\":\"https:\\\/\\\/news.save.ch\\\/dormakaba-gv-hoehere-dividende-cadonau-mit-doppelfunktion\\\/\"},\"wordCount\":279,\"commentCount\":0,\"publisher\":{\"@id\":\"https:\\\/\\\/news.save.ch\\\/de\\\/#organization\"},\"image\":{\"@id\":\"https:\\\/\\\/news.save.ch\\\/dormakaba-gv-hoehere-dividende-cadonau-mit-doppelfunktion\\\/#primaryimage\"},\"thumbnailUrl\":\"https:\\\/\\\/news.save.ch\\\/wp-content\\\/uploads\\\/2018\\\/10\\\/pic-headquarters-2-data-scaled-1-scaled.jpg\",\"keywords\":[\"Generalversammlung\",\"Unternehmen\"],\"articleSection\":[\"ALLGEMEIN\"],\"inLanguage\":\"it-IT\"},{\"@type\":\"WebPage\",\"@id\":\"https:\\\/\\\/news.save.ch\\\/dormakaba-gv-hoehere-dividende-cadonau-mit-doppelfunktion\\\/\",\"url\":\"https:\\\/\\\/news.save.ch\\\/dormakaba-gv-hoehere-dividende-cadonau-mit-doppelfunktion\\\/\",\"name\":\"H\u00f6here Dividende, CEO Cadonau mit Doppelfunktion - Save\",\"isPartOf\":{\"@id\":\"https:\\\/\\\/news.save.ch\\\/de\\\/#website\"},\"primaryImageOfPage\":{\"@id\":\"https:\\\/\\\/news.save.ch\\\/dormakaba-gv-hoehere-dividende-cadonau-mit-doppelfunktion\\\/#primaryimage\"},\"image\":{\"@id\":\"https:\\\/\\\/news.save.ch\\\/dormakaba-gv-hoehere-dividende-cadonau-mit-doppelfunktion\\\/#primaryimage\"},\"thumbnailUrl\":\"https:\\\/\\\/news.save.ch\\\/wp-content\\\/uploads\\\/2018\\\/10\\\/pic-headquarters-2-data-scaled-1-scaled.jpg\",\"datePublished\":\"2018-10-24T07:34:30+00:00\",\"description\":\"An der ordentlichen Generalversammlung der Dormakaba Holding AG vom 23. Oktober 2018 in Regensdorf ZH haben die Aktion\u00e4re alle Antr\u00e4ge angenommen.\",\"breadcrumb\":{\"@id\":\"https:\\\/\\\/news.save.ch\\\/dormakaba-gv-hoehere-dividende-cadonau-mit-doppelfunktion\\\/#breadcrumb\"},\"inLanguage\":\"it-IT\",\"potentialAction\":[{\"@type\":\"ReadAction\",\"target\":[\"https:\\\/\\\/news.save.ch\\\/dormakaba-gv-hoehere-dividende-cadonau-mit-doppelfunktion\\\/\"]}]},{\"@type\":\"ImageObject\",\"inLanguage\":\"it-IT\",\"@id\":\"https:\\\/\\\/news.save.ch\\\/dormakaba-gv-hoehere-dividende-cadonau-mit-doppelfunktion\\\/#primaryimage\",\"url\":\"https:\\\/\\\/news.save.ch\\\/wp-content\\\/uploads\\\/2018\\\/10\\\/pic-headquarters-2-data-scaled-1-scaled.jpg\",\"contentUrl\":\"https:\\\/\\\/news.save.ch\\\/wp-content\\\/uploads\\\/2018\\\/10\\\/pic-headquarters-2-data-scaled-1-scaled.jpg\",\"width\":1400,\"height\":933,\"caption\":\"\u00a9 dormakaba\"},{\"@type\":\"BreadcrumbList\",\"@id\":\"https:\\\/\\\/news.save.ch\\\/dormakaba-gv-hoehere-dividende-cadonau-mit-doppelfunktion\\\/#breadcrumb\",\"itemListElement\":[{\"@type\":\"ListItem\",\"position\":1,\"name\":\"Home\",\"item\":\"https:\\\/\\\/news.save.ch\\\/de\\\/\"},{\"@type\":\"ListItem\",\"position\":2,\"name\":\"H\u00f6here Dividende, CEO Cadonau mit Doppelfunktion\"}]},{\"@type\":\"WebSite\",\"@id\":\"https:\\\/\\\/news.save.ch\\\/de\\\/#website\",\"url\":\"https:\\\/\\\/news.save.ch\\\/de\\\/\",\"name\":\"Save\",\"description\":\"Schweizer Fachzeitschrift f\u00fcr Sicherheit\",\"publisher\":{\"@id\":\"https:\\\/\\\/news.save.ch\\\/de\\\/#organization\"},\"potentialAction\":[{\"@type\":\"SearchAction\",\"target\":{\"@type\":\"EntryPoint\",\"urlTemplate\":\"https:\\\/\\\/news.save.ch\\\/de\\\/?s={search_term_string}\"},\"query-input\":{\"@type\":\"PropertyValueSpecification\",\"valueRequired\":true,\"valueName\":\"search_term_string\"}}],\"inLanguage\":\"it-IT\"},{\"@type\":\"Organization\",\"@id\":\"https:\\\/\\\/news.save.ch\\\/de\\\/#organization\",\"name\":\"Sicherheitsforum\",\"url\":\"https:\\\/\\\/news.save.ch\\\/de\\\/\",\"logo\":{\"@type\":\"ImageObject\",\"inLanguage\":\"it-IT\",\"@id\":\"https:\\\/\\\/news.save.ch\\\/de\\\/#\\\/schema\\\/logo\\\/image\\\/\",\"url\":\"https:\\\/\\\/news.save.ch\\\/wp-content\\\/uploads\\\/2022\\\/06\\\/Logo_SF_2012.png\",\"contentUrl\":\"https:\\\/\\\/news.save.ch\\\/wp-content\\\/uploads\\\/2022\\\/06\\\/Logo_SF_2012.png\",\"width\":1100,\"height\":91,\"caption\":\"Sicherheitsforum\"},\"image\":{\"@id\":\"https:\\\/\\\/news.save.ch\\\/de\\\/#\\\/schema\\\/logo\\\/image\\\/\"}},{\"@type\":\"Person\",\"@id\":\"https:\\\/\\\/news.save.ch\\\/de\\\/#\\\/schema\\\/person\\\/d5022db048e0e2b9785c50e5b24da5aa\",\"name\":\"Roger Str\u00e4ssle\",\"image\":{\"@type\":\"ImageObject\",\"inLanguage\":\"it-IT\",\"@id\":\"https:\\\/\\\/secure.gravatar.com\\\/avatar\\\/862a5569d087de48e5856e32f45d719a03804c891d6deb8d4f71a660e79e4a47?s=96&d=mm&r=g\",\"url\":\"https:\\\/\\\/secure.gravatar.com\\\/avatar\\\/862a5569d087de48e5856e32f45d719a03804c891d6deb8d4f71a660e79e4a47?s=96&d=mm&r=g\",\"contentUrl\":\"https:\\\/\\\/secure.gravatar.com\\\/avatar\\\/862a5569d087de48e5856e32f45d719a03804c891d6deb8d4f71a660e79e4a47?s=96&d=mm&r=g\",\"caption\":\"Roger Str\u00e4ssle\"},\"url\":\"https:\\\/\\\/news.save.ch\\\/it\\\/author\\\/roger-straessle\\\/\"}]}<\/script>\n<!-- \/ Yoast SEO plugin. -->","yoast_head_json":{"title":"Dividendo pi\u00f9 alto, il CEO Cadonau con doppia funzione - Save","description":"In occasione dell'Assemblea generale annuale di Dormakaba Holding AG del 23 ottobre 2018 a Regensdorf ZH, gli azionisti hanno approvato tutte le proposte.","robots":{"index":"index","follow":"follow","max-snippet":"max-snippet:-1","max-image-preview":"max-image-preview:large","max-video-preview":"max-video-preview:-1"},"canonical":"https:\/\/news.save.ch\/it\/dormakaba-gv-hoehere-dividende-cadonau-mit-doppelfunktion\/","og_locale":"it_IT","og_type":"article","og_title":"H\u00f6here Dividende, CEO Cadonau mit Doppelfunktion - Save","og_description":"An der ordentlichen Generalversammlung der Dormakaba Holding AG vom 23. Oktober 2018 in Regensdorf ZH haben die Aktion\u00e4re alle Antr\u00e4ge angenommen.","og_url":"https:\/\/news.save.ch\/it\/dormakaba-gv-hoehere-dividende-cadonau-mit-doppelfunktion\/","og_site_name":"Save","article_published_time":"2018-10-24T07:34:30+00:00","og_image":[{"width":1400,"height":933,"url":"https:\/\/news.save.ch\/wp-content\/uploads\/2018\/10\/pic-headquarters-2-data-scaled-1-scaled.jpg","type":"image\/jpeg"}],"author":"Roger Str\u00e4ssle","twitter_card":"summary_large_image","twitter_misc":{"Scritto da":"Roger Str\u00e4ssle","Tempo di lettura stimato":"1 minuto"},"schema":{"@context":"https:\/\/schema.org","@graph":[{"@type":"Article","@id":"https:\/\/news.save.ch\/dormakaba-gv-hoehere-dividende-cadonau-mit-doppelfunktion\/#article","isPartOf":{"@id":"https:\/\/news.save.ch\/dormakaba-gv-hoehere-dividende-cadonau-mit-doppelfunktion\/"},"author":{"name":"Roger Str\u00e4ssle","@id":"https:\/\/news.save.ch\/de\/#\/schema\/person\/d5022db048e0e2b9785c50e5b24da5aa"},"headline":"H\u00f6here Dividende, CEO Cadonau mit Doppelfunktion","datePublished":"2018-10-24T07:34:30+00:00","mainEntityOfPage":{"@id":"https:\/\/news.save.ch\/dormakaba-gv-hoehere-dividende-cadonau-mit-doppelfunktion\/"},"wordCount":279,"commentCount":0,"publisher":{"@id":"https:\/\/news.save.ch\/de\/#organization"},"image":{"@id":"https:\/\/news.save.ch\/dormakaba-gv-hoehere-dividende-cadonau-mit-doppelfunktion\/#primaryimage"},"thumbnailUrl":"https:\/\/news.save.ch\/wp-content\/uploads\/2018\/10\/pic-headquarters-2-data-scaled-1-scaled.jpg","keywords":["Generalversammlung","Unternehmen"],"articleSection":["ALLGEMEIN"],"inLanguage":"it-IT"},{"@type":"WebPage","@id":"https:\/\/news.save.ch\/dormakaba-gv-hoehere-dividende-cadonau-mit-doppelfunktion\/","url":"https:\/\/news.save.ch\/dormakaba-gv-hoehere-dividende-cadonau-mit-doppelfunktion\/","name":"Dividendo pi\u00f9 alto, il CEO Cadonau con doppia funzione - Save","isPartOf":{"@id":"https:\/\/news.save.ch\/de\/#website"},"primaryImageOfPage":{"@id":"https:\/\/news.save.ch\/dormakaba-gv-hoehere-dividende-cadonau-mit-doppelfunktion\/#primaryimage"},"image":{"@id":"https:\/\/news.save.ch\/dormakaba-gv-hoehere-dividende-cadonau-mit-doppelfunktion\/#primaryimage"},"thumbnailUrl":"https:\/\/news.save.ch\/wp-content\/uploads\/2018\/10\/pic-headquarters-2-data-scaled-1-scaled.jpg","datePublished":"2018-10-24T07:34:30+00:00","description":"In occasione dell'Assemblea generale annuale di Dormakaba Holding AG del 23 ottobre 2018 a Regensdorf ZH, gli azionisti hanno approvato tutte le proposte.","breadcrumb":{"@id":"https:\/\/news.save.ch\/dormakaba-gv-hoehere-dividende-cadonau-mit-doppelfunktion\/#breadcrumb"},"inLanguage":"it-IT","potentialAction":[{"@type":"ReadAction","target":["https:\/\/news.save.ch\/dormakaba-gv-hoehere-dividende-cadonau-mit-doppelfunktion\/"]}]},{"@type":"ImageObject","inLanguage":"it-IT","@id":"https:\/\/news.save.ch\/dormakaba-gv-hoehere-dividende-cadonau-mit-doppelfunktion\/#primaryimage","url":"https:\/\/news.save.ch\/wp-content\/uploads\/2018\/10\/pic-headquarters-2-data-scaled-1-scaled.jpg","contentUrl":"https:\/\/news.save.ch\/wp-content\/uploads\/2018\/10\/pic-headquarters-2-data-scaled-1-scaled.jpg","width":1400,"height":933,"caption":"\u00a9 dormakaba"},{"@type":"BreadcrumbList","@id":"https:\/\/news.save.ch\/dormakaba-gv-hoehere-dividende-cadonau-mit-doppelfunktion\/#breadcrumb","itemListElement":[{"@type":"ListItem","position":1,"name":"Home","item":"https:\/\/news.save.ch\/de\/"},{"@type":"ListItem","position":2,"name":"H\u00f6here Dividende, CEO Cadonau mit Doppelfunktion"}]},{"@type":"WebSite","@id":"https:\/\/news.save.ch\/de\/#website","url":"https:\/\/news.save.ch\/de\/","name":"Risparmiare","description":"Rivista svizzera specializzata in sicurezza","publisher":{"@id":"https:\/\/news.save.ch\/de\/#organization"},"potentialAction":[{"@type":"SearchAction","target":{"@type":"EntryPoint","urlTemplate":"https:\/\/news.save.ch\/de\/?s={search_term_string}"},"query-input":{"@type":"PropertyValueSpecification","valueRequired":true,"valueName":"search_term_string"}}],"inLanguage":"it-IT"},{"@type":"Organization","@id":"https:\/\/news.save.ch\/de\/#organization","name":"Forum sulla sicurezza","url":"https:\/\/news.save.ch\/de\/","logo":{"@type":"ImageObject","inLanguage":"it-IT","@id":"https:\/\/news.save.ch\/de\/#\/schema\/logo\/image\/","url":"https:\/\/news.save.ch\/wp-content\/uploads\/2022\/06\/Logo_SF_2012.png","contentUrl":"https:\/\/news.save.ch\/wp-content\/uploads\/2022\/06\/Logo_SF_2012.png","width":1100,"height":91,"caption":"Sicherheitsforum"},"image":{"@id":"https:\/\/news.save.ch\/de\/#\/schema\/logo\/image\/"}},{"@type":"Person","@id":"https:\/\/news.save.ch\/de\/#\/schema\/person\/d5022db048e0e2b9785c50e5b24da5aa","name":"Roger Str\u00e4ssle","image":{"@type":"ImageObject","inLanguage":"it-IT","@id":"https:\/\/secure.gravatar.com\/avatar\/862a5569d087de48e5856e32f45d719a03804c891d6deb8d4f71a660e79e4a47?s=96&d=mm&r=g","url":"https:\/\/secure.gravatar.com\/avatar\/862a5569d087de48e5856e32f45d719a03804c891d6deb8d4f71a660e79e4a47?s=96&d=mm&r=g","contentUrl":"https:\/\/secure.gravatar.com\/avatar\/862a5569d087de48e5856e32f45d719a03804c891d6deb8d4f71a660e79e4a47?s=96&d=mm&r=g","caption":"Roger Str\u00e4ssle"},"url":"https:\/\/news.save.ch\/it\/author\/roger-straessle\/"}]}},"_links":{"self":[{"href":"https:\/\/news.save.ch\/it\/wp-json\/wp\/v2\/posts\/7107","targetHints":{"allow":["GET"]}}],"collection":[{"href":"https:\/\/news.save.ch\/it\/wp-json\/wp\/v2\/posts"}],"about":[{"href":"https:\/\/news.save.ch\/it\/wp-json\/wp\/v2\/types\/post"}],"author":[{"embeddable":true,"href":"https:\/\/news.save.ch\/it\/wp-json\/wp\/v2\/users\/8"}],"replies":[{"embeddable":true,"href":"https:\/\/news.save.ch\/it\/wp-json\/wp\/v2\/comments?post=7107"}],"version-history":[{"count":0,"href":"https:\/\/news.save.ch\/it\/wp-json\/wp\/v2\/posts\/7107\/revisions"}],"wp:featuredmedia":[{"embeddable":true,"href":"https:\/\/news.save.ch\/it\/wp-json\/wp\/v2\/media\/7108"}],"wp:attachment":[{"href":"https:\/\/news.save.ch\/it\/wp-json\/wp\/v2\/media?parent=7107"}],"wp:term":[{"taxonomy":"category","embeddable":true,"href":"https:\/\/news.save.ch\/it\/wp-json\/wp\/v2\/categories?post=7107"},{"taxonomy":"post_tag","embeddable":true,"href":"https:\/\/news.save.ch\/it\/wp-json\/wp\/v2\/tags?post=7107"}],"curies":[{"name":"wp","href":"https:\/\/api.w.org\/{rel}","templated":true}]}}