{"id":7112,"date":"2021-04-21T07:20:28","date_gmt":"2021-04-21T05:20:28","guid":{"rendered":"https:\/\/news.save.ch\/?p=7112"},"modified":"2023-07-21T01:41:03","modified_gmt":"2023-07-20T23:41:03","slug":"covid-19-abfaelle-richtig-entsorgen","status":null,"type":"post","link":"https:\/\/news.save.ch\/it\/covid-19-abfaelle-richtig-entsorgen\/","title":{"rendered":"Covid-19: Smaltire correttamente i rifiuti"},"content":{"rendered":"<figure id=\"attachment_7113\" aria-describedby=\"caption-attachment-7113\" style=\"width: 150px\" class=\"wp-caption alignnone\"><img loading=\"lazy\" decoding=\"async\" class=\"wp-image-7113 size-thumbnail\" src=\"https:\/\/news.save.ch\/wp-content\/uploads\/2021\/04\/Impfungen_Deposit-150x150.jpeg\" alt=\"Rifiuti\" width=\"150\" height=\"150\" srcset=\"https:\/\/news.save.ch\/wp-content\/uploads\/2021\/04\/Impfungen_Deposit-150x150.jpeg 150w, https:\/\/news.save.ch\/wp-content\/uploads\/2021\/04\/Impfungen_Deposit-250x250.jpeg 250w\" sizes=\"auto, (max-width: 150px) 100vw, 150px\" \/><figcaption id=\"caption-attachment-7113\" class=\"wp-caption-text\">\u00a9 Depositphotos, Dan74<\/figcaption><\/figure>\n<p>In relazione alla Covid-19, c'\u00e8 una quantit\u00e0 crescente di rifiuti che devono essere smaltiti in modo sicuro. Cosa bisogna considerare quando si gestiscono i rifiuti delle vaccinazioni, ad esempio i residui di vaccini vettoriali, in modo da evitare nuovi rischi? L'Agenzia federale per l'ambiente (<a href=\"https:\/\/www.umweltbundesamt.de\/service\/glossar\/u?tag=UBA#alphabar\" target=\"_blank\" rel=\"noopener\">UBA<\/a>) Germania, insieme all'Istituto Robert Koch (<a href=\"https:\/\/www.umweltbundesamt.de\/service\/glossar\/r?tag=RKI#alphabar\" target=\"_blank\" rel=\"noopener\">RKI<\/a>) e altri partner <a href=\"https:\/\/www.umweltbundesamt.de\/sites\/default\/files\/medien\/421\/dokumente\/hinweise_zur_entsorgung_von_abfaellen_aus_massnahmen_zur_eindaemmung_von_covid_stand_16.3.21.pdf\" target=\"_blank\" rel=\"noopener\">Raccomandazioni per la gestione dei rifiuti generati in relazione a Covid-19<\/a> elaborato.<\/p>\n<h2>Attenzione al rischio di lesioni<\/h2>\n<p>Nel complesso, la raccomandazione non prevede requisiti particolari per lo smaltimento dei rifiuti provenienti dai centri di vaccinazione e di analisi. Si pu\u00f2 presumere che non vi sia alcun pericolo per le fiale di vaccino o i test rapidi usati: Quando si producono oggetti appuntiti e taglienti (ad esempio, cannule), \u00e8 necessario osservare le necessarie misure di sicurezza sul lavoro durante lo smaltimento dei rifiuti e ridurre al minimo il rischio di lesioni utilizzando imballaggi resistenti alla rottura e alla perforazione, ha affermato l'UBA.<\/p>\n<p><em>Fonte: Agenzia federale dell'ambiente<\/em><\/p>","protected":false},"excerpt":{"rendered":"<p>Im Zusammenhang mit Covid-19 fallen vermehrt Abf\u00e4lle an, die sicher zu entsorgen sind. Was gilt es bei der Handhabung von Abf\u00e4llen aus der Verimpfung, z.B. Resten von vektorbasierten Impfstoffen, zu ber\u00fccksichtigen, damit keine neuen Risiken entstehen? Das Umweltbundesamt (\u2060UBA\u2060) Deutschland hat gemeinsam mit dem Robert Koch-Institut (\u2060RKI\u2060) und weiteren Partnern Empfehlungen zum Umgang mit anfallenden [&hellip;]<\/p>\n","protected":false},"author":9,"featured_media":7113,"comment_status":"closed","ping_status":"closed","sticky":false,"template":"","format":"standard","meta":{"_acf_changed":false,"pgc_sgb_lightbox_settings":"","footnotes":""},"categories":[3314],"tags":[5596,632,1154,2806,5598,5597],"class_list":["post-7112","post","type-post","status-publish","format-standard","has-post-thumbnail","hentry","category-health-safety","tag-abfaelle","tag-covid-19","tag-impfstoffe","tag-rki","tag-robert-koch-institut","tag-umweltbundesamt"],"acf":[],"hkrextid":null,"publication":null,"issue":null,"workflow":null,"startPage":null,"spitzmarke":null,"_posts_by_tag_page_fields":{"widget_title":"","widget_tags":""},"_at_widget":"1","_yoast_wpseo_primary_category":"","_yoast_wpseo_focuskw_text_input":null,"_yoast_wpseo_opengraph-image":null,"_yoast_wpseo_opengraph-description":null,"_yoast_wpseo_opengraph-title":null,"enclosure":null,"_yoast_wpseo_twitter-title":null,"_yoast_wpseo_twitter-description":null,"_yoast_wpseo_twitter-image":null,"_wp_old_slug":null,"_yoast_wpseo_title":null,"_yoast_wpseo_canonical":null,"yoast_head":"<!-- This site is optimized with the Yoast SEO plugin v27.5 - https:\/\/yoast.com\/product\/yoast-seo-wordpress\/ -->\n<title>Covid-19: Abf\u00e4lle richtig entsorgen - Save<\/title>\n<meta name=\"description\" content=\"Geht von gebrauchten Corona-Schnelltests oder von Impfabf\u00e4llen eine Infektionsgefahr aus? Wie sollten Abf\u00e4lle, die beim Testen oder Impfen anfallen, entsorgt werden?\" \/>\n<meta name=\"robots\" content=\"index, follow, max-snippet:-1, max-image-preview:large, max-video-preview:-1\" \/>\n<link rel=\"canonical\" href=\"https:\/\/news.save.ch\/it\/covid-19-abfaelle-richtig-entsorgen\/\" \/>\n<meta property=\"og:locale\" content=\"it_IT\" \/>\n<meta property=\"og:type\" content=\"article\" \/>\n<meta property=\"og:title\" content=\"Covid-19: Abf\u00e4lle richtig entsorgen - Save\" \/>\n<meta property=\"og:description\" content=\"Geht von gebrauchten Corona-Schnelltests oder von Impfabf\u00e4llen eine Infektionsgefahr aus? Wie sollten Abf\u00e4lle, die beim Testen oder Impfen anfallen, entsorgt werden?\" \/>\n<meta property=\"og:url\" content=\"https:\/\/news.save.ch\/it\/covid-19-abfaelle-richtig-entsorgen\/\" \/>\n<meta property=\"og:site_name\" content=\"Save\" \/>\n<meta property=\"article:published_time\" content=\"2021-04-21T05:20:28+00:00\" \/>\n<meta property=\"article:modified_time\" content=\"2023-07-20T23:41:03+00:00\" \/>\n<meta property=\"og:image\" content=\"https:\/\/news.save.ch\/wp-content\/uploads\/2021\/04\/Impfungen_Deposit.jpeg\" \/>\n\t<meta property=\"og:image:width\" content=\"680\" \/>\n\t<meta property=\"og:image:height\" content=\"451\" \/>\n\t<meta property=\"og:image:type\" content=\"image\/jpeg\" \/>\n<meta name=\"author\" content=\"Simon Gr\u00f6flin\" \/>\n<meta name=\"twitter:card\" content=\"summary_large_image\" \/>\n<meta name=\"twitter:label1\" content=\"Scritto da\" \/>\n\t<meta name=\"twitter:data1\" content=\"Simon Gr\u00f6flin\" \/>\n\t<meta name=\"twitter:label2\" content=\"Tempo di lettura stimato\" \/>\n\t<meta name=\"twitter:data2\" content=\"2 minuti\" \/>\n<script type=\"application\/ld+json\" class=\"yoast-schema-graph\">{\"@context\":\"https:\\\/\\\/schema.org\",\"@graph\":[{\"@type\":\"Article\",\"@id\":\"https:\\\/\\\/news.save.ch\\\/covid-19-abfaelle-richtig-entsorgen\\\/#article\",\"isPartOf\":{\"@id\":\"https:\\\/\\\/news.save.ch\\\/covid-19-abfaelle-richtig-entsorgen\\\/\"},\"author\":{\"name\":\"Simon Gr\u00f6flin\",\"@id\":\"https:\\\/\\\/news.save.ch\\\/de\\\/#\\\/schema\\\/person\\\/ad4ef21102fd6125312409ac57d5296d\"},\"headline\":\"Covid-19: Abf\u00e4lle richtig entsorgen\",\"datePublished\":\"2021-04-21T05:20:28+00:00\",\"dateModified\":\"2023-07-20T23:41:03+00:00\",\"mainEntityOfPage\":{\"@id\":\"https:\\\/\\\/news.save.ch\\\/covid-19-abfaelle-richtig-entsorgen\\\/\"},\"wordCount\":164,\"publisher\":{\"@id\":\"https:\\\/\\\/news.save.ch\\\/de\\\/#organization\"},\"image\":{\"@id\":\"https:\\\/\\\/news.save.ch\\\/covid-19-abfaelle-richtig-entsorgen\\\/#primaryimage\"},\"thumbnailUrl\":\"https:\\\/\\\/news.save.ch\\\/wp-content\\\/uploads\\\/2021\\\/04\\\/Impfungen_Deposit.jpeg\",\"keywords\":[\"Abf\u00e4lle\",\"Covid-19\",\"Impfstoffe\",\"RKI\",\"Robert Koch-Institut\",\"Umweltbundesamt\"],\"articleSection\":[\"HEALTH &amp; SAFETY\"],\"inLanguage\":\"it-IT\"},{\"@type\":\"WebPage\",\"@id\":\"https:\\\/\\\/news.save.ch\\\/covid-19-abfaelle-richtig-entsorgen\\\/\",\"url\":\"https:\\\/\\\/news.save.ch\\\/covid-19-abfaelle-richtig-entsorgen\\\/\",\"name\":\"Covid-19: Abf\u00e4lle richtig entsorgen - Save\",\"isPartOf\":{\"@id\":\"https:\\\/\\\/news.save.ch\\\/de\\\/#website\"},\"primaryImageOfPage\":{\"@id\":\"https:\\\/\\\/news.save.ch\\\/covid-19-abfaelle-richtig-entsorgen\\\/#primaryimage\"},\"image\":{\"@id\":\"https:\\\/\\\/news.save.ch\\\/covid-19-abfaelle-richtig-entsorgen\\\/#primaryimage\"},\"thumbnailUrl\":\"https:\\\/\\\/news.save.ch\\\/wp-content\\\/uploads\\\/2021\\\/04\\\/Impfungen_Deposit.jpeg\",\"datePublished\":\"2021-04-21T05:20:28+00:00\",\"dateModified\":\"2023-07-20T23:41:03+00:00\",\"description\":\"Geht von gebrauchten Corona-Schnelltests oder von Impfabf\u00e4llen eine Infektionsgefahr aus? Wie sollten Abf\u00e4lle, die beim Testen oder Impfen anfallen, entsorgt werden?\",\"breadcrumb\":{\"@id\":\"https:\\\/\\\/news.save.ch\\\/covid-19-abfaelle-richtig-entsorgen\\\/#breadcrumb\"},\"inLanguage\":\"it-IT\",\"potentialAction\":[{\"@type\":\"ReadAction\",\"target\":[\"https:\\\/\\\/news.save.ch\\\/covid-19-abfaelle-richtig-entsorgen\\\/\"]}]},{\"@type\":\"ImageObject\",\"inLanguage\":\"it-IT\",\"@id\":\"https:\\\/\\\/news.save.ch\\\/covid-19-abfaelle-richtig-entsorgen\\\/#primaryimage\",\"url\":\"https:\\\/\\\/news.save.ch\\\/wp-content\\\/uploads\\\/2021\\\/04\\\/Impfungen_Deposit.jpeg\",\"contentUrl\":\"https:\\\/\\\/news.save.ch\\\/wp-content\\\/uploads\\\/2021\\\/04\\\/Impfungen_Deposit.jpeg\",\"width\":680,\"height\":451,\"caption\":\"\u00a9 Depositphotos, Dan74\"},{\"@type\":\"BreadcrumbList\",\"@id\":\"https:\\\/\\\/news.save.ch\\\/covid-19-abfaelle-richtig-entsorgen\\\/#breadcrumb\",\"itemListElement\":[{\"@type\":\"ListItem\",\"position\":1,\"name\":\"Home\",\"item\":\"https:\\\/\\\/news.save.ch\\\/de\\\/\"},{\"@type\":\"ListItem\",\"position\":2,\"name\":\"Covid-19: Abf\u00e4lle richtig entsorgen\"}]},{\"@type\":\"WebSite\",\"@id\":\"https:\\\/\\\/news.save.ch\\\/de\\\/#website\",\"url\":\"https:\\\/\\\/news.save.ch\\\/de\\\/\",\"name\":\"Save\",\"description\":\"Schweizer Fachzeitschrift f\u00fcr Sicherheit\",\"publisher\":{\"@id\":\"https:\\\/\\\/news.save.ch\\\/de\\\/#organization\"},\"potentialAction\":[{\"@type\":\"SearchAction\",\"target\":{\"@type\":\"EntryPoint\",\"urlTemplate\":\"https:\\\/\\\/news.save.ch\\\/de\\\/?s={search_term_string}\"},\"query-input\":{\"@type\":\"PropertyValueSpecification\",\"valueRequired\":true,\"valueName\":\"search_term_string\"}}],\"inLanguage\":\"it-IT\"},{\"@type\":\"Organization\",\"@id\":\"https:\\\/\\\/news.save.ch\\\/de\\\/#organization\",\"name\":\"Sicherheitsforum\",\"url\":\"https:\\\/\\\/news.save.ch\\\/de\\\/\",\"logo\":{\"@type\":\"ImageObject\",\"inLanguage\":\"it-IT\",\"@id\":\"https:\\\/\\\/news.save.ch\\\/de\\\/#\\\/schema\\\/logo\\\/image\\\/\",\"url\":\"https:\\\/\\\/news.save.ch\\\/wp-content\\\/uploads\\\/2022\\\/06\\\/Logo_SF_2012.png\",\"contentUrl\":\"https:\\\/\\\/news.save.ch\\\/wp-content\\\/uploads\\\/2022\\\/06\\\/Logo_SF_2012.png\",\"width\":1100,\"height\":91,\"caption\":\"Sicherheitsforum\"},\"image\":{\"@id\":\"https:\\\/\\\/news.save.ch\\\/de\\\/#\\\/schema\\\/logo\\\/image\\\/\"}},{\"@type\":\"Person\",\"@id\":\"https:\\\/\\\/news.save.ch\\\/de\\\/#\\\/schema\\\/person\\\/ad4ef21102fd6125312409ac57d5296d\",\"name\":\"Simon Gr\u00f6flin\",\"image\":{\"@type\":\"ImageObject\",\"inLanguage\":\"it-IT\",\"@id\":\"https:\\\/\\\/secure.gravatar.com\\\/avatar\\\/6ddceb80eb734354635539e0ea5140bb7c41e42de7c45c9a2ab9921b5d5c9a83?s=96&d=mm&r=g\",\"url\":\"https:\\\/\\\/secure.gravatar.com\\\/avatar\\\/6ddceb80eb734354635539e0ea5140bb7c41e42de7c45c9a2ab9921b5d5c9a83?s=96&d=mm&r=g\",\"contentUrl\":\"https:\\\/\\\/secure.gravatar.com\\\/avatar\\\/6ddceb80eb734354635539e0ea5140bb7c41e42de7c45c9a2ab9921b5d5c9a83?s=96&d=mm&r=g\",\"caption\":\"Simon Gr\u00f6flin\"},\"url\":\"https:\\\/\\\/news.save.ch\\\/it\\\/author\\\/simon-groeflin\\\/\"}]}<\/script>\n<!-- \/ Yoast SEO plugin. -->","yoast_head_json":{"title":"Covid-19: Smaltire correttamente i rifiuti - Risparmiare","description":"Esiste un rischio di infezione derivante dai test rapidi Corona usati o dai rifiuti delle vaccinazioni? Come devono essere smaltiti i rifiuti dei test o delle vaccinazioni?","robots":{"index":"index","follow":"follow","max-snippet":"max-snippet:-1","max-image-preview":"max-image-preview:large","max-video-preview":"max-video-preview:-1"},"canonical":"https:\/\/news.save.ch\/it\/covid-19-abfaelle-richtig-entsorgen\/","og_locale":"it_IT","og_type":"article","og_title":"Covid-19: Abf\u00e4lle richtig entsorgen - Save","og_description":"Geht von gebrauchten Corona-Schnelltests oder von Impfabf\u00e4llen eine Infektionsgefahr aus? Wie sollten Abf\u00e4lle, die beim Testen oder Impfen anfallen, entsorgt werden?","og_url":"https:\/\/news.save.ch\/it\/covid-19-abfaelle-richtig-entsorgen\/","og_site_name":"Save","article_published_time":"2021-04-21T05:20:28+00:00","article_modified_time":"2023-07-20T23:41:03+00:00","og_image":[{"width":680,"height":451,"url":"https:\/\/news.save.ch\/wp-content\/uploads\/2021\/04\/Impfungen_Deposit.jpeg","type":"image\/jpeg"}],"author":"Simon Gr\u00f6flin","twitter_card":"summary_large_image","twitter_misc":{"Scritto da":"Simon Gr\u00f6flin","Tempo di lettura stimato":"2 minuti"},"schema":{"@context":"https:\/\/schema.org","@graph":[{"@type":"Article","@id":"https:\/\/news.save.ch\/covid-19-abfaelle-richtig-entsorgen\/#article","isPartOf":{"@id":"https:\/\/news.save.ch\/covid-19-abfaelle-richtig-entsorgen\/"},"author":{"name":"Simon Gr\u00f6flin","@id":"https:\/\/news.save.ch\/de\/#\/schema\/person\/ad4ef21102fd6125312409ac57d5296d"},"headline":"Covid-19: Abf\u00e4lle richtig entsorgen","datePublished":"2021-04-21T05:20:28+00:00","dateModified":"2023-07-20T23:41:03+00:00","mainEntityOfPage":{"@id":"https:\/\/news.save.ch\/covid-19-abfaelle-richtig-entsorgen\/"},"wordCount":164,"publisher":{"@id":"https:\/\/news.save.ch\/de\/#organization"},"image":{"@id":"https:\/\/news.save.ch\/covid-19-abfaelle-richtig-entsorgen\/#primaryimage"},"thumbnailUrl":"https:\/\/news.save.ch\/wp-content\/uploads\/2021\/04\/Impfungen_Deposit.jpeg","keywords":["Abf\u00e4lle","Covid-19","Impfstoffe","RKI","Robert Koch-Institut","Umweltbundesamt"],"articleSection":["HEALTH &amp; SAFETY"],"inLanguage":"it-IT"},{"@type":"WebPage","@id":"https:\/\/news.save.ch\/covid-19-abfaelle-richtig-entsorgen\/","url":"https:\/\/news.save.ch\/covid-19-abfaelle-richtig-entsorgen\/","name":"Covid-19: Smaltire correttamente i rifiuti - Risparmiare","isPartOf":{"@id":"https:\/\/news.save.ch\/de\/#website"},"primaryImageOfPage":{"@id":"https:\/\/news.save.ch\/covid-19-abfaelle-richtig-entsorgen\/#primaryimage"},"image":{"@id":"https:\/\/news.save.ch\/covid-19-abfaelle-richtig-entsorgen\/#primaryimage"},"thumbnailUrl":"https:\/\/news.save.ch\/wp-content\/uploads\/2021\/04\/Impfungen_Deposit.jpeg","datePublished":"2021-04-21T05:20:28+00:00","dateModified":"2023-07-20T23:41:03+00:00","description":"Esiste un rischio di infezione derivante dai test rapidi Corona usati o dai rifiuti delle vaccinazioni? Come devono essere smaltiti i rifiuti dei test o delle vaccinazioni?","breadcrumb":{"@id":"https:\/\/news.save.ch\/covid-19-abfaelle-richtig-entsorgen\/#breadcrumb"},"inLanguage":"it-IT","potentialAction":[{"@type":"ReadAction","target":["https:\/\/news.save.ch\/covid-19-abfaelle-richtig-entsorgen\/"]}]},{"@type":"ImageObject","inLanguage":"it-IT","@id":"https:\/\/news.save.ch\/covid-19-abfaelle-richtig-entsorgen\/#primaryimage","url":"https:\/\/news.save.ch\/wp-content\/uploads\/2021\/04\/Impfungen_Deposit.jpeg","contentUrl":"https:\/\/news.save.ch\/wp-content\/uploads\/2021\/04\/Impfungen_Deposit.jpeg","width":680,"height":451,"caption":"\u00a9 Depositphotos, Dan74"},{"@type":"BreadcrumbList","@id":"https:\/\/news.save.ch\/covid-19-abfaelle-richtig-entsorgen\/#breadcrumb","itemListElement":[{"@type":"ListItem","position":1,"name":"Home","item":"https:\/\/news.save.ch\/de\/"},{"@type":"ListItem","position":2,"name":"Covid-19: Abf\u00e4lle richtig entsorgen"}]},{"@type":"WebSite","@id":"https:\/\/news.save.ch\/de\/#website","url":"https:\/\/news.save.ch\/de\/","name":"Risparmiare","description":"Rivista svizzera specializzata in sicurezza","publisher":{"@id":"https:\/\/news.save.ch\/de\/#organization"},"potentialAction":[{"@type":"SearchAction","target":{"@type":"EntryPoint","urlTemplate":"https:\/\/news.save.ch\/de\/?s={search_term_string}"},"query-input":{"@type":"PropertyValueSpecification","valueRequired":true,"valueName":"search_term_string"}}],"inLanguage":"it-IT"},{"@type":"Organization","@id":"https:\/\/news.save.ch\/de\/#organization","name":"Forum sulla sicurezza","url":"https:\/\/news.save.ch\/de\/","logo":{"@type":"ImageObject","inLanguage":"it-IT","@id":"https:\/\/news.save.ch\/de\/#\/schema\/logo\/image\/","url":"https:\/\/news.save.ch\/wp-content\/uploads\/2022\/06\/Logo_SF_2012.png","contentUrl":"https:\/\/news.save.ch\/wp-content\/uploads\/2022\/06\/Logo_SF_2012.png","width":1100,"height":91,"caption":"Sicherheitsforum"},"image":{"@id":"https:\/\/news.save.ch\/de\/#\/schema\/logo\/image\/"}},{"@type":"Person","@id":"https:\/\/news.save.ch\/de\/#\/schema\/person\/ad4ef21102fd6125312409ac57d5296d","name":"Simon Gr\u00f6flin","image":{"@type":"ImageObject","inLanguage":"it-IT","@id":"https:\/\/secure.gravatar.com\/avatar\/6ddceb80eb734354635539e0ea5140bb7c41e42de7c45c9a2ab9921b5d5c9a83?s=96&d=mm&r=g","url":"https:\/\/secure.gravatar.com\/avatar\/6ddceb80eb734354635539e0ea5140bb7c41e42de7c45c9a2ab9921b5d5c9a83?s=96&d=mm&r=g","contentUrl":"https:\/\/secure.gravatar.com\/avatar\/6ddceb80eb734354635539e0ea5140bb7c41e42de7c45c9a2ab9921b5d5c9a83?s=96&d=mm&r=g","caption":"Simon Gr\u00f6flin"},"url":"https:\/\/news.save.ch\/it\/author\/simon-groeflin\/"}]}},"_links":{"self":[{"href":"https:\/\/news.save.ch\/it\/wp-json\/wp\/v2\/posts\/7112","targetHints":{"allow":["GET"]}}],"collection":[{"href":"https:\/\/news.save.ch\/it\/wp-json\/wp\/v2\/posts"}],"about":[{"href":"https:\/\/news.save.ch\/it\/wp-json\/wp\/v2\/types\/post"}],"author":[{"embeddable":true,"href":"https:\/\/news.save.ch\/it\/wp-json\/wp\/v2\/users\/9"}],"replies":[{"embeddable":true,"href":"https:\/\/news.save.ch\/it\/wp-json\/wp\/v2\/comments?post=7112"}],"version-history":[{"count":3,"href":"https:\/\/news.save.ch\/it\/wp-json\/wp\/v2\/posts\/7112\/revisions"}],"predecessor-version":[{"id":21103,"href":"https:\/\/news.save.ch\/it\/wp-json\/wp\/v2\/posts\/7112\/revisions\/21103"}],"wp:featuredmedia":[{"embeddable":true,"href":"https:\/\/news.save.ch\/it\/wp-json\/wp\/v2\/media\/7113"}],"wp:attachment":[{"href":"https:\/\/news.save.ch\/it\/wp-json\/wp\/v2\/media?parent=7112"}],"wp:term":[{"taxonomy":"category","embeddable":true,"href":"https:\/\/news.save.ch\/it\/wp-json\/wp\/v2\/categories?post=7112"},{"taxonomy":"post_tag","embeddable":true,"href":"https:\/\/news.save.ch\/it\/wp-json\/wp\/v2\/tags?post=7112"}],"curies":[{"name":"wp","href":"https:\/\/api.w.org\/{rel}","templated":true}]}}