{"id":7122,"date":"2021-04-28T08:54:35","date_gmt":"2021-04-28T06:54:35","guid":{"rendered":"https:\/\/news.save.ch\/?p=7122"},"modified":"2023-07-20T09:50:56","modified_gmt":"2023-07-20T07:50:56","slug":"aldi-suisse-ruft-gasgrill-boston-pro-3-r-turbo-zurueck","status":null,"type":"post","link":"https:\/\/news.save.ch\/it\/aldi-suisse-ruft-gasgrill-boston-pro-3-r-turbo-zurueck\/","title":{"rendered":"Aldi Suisse richiama il grill a gas Boston Pro 3 R Turbo"},"content":{"rendered":"<p><img loading=\"lazy\" decoding=\"async\" class=\"alignnone wp-image-7124 size-full\" src=\"http:\/\/develop.safety-plus.ch\/wp-content\/uploads\/2021\/04\/Gasgrill_Turbo.jpg\" alt=\"Barbecue a gas\" width=\"673\" height=\"410\" \/><\/p>\n<p>Non si pu\u00f2 escludere che il grillo a gas \"Boston Pro 3 R Turbo\" sia stato consegnato con un regolatore di pressione estraneo non compatibile con le bombole di gas svizzere. Il regolatore di pressione estraneo non pu\u00f2 essere collegato saldamente alle bombole di gas, per cui il gas pu\u00f2 fuoriuscire e vi \u00e8 il rischio di incendio tra il regolatore di pressione e la bombola.<\/p>\n<h2>Quali sono i prodotti interessati?<\/h2>\n<p>I prodotti interessati dal richiamo sono i grilli a gas \"Boston Pro 3 R Turbo\" che sono stati consegnati con un raccordo estraneo per la bombola del gas (vedere l'immagine con la differenza tra il regolatore di pressione estero e quello svizzero).<\/p>\n<h2>Cosa devono fare i consumatori interessati?<\/h2>\n<p>I consumatori che possiedono un barbecue a gas \"Boston Pro 3 R Turbo\" sono pregati di verificare se il loro apparecchio \u00e8 dotato di un regolatore di pressione corretto e conforme allo standard svizzero (cfr. l'immagine allegata con la differenza tra il regolatore di pressione straniero e quello svizzero).<\/p>\n<p>Se il barbecue a gas \u00e8 dotato di un regolatore di pressione estraneo e non conforme, non pu\u00f2 pi\u00f9 utilizzare l'apparecchio e deve restituirlo a una filiale Aldi-Susse. Verr\u00e0 rimborsato il prezzo d'acquisto anche senza la prova d'acquisto.<\/p>\n<p><em>Fonte: Ufficio federale dei consumatori<\/em><\/p>","protected":false},"excerpt":{"rendered":"<p>Es kann nicht ausgeschlossen werden, dass die Gasgrille \u00abBoston Pro 3 R Turbo\u00bb mit einem ausl\u00e4ndischen Druckregler ausgeliefert wurden, der nicht kompatibel mit schweizerischen Gasflaschen ist. Der ausl\u00e4ndische Druckregler kann nicht dicht an die Gasflaschen angeschlossen werden, so dass es zu einem Gasaustritt kommt und die Gefahr eines Brandes zwischen Druckregler und Flasche besteht. Welche [&hellip;]<\/p>\n","protected":false},"author":9,"featured_media":16426,"comment_status":"closed","ping_status":"closed","sticky":false,"template":"","format":"standard","meta":{"_acf_changed":false,"pgc_sgb_lightbox_settings":"","footnotes":""},"categories":[3314],"tags":[5586,5584,2124,141,2715,5585],"class_list":["post-7122","post","type-post","status-publish","format-standard","has-post-thumbnail","hentry","category-health-safety","tag-aldi-suisse-filiale","tag-auslaendischer-druckregler","tag-gasgrill","tag-praevention","tag-produktrueckruf","tag-schweizerische-gasflaschen"],"acf":[],"hkrextid":null,"publication":null,"issue":null,"workflow":null,"startPage":null,"spitzmarke":null,"_posts_by_tag_page_fields":{"widget_title":"","widget_tags":""},"_at_widget":"1","_yoast_wpseo_primary_category":"","_yoast_wpseo_focuskw_text_input":null,"_yoast_wpseo_opengraph-image":null,"_yoast_wpseo_opengraph-description":null,"_yoast_wpseo_opengraph-title":null,"enclosure":null,"_yoast_wpseo_twitter-title":null,"_yoast_wpseo_twitter-description":null,"_yoast_wpseo_twitter-image":null,"_wp_old_slug":null,"_yoast_wpseo_title":null,"_yoast_wpseo_canonical":null,"yoast_head":"<!-- This site is optimized with the Yoast SEO plugin v27.4 - https:\/\/yoast.com\/product\/yoast-seo-wordpress\/ -->\n<title>Aldi Suisse ruft Gasgrill Boston Pro 3 R Turbo zur\u00fcck - Save<\/title>\n<meta name=\"description\" content=\"In Zusammenarbeit mit der zust\u00e4ndigen Marktaufsichtsbeh\u00f6rde, dem Schweizerischen Verein des Gas- und Wasserfaches (SVGW), ruft Aldi Suisse diejenigen Gasgrille \u00abBoston Pro 3 R Turbo\u00bb zur\u00fcck, die mit einem ausl\u00e4ndischen Anschluss f\u00fcr die Gasflasche ausgeliefert wurden. Betroffene Kunden erhalten den Kaufpreis r\u00fcckerstattet.\" \/>\n<meta name=\"robots\" content=\"index, follow, max-snippet:-1, max-image-preview:large, max-video-preview:-1\" \/>\n<link rel=\"canonical\" href=\"https:\/\/news.save.ch\/it\/aldi-suisse-ruft-gasgrill-boston-pro-3-r-turbo-zurueck\/\" \/>\n<meta property=\"og:locale\" content=\"it_IT\" \/>\n<meta property=\"og:type\" content=\"article\" \/>\n<meta property=\"og:title\" content=\"Aldi Suisse ruft Gasgrill Boston Pro 3 R Turbo zur\u00fcck - Save\" \/>\n<meta property=\"og:description\" content=\"In Zusammenarbeit mit der zust\u00e4ndigen Marktaufsichtsbeh\u00f6rde, dem Schweizerischen Verein des Gas- und Wasserfaches (SVGW), ruft Aldi Suisse diejenigen Gasgrille \u00abBoston Pro 3 R Turbo\u00bb zur\u00fcck, die mit einem ausl\u00e4ndischen Anschluss f\u00fcr die Gasflasche ausgeliefert wurden. Betroffene Kunden erhalten den Kaufpreis r\u00fcckerstattet.\" \/>\n<meta property=\"og:url\" content=\"https:\/\/news.save.ch\/it\/aldi-suisse-ruft-gasgrill-boston-pro-3-r-turbo-zurueck\/\" \/>\n<meta property=\"og:site_name\" content=\"Save\" \/>\n<meta property=\"article:published_time\" content=\"2021-04-28T06:54:35+00:00\" \/>\n<meta property=\"article:modified_time\" content=\"2023-07-20T07:50:56+00:00\" \/>\n<meta property=\"og:image\" content=\"https:\/\/news.save.ch\/wp-content\/uploads\/2021\/04\/Gasgrill_Turbo.jpg\" \/>\n\t<meta property=\"og:image:width\" content=\"673\" \/>\n\t<meta property=\"og:image:height\" content=\"410\" \/>\n\t<meta property=\"og:image:type\" content=\"image\/jpeg\" \/>\n<meta name=\"author\" content=\"Simon Gr\u00f6flin\" \/>\n<meta name=\"twitter:card\" content=\"summary_large_image\" \/>\n<meta name=\"twitter:label1\" content=\"Scritto da\" \/>\n\t<meta name=\"twitter:data1\" content=\"Simon Gr\u00f6flin\" \/>\n\t<meta name=\"twitter:label2\" content=\"Tempo di lettura stimato\" \/>\n\t<meta name=\"twitter:data2\" content=\"2 minuti\" \/>\n<script type=\"application\/ld+json\" class=\"yoast-schema-graph\">{\"@context\":\"https:\\\/\\\/schema.org\",\"@graph\":[{\"@type\":\"Article\",\"@id\":\"https:\\\/\\\/news.save.ch\\\/aldi-suisse-ruft-gasgrill-boston-pro-3-r-turbo-zurueck\\\/#article\",\"isPartOf\":{\"@id\":\"https:\\\/\\\/news.save.ch\\\/aldi-suisse-ruft-gasgrill-boston-pro-3-r-turbo-zurueck\\\/\"},\"author\":{\"name\":\"Simon Gr\u00f6flin\",\"@id\":\"https:\\\/\\\/news.save.ch\\\/de\\\/#\\\/schema\\\/person\\\/ad4ef21102fd6125312409ac57d5296d\"},\"headline\":\"Aldi Suisse ruft Gasgrill Boston Pro 3 R Turbo zur\u00fcck\",\"datePublished\":\"2021-04-28T06:54:35+00:00\",\"dateModified\":\"2023-07-20T07:50:56+00:00\",\"mainEntityOfPage\":{\"@id\":\"https:\\\/\\\/news.save.ch\\\/aldi-suisse-ruft-gasgrill-boston-pro-3-r-turbo-zurueck\\\/\"},\"wordCount\":205,\"publisher\":{\"@id\":\"https:\\\/\\\/news.save.ch\\\/de\\\/#organization\"},\"image\":{\"@id\":\"https:\\\/\\\/news.save.ch\\\/aldi-suisse-ruft-gasgrill-boston-pro-3-r-turbo-zurueck\\\/#primaryimage\"},\"thumbnailUrl\":\"https:\\\/\\\/news.save.ch\\\/wp-content\\\/uploads\\\/2021\\\/04\\\/Gasgrill_Turbo.jpg\",\"keywords\":[\"Aldi-Suisse-Filiale\",\"ausl\u00e4ndischer Druckregler\",\"Gasgrill\",\"Pr\u00e4vention\",\"Produktr\u00fcckruf\",\"schweizerische Gasflaschen\"],\"articleSection\":[\"HEALTH &amp; SAFETY\"],\"inLanguage\":\"it-IT\"},{\"@type\":\"WebPage\",\"@id\":\"https:\\\/\\\/news.save.ch\\\/aldi-suisse-ruft-gasgrill-boston-pro-3-r-turbo-zurueck\\\/\",\"url\":\"https:\\\/\\\/news.save.ch\\\/aldi-suisse-ruft-gasgrill-boston-pro-3-r-turbo-zurueck\\\/\",\"name\":\"Aldi Suisse ruft Gasgrill Boston Pro 3 R Turbo zur\u00fcck - Save\",\"isPartOf\":{\"@id\":\"https:\\\/\\\/news.save.ch\\\/de\\\/#website\"},\"primaryImageOfPage\":{\"@id\":\"https:\\\/\\\/news.save.ch\\\/aldi-suisse-ruft-gasgrill-boston-pro-3-r-turbo-zurueck\\\/#primaryimage\"},\"image\":{\"@id\":\"https:\\\/\\\/news.save.ch\\\/aldi-suisse-ruft-gasgrill-boston-pro-3-r-turbo-zurueck\\\/#primaryimage\"},\"thumbnailUrl\":\"https:\\\/\\\/news.save.ch\\\/wp-content\\\/uploads\\\/2021\\\/04\\\/Gasgrill_Turbo.jpg\",\"datePublished\":\"2021-04-28T06:54:35+00:00\",\"dateModified\":\"2023-07-20T07:50:56+00:00\",\"description\":\"In Zusammenarbeit mit der zust\u00e4ndigen Marktaufsichtsbeh\u00f6rde, dem Schweizerischen Verein des Gas- und Wasserfaches (SVGW), ruft Aldi Suisse diejenigen Gasgrille \u00abBoston Pro 3 R Turbo\u00bb zur\u00fcck, die mit einem ausl\u00e4ndischen Anschluss f\u00fcr die Gasflasche ausgeliefert wurden. Betroffene Kunden erhalten den Kaufpreis r\u00fcckerstattet.\",\"breadcrumb\":{\"@id\":\"https:\\\/\\\/news.save.ch\\\/aldi-suisse-ruft-gasgrill-boston-pro-3-r-turbo-zurueck\\\/#breadcrumb\"},\"inLanguage\":\"it-IT\",\"potentialAction\":[{\"@type\":\"ReadAction\",\"target\":[\"https:\\\/\\\/news.save.ch\\\/aldi-suisse-ruft-gasgrill-boston-pro-3-r-turbo-zurueck\\\/\"]}]},{\"@type\":\"ImageObject\",\"inLanguage\":\"it-IT\",\"@id\":\"https:\\\/\\\/news.save.ch\\\/aldi-suisse-ruft-gasgrill-boston-pro-3-r-turbo-zurueck\\\/#primaryimage\",\"url\":\"https:\\\/\\\/news.save.ch\\\/wp-content\\\/uploads\\\/2021\\\/04\\\/Gasgrill_Turbo.jpg\",\"contentUrl\":\"https:\\\/\\\/news.save.ch\\\/wp-content\\\/uploads\\\/2021\\\/04\\\/Gasgrill_Turbo.jpg\",\"width\":673,\"height\":410},{\"@type\":\"BreadcrumbList\",\"@id\":\"https:\\\/\\\/news.save.ch\\\/aldi-suisse-ruft-gasgrill-boston-pro-3-r-turbo-zurueck\\\/#breadcrumb\",\"itemListElement\":[{\"@type\":\"ListItem\",\"position\":1,\"name\":\"Home\",\"item\":\"https:\\\/\\\/news.save.ch\\\/de\\\/\"},{\"@type\":\"ListItem\",\"position\":2,\"name\":\"Aldi Suisse ruft Gasgrill Boston Pro 3 R Turbo zur\u00fcck\"}]},{\"@type\":\"WebSite\",\"@id\":\"https:\\\/\\\/news.save.ch\\\/de\\\/#website\",\"url\":\"https:\\\/\\\/news.save.ch\\\/de\\\/\",\"name\":\"Save\",\"description\":\"Schweizer Fachzeitschrift f\u00fcr Sicherheit\",\"publisher\":{\"@id\":\"https:\\\/\\\/news.save.ch\\\/de\\\/#organization\"},\"potentialAction\":[{\"@type\":\"SearchAction\",\"target\":{\"@type\":\"EntryPoint\",\"urlTemplate\":\"https:\\\/\\\/news.save.ch\\\/de\\\/?s={search_term_string}\"},\"query-input\":{\"@type\":\"PropertyValueSpecification\",\"valueRequired\":true,\"valueName\":\"search_term_string\"}}],\"inLanguage\":\"it-IT\"},{\"@type\":\"Organization\",\"@id\":\"https:\\\/\\\/news.save.ch\\\/de\\\/#organization\",\"name\":\"Sicherheitsforum\",\"url\":\"https:\\\/\\\/news.save.ch\\\/de\\\/\",\"logo\":{\"@type\":\"ImageObject\",\"inLanguage\":\"it-IT\",\"@id\":\"https:\\\/\\\/news.save.ch\\\/de\\\/#\\\/schema\\\/logo\\\/image\\\/\",\"url\":\"https:\\\/\\\/news.save.ch\\\/wp-content\\\/uploads\\\/2022\\\/06\\\/Logo_SF_2012.png\",\"contentUrl\":\"https:\\\/\\\/news.save.ch\\\/wp-content\\\/uploads\\\/2022\\\/06\\\/Logo_SF_2012.png\",\"width\":1100,\"height\":91,\"caption\":\"Sicherheitsforum\"},\"image\":{\"@id\":\"https:\\\/\\\/news.save.ch\\\/de\\\/#\\\/schema\\\/logo\\\/image\\\/\"}},{\"@type\":\"Person\",\"@id\":\"https:\\\/\\\/news.save.ch\\\/de\\\/#\\\/schema\\\/person\\\/ad4ef21102fd6125312409ac57d5296d\",\"name\":\"Simon Gr\u00f6flin\",\"image\":{\"@type\":\"ImageObject\",\"inLanguage\":\"it-IT\",\"@id\":\"https:\\\/\\\/secure.gravatar.com\\\/avatar\\\/6ddceb80eb734354635539e0ea5140bb7c41e42de7c45c9a2ab9921b5d5c9a83?s=96&d=mm&r=g\",\"url\":\"https:\\\/\\\/secure.gravatar.com\\\/avatar\\\/6ddceb80eb734354635539e0ea5140bb7c41e42de7c45c9a2ab9921b5d5c9a83?s=96&d=mm&r=g\",\"contentUrl\":\"https:\\\/\\\/secure.gravatar.com\\\/avatar\\\/6ddceb80eb734354635539e0ea5140bb7c41e42de7c45c9a2ab9921b5d5c9a83?s=96&d=mm&r=g\",\"caption\":\"Simon Gr\u00f6flin\"},\"url\":\"https:\\\/\\\/news.save.ch\\\/it\\\/author\\\/simon-groeflin\\\/\"}]}<\/script>\n<!-- \/ Yoast SEO plugin. -->","yoast_head_json":{"title":"Aldi Suisse richiama il grill a gas Boston Pro 3 R Turbo - Risparmiare","description":"In collaborazione con l'autorit\u00e0 di vigilanza del mercato responsabile, l'Associazione svizzera del gas e dell'acqua (SVGW), Aldi Suisse sta richiamando i grill a gas \"Boston Pro 3 R Turbo\" che sono stati consegnati con un collegamento estero per la bombola del gas. Ai clienti interessati verr\u00e0 rimborsato il prezzo di acquisto.","robots":{"index":"index","follow":"follow","max-snippet":"max-snippet:-1","max-image-preview":"max-image-preview:large","max-video-preview":"max-video-preview:-1"},"canonical":"https:\/\/news.save.ch\/it\/aldi-suisse-ruft-gasgrill-boston-pro-3-r-turbo-zurueck\/","og_locale":"it_IT","og_type":"article","og_title":"Aldi Suisse ruft Gasgrill Boston Pro 3 R Turbo zur\u00fcck - Save","og_description":"In Zusammenarbeit mit der zust\u00e4ndigen Marktaufsichtsbeh\u00f6rde, dem Schweizerischen Verein des Gas- und Wasserfaches (SVGW), ruft Aldi Suisse diejenigen Gasgrille \u00abBoston Pro 3 R Turbo\u00bb zur\u00fcck, die mit einem ausl\u00e4ndischen Anschluss f\u00fcr die Gasflasche ausgeliefert wurden. Betroffene Kunden erhalten den Kaufpreis r\u00fcckerstattet.","og_url":"https:\/\/news.save.ch\/it\/aldi-suisse-ruft-gasgrill-boston-pro-3-r-turbo-zurueck\/","og_site_name":"Save","article_published_time":"2021-04-28T06:54:35+00:00","article_modified_time":"2023-07-20T07:50:56+00:00","og_image":[{"width":673,"height":410,"url":"https:\/\/news.save.ch\/wp-content\/uploads\/2021\/04\/Gasgrill_Turbo.jpg","type":"image\/jpeg"}],"author":"Simon Gr\u00f6flin","twitter_card":"summary_large_image","twitter_misc":{"Scritto da":"Simon Gr\u00f6flin","Tempo di lettura stimato":"2 minuti"},"schema":{"@context":"https:\/\/schema.org","@graph":[{"@type":"Article","@id":"https:\/\/news.save.ch\/aldi-suisse-ruft-gasgrill-boston-pro-3-r-turbo-zurueck\/#article","isPartOf":{"@id":"https:\/\/news.save.ch\/aldi-suisse-ruft-gasgrill-boston-pro-3-r-turbo-zurueck\/"},"author":{"name":"Simon Gr\u00f6flin","@id":"https:\/\/news.save.ch\/de\/#\/schema\/person\/ad4ef21102fd6125312409ac57d5296d"},"headline":"Aldi Suisse ruft Gasgrill Boston Pro 3 R Turbo zur\u00fcck","datePublished":"2021-04-28T06:54:35+00:00","dateModified":"2023-07-20T07:50:56+00:00","mainEntityOfPage":{"@id":"https:\/\/news.save.ch\/aldi-suisse-ruft-gasgrill-boston-pro-3-r-turbo-zurueck\/"},"wordCount":205,"publisher":{"@id":"https:\/\/news.save.ch\/de\/#organization"},"image":{"@id":"https:\/\/news.save.ch\/aldi-suisse-ruft-gasgrill-boston-pro-3-r-turbo-zurueck\/#primaryimage"},"thumbnailUrl":"https:\/\/news.save.ch\/wp-content\/uploads\/2021\/04\/Gasgrill_Turbo.jpg","keywords":["Aldi-Suisse-Filiale","ausl\u00e4ndischer Druckregler","Gasgrill","Pr\u00e4vention","Produktr\u00fcckruf","schweizerische Gasflaschen"],"articleSection":["HEALTH &amp; SAFETY"],"inLanguage":"it-IT"},{"@type":"WebPage","@id":"https:\/\/news.save.ch\/aldi-suisse-ruft-gasgrill-boston-pro-3-r-turbo-zurueck\/","url":"https:\/\/news.save.ch\/aldi-suisse-ruft-gasgrill-boston-pro-3-r-turbo-zurueck\/","name":"Aldi Suisse richiama il grill a gas Boston Pro 3 R Turbo - Risparmiare","isPartOf":{"@id":"https:\/\/news.save.ch\/de\/#website"},"primaryImageOfPage":{"@id":"https:\/\/news.save.ch\/aldi-suisse-ruft-gasgrill-boston-pro-3-r-turbo-zurueck\/#primaryimage"},"image":{"@id":"https:\/\/news.save.ch\/aldi-suisse-ruft-gasgrill-boston-pro-3-r-turbo-zurueck\/#primaryimage"},"thumbnailUrl":"https:\/\/news.save.ch\/wp-content\/uploads\/2021\/04\/Gasgrill_Turbo.jpg","datePublished":"2021-04-28T06:54:35+00:00","dateModified":"2023-07-20T07:50:56+00:00","description":"In collaborazione con l'autorit\u00e0 di vigilanza del mercato responsabile, l'Associazione svizzera del gas e dell'acqua (SVGW), Aldi Suisse sta richiamando i grill a gas \"Boston Pro 3 R Turbo\" che sono stati consegnati con un collegamento estero per la bombola del gas. Ai clienti interessati verr\u00e0 rimborsato il prezzo di acquisto.","breadcrumb":{"@id":"https:\/\/news.save.ch\/aldi-suisse-ruft-gasgrill-boston-pro-3-r-turbo-zurueck\/#breadcrumb"},"inLanguage":"it-IT","potentialAction":[{"@type":"ReadAction","target":["https:\/\/news.save.ch\/aldi-suisse-ruft-gasgrill-boston-pro-3-r-turbo-zurueck\/"]}]},{"@type":"ImageObject","inLanguage":"it-IT","@id":"https:\/\/news.save.ch\/aldi-suisse-ruft-gasgrill-boston-pro-3-r-turbo-zurueck\/#primaryimage","url":"https:\/\/news.save.ch\/wp-content\/uploads\/2021\/04\/Gasgrill_Turbo.jpg","contentUrl":"https:\/\/news.save.ch\/wp-content\/uploads\/2021\/04\/Gasgrill_Turbo.jpg","width":673,"height":410},{"@type":"BreadcrumbList","@id":"https:\/\/news.save.ch\/aldi-suisse-ruft-gasgrill-boston-pro-3-r-turbo-zurueck\/#breadcrumb","itemListElement":[{"@type":"ListItem","position":1,"name":"Home","item":"https:\/\/news.save.ch\/de\/"},{"@type":"ListItem","position":2,"name":"Aldi Suisse ruft Gasgrill Boston Pro 3 R Turbo zur\u00fcck"}]},{"@type":"WebSite","@id":"https:\/\/news.save.ch\/de\/#website","url":"https:\/\/news.save.ch\/de\/","name":"Risparmiare","description":"Rivista svizzera specializzata in sicurezza","publisher":{"@id":"https:\/\/news.save.ch\/de\/#organization"},"potentialAction":[{"@type":"SearchAction","target":{"@type":"EntryPoint","urlTemplate":"https:\/\/news.save.ch\/de\/?s={search_term_string}"},"query-input":{"@type":"PropertyValueSpecification","valueRequired":true,"valueName":"search_term_string"}}],"inLanguage":"it-IT"},{"@type":"Organization","@id":"https:\/\/news.save.ch\/de\/#organization","name":"Forum sulla sicurezza","url":"https:\/\/news.save.ch\/de\/","logo":{"@type":"ImageObject","inLanguage":"it-IT","@id":"https:\/\/news.save.ch\/de\/#\/schema\/logo\/image\/","url":"https:\/\/news.save.ch\/wp-content\/uploads\/2022\/06\/Logo_SF_2012.png","contentUrl":"https:\/\/news.save.ch\/wp-content\/uploads\/2022\/06\/Logo_SF_2012.png","width":1100,"height":91,"caption":"Sicherheitsforum"},"image":{"@id":"https:\/\/news.save.ch\/de\/#\/schema\/logo\/image\/"}},{"@type":"Person","@id":"https:\/\/news.save.ch\/de\/#\/schema\/person\/ad4ef21102fd6125312409ac57d5296d","name":"Simon Gr\u00f6flin","image":{"@type":"ImageObject","inLanguage":"it-IT","@id":"https:\/\/secure.gravatar.com\/avatar\/6ddceb80eb734354635539e0ea5140bb7c41e42de7c45c9a2ab9921b5d5c9a83?s=96&d=mm&r=g","url":"https:\/\/secure.gravatar.com\/avatar\/6ddceb80eb734354635539e0ea5140bb7c41e42de7c45c9a2ab9921b5d5c9a83?s=96&d=mm&r=g","contentUrl":"https:\/\/secure.gravatar.com\/avatar\/6ddceb80eb734354635539e0ea5140bb7c41e42de7c45c9a2ab9921b5d5c9a83?s=96&d=mm&r=g","caption":"Simon Gr\u00f6flin"},"url":"https:\/\/news.save.ch\/it\/author\/simon-groeflin\/"}]}},"_links":{"self":[{"href":"https:\/\/news.save.ch\/it\/wp-json\/wp\/v2\/posts\/7122","targetHints":{"allow":["GET"]}}],"collection":[{"href":"https:\/\/news.save.ch\/it\/wp-json\/wp\/v2\/posts"}],"about":[{"href":"https:\/\/news.save.ch\/it\/wp-json\/wp\/v2\/types\/post"}],"author":[{"embeddable":true,"href":"https:\/\/news.save.ch\/it\/wp-json\/wp\/v2\/users\/9"}],"replies":[{"embeddable":true,"href":"https:\/\/news.save.ch\/it\/wp-json\/wp\/v2\/comments?post=7122"}],"version-history":[{"count":3,"href":"https:\/\/news.save.ch\/it\/wp-json\/wp\/v2\/posts\/7122\/revisions"}],"predecessor-version":[{"id":21094,"href":"https:\/\/news.save.ch\/it\/wp-json\/wp\/v2\/posts\/7122\/revisions\/21094"}],"wp:featuredmedia":[{"embeddable":true,"href":"https:\/\/news.save.ch\/it\/wp-json\/wp\/v2\/media\/16426"}],"wp:attachment":[{"href":"https:\/\/news.save.ch\/it\/wp-json\/wp\/v2\/media?parent=7122"}],"wp:term":[{"taxonomy":"category","embeddable":true,"href":"https:\/\/news.save.ch\/it\/wp-json\/wp\/v2\/categories?post=7122"},{"taxonomy":"post_tag","embeddable":true,"href":"https:\/\/news.save.ch\/it\/wp-json\/wp\/v2\/tags?post=7122"}],"curies":[{"name":"wp","href":"https:\/\/api.w.org\/{rel}","templated":true}]}}