{"id":7268,"date":"2018-11-27T15:53:31","date_gmt":"2018-11-27T14:53:31","guid":{"rendered":"https:\/\/news.save.ch\/?p=7268"},"modified":"2018-11-27T15:53:31","modified_gmt":"2018-11-27T14:53:31","slug":"vssu-steht-weiterhin-zum-gesamtarbeitsvertrag","status":null,"type":"post","link":"https:\/\/news.save.ch\/it\/vssu-steht-weiterhin-zum-gesamtarbeitsvertrag\/","title":{"rendered":"La VSSU continua a rispettare il contratto collettivo di lavoro"},"content":{"rendered":"<figure id=\"attachment_7269\" aria-describedby=\"caption-attachment-7269\" style=\"width: 680px\" class=\"wp-caption aligncenter\"><img loading=\"lazy\" decoding=\"async\" class=\"size-medium wp-image-7269\" src=\"https:\/\/news.save.ch\/wp-content\/uploads\/2018\/11\/Depositphotos_151248194_m-2015.jpg\" alt=\"\" width=\"680\" height=\"454\" srcset=\"https:\/\/news.save.ch\/wp-content\/uploads\/2018\/11\/Depositphotos_151248194_m-2015.jpg 999w, https:\/\/news.save.ch\/wp-content\/uploads\/2018\/11\/Depositphotos_151248194_m-2015-375x250.jpg 375w\" sizes=\"auto, (max-width: 680px) 100vw, 680px\" \/><figcaption id=\"caption-attachment-7269\" class=\"wp-caption-text\">\u00a9 depositphotos, Dmitry Poch<\/figcaption><\/figure>\n<p>&nbsp;<\/p>\n<p>Il <a href=\"https:\/\/www.vssu.org\">VSSU<\/a> rappresenta gli interessi dell'industria dei servizi di sicurezza privata da oltre 20 anni. I suoi membri impiegano circa 19.000 persone, che corrispondono a pi\u00f9 di 85% dei dipendenti attivi nel settore. Sin dalla sua fondazione, la VSSU si \u00e8 impegnata a garantire condizioni di lavoro progressive e un buon sviluppo professionale, scrive l'associazione. I membri sono in piedi accanto al <a href=\"https:\/\/www.vssu.org\/Gesamtarbeitsvertrag\">CLA<\/a> e si battono in particolare per il rispetto dei salari minimi, come si legge nel comunicato stampa di oggi.<\/p>\n<p>L'ACB attualmente in vigore nel settore dei servizi di sicurezza privata scade alla fine di giugno 2019. La VSSU e il sindacato <a href=\"https:\/\/www.unia.ch\/de\/\">Unia<\/a> hanno quindi avviato nuovi negoziati quasi due anni fa. Secondo la VSSU, questi sono attualmente bloccati dopo che Unia ha rifiutato l'ultima proposta rivista della VSSU.<\/p>\n<p><strong>Un chiaro segnale per il partenariato sociale<\/strong><\/p>\n<p>Il sindacato si rammarica di questo sviluppo. Nonostante un contesto di mercato difficile, con prezzi e margini in calo, la VSSU ha cercato di raccogliere le preoccupazioni di Unia e dei lavoratori che rappresenta in modo compatibile con l'industria. In particolare, la VSSU si attiene al sistema salariale esistente, che garantisce aumenti salariali automatici ogni anno per la grande maggioranza dei dipendenti. Ad esempio, nella categoria salariale pi\u00f9 alta, dopo dieci anni di servizio, si arriva a pi\u00f9 di 16%. Nelle trattative in corso, la VSSU ha nuovamente proposto miglioramenti specifici: in particolare, ai dipendenti fedeli delle categorie salariali pi\u00f9 basse verrebbero garantiti aumenti salariali automatici a partire dal quinto o settimo anno di servizio. Inoltre, il sindacato \u00e8 pronto a introdurre un'ulteriore integrazione salariale per gli specialisti.<\/p>\n<p>Inoltre, c'\u00e8 la volont\u00e0 di consentire un maggiore controllo da parte della Commissione paritetica con contributi pi\u00f9 elevati da parte del datore di lavoro. Ulteriori miglioramenti - ad esempio nell'ambito dei comitati aziendali, della formazione, degli straordinari e dell'introduzione di un congedo di paternit\u00e0 pi\u00f9 lungo - completerebbero l'offerta della VSSU per l'ACB 2019.<\/p>\n<p>L'opinione \u00e8 che l'offerta invii un chiaro segnale di partenariato sociale. L'associazione rimane impegnata per una conclusione positiva dei negoziati per un nuovo CLA nel 2019, conclude la VSSU.<\/p>\n<p>&nbsp;<\/p>\n<p>&nbsp;<\/p>","protected":false},"excerpt":{"rendered":"<p>&nbsp; Der VSSU vertritt seit mehr als 20 Jahren die Interessen der privaten Sicherheitsdienstleistungsbranche. Seine Mitglieder besch\u00e4ftigen rund 19&#8217;000 Mitarbeitende, was mehr als 85% der in der Branche aktiven Arbeitnehmer entspricht. Der VSSU setze sich seit seiner Gr\u00fcndung f\u00fcr fortschrittliche Arbeitsbedingungen und eine gute berufliche Weiterbildung ein, schreibt der Verband. Die Mitglieder stehen zum GAV [&hellip;]<\/p>\n","protected":false},"author":8,"featured_media":7269,"comment_status":"open","ping_status":"open","sticky":false,"template":"","format":"standard","meta":{"_acf_changed":false,"pgc_sgb_lightbox_settings":"","footnotes":""},"categories":[1],"tags":[423,66,331],"class_list":["post-7268","post","type-post","status-publish","format-standard","has-post-thumbnail","hentry","category-allgemein","tag-gav","tag-verbaende","tag-vssu"],"acf":[],"hkrextid":null,"publication":null,"issue":null,"workflow":null,"startPage":null,"spitzmarke":null,"_posts_by_tag_page_fields":{"widget_title":"","widget_tags":""},"_at_widget":"1","_yoast_wpseo_primary_category":"","_yoast_wpseo_focuskw_text_input":"VSSU","_yoast_wpseo_opengraph-image":null,"_yoast_wpseo_opengraph-description":null,"_yoast_wpseo_opengraph-title":null,"enclosure":null,"_yoast_wpseo_twitter-title":null,"_yoast_wpseo_twitter-description":null,"_yoast_wpseo_twitter-image":null,"_wp_old_slug":null,"_yoast_wpseo_title":null,"_yoast_wpseo_canonical":null,"yoast_head":"<!-- This site is optimized with the Yoast SEO plugin v27.5 - https:\/\/yoast.com\/product\/yoast-seo-wordpress\/ -->\n<title>VSSU steht weiterhin zum Gesamtarbeitsvertrag - Save<\/title>\n<meta name=\"description\" content=\"Der VSSU will die langj\u00e4hrige Sozialpartnerschaft in der Branche fortsetzen. Er setzt sich deswegen f\u00fcr eine Weiterf\u00fchrung des GAV ein.\" \/>\n<meta name=\"robots\" content=\"index, follow, max-snippet:-1, max-image-preview:large, max-video-preview:-1\" \/>\n<link rel=\"canonical\" href=\"https:\/\/news.save.ch\/it\/vssu-steht-weiterhin-zum-gesamtarbeitsvertrag\/\" \/>\n<meta property=\"og:locale\" content=\"it_IT\" \/>\n<meta property=\"og:type\" content=\"article\" \/>\n<meta property=\"og:title\" content=\"VSSU steht weiterhin zum Gesamtarbeitsvertrag - Save\" \/>\n<meta property=\"og:description\" content=\"Der VSSU will die langj\u00e4hrige Sozialpartnerschaft in der Branche fortsetzen. Er setzt sich deswegen f\u00fcr eine Weiterf\u00fchrung des GAV ein.\" \/>\n<meta property=\"og:url\" content=\"https:\/\/news.save.ch\/it\/vssu-steht-weiterhin-zum-gesamtarbeitsvertrag\/\" \/>\n<meta property=\"og:site_name\" content=\"Save\" \/>\n<meta property=\"article:published_time\" content=\"2018-11-27T14:53:31+00:00\" \/>\n<meta property=\"og:image\" content=\"https:\/\/news.save.ch\/wp-content\/uploads\/2018\/11\/Depositphotos_151248194_m-2015.jpg\" \/>\n\t<meta property=\"og:image:width\" content=\"999\" \/>\n\t<meta property=\"og:image:height\" content=\"667\" \/>\n\t<meta property=\"og:image:type\" content=\"image\/jpeg\" \/>\n<meta name=\"author\" content=\"Roger Str\u00e4ssle\" \/>\n<meta name=\"twitter:card\" content=\"summary_large_image\" \/>\n<meta name=\"twitter:label1\" content=\"Scritto da\" \/>\n\t<meta name=\"twitter:data1\" content=\"Roger Str\u00e4ssle\" \/>\n\t<meta name=\"twitter:label2\" content=\"Tempo di lettura stimato\" \/>\n\t<meta name=\"twitter:data2\" content=\"2 minuti\" \/>\n<script type=\"application\/ld+json\" class=\"yoast-schema-graph\">{\"@context\":\"https:\\\/\\\/schema.org\",\"@graph\":[{\"@type\":\"Article\",\"@id\":\"https:\\\/\\\/news.save.ch\\\/vssu-steht-weiterhin-zum-gesamtarbeitsvertrag\\\/#article\",\"isPartOf\":{\"@id\":\"https:\\\/\\\/news.save.ch\\\/vssu-steht-weiterhin-zum-gesamtarbeitsvertrag\\\/\"},\"author\":{\"name\":\"Roger Str\u00e4ssle\",\"@id\":\"https:\\\/\\\/news.save.ch\\\/de\\\/#\\\/schema\\\/person\\\/d5022db048e0e2b9785c50e5b24da5aa\"},\"headline\":\"VSSU steht weiterhin zum Gesamtarbeitsvertrag\",\"datePublished\":\"2018-11-27T14:53:31+00:00\",\"mainEntityOfPage\":{\"@id\":\"https:\\\/\\\/news.save.ch\\\/vssu-steht-weiterhin-zum-gesamtarbeitsvertrag\\\/\"},\"wordCount\":353,\"commentCount\":0,\"publisher\":{\"@id\":\"https:\\\/\\\/news.save.ch\\\/de\\\/#organization\"},\"image\":{\"@id\":\"https:\\\/\\\/news.save.ch\\\/vssu-steht-weiterhin-zum-gesamtarbeitsvertrag\\\/#primaryimage\"},\"thumbnailUrl\":\"https:\\\/\\\/news.save.ch\\\/wp-content\\\/uploads\\\/2018\\\/11\\\/Depositphotos_151248194_m-2015.jpg\",\"keywords\":[\"GAV\",\"Verb\u00e4nde\",\"VSSU\"],\"articleSection\":[\"ALLGEMEIN\"],\"inLanguage\":\"it-IT\"},{\"@type\":\"WebPage\",\"@id\":\"https:\\\/\\\/news.save.ch\\\/vssu-steht-weiterhin-zum-gesamtarbeitsvertrag\\\/\",\"url\":\"https:\\\/\\\/news.save.ch\\\/vssu-steht-weiterhin-zum-gesamtarbeitsvertrag\\\/\",\"name\":\"VSSU steht weiterhin zum Gesamtarbeitsvertrag - Save\",\"isPartOf\":{\"@id\":\"https:\\\/\\\/news.save.ch\\\/de\\\/#website\"},\"primaryImageOfPage\":{\"@id\":\"https:\\\/\\\/news.save.ch\\\/vssu-steht-weiterhin-zum-gesamtarbeitsvertrag\\\/#primaryimage\"},\"image\":{\"@id\":\"https:\\\/\\\/news.save.ch\\\/vssu-steht-weiterhin-zum-gesamtarbeitsvertrag\\\/#primaryimage\"},\"thumbnailUrl\":\"https:\\\/\\\/news.save.ch\\\/wp-content\\\/uploads\\\/2018\\\/11\\\/Depositphotos_151248194_m-2015.jpg\",\"datePublished\":\"2018-11-27T14:53:31+00:00\",\"description\":\"Der VSSU will die langj\u00e4hrige Sozialpartnerschaft in der Branche fortsetzen. Er setzt sich deswegen f\u00fcr eine Weiterf\u00fchrung des GAV ein.\",\"breadcrumb\":{\"@id\":\"https:\\\/\\\/news.save.ch\\\/vssu-steht-weiterhin-zum-gesamtarbeitsvertrag\\\/#breadcrumb\"},\"inLanguage\":\"it-IT\",\"potentialAction\":[{\"@type\":\"ReadAction\",\"target\":[\"https:\\\/\\\/news.save.ch\\\/vssu-steht-weiterhin-zum-gesamtarbeitsvertrag\\\/\"]}]},{\"@type\":\"ImageObject\",\"inLanguage\":\"it-IT\",\"@id\":\"https:\\\/\\\/news.save.ch\\\/vssu-steht-weiterhin-zum-gesamtarbeitsvertrag\\\/#primaryimage\",\"url\":\"https:\\\/\\\/news.save.ch\\\/wp-content\\\/uploads\\\/2018\\\/11\\\/Depositphotos_151248194_m-2015.jpg\",\"contentUrl\":\"https:\\\/\\\/news.save.ch\\\/wp-content\\\/uploads\\\/2018\\\/11\\\/Depositphotos_151248194_m-2015.jpg\",\"width\":999,\"height\":667,\"caption\":\"\u00a9 depositphotos, DmitryPoch\"},{\"@type\":\"BreadcrumbList\",\"@id\":\"https:\\\/\\\/news.save.ch\\\/vssu-steht-weiterhin-zum-gesamtarbeitsvertrag\\\/#breadcrumb\",\"itemListElement\":[{\"@type\":\"ListItem\",\"position\":1,\"name\":\"Home\",\"item\":\"https:\\\/\\\/news.save.ch\\\/de\\\/\"},{\"@type\":\"ListItem\",\"position\":2,\"name\":\"VSSU steht weiterhin zum Gesamtarbeitsvertrag\"}]},{\"@type\":\"WebSite\",\"@id\":\"https:\\\/\\\/news.save.ch\\\/de\\\/#website\",\"url\":\"https:\\\/\\\/news.save.ch\\\/de\\\/\",\"name\":\"Save\",\"description\":\"Schweizer Fachzeitschrift f\u00fcr Sicherheit\",\"publisher\":{\"@id\":\"https:\\\/\\\/news.save.ch\\\/de\\\/#organization\"},\"potentialAction\":[{\"@type\":\"SearchAction\",\"target\":{\"@type\":\"EntryPoint\",\"urlTemplate\":\"https:\\\/\\\/news.save.ch\\\/de\\\/?s={search_term_string}\"},\"query-input\":{\"@type\":\"PropertyValueSpecification\",\"valueRequired\":true,\"valueName\":\"search_term_string\"}}],\"inLanguage\":\"it-IT\"},{\"@type\":\"Organization\",\"@id\":\"https:\\\/\\\/news.save.ch\\\/de\\\/#organization\",\"name\":\"Sicherheitsforum\",\"url\":\"https:\\\/\\\/news.save.ch\\\/de\\\/\",\"logo\":{\"@type\":\"ImageObject\",\"inLanguage\":\"it-IT\",\"@id\":\"https:\\\/\\\/news.save.ch\\\/de\\\/#\\\/schema\\\/logo\\\/image\\\/\",\"url\":\"https:\\\/\\\/news.save.ch\\\/wp-content\\\/uploads\\\/2022\\\/06\\\/Logo_SF_2012.png\",\"contentUrl\":\"https:\\\/\\\/news.save.ch\\\/wp-content\\\/uploads\\\/2022\\\/06\\\/Logo_SF_2012.png\",\"width\":1100,\"height\":91,\"caption\":\"Sicherheitsforum\"},\"image\":{\"@id\":\"https:\\\/\\\/news.save.ch\\\/de\\\/#\\\/schema\\\/logo\\\/image\\\/\"}},{\"@type\":\"Person\",\"@id\":\"https:\\\/\\\/news.save.ch\\\/de\\\/#\\\/schema\\\/person\\\/d5022db048e0e2b9785c50e5b24da5aa\",\"name\":\"Roger Str\u00e4ssle\",\"image\":{\"@type\":\"ImageObject\",\"inLanguage\":\"it-IT\",\"@id\":\"https:\\\/\\\/secure.gravatar.com\\\/avatar\\\/862a5569d087de48e5856e32f45d719a03804c891d6deb8d4f71a660e79e4a47?s=96&d=mm&r=g\",\"url\":\"https:\\\/\\\/secure.gravatar.com\\\/avatar\\\/862a5569d087de48e5856e32f45d719a03804c891d6deb8d4f71a660e79e4a47?s=96&d=mm&r=g\",\"contentUrl\":\"https:\\\/\\\/secure.gravatar.com\\\/avatar\\\/862a5569d087de48e5856e32f45d719a03804c891d6deb8d4f71a660e79e4a47?s=96&d=mm&r=g\",\"caption\":\"Roger Str\u00e4ssle\"},\"url\":\"https:\\\/\\\/news.save.ch\\\/it\\\/author\\\/roger-straessle\\\/\"}]}<\/script>\n<!-- \/ Yoast SEO plugin. -->","yoast_head_json":{"title":"La VSSU continua a rispettare il contratto collettivo di lavoro - Save","description":"La VSSU vuole continuare il partenariato sociale di lunga data nel settore. Pertanto, sostiene la continuazione dell'ACB.","robots":{"index":"index","follow":"follow","max-snippet":"max-snippet:-1","max-image-preview":"max-image-preview:large","max-video-preview":"max-video-preview:-1"},"canonical":"https:\/\/news.save.ch\/it\/vssu-steht-weiterhin-zum-gesamtarbeitsvertrag\/","og_locale":"it_IT","og_type":"article","og_title":"VSSU steht weiterhin zum Gesamtarbeitsvertrag - Save","og_description":"Der VSSU will die langj\u00e4hrige Sozialpartnerschaft in der Branche fortsetzen. Er setzt sich deswegen f\u00fcr eine Weiterf\u00fchrung des GAV ein.","og_url":"https:\/\/news.save.ch\/it\/vssu-steht-weiterhin-zum-gesamtarbeitsvertrag\/","og_site_name":"Save","article_published_time":"2018-11-27T14:53:31+00:00","og_image":[{"width":999,"height":667,"url":"https:\/\/news.save.ch\/wp-content\/uploads\/2018\/11\/Depositphotos_151248194_m-2015.jpg","type":"image\/jpeg"}],"author":"Roger Str\u00e4ssle","twitter_card":"summary_large_image","twitter_misc":{"Scritto da":"Roger Str\u00e4ssle","Tempo di lettura stimato":"2 minuti"},"schema":{"@context":"https:\/\/schema.org","@graph":[{"@type":"Article","@id":"https:\/\/news.save.ch\/vssu-steht-weiterhin-zum-gesamtarbeitsvertrag\/#article","isPartOf":{"@id":"https:\/\/news.save.ch\/vssu-steht-weiterhin-zum-gesamtarbeitsvertrag\/"},"author":{"name":"Roger Str\u00e4ssle","@id":"https:\/\/news.save.ch\/de\/#\/schema\/person\/d5022db048e0e2b9785c50e5b24da5aa"},"headline":"VSSU steht weiterhin zum Gesamtarbeitsvertrag","datePublished":"2018-11-27T14:53:31+00:00","mainEntityOfPage":{"@id":"https:\/\/news.save.ch\/vssu-steht-weiterhin-zum-gesamtarbeitsvertrag\/"},"wordCount":353,"commentCount":0,"publisher":{"@id":"https:\/\/news.save.ch\/de\/#organization"},"image":{"@id":"https:\/\/news.save.ch\/vssu-steht-weiterhin-zum-gesamtarbeitsvertrag\/#primaryimage"},"thumbnailUrl":"https:\/\/news.save.ch\/wp-content\/uploads\/2018\/11\/Depositphotos_151248194_m-2015.jpg","keywords":["GAV","Verb\u00e4nde","VSSU"],"articleSection":["ALLGEMEIN"],"inLanguage":"it-IT"},{"@type":"WebPage","@id":"https:\/\/news.save.ch\/vssu-steht-weiterhin-zum-gesamtarbeitsvertrag\/","url":"https:\/\/news.save.ch\/vssu-steht-weiterhin-zum-gesamtarbeitsvertrag\/","name":"La VSSU continua a rispettare il contratto collettivo di lavoro - Save","isPartOf":{"@id":"https:\/\/news.save.ch\/de\/#website"},"primaryImageOfPage":{"@id":"https:\/\/news.save.ch\/vssu-steht-weiterhin-zum-gesamtarbeitsvertrag\/#primaryimage"},"image":{"@id":"https:\/\/news.save.ch\/vssu-steht-weiterhin-zum-gesamtarbeitsvertrag\/#primaryimage"},"thumbnailUrl":"https:\/\/news.save.ch\/wp-content\/uploads\/2018\/11\/Depositphotos_151248194_m-2015.jpg","datePublished":"2018-11-27T14:53:31+00:00","description":"La VSSU vuole continuare il partenariato sociale di lunga data nel settore. Pertanto, sostiene la continuazione dell'ACB.","breadcrumb":{"@id":"https:\/\/news.save.ch\/vssu-steht-weiterhin-zum-gesamtarbeitsvertrag\/#breadcrumb"},"inLanguage":"it-IT","potentialAction":[{"@type":"ReadAction","target":["https:\/\/news.save.ch\/vssu-steht-weiterhin-zum-gesamtarbeitsvertrag\/"]}]},{"@type":"ImageObject","inLanguage":"it-IT","@id":"https:\/\/news.save.ch\/vssu-steht-weiterhin-zum-gesamtarbeitsvertrag\/#primaryimage","url":"https:\/\/news.save.ch\/wp-content\/uploads\/2018\/11\/Depositphotos_151248194_m-2015.jpg","contentUrl":"https:\/\/news.save.ch\/wp-content\/uploads\/2018\/11\/Depositphotos_151248194_m-2015.jpg","width":999,"height":667,"caption":"\u00a9 depositphotos, DmitryPoch"},{"@type":"BreadcrumbList","@id":"https:\/\/news.save.ch\/vssu-steht-weiterhin-zum-gesamtarbeitsvertrag\/#breadcrumb","itemListElement":[{"@type":"ListItem","position":1,"name":"Home","item":"https:\/\/news.save.ch\/de\/"},{"@type":"ListItem","position":2,"name":"VSSU steht weiterhin zum Gesamtarbeitsvertrag"}]},{"@type":"WebSite","@id":"https:\/\/news.save.ch\/de\/#website","url":"https:\/\/news.save.ch\/de\/","name":"Risparmiare","description":"Rivista svizzera specializzata in sicurezza","publisher":{"@id":"https:\/\/news.save.ch\/de\/#organization"},"potentialAction":[{"@type":"SearchAction","target":{"@type":"EntryPoint","urlTemplate":"https:\/\/news.save.ch\/de\/?s={search_term_string}"},"query-input":{"@type":"PropertyValueSpecification","valueRequired":true,"valueName":"search_term_string"}}],"inLanguage":"it-IT"},{"@type":"Organization","@id":"https:\/\/news.save.ch\/de\/#organization","name":"Forum sulla sicurezza","url":"https:\/\/news.save.ch\/de\/","logo":{"@type":"ImageObject","inLanguage":"it-IT","@id":"https:\/\/news.save.ch\/de\/#\/schema\/logo\/image\/","url":"https:\/\/news.save.ch\/wp-content\/uploads\/2022\/06\/Logo_SF_2012.png","contentUrl":"https:\/\/news.save.ch\/wp-content\/uploads\/2022\/06\/Logo_SF_2012.png","width":1100,"height":91,"caption":"Sicherheitsforum"},"image":{"@id":"https:\/\/news.save.ch\/de\/#\/schema\/logo\/image\/"}},{"@type":"Person","@id":"https:\/\/news.save.ch\/de\/#\/schema\/person\/d5022db048e0e2b9785c50e5b24da5aa","name":"Roger Str\u00e4ssle","image":{"@type":"ImageObject","inLanguage":"it-IT","@id":"https:\/\/secure.gravatar.com\/avatar\/862a5569d087de48e5856e32f45d719a03804c891d6deb8d4f71a660e79e4a47?s=96&d=mm&r=g","url":"https:\/\/secure.gravatar.com\/avatar\/862a5569d087de48e5856e32f45d719a03804c891d6deb8d4f71a660e79e4a47?s=96&d=mm&r=g","contentUrl":"https:\/\/secure.gravatar.com\/avatar\/862a5569d087de48e5856e32f45d719a03804c891d6deb8d4f71a660e79e4a47?s=96&d=mm&r=g","caption":"Roger Str\u00e4ssle"},"url":"https:\/\/news.save.ch\/it\/author\/roger-straessle\/"}]}},"_links":{"self":[{"href":"https:\/\/news.save.ch\/it\/wp-json\/wp\/v2\/posts\/7268","targetHints":{"allow":["GET"]}}],"collection":[{"href":"https:\/\/news.save.ch\/it\/wp-json\/wp\/v2\/posts"}],"about":[{"href":"https:\/\/news.save.ch\/it\/wp-json\/wp\/v2\/types\/post"}],"author":[{"embeddable":true,"href":"https:\/\/news.save.ch\/it\/wp-json\/wp\/v2\/users\/8"}],"replies":[{"embeddable":true,"href":"https:\/\/news.save.ch\/it\/wp-json\/wp\/v2\/comments?post=7268"}],"version-history":[{"count":0,"href":"https:\/\/news.save.ch\/it\/wp-json\/wp\/v2\/posts\/7268\/revisions"}],"wp:featuredmedia":[{"embeddable":true,"href":"https:\/\/news.save.ch\/it\/wp-json\/wp\/v2\/media\/7269"}],"wp:attachment":[{"href":"https:\/\/news.save.ch\/it\/wp-json\/wp\/v2\/media?parent=7268"}],"wp:term":[{"taxonomy":"category","embeddable":true,"href":"https:\/\/news.save.ch\/it\/wp-json\/wp\/v2\/categories?post=7268"},{"taxonomy":"post_tag","embeddable":true,"href":"https:\/\/news.save.ch\/it\/wp-json\/wp\/v2\/tags?post=7268"}],"curies":[{"name":"wp","href":"https:\/\/api.w.org\/{rel}","templated":true}]}}