{"id":7320,"date":"2018-12-07T11:12:29","date_gmt":"2018-12-07T10:12:29","guid":{"rendered":"https:\/\/news.save.ch\/?p=7320"},"modified":"2018-12-07T11:12:29","modified_gmt":"2018-12-07T10:12:29","slug":"vssu-ueber-170-berufsleute-erhalten-eidg-fachausweis","status":null,"type":"post","link":"https:\/\/news.save.ch\/it\/vssu-ueber-170-berufsleute-erhalten-eidg-fachausweis\/","title":{"rendered":"Oltre 170 professionisti ricevono l'Attestato Federale di Competenza dalla VSSU"},"content":{"rendered":"<figure id=\"attachment_7321\" aria-describedby=\"caption-attachment-7321\" style=\"width: 680px\" class=\"wp-caption aligncenter\"><img loading=\"lazy\" decoding=\"async\" class=\"wp-image-7321 size-medium\" src=\"https:\/\/news.save.ch\/wp-content\/uploads\/2018\/12\/VSSU-Korr-1-scaled-1.jpg\" alt=\"VSSU\" width=\"680\" height=\"453\" \/><figcaption id=\"caption-attachment-7321\" class=\"wp-caption-text\">177 diplomati hanno ricevuto il certificato federale di competenza. Foto: R. Str\u00e4ssle<\/figcaption><\/figure>\n<p>Festa di San Nicola 2018 nel Landhaus Solothurn: la grande sala di questa venerabile casa del 1722 si riempie gradualmente. Come sempre a dicembre, il <a href=\"https:\/\/www.vssu.org\/\">VSSU<\/a> Nel corso di una cerimonia a Soletta, sono stati consegnati i diplomi alle donne e agli uomini che hanno sostenuto gli esami professionali per \"Specialista in sicurezza e sorveglianza\" (FSB) e \"Specialista in protezione delle persone e delle cose\" (FPO). Pi\u00f9 di 260 persone hanno partecipato alla formazione e 177 diplomati hanno potuto ricevere l'ambito diploma a Soletta quest'anno.<\/p>\n<p><strong>Importante compito complementare<\/strong><\/p>\n<p>Gli specialisti della sicurezza formati lavorano in societ\u00e0 di servizi di sicurezza che curano gli interessi dei privati e del settore privato. Il personale di sicurezza svolge quindi importanti compiti complementari alle autorit\u00e0, alle organizzazioni di luce blu e ad altri clienti, come ha spiegato Armin Berchtold, presidente della VSSU, a Soletta. Grazie alla loro formazione, gli specialisti della sicurezza certificati hanno le conoscenze e le capacit\u00e0 per agire in modo sicuro e proporzionato anche in situazioni straordinarie. Purtroppo ci sono ancora pecore nere nel settore che, ad esempio, non rispettano le norme di legge. <a href=\"https:\/\/news.save.ch\/it\/vssu-steht-weiterhin-zum-gesamtarbeitsvertrag\/\">Contratto collettivo di lavoro<\/a> Berchtold ha anche sottolineato nel suo discorso che il governo si atterr\u00e0 alla<\/p>\n<p>La situazione della sicurezza in Svizzera non \u00e8 migliorata negli ultimi anni. \"Voi, cari laureati, state quindi dando un importante contributo alla sicurezza del nostro Paese\", ha detto Berchtold ai laureati.<\/p>\n<p><strong>La VSSU integra il premio Manuel Spreng<\/strong><\/p>\n<p>La Lega internazionale delle societ\u00e0 di vigilanza <a href=\"https:\/\/www.security-ligue.org\">(www.security-ligue.org)<\/a> onora i migliori candidati agli esami professionali statali con il Premio Manuel Spreng. Il diplomato 2018 con il voto pi\u00f9 alto dalla Svizzera \u00e8 Michael Rast (FSB Spring) - riceve un premio in denaro di 1.500 franchi svizzeri.<\/p>\n<p>La VSSU integra il premio Manuel Spreng e premia i candidati che hanno ottenuto il secondo e il terzo miglior punteggio negli esami di qualificazione professionale. Il secondo posto nel 2018 va a Urs Reber (FSB Herbst, 700 Fr. di premio) e il terzo posto a Sven Walser (FSB Herbst, 300 Fr. di premio).\u00a0 <em>(rs)<\/em><\/p>\n<figure id=\"attachment_7322\" aria-describedby=\"caption-attachment-7322\" style=\"width: 680px\" class=\"wp-caption aligncenter\"><img loading=\"lazy\" decoding=\"async\" class=\"size-medium wp-image-7322\" src=\"https:\/\/news.save.ch\/wp-content\/uploads\/2018\/12\/Rast-IMG_8195-scaled-1.jpg\" alt=\"\" width=\"680\" height=\"453\" \/><figcaption id=\"caption-attachment-7322\" class=\"wp-caption-text\">Il massimo dei voti per Michael Rast. Il Presidente della VSSU Armin Berchtold (a destra) e il Vicepresidente Charles Zaugg (a sinistra).<\/figcaption><\/figure>\n<figure id=\"attachment_7361\" aria-describedby=\"caption-attachment-7361\" style=\"width: 680px\" class=\"wp-caption aligncenter\"><img loading=\"lazy\" decoding=\"async\" class=\"size-medium wp-image-7361\" src=\"https:\/\/news.save.ch\/wp-content\/uploads\/2018\/12\/Korr-II-1.jpg\" alt=\"\" width=\"680\" height=\"461\" srcset=\"https:\/\/news.save.ch\/wp-content\/uploads\/2018\/12\/Korr-II-1.jpg 1006w, https:\/\/news.save.ch\/wp-content\/uploads\/2018\/12\/Korr-II-1-375x254.jpg 375w\" sizes=\"auto, (max-width: 680px) 100vw, 680px\" \/><figcaption id=\"caption-attachment-7361\" class=\"wp-caption-text\">Il secondo miglior punteggio \u00e8 stato ottenuto da Urs Reber.<\/figcaption><\/figure>\n<figure id=\"attachment_7324\" aria-describedby=\"caption-attachment-7324\" style=\"width: 680px\" class=\"wp-caption aligncenter\"><img loading=\"lazy\" decoding=\"async\" class=\"size-medium wp-image-7324\" src=\"https:\/\/news.save.ch\/wp-content\/uploads\/2018\/12\/Sven-Walser-IMG_8184_bearbeitet-1-scaled-1.jpg\" alt=\"\" width=\"680\" height=\"453\" \/><figcaption id=\"caption-attachment-7324\" class=\"wp-caption-text\">Sven Walser ha ottenuto il terzo miglior voto.<\/figcaption><\/figure>\n<p>&nbsp;<\/p>\n<p>&nbsp;<\/p>\n<p>&nbsp;<\/p>\n<p>&nbsp;<\/p>\n<p>&nbsp;<\/p>\n<p>&nbsp;<\/p>","protected":false},"excerpt":{"rendered":"<p>Nikolaustag 2018 im Landhaus Solothurn: Der grosse Saal in diesem ehrw\u00fcrdigen Haus aus dem Jahr 1722 f\u00fcllt sich allm\u00e4hlich. Wie immer im Dezember \u00fcberreicht der VSSU im feierlichen Rahmen den Frauen und M\u00e4nnern, die zu den Berufspr\u00fcfungen &#8222;Fachfrau\/Fachmann f\u00fcr Sicherheit und Bewachung&#8220; mit eidgen\u00f6ssischem Fachausweis (FSB) respektive &#8222;Fachmann\/Fachfrau f\u00fcr Personen- und Objektschutz&#8220; mit eidg. Fachausweis [&hellip;]<\/p>\n","protected":false},"author":8,"featured_media":7321,"comment_status":"open","ping_status":"open","sticky":false,"template":"","format":"standard","meta":{"_acf_changed":false,"pgc_sgb_lightbox_settings":"","footnotes":""},"categories":[1],"tags":[428,154,429,66,331],"class_list":["post-7320","post","type-post","status-publish","format-standard","has-post-thumbnail","hentry","category-allgemein","tag-berufspruefung","tag-bewachung","tag-fachausweis","tag-verbaende","tag-vssu"],"acf":[],"hkrextid":null,"publication":null,"issue":null,"workflow":null,"startPage":null,"spitzmarke":null,"_posts_by_tag_page_fields":{"widget_title":"","widget_tags":""},"_at_widget":"1","_yoast_wpseo_primary_category":"","_yoast_wpseo_focuskw_text_input":"VSSU","_yoast_wpseo_opengraph-image":null,"_yoast_wpseo_opengraph-description":null,"_yoast_wpseo_opengraph-title":null,"enclosure":null,"_yoast_wpseo_twitter-title":null,"_yoast_wpseo_twitter-description":null,"_yoast_wpseo_twitter-image":null,"_wp_old_slug":null,"_yoast_wpseo_title":null,"_yoast_wpseo_canonical":null,"yoast_head":"<!-- This site is optimized with the Yoast SEO plugin v27.5 - https:\/\/yoast.com\/product\/yoast-seo-wordpress\/ -->\n<title>\u00dcber 170 Berufsleute erhalten vom VSSU den eidg. Fachausweis - Save<\/title>\n<meta name=\"description\" content=\"Der Verband Schweizerische Sicherheitsdienstleistungs-Unternehmen (VSSU) zeichnete soeben \u00fcber 170 Absolventen mit dem eidg. Fachausweis FSB und FPO aus.\" \/>\n<meta name=\"robots\" content=\"index, follow, max-snippet:-1, max-image-preview:large, max-video-preview:-1\" \/>\n<link rel=\"canonical\" href=\"https:\/\/news.save.ch\/it\/vssu-ueber-170-berufsleute-erhalten-eidg-fachausweis\/\" \/>\n<meta property=\"og:locale\" content=\"it_IT\" \/>\n<meta property=\"og:type\" content=\"article\" \/>\n<meta property=\"og:title\" content=\"\u00dcber 170 Berufsleute erhalten vom VSSU den eidg. Fachausweis - Save\" \/>\n<meta property=\"og:description\" content=\"Der Verband Schweizerische Sicherheitsdienstleistungs-Unternehmen (VSSU) zeichnete soeben \u00fcber 170 Absolventen mit dem eidg. Fachausweis FSB und FPO aus.\" \/>\n<meta property=\"og:url\" content=\"https:\/\/news.save.ch\/it\/vssu-ueber-170-berufsleute-erhalten-eidg-fachausweis\/\" \/>\n<meta property=\"og:site_name\" content=\"Save\" \/>\n<meta property=\"article:published_time\" content=\"2018-12-07T10:12:29+00:00\" \/>\n<meta property=\"og:image\" content=\"https:\/\/news.save.ch\/wp-content\/uploads\/2018\/12\/VSSU-Korr-1-scaled-1-scaled.jpg\" \/>\n\t<meta property=\"og:image:width\" content=\"1400\" \/>\n\t<meta property=\"og:image:height\" content=\"934\" \/>\n\t<meta property=\"og:image:type\" content=\"image\/jpeg\" \/>\n<meta name=\"author\" content=\"Roger Str\u00e4ssle\" \/>\n<meta name=\"twitter:card\" content=\"summary_large_image\" \/>\n<meta name=\"twitter:label1\" content=\"Scritto da\" \/>\n\t<meta name=\"twitter:data1\" content=\"Roger Str\u00e4ssle\" \/>\n\t<meta name=\"twitter:label2\" content=\"Tempo di lettura stimato\" \/>\n\t<meta name=\"twitter:data2\" content=\"2 minuti\" \/>\n<script type=\"application\/ld+json\" class=\"yoast-schema-graph\">{\"@context\":\"https:\\\/\\\/schema.org\",\"@graph\":[{\"@type\":\"Article\",\"@id\":\"https:\\\/\\\/news.save.ch\\\/vssu-ueber-170-berufsleute-erhalten-eidg-fachausweis\\\/#article\",\"isPartOf\":{\"@id\":\"https:\\\/\\\/news.save.ch\\\/vssu-ueber-170-berufsleute-erhalten-eidg-fachausweis\\\/\"},\"author\":{\"name\":\"Roger Str\u00e4ssle\",\"@id\":\"https:\\\/\\\/news.save.ch\\\/de\\\/#\\\/schema\\\/person\\\/d5022db048e0e2b9785c50e5b24da5aa\"},\"headline\":\"\u00dcber 170 Berufsleute erhalten vom VSSU den eidg. Fachausweis\",\"datePublished\":\"2018-12-07T10:12:29+00:00\",\"mainEntityOfPage\":{\"@id\":\"https:\\\/\\\/news.save.ch\\\/vssu-ueber-170-berufsleute-erhalten-eidg-fachausweis\\\/\"},\"wordCount\":399,\"commentCount\":0,\"publisher\":{\"@id\":\"https:\\\/\\\/news.save.ch\\\/de\\\/#organization\"},\"image\":{\"@id\":\"https:\\\/\\\/news.save.ch\\\/vssu-ueber-170-berufsleute-erhalten-eidg-fachausweis\\\/#primaryimage\"},\"thumbnailUrl\":\"https:\\\/\\\/news.save.ch\\\/wp-content\\\/uploads\\\/2018\\\/12\\\/VSSU-Korr-1-scaled-1-scaled.jpg\",\"keywords\":[\"Berufspr\u00fcfung\",\"Bewachung\",\"Fachausweis\",\"Verb\u00e4nde\",\"VSSU\"],\"articleSection\":[\"ALLGEMEIN\"],\"inLanguage\":\"it-IT\"},{\"@type\":\"WebPage\",\"@id\":\"https:\\\/\\\/news.save.ch\\\/vssu-ueber-170-berufsleute-erhalten-eidg-fachausweis\\\/\",\"url\":\"https:\\\/\\\/news.save.ch\\\/vssu-ueber-170-berufsleute-erhalten-eidg-fachausweis\\\/\",\"name\":\"\u00dcber 170 Berufsleute erhalten vom VSSU den eidg. Fachausweis - Save\",\"isPartOf\":{\"@id\":\"https:\\\/\\\/news.save.ch\\\/de\\\/#website\"},\"primaryImageOfPage\":{\"@id\":\"https:\\\/\\\/news.save.ch\\\/vssu-ueber-170-berufsleute-erhalten-eidg-fachausweis\\\/#primaryimage\"},\"image\":{\"@id\":\"https:\\\/\\\/news.save.ch\\\/vssu-ueber-170-berufsleute-erhalten-eidg-fachausweis\\\/#primaryimage\"},\"thumbnailUrl\":\"https:\\\/\\\/news.save.ch\\\/wp-content\\\/uploads\\\/2018\\\/12\\\/VSSU-Korr-1-scaled-1-scaled.jpg\",\"datePublished\":\"2018-12-07T10:12:29+00:00\",\"description\":\"Der Verband Schweizerische Sicherheitsdienstleistungs-Unternehmen (VSSU) zeichnete soeben \u00fcber 170 Absolventen mit dem eidg. Fachausweis FSB und FPO aus.\",\"breadcrumb\":{\"@id\":\"https:\\\/\\\/news.save.ch\\\/vssu-ueber-170-berufsleute-erhalten-eidg-fachausweis\\\/#breadcrumb\"},\"inLanguage\":\"it-IT\",\"potentialAction\":[{\"@type\":\"ReadAction\",\"target\":[\"https:\\\/\\\/news.save.ch\\\/vssu-ueber-170-berufsleute-erhalten-eidg-fachausweis\\\/\"]}]},{\"@type\":\"ImageObject\",\"inLanguage\":\"it-IT\",\"@id\":\"https:\\\/\\\/news.save.ch\\\/vssu-ueber-170-berufsleute-erhalten-eidg-fachausweis\\\/#primaryimage\",\"url\":\"https:\\\/\\\/news.save.ch\\\/wp-content\\\/uploads\\\/2018\\\/12\\\/VSSU-Korr-1-scaled-1-scaled.jpg\",\"contentUrl\":\"https:\\\/\\\/news.save.ch\\\/wp-content\\\/uploads\\\/2018\\\/12\\\/VSSU-Korr-1-scaled-1-scaled.jpg\",\"width\":1400,\"height\":934,\"caption\":\"177 Absolventinnen und Absolventen haben die eidg. Berufspr\u00fcfung bestanden. (Fotos: R. Str\u00e4ssle)\"},{\"@type\":\"BreadcrumbList\",\"@id\":\"https:\\\/\\\/news.save.ch\\\/vssu-ueber-170-berufsleute-erhalten-eidg-fachausweis\\\/#breadcrumb\",\"itemListElement\":[{\"@type\":\"ListItem\",\"position\":1,\"name\":\"Home\",\"item\":\"https:\\\/\\\/news.save.ch\\\/de\\\/\"},{\"@type\":\"ListItem\",\"position\":2,\"name\":\"\u00dcber 170 Berufsleute erhalten vom VSSU den eidg. Fachausweis\"}]},{\"@type\":\"WebSite\",\"@id\":\"https:\\\/\\\/news.save.ch\\\/de\\\/#website\",\"url\":\"https:\\\/\\\/news.save.ch\\\/de\\\/\",\"name\":\"Save\",\"description\":\"Schweizer Fachzeitschrift f\u00fcr Sicherheit\",\"publisher\":{\"@id\":\"https:\\\/\\\/news.save.ch\\\/de\\\/#organization\"},\"potentialAction\":[{\"@type\":\"SearchAction\",\"target\":{\"@type\":\"EntryPoint\",\"urlTemplate\":\"https:\\\/\\\/news.save.ch\\\/de\\\/?s={search_term_string}\"},\"query-input\":{\"@type\":\"PropertyValueSpecification\",\"valueRequired\":true,\"valueName\":\"search_term_string\"}}],\"inLanguage\":\"it-IT\"},{\"@type\":\"Organization\",\"@id\":\"https:\\\/\\\/news.save.ch\\\/de\\\/#organization\",\"name\":\"Sicherheitsforum\",\"url\":\"https:\\\/\\\/news.save.ch\\\/de\\\/\",\"logo\":{\"@type\":\"ImageObject\",\"inLanguage\":\"it-IT\",\"@id\":\"https:\\\/\\\/news.save.ch\\\/de\\\/#\\\/schema\\\/logo\\\/image\\\/\",\"url\":\"https:\\\/\\\/news.save.ch\\\/wp-content\\\/uploads\\\/2022\\\/06\\\/Logo_SF_2012.png\",\"contentUrl\":\"https:\\\/\\\/news.save.ch\\\/wp-content\\\/uploads\\\/2022\\\/06\\\/Logo_SF_2012.png\",\"width\":1100,\"height\":91,\"caption\":\"Sicherheitsforum\"},\"image\":{\"@id\":\"https:\\\/\\\/news.save.ch\\\/de\\\/#\\\/schema\\\/logo\\\/image\\\/\"}},{\"@type\":\"Person\",\"@id\":\"https:\\\/\\\/news.save.ch\\\/de\\\/#\\\/schema\\\/person\\\/d5022db048e0e2b9785c50e5b24da5aa\",\"name\":\"Roger Str\u00e4ssle\",\"image\":{\"@type\":\"ImageObject\",\"inLanguage\":\"it-IT\",\"@id\":\"https:\\\/\\\/secure.gravatar.com\\\/avatar\\\/862a5569d087de48e5856e32f45d719a03804c891d6deb8d4f71a660e79e4a47?s=96&d=mm&r=g\",\"url\":\"https:\\\/\\\/secure.gravatar.com\\\/avatar\\\/862a5569d087de48e5856e32f45d719a03804c891d6deb8d4f71a660e79e4a47?s=96&d=mm&r=g\",\"contentUrl\":\"https:\\\/\\\/secure.gravatar.com\\\/avatar\\\/862a5569d087de48e5856e32f45d719a03804c891d6deb8d4f71a660e79e4a47?s=96&d=mm&r=g\",\"caption\":\"Roger Str\u00e4ssle\"},\"url\":\"https:\\\/\\\/news.save.ch\\\/it\\\/author\\\/roger-straessle\\\/\"}]}<\/script>\n<!-- \/ Yoast SEO plugin. -->","yoast_head_json":{"title":"Pi\u00f9 di 170 professionisti ricevono l'Attestato federale di capacit\u00e0 dalla VSSU - Save","description":"L'Associazione delle societ\u00e0 svizzere di servizi di sicurezza (VSSU) ha appena conferito a oltre 170 diplomati l'attestato federale di competenza FSB e FPO.","robots":{"index":"index","follow":"follow","max-snippet":"max-snippet:-1","max-image-preview":"max-image-preview:large","max-video-preview":"max-video-preview:-1"},"canonical":"https:\/\/news.save.ch\/it\/vssu-ueber-170-berufsleute-erhalten-eidg-fachausweis\/","og_locale":"it_IT","og_type":"article","og_title":"\u00dcber 170 Berufsleute erhalten vom VSSU den eidg. Fachausweis - Save","og_description":"Der Verband Schweizerische Sicherheitsdienstleistungs-Unternehmen (VSSU) zeichnete soeben \u00fcber 170 Absolventen mit dem eidg. Fachausweis FSB und FPO aus.","og_url":"https:\/\/news.save.ch\/it\/vssu-ueber-170-berufsleute-erhalten-eidg-fachausweis\/","og_site_name":"Save","article_published_time":"2018-12-07T10:12:29+00:00","og_image":[{"width":1400,"height":934,"url":"https:\/\/news.save.ch\/wp-content\/uploads\/2018\/12\/VSSU-Korr-1-scaled-1-scaled.jpg","type":"image\/jpeg"}],"author":"Roger Str\u00e4ssle","twitter_card":"summary_large_image","twitter_misc":{"Scritto da":"Roger Str\u00e4ssle","Tempo di lettura stimato":"2 minuti"},"schema":{"@context":"https:\/\/schema.org","@graph":[{"@type":"Article","@id":"https:\/\/news.save.ch\/vssu-ueber-170-berufsleute-erhalten-eidg-fachausweis\/#article","isPartOf":{"@id":"https:\/\/news.save.ch\/vssu-ueber-170-berufsleute-erhalten-eidg-fachausweis\/"},"author":{"name":"Roger Str\u00e4ssle","@id":"https:\/\/news.save.ch\/de\/#\/schema\/person\/d5022db048e0e2b9785c50e5b24da5aa"},"headline":"\u00dcber 170 Berufsleute erhalten vom VSSU den eidg. Fachausweis","datePublished":"2018-12-07T10:12:29+00:00","mainEntityOfPage":{"@id":"https:\/\/news.save.ch\/vssu-ueber-170-berufsleute-erhalten-eidg-fachausweis\/"},"wordCount":399,"commentCount":0,"publisher":{"@id":"https:\/\/news.save.ch\/de\/#organization"},"image":{"@id":"https:\/\/news.save.ch\/vssu-ueber-170-berufsleute-erhalten-eidg-fachausweis\/#primaryimage"},"thumbnailUrl":"https:\/\/news.save.ch\/wp-content\/uploads\/2018\/12\/VSSU-Korr-1-scaled-1-scaled.jpg","keywords":["Berufspr\u00fcfung","Bewachung","Fachausweis","Verb\u00e4nde","VSSU"],"articleSection":["ALLGEMEIN"],"inLanguage":"it-IT"},{"@type":"WebPage","@id":"https:\/\/news.save.ch\/vssu-ueber-170-berufsleute-erhalten-eidg-fachausweis\/","url":"https:\/\/news.save.ch\/vssu-ueber-170-berufsleute-erhalten-eidg-fachausweis\/","name":"Pi\u00f9 di 170 professionisti ricevono l'Attestato federale di capacit\u00e0 dalla VSSU - Save","isPartOf":{"@id":"https:\/\/news.save.ch\/de\/#website"},"primaryImageOfPage":{"@id":"https:\/\/news.save.ch\/vssu-ueber-170-berufsleute-erhalten-eidg-fachausweis\/#primaryimage"},"image":{"@id":"https:\/\/news.save.ch\/vssu-ueber-170-berufsleute-erhalten-eidg-fachausweis\/#primaryimage"},"thumbnailUrl":"https:\/\/news.save.ch\/wp-content\/uploads\/2018\/12\/VSSU-Korr-1-scaled-1-scaled.jpg","datePublished":"2018-12-07T10:12:29+00:00","description":"L'Associazione delle societ\u00e0 svizzere di servizi di sicurezza (VSSU) ha appena conferito a oltre 170 diplomati l'attestato federale di competenza FSB e FPO.","breadcrumb":{"@id":"https:\/\/news.save.ch\/vssu-ueber-170-berufsleute-erhalten-eidg-fachausweis\/#breadcrumb"},"inLanguage":"it-IT","potentialAction":[{"@type":"ReadAction","target":["https:\/\/news.save.ch\/vssu-ueber-170-berufsleute-erhalten-eidg-fachausweis\/"]}]},{"@type":"ImageObject","inLanguage":"it-IT","@id":"https:\/\/news.save.ch\/vssu-ueber-170-berufsleute-erhalten-eidg-fachausweis\/#primaryimage","url":"https:\/\/news.save.ch\/wp-content\/uploads\/2018\/12\/VSSU-Korr-1-scaled-1-scaled.jpg","contentUrl":"https:\/\/news.save.ch\/wp-content\/uploads\/2018\/12\/VSSU-Korr-1-scaled-1-scaled.jpg","width":1400,"height":934,"caption":"177 Absolventinnen und Absolventen haben die eidg. Berufspr\u00fcfung bestanden. (Fotos: R. Str\u00e4ssle)"},{"@type":"BreadcrumbList","@id":"https:\/\/news.save.ch\/vssu-ueber-170-berufsleute-erhalten-eidg-fachausweis\/#breadcrumb","itemListElement":[{"@type":"ListItem","position":1,"name":"Home","item":"https:\/\/news.save.ch\/de\/"},{"@type":"ListItem","position":2,"name":"\u00dcber 170 Berufsleute erhalten vom VSSU den eidg. Fachausweis"}]},{"@type":"WebSite","@id":"https:\/\/news.save.ch\/de\/#website","url":"https:\/\/news.save.ch\/de\/","name":"Risparmiare","description":"Rivista svizzera specializzata in sicurezza","publisher":{"@id":"https:\/\/news.save.ch\/de\/#organization"},"potentialAction":[{"@type":"SearchAction","target":{"@type":"EntryPoint","urlTemplate":"https:\/\/news.save.ch\/de\/?s={search_term_string}"},"query-input":{"@type":"PropertyValueSpecification","valueRequired":true,"valueName":"search_term_string"}}],"inLanguage":"it-IT"},{"@type":"Organization","@id":"https:\/\/news.save.ch\/de\/#organization","name":"Forum sulla sicurezza","url":"https:\/\/news.save.ch\/de\/","logo":{"@type":"ImageObject","inLanguage":"it-IT","@id":"https:\/\/news.save.ch\/de\/#\/schema\/logo\/image\/","url":"https:\/\/news.save.ch\/wp-content\/uploads\/2022\/06\/Logo_SF_2012.png","contentUrl":"https:\/\/news.save.ch\/wp-content\/uploads\/2022\/06\/Logo_SF_2012.png","width":1100,"height":91,"caption":"Sicherheitsforum"},"image":{"@id":"https:\/\/news.save.ch\/de\/#\/schema\/logo\/image\/"}},{"@type":"Person","@id":"https:\/\/news.save.ch\/de\/#\/schema\/person\/d5022db048e0e2b9785c50e5b24da5aa","name":"Roger Str\u00e4ssle","image":{"@type":"ImageObject","inLanguage":"it-IT","@id":"https:\/\/secure.gravatar.com\/avatar\/862a5569d087de48e5856e32f45d719a03804c891d6deb8d4f71a660e79e4a47?s=96&d=mm&r=g","url":"https:\/\/secure.gravatar.com\/avatar\/862a5569d087de48e5856e32f45d719a03804c891d6deb8d4f71a660e79e4a47?s=96&d=mm&r=g","contentUrl":"https:\/\/secure.gravatar.com\/avatar\/862a5569d087de48e5856e32f45d719a03804c891d6deb8d4f71a660e79e4a47?s=96&d=mm&r=g","caption":"Roger Str\u00e4ssle"},"url":"https:\/\/news.save.ch\/it\/author\/roger-straessle\/"}]}},"_links":{"self":[{"href":"https:\/\/news.save.ch\/it\/wp-json\/wp\/v2\/posts\/7320","targetHints":{"allow":["GET"]}}],"collection":[{"href":"https:\/\/news.save.ch\/it\/wp-json\/wp\/v2\/posts"}],"about":[{"href":"https:\/\/news.save.ch\/it\/wp-json\/wp\/v2\/types\/post"}],"author":[{"embeddable":true,"href":"https:\/\/news.save.ch\/it\/wp-json\/wp\/v2\/users\/8"}],"replies":[{"embeddable":true,"href":"https:\/\/news.save.ch\/it\/wp-json\/wp\/v2\/comments?post=7320"}],"version-history":[{"count":0,"href":"https:\/\/news.save.ch\/it\/wp-json\/wp\/v2\/posts\/7320\/revisions"}],"wp:featuredmedia":[{"embeddable":true,"href":"https:\/\/news.save.ch\/it\/wp-json\/wp\/v2\/media\/7321"}],"wp:attachment":[{"href":"https:\/\/news.save.ch\/it\/wp-json\/wp\/v2\/media?parent=7320"}],"wp:term":[{"taxonomy":"category","embeddable":true,"href":"https:\/\/news.save.ch\/it\/wp-json\/wp\/v2\/categories?post=7320"},{"taxonomy":"post_tag","embeddable":true,"href":"https:\/\/news.save.ch\/it\/wp-json\/wp\/v2\/tags?post=7320"}],"curies":[{"name":"wp","href":"https:\/\/api.w.org\/{rel}","templated":true}]}}