{"id":7326,"date":"2021-06-23T08:43:33","date_gmt":"2021-06-23T06:43:33","guid":{"rendered":"https:\/\/news.save.ch\/?p=7326"},"modified":"2023-08-05T10:29:11","modified_gmt":"2023-08-05T08:29:11","slug":"historisch-tiefe-suva-praemien-fuer-2022","status":null,"type":"post","link":"https:\/\/news.save.ch\/it\/historisch-tiefe-suva-praemien-fuer-2022\/","title":{"rendered":"Premi Suva storicamente bassi per il 2022"},"content":{"rendered":"<figure id=\"attachment_7330\" aria-describedby=\"caption-attachment-7330\" style=\"width: 680px\" class=\"wp-caption alignnone\"><img loading=\"lazy\" decoding=\"async\" class=\"wp-image-7330 size-medium\" src=\"http:\/\/develop.safety-plus.ch\/wp-content\/uploads\/2021\/06\/Bauarbeiter_teaser-1.jpg\" alt=\"Suva\" width=\"680\" height=\"436\" \/><figcaption id=\"caption-attachment-7330\" class=\"wp-caption-text\">Fonte: Pixabay<\/figcaption><\/figure>\n<p>La Suva pu\u00f2 vantare un risultato operativo positivo lo scorso anno. Tutti i principali rami assicurativi sono in equilibrio finanziario, scrive la Suva in un comunicato stampa. Gli accantonamenti per tutte le prestazioni future per infortuni e malattie professionali sono in linea con le esigenze. Grazie agli effetti speciali, l'anno prossimo gli assicurati dovrebbero beneficiare di premi bassi. La maggior parte della solida performance degli investimenti \u00e8 stata realizzata grazie agli investimenti azionari.<\/p>\n<h2>Meno infortuni e malattie professionali come conseguenza della pandemia<\/h2>\n<p>La Suva ha potuto investire molti dei suoi beni in immobili e investimenti alternativi. Durante il blocco, anche il numero di incidenti \u00e8 diminuito rispetto alla met\u00e0 di marzo, per un totale del dieci per cento. Il calo maggiore degli infortuni sul lavoro \u00e8 stato registrato nel settore dell'aviazione, con una diminuzione del 54%. In totale, alla Suva sono stati denunciati 431.827 infortuni e malattie professionali, il dieci per cento in meno rispetto al 2019. Inoltre, a causa delle restrizioni alle attivit\u00e0 sportive ricreative, sono diminuiti anche gli infortuni negli sport di squadra. Ad esempio, gli infortuni nel calcio sono diminuiti del 37%. Ne \u00e8 derivata un'eccedenza straordinaria di 253 milioni di franchi svizzeri, che sar\u00e0 rimborsata agli assicurati sotto forma di premi pi\u00f9 bassi nel 2022. Grazie alle eccedenze e al reddito da investimenti di 779 milioni di franchi svizzeri, pari al 22% dei premi netti, l'anno prossimo l'onere medio dei premi per gli assicurati sar\u00e0 \"storicamente basso\", secondo la Suva.<\/p>\n<p>Anche i compiti pi\u00f9 complessi della Suva saranno sempre pi\u00f9 affidati a specialisti e case manager e a un maggior numero di portali e applicazioni di servizio. Tuttavia, la vicinanza al cliente rimarr\u00e0 un elemento centrale nella nuova struttura: tutte le agenzie della Suva rimarranno invariate e si occuperanno ancora di pi\u00f9 dei problemi importanti dei clienti, secondo la Suva.<\/p>\n<p><em>Fonte: Suva<\/em><\/p>","protected":false},"excerpt":{"rendered":"<p>Die Suva blickt im vergangenen Jahr auf ein positives Betriebsergebnis zur\u00fcck. Alle wichtigen Versicherungszweige bef\u00e4nden sich finanziell in einem Gleichgewicht, wie die Suva in einer Mitteilung schreibt. F\u00fcr s\u00e4mtliche zuk\u00fcnftige Leistungen aus Unf\u00e4llen und Berufskrankheiten best\u00fcnden bedarfsgerechte R\u00fcckstellungen. Aufgrund der Sondereffekte sollen die Versicherten im n\u00e4chsten Jahr von tiefen Pr\u00e4mien profitieren. Den gr\u00f6ssten Teil einer [&hellip;]<\/p>\n","protected":false},"author":9,"featured_media":16435,"comment_status":"closed","ping_status":"closed","sticky":false,"template":"","format":"standard","meta":{"_acf_changed":false,"pgc_sgb_lightbox_settings":"","footnotes":""},"categories":[1,3314],"tags":[6250,6249,2704,167,3144],"class_list":["post-7326","post","type-post","status-publish","format-standard","has-post-thumbnail","hentry","category-allgemein","category-health-safety","tag-anlagenperformance","tag-betriebsergebnis","tag-praemien","tag-suva","tag-unfallzahlen"],"acf":[],"hkrextid":null,"publication":null,"issue":null,"workflow":null,"startPage":null,"spitzmarke":null,"_posts_by_tag_page_fields":{"widget_title":"","widget_tags":""},"_at_widget":"1","_yoast_wpseo_primary_category":"1","_yoast_wpseo_focuskw_text_input":null,"_yoast_wpseo_opengraph-image":null,"_yoast_wpseo_opengraph-description":null,"_yoast_wpseo_opengraph-title":null,"enclosure":null,"_yoast_wpseo_twitter-title":null,"_yoast_wpseo_twitter-description":null,"_yoast_wpseo_twitter-image":null,"_wp_old_slug":null,"_yoast_wpseo_title":null,"_yoast_wpseo_canonical":null,"yoast_head":"<!-- This site is optimized with the Yoast SEO plugin v27.5 - https:\/\/yoast.com\/product\/yoast-seo-wordpress\/ -->\n<title>Historisch tiefe Suva-Pr\u00e4mien f\u00fcr 2022 - Save<\/title>\n<meta name=\"description\" content=\"F\u00fcr das vergangene Gesch\u00e4ftsjahr kann die Suva mit 241 Millionen Franken ein positives Betriebsergebnis ausweisen. Die Versicherungszweige bef\u00e4nden sich finanziell im Gleichgewicht.\" \/>\n<meta name=\"robots\" content=\"index, follow, max-snippet:-1, max-image-preview:large, max-video-preview:-1\" \/>\n<link rel=\"canonical\" href=\"https:\/\/news.save.ch\/it\/historisch-tiefe-suva-praemien-fuer-2022\/\" \/>\n<meta property=\"og:locale\" content=\"it_IT\" \/>\n<meta property=\"og:type\" content=\"article\" \/>\n<meta property=\"og:title\" content=\"Historisch tiefe Suva-Pr\u00e4mien f\u00fcr 2022 - Save\" \/>\n<meta property=\"og:description\" content=\"F\u00fcr das vergangene Gesch\u00e4ftsjahr kann die Suva mit 241 Millionen Franken ein positives Betriebsergebnis ausweisen. Die Versicherungszweige bef\u00e4nden sich finanziell im Gleichgewicht.\" \/>\n<meta property=\"og:url\" content=\"https:\/\/news.save.ch\/it\/historisch-tiefe-suva-praemien-fuer-2022\/\" \/>\n<meta property=\"og:site_name\" content=\"Save\" \/>\n<meta property=\"article:published_time\" content=\"2021-06-23T06:43:33+00:00\" \/>\n<meta property=\"article:modified_time\" content=\"2023-08-05T08:29:11+00:00\" \/>\n<meta property=\"og:image\" content=\"https:\/\/news.save.ch\/wp-content\/uploads\/2021\/06\/Bauarbeiter_teaser-1.jpg\" \/>\n\t<meta property=\"og:image:width\" content=\"931\" \/>\n\t<meta property=\"og:image:height\" content=\"597\" \/>\n\t<meta property=\"og:image:type\" content=\"image\/jpeg\" \/>\n<meta name=\"author\" content=\"Simon Gr\u00f6flin\" \/>\n<meta name=\"twitter:card\" content=\"summary_large_image\" \/>\n<meta name=\"twitter:label1\" content=\"Scritto da\" \/>\n\t<meta name=\"twitter:data1\" content=\"Simon Gr\u00f6flin\" \/>\n\t<meta name=\"twitter:label2\" content=\"Tempo di lettura stimato\" \/>\n\t<meta name=\"twitter:data2\" content=\"2 minuti\" \/>\n<script type=\"application\/ld+json\" class=\"yoast-schema-graph\">{\"@context\":\"https:\\\/\\\/schema.org\",\"@graph\":[{\"@type\":\"Article\",\"@id\":\"https:\\\/\\\/news.save.ch\\\/historisch-tiefe-suva-praemien-fuer-2022\\\/#article\",\"isPartOf\":{\"@id\":\"https:\\\/\\\/news.save.ch\\\/historisch-tiefe-suva-praemien-fuer-2022\\\/\"},\"author\":{\"name\":\"Simon Gr\u00f6flin\",\"@id\":\"https:\\\/\\\/news.save.ch\\\/de\\\/#\\\/schema\\\/person\\\/ad4ef21102fd6125312409ac57d5296d\"},\"headline\":\"Historisch tiefe Suva-Pr\u00e4mien f\u00fcr 2022\",\"datePublished\":\"2021-06-23T06:43:33+00:00\",\"dateModified\":\"2023-08-05T08:29:11+00:00\",\"mainEntityOfPage\":{\"@id\":\"https:\\\/\\\/news.save.ch\\\/historisch-tiefe-suva-praemien-fuer-2022\\\/\"},\"wordCount\":304,\"publisher\":{\"@id\":\"https:\\\/\\\/news.save.ch\\\/de\\\/#organization\"},\"image\":{\"@id\":\"https:\\\/\\\/news.save.ch\\\/historisch-tiefe-suva-praemien-fuer-2022\\\/#primaryimage\"},\"thumbnailUrl\":\"https:\\\/\\\/news.save.ch\\\/wp-content\\\/uploads\\\/2021\\\/06\\\/Bauarbeiter_teaser-1.jpg\",\"keywords\":[\"Anlagenperformance\",\"Betriebsergebnis\",\"Pr\u00e4mien\",\"SUVA\",\"Unfallzahlen\"],\"articleSection\":[\"ALLGEMEIN\",\"HEALTH &amp; SAFETY\"],\"inLanguage\":\"it-IT\"},{\"@type\":\"WebPage\",\"@id\":\"https:\\\/\\\/news.save.ch\\\/historisch-tiefe-suva-praemien-fuer-2022\\\/\",\"url\":\"https:\\\/\\\/news.save.ch\\\/historisch-tiefe-suva-praemien-fuer-2022\\\/\",\"name\":\"Historisch tiefe Suva-Pr\u00e4mien f\u00fcr 2022 - Save\",\"isPartOf\":{\"@id\":\"https:\\\/\\\/news.save.ch\\\/de\\\/#website\"},\"primaryImageOfPage\":{\"@id\":\"https:\\\/\\\/news.save.ch\\\/historisch-tiefe-suva-praemien-fuer-2022\\\/#primaryimage\"},\"image\":{\"@id\":\"https:\\\/\\\/news.save.ch\\\/historisch-tiefe-suva-praemien-fuer-2022\\\/#primaryimage\"},\"thumbnailUrl\":\"https:\\\/\\\/news.save.ch\\\/wp-content\\\/uploads\\\/2021\\\/06\\\/Bauarbeiter_teaser-1.jpg\",\"datePublished\":\"2021-06-23T06:43:33+00:00\",\"dateModified\":\"2023-08-05T08:29:11+00:00\",\"description\":\"F\u00fcr das vergangene Gesch\u00e4ftsjahr kann die Suva mit 241 Millionen Franken ein positives Betriebsergebnis ausweisen. Die Versicherungszweige bef\u00e4nden sich finanziell im Gleichgewicht.\",\"breadcrumb\":{\"@id\":\"https:\\\/\\\/news.save.ch\\\/historisch-tiefe-suva-praemien-fuer-2022\\\/#breadcrumb\"},\"inLanguage\":\"it-IT\",\"potentialAction\":[{\"@type\":\"ReadAction\",\"target\":[\"https:\\\/\\\/news.save.ch\\\/historisch-tiefe-suva-praemien-fuer-2022\\\/\"]}]},{\"@type\":\"ImageObject\",\"inLanguage\":\"it-IT\",\"@id\":\"https:\\\/\\\/news.save.ch\\\/historisch-tiefe-suva-praemien-fuer-2022\\\/#primaryimage\",\"url\":\"https:\\\/\\\/news.save.ch\\\/wp-content\\\/uploads\\\/2021\\\/06\\\/Bauarbeiter_teaser-1.jpg\",\"contentUrl\":\"https:\\\/\\\/news.save.ch\\\/wp-content\\\/uploads\\\/2021\\\/06\\\/Bauarbeiter_teaser-1.jpg\",\"width\":931,\"height\":597,\"caption\":\"Quelle: Pixabay\"},{\"@type\":\"BreadcrumbList\",\"@id\":\"https:\\\/\\\/news.save.ch\\\/historisch-tiefe-suva-praemien-fuer-2022\\\/#breadcrumb\",\"itemListElement\":[{\"@type\":\"ListItem\",\"position\":1,\"name\":\"Home\",\"item\":\"https:\\\/\\\/news.save.ch\\\/de\\\/\"},{\"@type\":\"ListItem\",\"position\":2,\"name\":\"Historisch tiefe Suva-Pr\u00e4mien f\u00fcr 2022\"}]},{\"@type\":\"WebSite\",\"@id\":\"https:\\\/\\\/news.save.ch\\\/de\\\/#website\",\"url\":\"https:\\\/\\\/news.save.ch\\\/de\\\/\",\"name\":\"Save\",\"description\":\"Schweizer Fachzeitschrift f\u00fcr Sicherheit\",\"publisher\":{\"@id\":\"https:\\\/\\\/news.save.ch\\\/de\\\/#organization\"},\"potentialAction\":[{\"@type\":\"SearchAction\",\"target\":{\"@type\":\"EntryPoint\",\"urlTemplate\":\"https:\\\/\\\/news.save.ch\\\/de\\\/?s={search_term_string}\"},\"query-input\":{\"@type\":\"PropertyValueSpecification\",\"valueRequired\":true,\"valueName\":\"search_term_string\"}}],\"inLanguage\":\"it-IT\"},{\"@type\":\"Organization\",\"@id\":\"https:\\\/\\\/news.save.ch\\\/de\\\/#organization\",\"name\":\"Sicherheitsforum\",\"url\":\"https:\\\/\\\/news.save.ch\\\/de\\\/\",\"logo\":{\"@type\":\"ImageObject\",\"inLanguage\":\"it-IT\",\"@id\":\"https:\\\/\\\/news.save.ch\\\/de\\\/#\\\/schema\\\/logo\\\/image\\\/\",\"url\":\"https:\\\/\\\/news.save.ch\\\/wp-content\\\/uploads\\\/2022\\\/06\\\/Logo_SF_2012.png\",\"contentUrl\":\"https:\\\/\\\/news.save.ch\\\/wp-content\\\/uploads\\\/2022\\\/06\\\/Logo_SF_2012.png\",\"width\":1100,\"height\":91,\"caption\":\"Sicherheitsforum\"},\"image\":{\"@id\":\"https:\\\/\\\/news.save.ch\\\/de\\\/#\\\/schema\\\/logo\\\/image\\\/\"}},{\"@type\":\"Person\",\"@id\":\"https:\\\/\\\/news.save.ch\\\/de\\\/#\\\/schema\\\/person\\\/ad4ef21102fd6125312409ac57d5296d\",\"name\":\"Simon Gr\u00f6flin\",\"image\":{\"@type\":\"ImageObject\",\"inLanguage\":\"it-IT\",\"@id\":\"https:\\\/\\\/secure.gravatar.com\\\/avatar\\\/6ddceb80eb734354635539e0ea5140bb7c41e42de7c45c9a2ab9921b5d5c9a83?s=96&d=mm&r=g\",\"url\":\"https:\\\/\\\/secure.gravatar.com\\\/avatar\\\/6ddceb80eb734354635539e0ea5140bb7c41e42de7c45c9a2ab9921b5d5c9a83?s=96&d=mm&r=g\",\"contentUrl\":\"https:\\\/\\\/secure.gravatar.com\\\/avatar\\\/6ddceb80eb734354635539e0ea5140bb7c41e42de7c45c9a2ab9921b5d5c9a83?s=96&d=mm&r=g\",\"caption\":\"Simon Gr\u00f6flin\"},\"url\":\"https:\\\/\\\/news.save.ch\\\/it\\\/author\\\/simon-groeflin\\\/\"}]}<\/script>\n<!-- \/ Yoast SEO plugin. -->","yoast_head_json":{"title":"Premi Suva storicamente bassi per il 2022 - Salva","description":"La Suva pu\u00f2 vantare un risultato operativo positivo di 241 milioni di franchi svizzeri per lo scorso esercizio. I rami assicurativi sono in equilibrio finanziario.","robots":{"index":"index","follow":"follow","max-snippet":"max-snippet:-1","max-image-preview":"max-image-preview:large","max-video-preview":"max-video-preview:-1"},"canonical":"https:\/\/news.save.ch\/it\/historisch-tiefe-suva-praemien-fuer-2022\/","og_locale":"it_IT","og_type":"article","og_title":"Historisch tiefe Suva-Pr\u00e4mien f\u00fcr 2022 - Save","og_description":"F\u00fcr das vergangene Gesch\u00e4ftsjahr kann die Suva mit 241 Millionen Franken ein positives Betriebsergebnis ausweisen. Die Versicherungszweige bef\u00e4nden sich finanziell im Gleichgewicht.","og_url":"https:\/\/news.save.ch\/it\/historisch-tiefe-suva-praemien-fuer-2022\/","og_site_name":"Save","article_published_time":"2021-06-23T06:43:33+00:00","article_modified_time":"2023-08-05T08:29:11+00:00","og_image":[{"width":931,"height":597,"url":"https:\/\/news.save.ch\/wp-content\/uploads\/2021\/06\/Bauarbeiter_teaser-1.jpg","type":"image\/jpeg"}],"author":"Simon Gr\u00f6flin","twitter_card":"summary_large_image","twitter_misc":{"Scritto da":"Simon Gr\u00f6flin","Tempo di lettura stimato":"2 minuti"},"schema":{"@context":"https:\/\/schema.org","@graph":[{"@type":"Article","@id":"https:\/\/news.save.ch\/historisch-tiefe-suva-praemien-fuer-2022\/#article","isPartOf":{"@id":"https:\/\/news.save.ch\/historisch-tiefe-suva-praemien-fuer-2022\/"},"author":{"name":"Simon Gr\u00f6flin","@id":"https:\/\/news.save.ch\/de\/#\/schema\/person\/ad4ef21102fd6125312409ac57d5296d"},"headline":"Historisch tiefe Suva-Pr\u00e4mien f\u00fcr 2022","datePublished":"2021-06-23T06:43:33+00:00","dateModified":"2023-08-05T08:29:11+00:00","mainEntityOfPage":{"@id":"https:\/\/news.save.ch\/historisch-tiefe-suva-praemien-fuer-2022\/"},"wordCount":304,"publisher":{"@id":"https:\/\/news.save.ch\/de\/#organization"},"image":{"@id":"https:\/\/news.save.ch\/historisch-tiefe-suva-praemien-fuer-2022\/#primaryimage"},"thumbnailUrl":"https:\/\/news.save.ch\/wp-content\/uploads\/2021\/06\/Bauarbeiter_teaser-1.jpg","keywords":["Anlagenperformance","Betriebsergebnis","Pr\u00e4mien","SUVA","Unfallzahlen"],"articleSection":["ALLGEMEIN","HEALTH &amp; SAFETY"],"inLanguage":"it-IT"},{"@type":"WebPage","@id":"https:\/\/news.save.ch\/historisch-tiefe-suva-praemien-fuer-2022\/","url":"https:\/\/news.save.ch\/historisch-tiefe-suva-praemien-fuer-2022\/","name":"Premi Suva storicamente bassi per il 2022 - Salva","isPartOf":{"@id":"https:\/\/news.save.ch\/de\/#website"},"primaryImageOfPage":{"@id":"https:\/\/news.save.ch\/historisch-tiefe-suva-praemien-fuer-2022\/#primaryimage"},"image":{"@id":"https:\/\/news.save.ch\/historisch-tiefe-suva-praemien-fuer-2022\/#primaryimage"},"thumbnailUrl":"https:\/\/news.save.ch\/wp-content\/uploads\/2021\/06\/Bauarbeiter_teaser-1.jpg","datePublished":"2021-06-23T06:43:33+00:00","dateModified":"2023-08-05T08:29:11+00:00","description":"La Suva pu\u00f2 vantare un risultato operativo positivo di 241 milioni di franchi svizzeri per lo scorso esercizio. I rami assicurativi sono in equilibrio finanziario.","breadcrumb":{"@id":"https:\/\/news.save.ch\/historisch-tiefe-suva-praemien-fuer-2022\/#breadcrumb"},"inLanguage":"it-IT","potentialAction":[{"@type":"ReadAction","target":["https:\/\/news.save.ch\/historisch-tiefe-suva-praemien-fuer-2022\/"]}]},{"@type":"ImageObject","inLanguage":"it-IT","@id":"https:\/\/news.save.ch\/historisch-tiefe-suva-praemien-fuer-2022\/#primaryimage","url":"https:\/\/news.save.ch\/wp-content\/uploads\/2021\/06\/Bauarbeiter_teaser-1.jpg","contentUrl":"https:\/\/news.save.ch\/wp-content\/uploads\/2021\/06\/Bauarbeiter_teaser-1.jpg","width":931,"height":597,"caption":"Quelle: Pixabay"},{"@type":"BreadcrumbList","@id":"https:\/\/news.save.ch\/historisch-tiefe-suva-praemien-fuer-2022\/#breadcrumb","itemListElement":[{"@type":"ListItem","position":1,"name":"Home","item":"https:\/\/news.save.ch\/de\/"},{"@type":"ListItem","position":2,"name":"Historisch tiefe Suva-Pr\u00e4mien f\u00fcr 2022"}]},{"@type":"WebSite","@id":"https:\/\/news.save.ch\/de\/#website","url":"https:\/\/news.save.ch\/de\/","name":"Risparmiare","description":"Rivista svizzera specializzata in sicurezza","publisher":{"@id":"https:\/\/news.save.ch\/de\/#organization"},"potentialAction":[{"@type":"SearchAction","target":{"@type":"EntryPoint","urlTemplate":"https:\/\/news.save.ch\/de\/?s={search_term_string}"},"query-input":{"@type":"PropertyValueSpecification","valueRequired":true,"valueName":"search_term_string"}}],"inLanguage":"it-IT"},{"@type":"Organization","@id":"https:\/\/news.save.ch\/de\/#organization","name":"Forum sulla sicurezza","url":"https:\/\/news.save.ch\/de\/","logo":{"@type":"ImageObject","inLanguage":"it-IT","@id":"https:\/\/news.save.ch\/de\/#\/schema\/logo\/image\/","url":"https:\/\/news.save.ch\/wp-content\/uploads\/2022\/06\/Logo_SF_2012.png","contentUrl":"https:\/\/news.save.ch\/wp-content\/uploads\/2022\/06\/Logo_SF_2012.png","width":1100,"height":91,"caption":"Sicherheitsforum"},"image":{"@id":"https:\/\/news.save.ch\/de\/#\/schema\/logo\/image\/"}},{"@type":"Person","@id":"https:\/\/news.save.ch\/de\/#\/schema\/person\/ad4ef21102fd6125312409ac57d5296d","name":"Simon Gr\u00f6flin","image":{"@type":"ImageObject","inLanguage":"it-IT","@id":"https:\/\/secure.gravatar.com\/avatar\/6ddceb80eb734354635539e0ea5140bb7c41e42de7c45c9a2ab9921b5d5c9a83?s=96&d=mm&r=g","url":"https:\/\/secure.gravatar.com\/avatar\/6ddceb80eb734354635539e0ea5140bb7c41e42de7c45c9a2ab9921b5d5c9a83?s=96&d=mm&r=g","contentUrl":"https:\/\/secure.gravatar.com\/avatar\/6ddceb80eb734354635539e0ea5140bb7c41e42de7c45c9a2ab9921b5d5c9a83?s=96&d=mm&r=g","caption":"Simon Gr\u00f6flin"},"url":"https:\/\/news.save.ch\/it\/author\/simon-groeflin\/"}]}},"_links":{"self":[{"href":"https:\/\/news.save.ch\/it\/wp-json\/wp\/v2\/posts\/7326","targetHints":{"allow":["GET"]}}],"collection":[{"href":"https:\/\/news.save.ch\/it\/wp-json\/wp\/v2\/posts"}],"about":[{"href":"https:\/\/news.save.ch\/it\/wp-json\/wp\/v2\/types\/post"}],"author":[{"embeddable":true,"href":"https:\/\/news.save.ch\/it\/wp-json\/wp\/v2\/users\/9"}],"replies":[{"embeddable":true,"href":"https:\/\/news.save.ch\/it\/wp-json\/wp\/v2\/comments?post=7326"}],"version-history":[{"count":3,"href":"https:\/\/news.save.ch\/it\/wp-json\/wp\/v2\/posts\/7326\/revisions"}],"predecessor-version":[{"id":21565,"href":"https:\/\/news.save.ch\/it\/wp-json\/wp\/v2\/posts\/7326\/revisions\/21565"}],"wp:featuredmedia":[{"embeddable":true,"href":"https:\/\/news.save.ch\/it\/wp-json\/wp\/v2\/media\/16435"}],"wp:attachment":[{"href":"https:\/\/news.save.ch\/it\/wp-json\/wp\/v2\/media?parent=7326"}],"wp:term":[{"taxonomy":"category","embeddable":true,"href":"https:\/\/news.save.ch\/it\/wp-json\/wp\/v2\/categories?post=7326"},{"taxonomy":"post_tag","embeddable":true,"href":"https:\/\/news.save.ch\/it\/wp-json\/wp\/v2\/tags?post=7326"}],"curies":[{"name":"wp","href":"https:\/\/api.w.org\/{rel}","templated":true}]}}