{"id":7518,"date":"2019-01-25T14:04:17","date_gmt":"2019-01-25T13:04:17","guid":{"rendered":"https:\/\/news.save.ch\/?p=7518"},"modified":"2019-01-25T14:04:17","modified_gmt":"2019-01-25T13:04:17","slug":"dieses-diplom-kann-meiner-karriere-nur-foerderlich-sein","status":null,"type":"post","link":"https:\/\/news.save.ch\/it\/dieses-diplom-kann-meiner-karriere-nur-foerderlich-sein\/","title":{"rendered":"\"Questo diploma favorisce la mia carriera\""},"content":{"rendered":"<figure id=\"attachment_7519\" aria-describedby=\"caption-attachment-7519\" style=\"width: 680px\" class=\"wp-caption aligncenter\"><img loading=\"lazy\" decoding=\"async\" class=\"size-medium wp-image-7519\" src=\"https:\/\/news.save.ch\/wp-content\/uploads\/2019\/01\/SES-Projektleiter-1-scaled-1.jpg\" alt=\"\" width=\"680\" height=\"475\" \/><figcaption id=\"caption-attachment-7519\" class=\"wp-caption-text\">I diplomati della formazione continua HSES17 insieme al presidente della SES Peter Nebiker (5\u00b0 da sinistra) e a Beat Amstutz (all'estrema destra) dell'istituto tecnico STFW. Foto: R. Str\u00e4ssle<\/figcaption><\/figure>\n<p>&nbsp;<\/p>\n<p>\"Sono gi\u00e0 un project manager, quello che mi mancava era la 'carta' per farlo\", dice Heiko Kuttruff (38), felice di aver superato il suo \"<a href=\"https:\/\/www.sicher-ses.ch\/de\/ausbildung\">Project Manager Sistemi di sicurezza<\/a>\"\u00e8 contento. S\u00ec, se si pu\u00f2 esibire un diploma del genere si fa un'impressione pi\u00f9 professionale sui clienti\", afferma il neolaureato, che lavora nel campo della tecnologia di allarme e video.<\/p>\n<p>Reto Schlegel \u00e8 anche orgoglioso di aver completato con successo questo corso part-time offerto dall'Associazione Svizzera degli Installatori di Sistemi di Sicurezza (SES) in collaborazione con la Scuola Tecnica Superiore di Winterthur (STFW). \u00c8 un buon allenamento, dice Schlegel. Ha fatto uno \"Stifti\" come elettricista ed \u00e8 convinto che questo diploma possa solo aiutare la sua carriera professionale. Quello che ha imparato al STFW \u00e8 stato molto pratico, dice il 32enne, che ora lavora per un'azienda di tecnologie di sicurezza specializzata nella protezione antincendio.<\/p>\n<p><strong>Grande prestazione<\/strong><\/p>\n<p>Il 24 gennaio, presso l'Hotel Storchen di Zurigo, il Presidente della SES Peter Nebiker e Stephan Walti della Commissione Formazione della SES, nonch\u00e9 Beat Amstutz, responsabile della Tecnica degli Edifici della Scuola Tecnica STFW, hanno consegnato a 13 giovani professionisti l'attestato federale di \"Project Manager per i sistemi di sicurezza\". Peter Nebiker si \u00e8 congratulato con i responsabili del progetto HSES17 per il grande risultato raggiunto e ha ringraziato gli amici dei laureati presenti per la loro pazienza, dato che la formazione stava occupando molto del loro tempo libero. La formazione solida e in servizio richiede anche l'investimento di alcune ore la sera e nei fine settimana. Nebiker ha invitato i candidati prescelti a prendersi il tempo necessario nella loro vita professionale, soprattutto in questi tempi di rapida evoluzione, per tenere d'occhio il quadro generale. Questo \u00e8 importante per un project manager.<\/p>\n<p><strong>13 diplomi consegnati con una cerimonia<\/strong><\/p>\n<p>La formazione per project manager SES fornisce facoltativamente le competenze necessarie nelle specializzazioni \"Sicurezza\" o \"Incendio\". Il corso part-time di tutti i moduli dura almeno 18 mesi. Se si persevera, si pu\u00f2 sperare di ricevere un certificato federale di competenza dopo aver superato l'esame. I seguenti laureati hanno ricevuto questo riconoscimento nel 2019 (in ordine alfabetico): Rafael Aerne, Adrian B\u00f6sch, Stefan Broder, Reto Dellenbach, Fabian Haist, Andreas J\u00e4ger, Heiko Kuttruff, Stefan Nydegger, Hans-Jakob Rickli, Reto Schlegel, Rafael Schmid, Gabriel Senn e Tobias Widmer.<\/p>\n<p>&nbsp;<\/p>\n<p>&nbsp;<\/p>","protected":false},"excerpt":{"rendered":"<p>&nbsp; \u00abIch bin bereits Projektleiter, was mir noch fehlt, war das \u2018Papier\u2019 dazu\u00bb, sagt Heiko Kuttruff (38), der sich \u00fcber seine bestandene Pr\u00fcfung \u00abProjektleiter\/in\u00a0Sicherheitssysteme\u00bb freut. Ja, es mache bei den Kunden einen professionelleren Eindruck, wenn man ein solches Diplom vorweisen k\u00f6nne, sagt der frischgebackene Absolvent, der im Bereich Alarm- und Videotechnik t\u00e4tig ist. Auch Reto [&hellip;]<\/p>\n","protected":false},"author":8,"featured_media":7519,"comment_status":"open","ping_status":"open","sticky":false,"template":"","format":"standard","meta":{"_acf_changed":false,"pgc_sgb_lightbox_settings":"","footnotes":""},"categories":[1],"tags":[449,450],"class_list":["post-7518","post","type-post","status-publish","format-standard","has-post-thumbnail","hentry","category-allgemein","tag-projektleiter-sicherheitssysteme","tag-ses"],"acf":[],"hkrextid":null,"publication":null,"issue":null,"workflow":null,"startPage":null,"spitzmarke":null,"_posts_by_tag_page_fields":{"widget_title":"","widget_tags":""},"_at_widget":"1","_yoast_wpseo_primary_category":"1","_yoast_wpseo_focuskw_text_input":"SES","_yoast_wpseo_opengraph-image":null,"_yoast_wpseo_opengraph-description":null,"_yoast_wpseo_opengraph-title":null,"enclosure":null,"_yoast_wpseo_twitter-title":null,"_yoast_wpseo_twitter-description":null,"_yoast_wpseo_twitter-image":null,"_wp_old_slug":null,"_yoast_wpseo_title":null,"_yoast_wpseo_canonical":null,"yoast_head":"<!-- This site is optimized with the Yoast SEO plugin v27.5 - https:\/\/yoast.com\/product\/yoast-seo-wordpress\/ -->\n<title>\u00abDieses Diplom f\u00f6rdert meine Karriere\u00bb - Save<\/title>\n<meta name=\"description\" content=\"Der SES-Verband konnte erneut 13 Absolventen den eidgen\u00f6ssisch anerkannten Fachausweis \u00abProjektleiter f\u00fcr Sicherheitssysteme\u00bb \u00fcberreichen.\" \/>\n<meta name=\"robots\" content=\"index, follow, max-snippet:-1, max-image-preview:large, max-video-preview:-1\" \/>\n<link rel=\"canonical\" href=\"https:\/\/news.save.ch\/it\/dieses-diplom-kann-meiner-karriere-nur-foerderlich-sein\/\" \/>\n<meta property=\"og:locale\" content=\"it_IT\" \/>\n<meta property=\"og:type\" content=\"article\" \/>\n<meta property=\"og:title\" content=\"\u00abDieses Diplom f\u00f6rdert meine Karriere\u00bb - Save\" \/>\n<meta property=\"og:description\" content=\"Der SES-Verband konnte erneut 13 Absolventen den eidgen\u00f6ssisch anerkannten Fachausweis \u00abProjektleiter f\u00fcr Sicherheitssysteme\u00bb \u00fcberreichen.\" \/>\n<meta property=\"og:url\" content=\"https:\/\/news.save.ch\/it\/dieses-diplom-kann-meiner-karriere-nur-foerderlich-sein\/\" \/>\n<meta property=\"og:site_name\" content=\"Save\" \/>\n<meta property=\"article:published_time\" content=\"2019-01-25T13:04:17+00:00\" \/>\n<meta property=\"og:image\" content=\"https:\/\/news.save.ch\/wp-content\/uploads\/2019\/01\/SES-Projektleiter-1-scaled-1-scaled.jpg\" \/>\n\t<meta property=\"og:image:width\" content=\"1400\" \/>\n\t<meta property=\"og:image:height\" content=\"978\" \/>\n\t<meta property=\"og:image:type\" content=\"image\/jpeg\" \/>\n<meta name=\"author\" content=\"Roger Str\u00e4ssle\" \/>\n<meta name=\"twitter:card\" content=\"summary_large_image\" \/>\n<meta name=\"twitter:label1\" content=\"Scritto da\" \/>\n\t<meta name=\"twitter:data1\" content=\"Roger Str\u00e4ssle\" \/>\n\t<meta name=\"twitter:label2\" content=\"Tempo di lettura stimato\" \/>\n\t<meta name=\"twitter:data2\" content=\"2 minuti\" \/>\n<script type=\"application\/ld+json\" class=\"yoast-schema-graph\">{\"@context\":\"https:\\\/\\\/schema.org\",\"@graph\":[{\"@type\":\"Article\",\"@id\":\"https:\\\/\\\/news.save.ch\\\/dieses-diplom-kann-meiner-karriere-nur-foerderlich-sein\\\/#article\",\"isPartOf\":{\"@id\":\"https:\\\/\\\/news.save.ch\\\/dieses-diplom-kann-meiner-karriere-nur-foerderlich-sein\\\/\"},\"author\":{\"name\":\"Roger Str\u00e4ssle\",\"@id\":\"https:\\\/\\\/news.save.ch\\\/de\\\/#\\\/schema\\\/person\\\/d5022db048e0e2b9785c50e5b24da5aa\"},\"headline\":\"\u00abDieses Diplom f\u00f6rdert meine Karriere\u00bb\",\"datePublished\":\"2019-01-25T13:04:17+00:00\",\"mainEntityOfPage\":{\"@id\":\"https:\\\/\\\/news.save.ch\\\/dieses-diplom-kann-meiner-karriere-nur-foerderlich-sein\\\/\"},\"wordCount\":387,\"commentCount\":0,\"publisher\":{\"@id\":\"https:\\\/\\\/news.save.ch\\\/de\\\/#organization\"},\"image\":{\"@id\":\"https:\\\/\\\/news.save.ch\\\/dieses-diplom-kann-meiner-karriere-nur-foerderlich-sein\\\/#primaryimage\"},\"thumbnailUrl\":\"https:\\\/\\\/news.save.ch\\\/wp-content\\\/uploads\\\/2019\\\/01\\\/SES-Projektleiter-1-scaled-1-scaled.jpg\",\"keywords\":[\"Projektleiter Sicherheitssysteme\",\"SES\"],\"articleSection\":[\"ALLGEMEIN\"],\"inLanguage\":\"it-IT\"},{\"@type\":\"WebPage\",\"@id\":\"https:\\\/\\\/news.save.ch\\\/dieses-diplom-kann-meiner-karriere-nur-foerderlich-sein\\\/\",\"url\":\"https:\\\/\\\/news.save.ch\\\/dieses-diplom-kann-meiner-karriere-nur-foerderlich-sein\\\/\",\"name\":\"\u00abDieses Diplom f\u00f6rdert meine Karriere\u00bb - Save\",\"isPartOf\":{\"@id\":\"https:\\\/\\\/news.save.ch\\\/de\\\/#website\"},\"primaryImageOfPage\":{\"@id\":\"https:\\\/\\\/news.save.ch\\\/dieses-diplom-kann-meiner-karriere-nur-foerderlich-sein\\\/#primaryimage\"},\"image\":{\"@id\":\"https:\\\/\\\/news.save.ch\\\/dieses-diplom-kann-meiner-karriere-nur-foerderlich-sein\\\/#primaryimage\"},\"thumbnailUrl\":\"https:\\\/\\\/news.save.ch\\\/wp-content\\\/uploads\\\/2019\\\/01\\\/SES-Projektleiter-1-scaled-1-scaled.jpg\",\"datePublished\":\"2019-01-25T13:04:17+00:00\",\"description\":\"Der SES-Verband konnte erneut 13 Absolventen den eidgen\u00f6ssisch anerkannten Fachausweis \u00abProjektleiter f\u00fcr Sicherheitssysteme\u00bb \u00fcberreichen.\",\"breadcrumb\":{\"@id\":\"https:\\\/\\\/news.save.ch\\\/dieses-diplom-kann-meiner-karriere-nur-foerderlich-sein\\\/#breadcrumb\"},\"inLanguage\":\"it-IT\",\"potentialAction\":[{\"@type\":\"ReadAction\",\"target\":[\"https:\\\/\\\/news.save.ch\\\/dieses-diplom-kann-meiner-karriere-nur-foerderlich-sein\\\/\"]}]},{\"@type\":\"ImageObject\",\"inLanguage\":\"it-IT\",\"@id\":\"https:\\\/\\\/news.save.ch\\\/dieses-diplom-kann-meiner-karriere-nur-foerderlich-sein\\\/#primaryimage\",\"url\":\"https:\\\/\\\/news.save.ch\\\/wp-content\\\/uploads\\\/2019\\\/01\\\/SES-Projektleiter-1-scaled-1-scaled.jpg\",\"contentUrl\":\"https:\\\/\\\/news.save.ch\\\/wp-content\\\/uploads\\\/2019\\\/01\\\/SES-Projektleiter-1-scaled-1-scaled.jpg\",\"width\":1400,\"height\":978,\"caption\":\"Foto: R. Str\u00e4ssle\"},{\"@type\":\"BreadcrumbList\",\"@id\":\"https:\\\/\\\/news.save.ch\\\/dieses-diplom-kann-meiner-karriere-nur-foerderlich-sein\\\/#breadcrumb\",\"itemListElement\":[{\"@type\":\"ListItem\",\"position\":1,\"name\":\"Home\",\"item\":\"https:\\\/\\\/news.save.ch\\\/de\\\/\"},{\"@type\":\"ListItem\",\"position\":2,\"name\":\"\u00abDieses Diplom f\u00f6rdert meine Karriere\u00bb\"}]},{\"@type\":\"WebSite\",\"@id\":\"https:\\\/\\\/news.save.ch\\\/de\\\/#website\",\"url\":\"https:\\\/\\\/news.save.ch\\\/de\\\/\",\"name\":\"Save\",\"description\":\"Schweizer Fachzeitschrift f\u00fcr Sicherheit\",\"publisher\":{\"@id\":\"https:\\\/\\\/news.save.ch\\\/de\\\/#organization\"},\"potentialAction\":[{\"@type\":\"SearchAction\",\"target\":{\"@type\":\"EntryPoint\",\"urlTemplate\":\"https:\\\/\\\/news.save.ch\\\/de\\\/?s={search_term_string}\"},\"query-input\":{\"@type\":\"PropertyValueSpecification\",\"valueRequired\":true,\"valueName\":\"search_term_string\"}}],\"inLanguage\":\"it-IT\"},{\"@type\":\"Organization\",\"@id\":\"https:\\\/\\\/news.save.ch\\\/de\\\/#organization\",\"name\":\"Sicherheitsforum\",\"url\":\"https:\\\/\\\/news.save.ch\\\/de\\\/\",\"logo\":{\"@type\":\"ImageObject\",\"inLanguage\":\"it-IT\",\"@id\":\"https:\\\/\\\/news.save.ch\\\/de\\\/#\\\/schema\\\/logo\\\/image\\\/\",\"url\":\"https:\\\/\\\/news.save.ch\\\/wp-content\\\/uploads\\\/2022\\\/06\\\/Logo_SF_2012.png\",\"contentUrl\":\"https:\\\/\\\/news.save.ch\\\/wp-content\\\/uploads\\\/2022\\\/06\\\/Logo_SF_2012.png\",\"width\":1100,\"height\":91,\"caption\":\"Sicherheitsforum\"},\"image\":{\"@id\":\"https:\\\/\\\/news.save.ch\\\/de\\\/#\\\/schema\\\/logo\\\/image\\\/\"}},{\"@type\":\"Person\",\"@id\":\"https:\\\/\\\/news.save.ch\\\/de\\\/#\\\/schema\\\/person\\\/d5022db048e0e2b9785c50e5b24da5aa\",\"name\":\"Roger Str\u00e4ssle\",\"image\":{\"@type\":\"ImageObject\",\"inLanguage\":\"it-IT\",\"@id\":\"https:\\\/\\\/secure.gravatar.com\\\/avatar\\\/862a5569d087de48e5856e32f45d719a03804c891d6deb8d4f71a660e79e4a47?s=96&d=mm&r=g\",\"url\":\"https:\\\/\\\/secure.gravatar.com\\\/avatar\\\/862a5569d087de48e5856e32f45d719a03804c891d6deb8d4f71a660e79e4a47?s=96&d=mm&r=g\",\"contentUrl\":\"https:\\\/\\\/secure.gravatar.com\\\/avatar\\\/862a5569d087de48e5856e32f45d719a03804c891d6deb8d4f71a660e79e4a47?s=96&d=mm&r=g\",\"caption\":\"Roger Str\u00e4ssle\"},\"url\":\"https:\\\/\\\/news.save.ch\\\/it\\\/author\\\/roger-straessle\\\/\"}]}<\/script>\n<!-- \/ Yoast SEO plugin. -->","yoast_head_json":{"title":"\"Questo diploma mi permette di proseguire la mia carriera\" - Save","description":"Anche quest'anno l'Associazione SES ha potuto consegnare a 13 diplomati il certificato riconosciuto a livello federale di \"Project Manager per sistemi di sicurezza\".","robots":{"index":"index","follow":"follow","max-snippet":"max-snippet:-1","max-image-preview":"max-image-preview:large","max-video-preview":"max-video-preview:-1"},"canonical":"https:\/\/news.save.ch\/it\/dieses-diplom-kann-meiner-karriere-nur-foerderlich-sein\/","og_locale":"it_IT","og_type":"article","og_title":"\u00abDieses Diplom f\u00f6rdert meine Karriere\u00bb - Save","og_description":"Der SES-Verband konnte erneut 13 Absolventen den eidgen\u00f6ssisch anerkannten Fachausweis \u00abProjektleiter f\u00fcr Sicherheitssysteme\u00bb \u00fcberreichen.","og_url":"https:\/\/news.save.ch\/it\/dieses-diplom-kann-meiner-karriere-nur-foerderlich-sein\/","og_site_name":"Save","article_published_time":"2019-01-25T13:04:17+00:00","og_image":[{"width":1400,"height":978,"url":"https:\/\/news.save.ch\/wp-content\/uploads\/2019\/01\/SES-Projektleiter-1-scaled-1-scaled.jpg","type":"image\/jpeg"}],"author":"Roger Str\u00e4ssle","twitter_card":"summary_large_image","twitter_misc":{"Scritto da":"Roger Str\u00e4ssle","Tempo di lettura stimato":"2 minuti"},"schema":{"@context":"https:\/\/schema.org","@graph":[{"@type":"Article","@id":"https:\/\/news.save.ch\/dieses-diplom-kann-meiner-karriere-nur-foerderlich-sein\/#article","isPartOf":{"@id":"https:\/\/news.save.ch\/dieses-diplom-kann-meiner-karriere-nur-foerderlich-sein\/"},"author":{"name":"Roger Str\u00e4ssle","@id":"https:\/\/news.save.ch\/de\/#\/schema\/person\/d5022db048e0e2b9785c50e5b24da5aa"},"headline":"\u00abDieses Diplom f\u00f6rdert meine Karriere\u00bb","datePublished":"2019-01-25T13:04:17+00:00","mainEntityOfPage":{"@id":"https:\/\/news.save.ch\/dieses-diplom-kann-meiner-karriere-nur-foerderlich-sein\/"},"wordCount":387,"commentCount":0,"publisher":{"@id":"https:\/\/news.save.ch\/de\/#organization"},"image":{"@id":"https:\/\/news.save.ch\/dieses-diplom-kann-meiner-karriere-nur-foerderlich-sein\/#primaryimage"},"thumbnailUrl":"https:\/\/news.save.ch\/wp-content\/uploads\/2019\/01\/SES-Projektleiter-1-scaled-1-scaled.jpg","keywords":["Projektleiter Sicherheitssysteme","SES"],"articleSection":["ALLGEMEIN"],"inLanguage":"it-IT"},{"@type":"WebPage","@id":"https:\/\/news.save.ch\/dieses-diplom-kann-meiner-karriere-nur-foerderlich-sein\/","url":"https:\/\/news.save.ch\/dieses-diplom-kann-meiner-karriere-nur-foerderlich-sein\/","name":"\"Questo diploma mi permette di proseguire la mia carriera\" - Save","isPartOf":{"@id":"https:\/\/news.save.ch\/de\/#website"},"primaryImageOfPage":{"@id":"https:\/\/news.save.ch\/dieses-diplom-kann-meiner-karriere-nur-foerderlich-sein\/#primaryimage"},"image":{"@id":"https:\/\/news.save.ch\/dieses-diplom-kann-meiner-karriere-nur-foerderlich-sein\/#primaryimage"},"thumbnailUrl":"https:\/\/news.save.ch\/wp-content\/uploads\/2019\/01\/SES-Projektleiter-1-scaled-1-scaled.jpg","datePublished":"2019-01-25T13:04:17+00:00","description":"Anche quest'anno l'Associazione SES ha potuto consegnare a 13 diplomati il certificato riconosciuto a livello federale di \"Project Manager per sistemi di sicurezza\".","breadcrumb":{"@id":"https:\/\/news.save.ch\/dieses-diplom-kann-meiner-karriere-nur-foerderlich-sein\/#breadcrumb"},"inLanguage":"it-IT","potentialAction":[{"@type":"ReadAction","target":["https:\/\/news.save.ch\/dieses-diplom-kann-meiner-karriere-nur-foerderlich-sein\/"]}]},{"@type":"ImageObject","inLanguage":"it-IT","@id":"https:\/\/news.save.ch\/dieses-diplom-kann-meiner-karriere-nur-foerderlich-sein\/#primaryimage","url":"https:\/\/news.save.ch\/wp-content\/uploads\/2019\/01\/SES-Projektleiter-1-scaled-1-scaled.jpg","contentUrl":"https:\/\/news.save.ch\/wp-content\/uploads\/2019\/01\/SES-Projektleiter-1-scaled-1-scaled.jpg","width":1400,"height":978,"caption":"Foto: R. Str\u00e4ssle"},{"@type":"BreadcrumbList","@id":"https:\/\/news.save.ch\/dieses-diplom-kann-meiner-karriere-nur-foerderlich-sein\/#breadcrumb","itemListElement":[{"@type":"ListItem","position":1,"name":"Home","item":"https:\/\/news.save.ch\/de\/"},{"@type":"ListItem","position":2,"name":"\u00abDieses Diplom f\u00f6rdert meine Karriere\u00bb"}]},{"@type":"WebSite","@id":"https:\/\/news.save.ch\/de\/#website","url":"https:\/\/news.save.ch\/de\/","name":"Risparmiare","description":"Rivista svizzera specializzata in sicurezza","publisher":{"@id":"https:\/\/news.save.ch\/de\/#organization"},"potentialAction":[{"@type":"SearchAction","target":{"@type":"EntryPoint","urlTemplate":"https:\/\/news.save.ch\/de\/?s={search_term_string}"},"query-input":{"@type":"PropertyValueSpecification","valueRequired":true,"valueName":"search_term_string"}}],"inLanguage":"it-IT"},{"@type":"Organization","@id":"https:\/\/news.save.ch\/de\/#organization","name":"Forum sulla sicurezza","url":"https:\/\/news.save.ch\/de\/","logo":{"@type":"ImageObject","inLanguage":"it-IT","@id":"https:\/\/news.save.ch\/de\/#\/schema\/logo\/image\/","url":"https:\/\/news.save.ch\/wp-content\/uploads\/2022\/06\/Logo_SF_2012.png","contentUrl":"https:\/\/news.save.ch\/wp-content\/uploads\/2022\/06\/Logo_SF_2012.png","width":1100,"height":91,"caption":"Sicherheitsforum"},"image":{"@id":"https:\/\/news.save.ch\/de\/#\/schema\/logo\/image\/"}},{"@type":"Person","@id":"https:\/\/news.save.ch\/de\/#\/schema\/person\/d5022db048e0e2b9785c50e5b24da5aa","name":"Roger Str\u00e4ssle","image":{"@type":"ImageObject","inLanguage":"it-IT","@id":"https:\/\/secure.gravatar.com\/avatar\/862a5569d087de48e5856e32f45d719a03804c891d6deb8d4f71a660e79e4a47?s=96&d=mm&r=g","url":"https:\/\/secure.gravatar.com\/avatar\/862a5569d087de48e5856e32f45d719a03804c891d6deb8d4f71a660e79e4a47?s=96&d=mm&r=g","contentUrl":"https:\/\/secure.gravatar.com\/avatar\/862a5569d087de48e5856e32f45d719a03804c891d6deb8d4f71a660e79e4a47?s=96&d=mm&r=g","caption":"Roger Str\u00e4ssle"},"url":"https:\/\/news.save.ch\/it\/author\/roger-straessle\/"}]}},"_links":{"self":[{"href":"https:\/\/news.save.ch\/it\/wp-json\/wp\/v2\/posts\/7518","targetHints":{"allow":["GET"]}}],"collection":[{"href":"https:\/\/news.save.ch\/it\/wp-json\/wp\/v2\/posts"}],"about":[{"href":"https:\/\/news.save.ch\/it\/wp-json\/wp\/v2\/types\/post"}],"author":[{"embeddable":true,"href":"https:\/\/news.save.ch\/it\/wp-json\/wp\/v2\/users\/8"}],"replies":[{"embeddable":true,"href":"https:\/\/news.save.ch\/it\/wp-json\/wp\/v2\/comments?post=7518"}],"version-history":[{"count":0,"href":"https:\/\/news.save.ch\/it\/wp-json\/wp\/v2\/posts\/7518\/revisions"}],"wp:featuredmedia":[{"embeddable":true,"href":"https:\/\/news.save.ch\/it\/wp-json\/wp\/v2\/media\/7519"}],"wp:attachment":[{"href":"https:\/\/news.save.ch\/it\/wp-json\/wp\/v2\/media?parent=7518"}],"wp:term":[{"taxonomy":"category","embeddable":true,"href":"https:\/\/news.save.ch\/it\/wp-json\/wp\/v2\/categories?post=7518"},{"taxonomy":"post_tag","embeddable":true,"href":"https:\/\/news.save.ch\/it\/wp-json\/wp\/v2\/tags?post=7518"}],"curies":[{"name":"wp","href":"https:\/\/api.w.org\/{rel}","templated":true}]}}