{"id":7586,"date":"2021-08-26T09:19:16","date_gmt":"2021-08-26T07:19:16","guid":{"rendered":"https:\/\/news.save.ch\/?p=7586"},"modified":"2023-07-15T16:42:34","modified_gmt":"2023-07-15T14:42:34","slug":"sichere-lehrzeit-2","status":null,"type":"post","link":"https:\/\/news.save.ch\/it\/sichere-lehrzeit-2\/","title":{"rendered":"Apprendistato sicuro"},"content":{"rendered":"<figure id=\"attachment_7587\" aria-describedby=\"caption-attachment-7587\" style=\"width: 680px\" class=\"wp-caption alignnone\"><img loading=\"lazy\" decoding=\"async\" class=\"wp-image-7587 size-medium\" src=\"https:\/\/news.save.ch\/wp-content\/uploads\/2021\/08\/Lehrzeit-680x510.jpeg\" alt=\"Incidente sul lavoro\" width=\"680\" height=\"510\" srcset=\"https:\/\/news.save.ch\/wp-content\/uploads\/2021\/08\/Lehrzeit-680x510.jpeg 680w, https:\/\/news.save.ch\/wp-content\/uploads\/2021\/08\/Lehrzeit-768x576.jpeg 768w, https:\/\/news.save.ch\/wp-content\/uploads\/2021\/08\/Lehrzeit-16x12.jpeg 16w, https:\/\/news.save.ch\/wp-content\/uploads\/2021\/08\/Lehrzeit-375x281.jpeg 375w, https:\/\/news.save.ch\/wp-content\/uploads\/2021\/08\/Lehrzeit-467x350.jpeg 467w, https:\/\/news.save.ch\/wp-content\/uploads\/2021\/08\/Lehrzeit.jpeg 960w\" sizes=\"auto, (max-width: 680px) 100vw, 680px\" \/><figcaption id=\"caption-attachment-7587\" class=\"wp-caption-text\">Suva<\/figcaption><\/figure>\n<p>La fine delle vacanze estive ha segnato l'inizio di una nuova fase della vita per molti giovani. Mentre alcuni preferiscono continuare la loro formazione a scuola, altri osano entrare nella vita professionale. Secondo la Segreteria di Stato per la formazione, la ricerca e l'innovazione, ogni anno circa 75.000 giovani scelgono un apprendistato.<\/p>\n<h2>Gli apprendisti si infortunano il doppio delle volte rispetto agli altri dipendenti<\/h2>\n<p>Il fatto che l'avvio di una carriera sia anche associato a dei pericoli \u00e8 dimostrato dai dati del Centro svizzero di compilazione delle statistiche sull'assicurazione contro gli infortuni (SSUV). Il rischio di infortunio sul lavoro \u00e8 praticamente doppio per gli apprendisti rispetto agli altri lavoratori. Ogni anno gli apprendisti subiscono 25.000 infortuni sul lavoro, due dei quali sono mortali.<\/p>\n<p>La maggior parte degli incidenti avviene durante il classico lavoro manuale. Circa il 40% degli incidenti avviene durante il lavoro manuale o con una macchina. Ad esempio, durante lavori manuali come la foratura, la smerigliatura, la levigatura o su macchine per la fresatura e la tornitura. Gli allievi vengono spesso colpiti da oggetti estranei come schegge o trucioli, oppure si tagliano o si graffiano.<\/p>\n<h2>I modelli di ruolo importanti hanno una grande influenza<\/h2>\n<p>Le ragioni per cui gli apprendisti si infortunano pi\u00f9 spesso sono ovvie. Per i neofiti della professione, di solito tutto \u00e8 nuovo, non sono abituati a maneggiare strumenti manuali e macchine. Inoltre, molti sottovalutano i pericoli o sopravvalutano le proprie capacit\u00e0. Inoltre, molti incidenti si verificano perch\u00e9 gli apprendisti non osano fare domande se non sono sicuri. Per questo motivo i formatori, i supervisori e i dipendenti svolgono un ruolo centrale. Essi fungono da modelli e hanno il compito di introdurre gli apprendisti alla cultura della sicurezza dell'azienda.<\/p>\n<p>In questa interazione, il formatore professionale svolge un ruolo chiave. Egli ha la responsabilit\u00e0 di garantire che i discenti siano informati sulla <a href=\"https:\/\/www.suva.ch\/de-ch\/praevention\/sicherheit-mit-system\/sichere-lehrzeit\" target=\"_blank\" rel=\"noopener\">regole vitali<\/a> sanno di essere istruiti sistematicamente su queste regole e di ripeterle regolarmente. Ci\u00f2 include anche l'uso dei dispositivi di protezione individuale (DPI).<\/p>\n<p>Per quanto riguarda l'attuazione pratica, la Suva raccomanda ai formatori professionali di coinvolgere il consulente per la sicurezza dell'azienda, in modo che i discenti possano beneficiare delle sue conoscenze e della sua esperienza diretta sui pericoli che si nascondono nel cantiere o nell'azienda. Infine, ma non per questo meno importante, i dipendenti possono fare la loro parte per aumentare la sicurezza dei discenti, rispettando essi stessi le regole e segnalando ai giovani professionisti le violazioni delle norme fondamentali.<\/p>\n<p><em>Fonte: Suva<\/em><\/p>\n<div class=\"mceTemp\"><\/div>\n<p>&nbsp;<\/p>\n<p>&nbsp;<\/p>\n<p>&nbsp;<\/p>","protected":false},"excerpt":{"rendered":"<p>Mit dem Ende der Sommerferien begann f\u00fcr viele Jugendliche ein neuer Lebensabschnitt. W\u00e4hrend manche eine weiterf\u00fchrende schulische Ausbildung bevorzugen, wagen andere den Einstieg ins Berufsleben. Jedes Jahr sind es laut Staatssekretariat f\u00fcr Bildung, Forschung und Innovation rund 75&#8217;000 Jugendliche, die sich f\u00fcr eine Berufslehre entscheiden. Lernende verunfallen doppelt so h\u00e4ufig wie \u00fcbrige Arbeitnehmende Dass der [&hellip;]<\/p>\n","protected":false},"author":9,"featured_media":7587,"comment_status":"closed","ping_status":"closed","sticky":false,"template":"","format":"standard","meta":{"_acf_changed":false,"pgc_sgb_lightbox_settings":"","footnotes":""},"categories":[3314],"tags":[1765,1767,5335,3827,2902,3451,167],"class_list":["post-7586","post","type-post","status-publish","format-standard","has-post-thumbnail","hentry","category-health-safety","tag-berufslehre","tag-berufsunfall","tag-handwerkliche-arbeiten","tag-persoenliche-schutzausruestung","tag-sichere-lehrzeit","tag-sicherheitskultur","tag-suva"],"acf":[],"hkrextid":null,"publication":null,"issue":null,"workflow":null,"startPage":null,"spitzmarke":null,"_posts_by_tag_page_fields":{"widget_title":"","widget_tags":""},"_at_widget":"1","_yoast_wpseo_primary_category":"","_yoast_wpseo_focuskw_text_input":null,"_yoast_wpseo_opengraph-image":null,"_yoast_wpseo_opengraph-description":null,"_yoast_wpseo_opengraph-title":null,"enclosure":null,"_yoast_wpseo_twitter-title":null,"_yoast_wpseo_twitter-description":null,"_yoast_wpseo_twitter-image":null,"_wp_old_slug":null,"_yoast_wpseo_title":null,"_yoast_wpseo_canonical":null,"yoast_head":"<!-- This site is optimized with the Yoast SEO plugin v27.5 - https:\/\/yoast.com\/product\/yoast-seo-wordpress\/ -->\n<title>Sichere Lehrzeit - Save<\/title>\n<meta name=\"description\" content=\"J\u00e4hrlich erleidet jeder achte Lernende einen Berufsunfall. Die Zahlen aller Versicherer zeigen, dass der Einstieg in die Berufswelt nicht nur interessant, sondern auch gef\u00e4hrlich sein kann. Anfang August haben rund 75 000 Jugendliche den Start in das Berufsleben gewagt.\" \/>\n<meta name=\"robots\" content=\"index, follow, max-snippet:-1, max-image-preview:large, max-video-preview:-1\" \/>\n<link rel=\"canonical\" href=\"https:\/\/news.save.ch\/it\/sichere-lehrzeit-2\/\" \/>\n<meta property=\"og:locale\" content=\"it_IT\" \/>\n<meta property=\"og:type\" content=\"article\" \/>\n<meta property=\"og:title\" content=\"Sichere Lehrzeit - Save\" \/>\n<meta property=\"og:description\" content=\"J\u00e4hrlich erleidet jeder achte Lernende einen Berufsunfall. Die Zahlen aller Versicherer zeigen, dass der Einstieg in die Berufswelt nicht nur interessant, sondern auch gef\u00e4hrlich sein kann. Anfang August haben rund 75 000 Jugendliche den Start in das Berufsleben gewagt.\" \/>\n<meta property=\"og:url\" content=\"https:\/\/news.save.ch\/it\/sichere-lehrzeit-2\/\" \/>\n<meta property=\"og:site_name\" content=\"Save\" \/>\n<meta property=\"article:published_time\" content=\"2021-08-26T07:19:16+00:00\" \/>\n<meta property=\"article:modified_time\" content=\"2023-07-15T14:42:34+00:00\" \/>\n<meta property=\"og:image\" content=\"https:\/\/news.save.ch\/wp-content\/uploads\/2021\/08\/Lehrzeit.jpeg\" \/>\n\t<meta property=\"og:image:width\" content=\"960\" \/>\n\t<meta property=\"og:image:height\" content=\"720\" \/>\n\t<meta property=\"og:image:type\" content=\"image\/jpeg\" \/>\n<meta name=\"author\" content=\"Simon Gr\u00f6flin\" \/>\n<meta name=\"twitter:card\" content=\"summary_large_image\" \/>\n<meta name=\"twitter:label1\" content=\"Scritto da\" \/>\n\t<meta name=\"twitter:data1\" content=\"Simon Gr\u00f6flin\" \/>\n\t<meta name=\"twitter:label2\" content=\"Tempo di lettura stimato\" \/>\n\t<meta name=\"twitter:data2\" content=\"3 minuti\" \/>\n<script type=\"application\/ld+json\" class=\"yoast-schema-graph\">{\"@context\":\"https:\\\/\\\/schema.org\",\"@graph\":[{\"@type\":\"Article\",\"@id\":\"https:\\\/\\\/news.save.ch\\\/sichere-lehrzeit-2\\\/#article\",\"isPartOf\":{\"@id\":\"https:\\\/\\\/news.save.ch\\\/sichere-lehrzeit-2\\\/\"},\"author\":{\"name\":\"Simon Gr\u00f6flin\",\"@id\":\"https:\\\/\\\/news.save.ch\\\/de\\\/#\\\/schema\\\/person\\\/ad4ef21102fd6125312409ac57d5296d\"},\"headline\":\"Sichere Lehrzeit\",\"datePublished\":\"2021-08-26T07:19:16+00:00\",\"dateModified\":\"2023-07-15T14:42:34+00:00\",\"mainEntityOfPage\":{\"@id\":\"https:\\\/\\\/news.save.ch\\\/sichere-lehrzeit-2\\\/\"},\"wordCount\":406,\"publisher\":{\"@id\":\"https:\\\/\\\/news.save.ch\\\/de\\\/#organization\"},\"image\":{\"@id\":\"https:\\\/\\\/news.save.ch\\\/sichere-lehrzeit-2\\\/#primaryimage\"},\"thumbnailUrl\":\"https:\\\/\\\/news.save.ch\\\/wp-content\\\/uploads\\\/2021\\\/08\\\/Lehrzeit.jpeg\",\"keywords\":[\"Berufslehre\",\"Berufsunfall\",\"Handwerkliche Arbeiten\",\"pers\u00f6nliche Schutzausr\u00fcstung\",\"Sichere Lehrzeit\",\"Sicherheitskultur\",\"SUVA\"],\"articleSection\":[\"HEALTH &amp; SAFETY\"],\"inLanguage\":\"it-IT\"},{\"@type\":\"WebPage\",\"@id\":\"https:\\\/\\\/news.save.ch\\\/sichere-lehrzeit-2\\\/\",\"url\":\"https:\\\/\\\/news.save.ch\\\/sichere-lehrzeit-2\\\/\",\"name\":\"Sichere Lehrzeit - Save\",\"isPartOf\":{\"@id\":\"https:\\\/\\\/news.save.ch\\\/de\\\/#website\"},\"primaryImageOfPage\":{\"@id\":\"https:\\\/\\\/news.save.ch\\\/sichere-lehrzeit-2\\\/#primaryimage\"},\"image\":{\"@id\":\"https:\\\/\\\/news.save.ch\\\/sichere-lehrzeit-2\\\/#primaryimage\"},\"thumbnailUrl\":\"https:\\\/\\\/news.save.ch\\\/wp-content\\\/uploads\\\/2021\\\/08\\\/Lehrzeit.jpeg\",\"datePublished\":\"2021-08-26T07:19:16+00:00\",\"dateModified\":\"2023-07-15T14:42:34+00:00\",\"description\":\"J\u00e4hrlich erleidet jeder achte Lernende einen Berufsunfall. Die Zahlen aller Versicherer zeigen, dass der Einstieg in die Berufswelt nicht nur interessant, sondern auch gef\u00e4hrlich sein kann. Anfang August haben rund 75 000 Jugendliche den Start in das Berufsleben gewagt.\",\"breadcrumb\":{\"@id\":\"https:\\\/\\\/news.save.ch\\\/sichere-lehrzeit-2\\\/#breadcrumb\"},\"inLanguage\":\"it-IT\",\"potentialAction\":[{\"@type\":\"ReadAction\",\"target\":[\"https:\\\/\\\/news.save.ch\\\/sichere-lehrzeit-2\\\/\"]}]},{\"@type\":\"ImageObject\",\"inLanguage\":\"it-IT\",\"@id\":\"https:\\\/\\\/news.save.ch\\\/sichere-lehrzeit-2\\\/#primaryimage\",\"url\":\"https:\\\/\\\/news.save.ch\\\/wp-content\\\/uploads\\\/2021\\\/08\\\/Lehrzeit.jpeg\",\"contentUrl\":\"https:\\\/\\\/news.save.ch\\\/wp-content\\\/uploads\\\/2021\\\/08\\\/Lehrzeit.jpeg\",\"width\":960,\"height\":720,\"caption\":\"zVg\"},{\"@type\":\"BreadcrumbList\",\"@id\":\"https:\\\/\\\/news.save.ch\\\/sichere-lehrzeit-2\\\/#breadcrumb\",\"itemListElement\":[{\"@type\":\"ListItem\",\"position\":1,\"name\":\"Home\",\"item\":\"https:\\\/\\\/news.save.ch\\\/de\\\/\"},{\"@type\":\"ListItem\",\"position\":2,\"name\":\"Sichere Lehrzeit\"}]},{\"@type\":\"WebSite\",\"@id\":\"https:\\\/\\\/news.save.ch\\\/de\\\/#website\",\"url\":\"https:\\\/\\\/news.save.ch\\\/de\\\/\",\"name\":\"Save\",\"description\":\"Schweizer Fachzeitschrift f\u00fcr Sicherheit\",\"publisher\":{\"@id\":\"https:\\\/\\\/news.save.ch\\\/de\\\/#organization\"},\"potentialAction\":[{\"@type\":\"SearchAction\",\"target\":{\"@type\":\"EntryPoint\",\"urlTemplate\":\"https:\\\/\\\/news.save.ch\\\/de\\\/?s={search_term_string}\"},\"query-input\":{\"@type\":\"PropertyValueSpecification\",\"valueRequired\":true,\"valueName\":\"search_term_string\"}}],\"inLanguage\":\"it-IT\"},{\"@type\":\"Organization\",\"@id\":\"https:\\\/\\\/news.save.ch\\\/de\\\/#organization\",\"name\":\"Sicherheitsforum\",\"url\":\"https:\\\/\\\/news.save.ch\\\/de\\\/\",\"logo\":{\"@type\":\"ImageObject\",\"inLanguage\":\"it-IT\",\"@id\":\"https:\\\/\\\/news.save.ch\\\/de\\\/#\\\/schema\\\/logo\\\/image\\\/\",\"url\":\"https:\\\/\\\/news.save.ch\\\/wp-content\\\/uploads\\\/2022\\\/06\\\/Logo_SF_2012.png\",\"contentUrl\":\"https:\\\/\\\/news.save.ch\\\/wp-content\\\/uploads\\\/2022\\\/06\\\/Logo_SF_2012.png\",\"width\":1100,\"height\":91,\"caption\":\"Sicherheitsforum\"},\"image\":{\"@id\":\"https:\\\/\\\/news.save.ch\\\/de\\\/#\\\/schema\\\/logo\\\/image\\\/\"}},{\"@type\":\"Person\",\"@id\":\"https:\\\/\\\/news.save.ch\\\/de\\\/#\\\/schema\\\/person\\\/ad4ef21102fd6125312409ac57d5296d\",\"name\":\"Simon Gr\u00f6flin\",\"image\":{\"@type\":\"ImageObject\",\"inLanguage\":\"it-IT\",\"@id\":\"https:\\\/\\\/secure.gravatar.com\\\/avatar\\\/6ddceb80eb734354635539e0ea5140bb7c41e42de7c45c9a2ab9921b5d5c9a83?s=96&d=mm&r=g\",\"url\":\"https:\\\/\\\/secure.gravatar.com\\\/avatar\\\/6ddceb80eb734354635539e0ea5140bb7c41e42de7c45c9a2ab9921b5d5c9a83?s=96&d=mm&r=g\",\"contentUrl\":\"https:\\\/\\\/secure.gravatar.com\\\/avatar\\\/6ddceb80eb734354635539e0ea5140bb7c41e42de7c45c9a2ab9921b5d5c9a83?s=96&d=mm&r=g\",\"caption\":\"Simon Gr\u00f6flin\"},\"url\":\"https:\\\/\\\/news.save.ch\\\/it\\\/author\\\/simon-groeflin\\\/\"}]}<\/script>\n<!-- \/ Yoast SEO plugin. -->","yoast_head_json":{"title":"Apprendistato sicuro - Salva","description":"Ogni anno, un apprendista su otto subisce un infortunio sul lavoro. I dati di tutti gli assicuratori dimostrano che l'ingresso nel mondo del lavoro pu\u00f2 essere non solo interessante, ma anche pericoloso. All'inizio di agosto, circa 75.000 giovani hanno osato iniziare la loro vita professionale.","robots":{"index":"index","follow":"follow","max-snippet":"max-snippet:-1","max-image-preview":"max-image-preview:large","max-video-preview":"max-video-preview:-1"},"canonical":"https:\/\/news.save.ch\/it\/sichere-lehrzeit-2\/","og_locale":"it_IT","og_type":"article","og_title":"Sichere Lehrzeit - Save","og_description":"J\u00e4hrlich erleidet jeder achte Lernende einen Berufsunfall. Die Zahlen aller Versicherer zeigen, dass der Einstieg in die Berufswelt nicht nur interessant, sondern auch gef\u00e4hrlich sein kann. Anfang August haben rund 75 000 Jugendliche den Start in das Berufsleben gewagt.","og_url":"https:\/\/news.save.ch\/it\/sichere-lehrzeit-2\/","og_site_name":"Save","article_published_time":"2021-08-26T07:19:16+00:00","article_modified_time":"2023-07-15T14:42:34+00:00","og_image":[{"width":960,"height":720,"url":"https:\/\/news.save.ch\/wp-content\/uploads\/2021\/08\/Lehrzeit.jpeg","type":"image\/jpeg"}],"author":"Simon Gr\u00f6flin","twitter_card":"summary_large_image","twitter_misc":{"Scritto da":"Simon Gr\u00f6flin","Tempo di lettura stimato":"3 minuti"},"schema":{"@context":"https:\/\/schema.org","@graph":[{"@type":"Article","@id":"https:\/\/news.save.ch\/sichere-lehrzeit-2\/#article","isPartOf":{"@id":"https:\/\/news.save.ch\/sichere-lehrzeit-2\/"},"author":{"name":"Simon Gr\u00f6flin","@id":"https:\/\/news.save.ch\/de\/#\/schema\/person\/ad4ef21102fd6125312409ac57d5296d"},"headline":"Sichere Lehrzeit","datePublished":"2021-08-26T07:19:16+00:00","dateModified":"2023-07-15T14:42:34+00:00","mainEntityOfPage":{"@id":"https:\/\/news.save.ch\/sichere-lehrzeit-2\/"},"wordCount":406,"publisher":{"@id":"https:\/\/news.save.ch\/de\/#organization"},"image":{"@id":"https:\/\/news.save.ch\/sichere-lehrzeit-2\/#primaryimage"},"thumbnailUrl":"https:\/\/news.save.ch\/wp-content\/uploads\/2021\/08\/Lehrzeit.jpeg","keywords":["Berufslehre","Berufsunfall","Handwerkliche Arbeiten","pers\u00f6nliche Schutzausr\u00fcstung","Sichere Lehrzeit","Sicherheitskultur","SUVA"],"articleSection":["HEALTH &amp; SAFETY"],"inLanguage":"it-IT"},{"@type":"WebPage","@id":"https:\/\/news.save.ch\/sichere-lehrzeit-2\/","url":"https:\/\/news.save.ch\/sichere-lehrzeit-2\/","name":"Apprendistato sicuro - Salva","isPartOf":{"@id":"https:\/\/news.save.ch\/de\/#website"},"primaryImageOfPage":{"@id":"https:\/\/news.save.ch\/sichere-lehrzeit-2\/#primaryimage"},"image":{"@id":"https:\/\/news.save.ch\/sichere-lehrzeit-2\/#primaryimage"},"thumbnailUrl":"https:\/\/news.save.ch\/wp-content\/uploads\/2021\/08\/Lehrzeit.jpeg","datePublished":"2021-08-26T07:19:16+00:00","dateModified":"2023-07-15T14:42:34+00:00","description":"Ogni anno, un apprendista su otto subisce un infortunio sul lavoro. I dati di tutti gli assicuratori dimostrano che l'ingresso nel mondo del lavoro pu\u00f2 essere non solo interessante, ma anche pericoloso. All'inizio di agosto, circa 75.000 giovani hanno osato iniziare la loro vita professionale.","breadcrumb":{"@id":"https:\/\/news.save.ch\/sichere-lehrzeit-2\/#breadcrumb"},"inLanguage":"it-IT","potentialAction":[{"@type":"ReadAction","target":["https:\/\/news.save.ch\/sichere-lehrzeit-2\/"]}]},{"@type":"ImageObject","inLanguage":"it-IT","@id":"https:\/\/news.save.ch\/sichere-lehrzeit-2\/#primaryimage","url":"https:\/\/news.save.ch\/wp-content\/uploads\/2021\/08\/Lehrzeit.jpeg","contentUrl":"https:\/\/news.save.ch\/wp-content\/uploads\/2021\/08\/Lehrzeit.jpeg","width":960,"height":720,"caption":"zVg"},{"@type":"BreadcrumbList","@id":"https:\/\/news.save.ch\/sichere-lehrzeit-2\/#breadcrumb","itemListElement":[{"@type":"ListItem","position":1,"name":"Home","item":"https:\/\/news.save.ch\/de\/"},{"@type":"ListItem","position":2,"name":"Sichere Lehrzeit"}]},{"@type":"WebSite","@id":"https:\/\/news.save.ch\/de\/#website","url":"https:\/\/news.save.ch\/de\/","name":"Risparmiare","description":"Rivista svizzera specializzata in sicurezza","publisher":{"@id":"https:\/\/news.save.ch\/de\/#organization"},"potentialAction":[{"@type":"SearchAction","target":{"@type":"EntryPoint","urlTemplate":"https:\/\/news.save.ch\/de\/?s={search_term_string}"},"query-input":{"@type":"PropertyValueSpecification","valueRequired":true,"valueName":"search_term_string"}}],"inLanguage":"it-IT"},{"@type":"Organization","@id":"https:\/\/news.save.ch\/de\/#organization","name":"Forum sulla sicurezza","url":"https:\/\/news.save.ch\/de\/","logo":{"@type":"ImageObject","inLanguage":"it-IT","@id":"https:\/\/news.save.ch\/de\/#\/schema\/logo\/image\/","url":"https:\/\/news.save.ch\/wp-content\/uploads\/2022\/06\/Logo_SF_2012.png","contentUrl":"https:\/\/news.save.ch\/wp-content\/uploads\/2022\/06\/Logo_SF_2012.png","width":1100,"height":91,"caption":"Sicherheitsforum"},"image":{"@id":"https:\/\/news.save.ch\/de\/#\/schema\/logo\/image\/"}},{"@type":"Person","@id":"https:\/\/news.save.ch\/de\/#\/schema\/person\/ad4ef21102fd6125312409ac57d5296d","name":"Simon Gr\u00f6flin","image":{"@type":"ImageObject","inLanguage":"it-IT","@id":"https:\/\/secure.gravatar.com\/avatar\/6ddceb80eb734354635539e0ea5140bb7c41e42de7c45c9a2ab9921b5d5c9a83?s=96&d=mm&r=g","url":"https:\/\/secure.gravatar.com\/avatar\/6ddceb80eb734354635539e0ea5140bb7c41e42de7c45c9a2ab9921b5d5c9a83?s=96&d=mm&r=g","contentUrl":"https:\/\/secure.gravatar.com\/avatar\/6ddceb80eb734354635539e0ea5140bb7c41e42de7c45c9a2ab9921b5d5c9a83?s=96&d=mm&r=g","caption":"Simon Gr\u00f6flin"},"url":"https:\/\/news.save.ch\/it\/author\/simon-groeflin\/"}]}},"_links":{"self":[{"href":"https:\/\/news.save.ch\/it\/wp-json\/wp\/v2\/posts\/7586","targetHints":{"allow":["GET"]}}],"collection":[{"href":"https:\/\/news.save.ch\/it\/wp-json\/wp\/v2\/posts"}],"about":[{"href":"https:\/\/news.save.ch\/it\/wp-json\/wp\/v2\/types\/post"}],"author":[{"embeddable":true,"href":"https:\/\/news.save.ch\/it\/wp-json\/wp\/v2\/users\/9"}],"replies":[{"embeddable":true,"href":"https:\/\/news.save.ch\/it\/wp-json\/wp\/v2\/comments?post=7586"}],"version-history":[{"count":3,"href":"https:\/\/news.save.ch\/it\/wp-json\/wp\/v2\/posts\/7586\/revisions"}],"predecessor-version":[{"id":20907,"href":"https:\/\/news.save.ch\/it\/wp-json\/wp\/v2\/posts\/7586\/revisions\/20907"}],"wp:featuredmedia":[{"embeddable":true,"href":"https:\/\/news.save.ch\/it\/wp-json\/wp\/v2\/media\/7587"}],"wp:attachment":[{"href":"https:\/\/news.save.ch\/it\/wp-json\/wp\/v2\/media?parent=7586"}],"wp:term":[{"taxonomy":"category","embeddable":true,"href":"https:\/\/news.save.ch\/it\/wp-json\/wp\/v2\/categories?post=7586"},{"taxonomy":"post_tag","embeddable":true,"href":"https:\/\/news.save.ch\/it\/wp-json\/wp\/v2\/tags?post=7586"}],"curies":[{"name":"wp","href":"https:\/\/api.w.org\/{rel}","templated":true}]}}