{"id":7641,"date":"2019-02-18T16:54:55","date_gmt":"2019-02-18T15:54:55","guid":{"rendered":"https:\/\/news.save.ch\/?p=7641"},"modified":"2019-02-18T16:54:55","modified_gmt":"2019-02-18T15:54:55","slug":"chlortransporte-mehr-sicherheit","status":null,"type":"post","link":"https:\/\/news.save.ch\/it\/chlortransporte-mehr-sicherheit\/","title":{"rendered":"Trasporti di cloro: pi\u00f9 sicurezza"},"content":{"rendered":"<figure id=\"attachment_7642\" aria-describedby=\"caption-attachment-7642\" style=\"width: 680px\" class=\"wp-caption aligncenter\"><img loading=\"lazy\" decoding=\"async\" class=\"wp-image-7642 size-medium\" src=\"https:\/\/news.save.ch\/wp-content\/uploads\/2019\/02\/Depositphotos_23707537_m-2015.jpg\" alt=\"Trasporto del cloro\" width=\"680\" height=\"454\" srcset=\"https:\/\/news.save.ch\/wp-content\/uploads\/2019\/02\/Depositphotos_23707537_m-2015.jpg 1000w, https:\/\/news.save.ch\/wp-content\/uploads\/2019\/02\/Depositphotos_23707537_m-2015-375x250.jpg 375w\" sizes=\"auto, (max-width: 680px) 100vw, 680px\" \/><figcaption id=\"caption-attachment-7642\" class=\"wp-caption-text\">\u00a9 depositphotos, snvv<\/figcaption><\/figure>\n<p>La novit\u00e0 pi\u00f9 importante \u00e8 l'introduzione di un treno speciale con il cambio di orario 2017\/2018: si tratta di un treno settimanale che porta i vagoni cisterna di cloro dalla Francia al Vallese e che, rispetto ai normali treni merci, viaggia a velocit\u00e0 ridotta (massimo 40 km\/h). Questo riduce notevolmente il rischio di rilascio di cloro in caso di incidente. Una seconda misura \u00e8 l'acquisto di cloro dall'Italia. Di conseguenza, sull'arco del Lago di Ginevra, densamente popolato, viene trasportato un quantitativo di cloro proporzionalmente inferiore. Inoltre, sono state rimosse le protezioni dei binari (binari di misura incastonati nel cemento armato) sul percorso del treno speciale, che avrebbero potuto danneggiare i carri cisterna in caso di incidente.<\/p>\n<p>Inoltre, viene attuata un'ulteriore misura di riduzione del rischio che va ben oltre i requisiti internazionali per la tecnologia dei carri: per il trasporto del cloro devono essere utilizzati i migliori carri cisterna disponibili in termini di sicurezza. Per garantire che la riduzione del rischio sia mantenuta anche a lungo termine, nel giugno 2018 l'Ufficio federale dell'ambiente (UFAM) ha emanato criteri di valutazione pi\u00f9 severi (probabilit\u00e0 ed entit\u00e0 degli eventi possibili) per il rischio.<\/p>\n<p><strong>Rischio 10 volte inferiore<\/strong><\/p>\n<p>Il rapporto recentemente pubblicato sulla prima fase di attuazione della Dichiarazione congiunta II sul trasporto del cloro <a href=\"https:\/\/www.newsd.admin.ch\/newsd\/message\/attachments\/55684.pdf\">(GE II)<\/a> alla fine del 2018 mostra che gli obiettivi concordati sono stati raggiunti: Il rischio per il trasporto di cloro per ferrovia \u00e8 stato ridotto di un fattore 10 nei punti critici ed \u00e8 quindi inferiore ai criteri di valutazione pi\u00f9 severi, come richiesto. Ci\u00f2 significa un chiaro guadagno in termini di sicurezza per questi trasporti di merci pericolose.<\/p>\n<p><strong>Tabella di marcia comune per ulteriori miglioramenti<\/strong><\/p>\n<p>I partner (scienceindustries, SBB, VAP Associazione dell'Industria del Carico, Ufficio Federale dei Trasporti e Bafu) continueranno a impegnarsi per una maggiore sicurezza nei prossimi anni, con l'obiettivo di aumentare ulteriormente la sicurezza. In una tabella di marcia, hanno stabilito ulteriori misure per il periodo dal 2019 al 2025. Tra le altre cose, questi includono l'ulteriore sviluppo della sicurezza dei carri cisterna ferroviari. Si sta valutando la possibilit\u00e0 di utilizzare contenitori a cisterna e di approvvigionarsi di pi\u00f9 cloro dall'Italia.<\/p>\n<p><em>Fonte: Bafu<\/em><\/p>\n<p>&nbsp;<\/p>","protected":false},"excerpt":{"rendered":"<p>Die wichtigste neue Massnahme ist die Einf\u00fchrung eines Sonderzuges mit dem Fahrplanwechsel 2017\/2018. Es handelt sich um einen w\u00f6chentlichen Zug, der Chlorkesselwagen von Frankreich ins Wallis bringt und, im Vergleich zu normalen G\u00fcterz\u00fcgen, mit reduzierter Geschwindigkeit verkehrt (max. 40 km\/h). Damit sinkt das Risiko markant, dass es bei einem Unfall zu einer Freisetzung von Chlor [&hellip;]<\/p>\n","protected":false},"author":8,"featured_media":7642,"comment_status":"open","ping_status":"open","sticky":false,"template":"","format":"standard","meta":{"_acf_changed":false,"pgc_sgb_lightbox_settings":"","footnotes":""},"categories":[1],"tags":[458,188],"class_list":["post-7641","post","type-post","status-publish","format-standard","has-post-thumbnail","hentry","category-allgemein","tag-chlor","tag-gefahrguttransport"],"acf":[],"hkrextid":null,"publication":null,"issue":null,"workflow":null,"startPage":null,"spitzmarke":null,"_posts_by_tag_page_fields":{"widget_title":"","widget_tags":""},"_at_widget":"1","_yoast_wpseo_primary_category":"","_yoast_wpseo_focuskw_text_input":"Chlortransporte","_yoast_wpseo_opengraph-image":null,"_yoast_wpseo_opengraph-description":null,"_yoast_wpseo_opengraph-title":null,"enclosure":null,"_yoast_wpseo_twitter-title":null,"_yoast_wpseo_twitter-description":null,"_yoast_wpseo_twitter-image":null,"_wp_old_slug":null,"_yoast_wpseo_title":null,"_yoast_wpseo_canonical":null,"yoast_head":"<!-- This site is optimized with the Yoast SEO plugin v27.5 - https:\/\/yoast.com\/product\/yoast-seo-wordpress\/ -->\n<title>Chlortransporte: mehr Sicherheit - Save<\/title>\n<meta name=\"description\" content=\"Chlortransporte in der Schweiz sind dank zwei Massnahmen sicherer geworden. F\u00fcr den Zeitraum 2019-2025 wurden weitere Massnahmen festgelegt.\" \/>\n<meta name=\"robots\" content=\"index, follow, max-snippet:-1, max-image-preview:large, max-video-preview:-1\" \/>\n<link rel=\"canonical\" href=\"https:\/\/news.save.ch\/it\/chlortransporte-mehr-sicherheit\/\" \/>\n<meta property=\"og:locale\" content=\"it_IT\" \/>\n<meta property=\"og:type\" content=\"article\" \/>\n<meta property=\"og:title\" content=\"Chlortransporte: mehr Sicherheit - Save\" \/>\n<meta property=\"og:description\" content=\"Chlortransporte in der Schweiz sind dank zwei Massnahmen sicherer geworden. F\u00fcr den Zeitraum 2019-2025 wurden weitere Massnahmen festgelegt.\" \/>\n<meta property=\"og:url\" content=\"https:\/\/news.save.ch\/it\/chlortransporte-mehr-sicherheit\/\" \/>\n<meta property=\"og:site_name\" content=\"Save\" \/>\n<meta property=\"article:published_time\" content=\"2019-02-18T15:54:55+00:00\" \/>\n<meta property=\"og:image\" content=\"https:\/\/news.save.ch\/wp-content\/uploads\/2019\/02\/Depositphotos_23707537_m-2015.jpg\" \/>\n\t<meta property=\"og:image:width\" content=\"1000\" \/>\n\t<meta property=\"og:image:height\" content=\"667\" \/>\n\t<meta property=\"og:image:type\" content=\"image\/jpeg\" \/>\n<meta name=\"author\" content=\"Roger Str\u00e4ssle\" \/>\n<meta name=\"twitter:card\" content=\"summary_large_image\" \/>\n<meta name=\"twitter:label1\" content=\"Scritto da\" \/>\n\t<meta name=\"twitter:data1\" content=\"Roger Str\u00e4ssle\" \/>\n\t<meta name=\"twitter:label2\" content=\"Tempo di lettura stimato\" \/>\n\t<meta name=\"twitter:data2\" content=\"2 minuti\" \/>\n<script type=\"application\/ld+json\" class=\"yoast-schema-graph\">{\"@context\":\"https:\\\/\\\/schema.org\",\"@graph\":[{\"@type\":\"Article\",\"@id\":\"https:\\\/\\\/news.save.ch\\\/chlortransporte-mehr-sicherheit\\\/#article\",\"isPartOf\":{\"@id\":\"https:\\\/\\\/news.save.ch\\\/chlortransporte-mehr-sicherheit\\\/\"},\"author\":{\"name\":\"Roger Str\u00e4ssle\",\"@id\":\"https:\\\/\\\/news.save.ch\\\/de\\\/#\\\/schema\\\/person\\\/d5022db048e0e2b9785c50e5b24da5aa\"},\"headline\":\"Chlortransporte: mehr Sicherheit\",\"datePublished\":\"2019-02-18T15:54:55+00:00\",\"mainEntityOfPage\":{\"@id\":\"https:\\\/\\\/news.save.ch\\\/chlortransporte-mehr-sicherheit\\\/\"},\"wordCount\":339,\"commentCount\":0,\"publisher\":{\"@id\":\"https:\\\/\\\/news.save.ch\\\/de\\\/#organization\"},\"image\":{\"@id\":\"https:\\\/\\\/news.save.ch\\\/chlortransporte-mehr-sicherheit\\\/#primaryimage\"},\"thumbnailUrl\":\"https:\\\/\\\/news.save.ch\\\/wp-content\\\/uploads\\\/2019\\\/02\\\/Depositphotos_23707537_m-2015.jpg\",\"keywords\":[\"Chlor\",\"Gefahrguttransport\"],\"articleSection\":[\"ALLGEMEIN\"],\"inLanguage\":\"it-IT\"},{\"@type\":\"WebPage\",\"@id\":\"https:\\\/\\\/news.save.ch\\\/chlortransporte-mehr-sicherheit\\\/\",\"url\":\"https:\\\/\\\/news.save.ch\\\/chlortransporte-mehr-sicherheit\\\/\",\"name\":\"Chlortransporte: mehr Sicherheit - Save\",\"isPartOf\":{\"@id\":\"https:\\\/\\\/news.save.ch\\\/de\\\/#website\"},\"primaryImageOfPage\":{\"@id\":\"https:\\\/\\\/news.save.ch\\\/chlortransporte-mehr-sicherheit\\\/#primaryimage\"},\"image\":{\"@id\":\"https:\\\/\\\/news.save.ch\\\/chlortransporte-mehr-sicherheit\\\/#primaryimage\"},\"thumbnailUrl\":\"https:\\\/\\\/news.save.ch\\\/wp-content\\\/uploads\\\/2019\\\/02\\\/Depositphotos_23707537_m-2015.jpg\",\"datePublished\":\"2019-02-18T15:54:55+00:00\",\"description\":\"Chlortransporte in der Schweiz sind dank zwei Massnahmen sicherer geworden. F\u00fcr den Zeitraum 2019-2025 wurden weitere Massnahmen festgelegt.\",\"breadcrumb\":{\"@id\":\"https:\\\/\\\/news.save.ch\\\/chlortransporte-mehr-sicherheit\\\/#breadcrumb\"},\"inLanguage\":\"it-IT\",\"potentialAction\":[{\"@type\":\"ReadAction\",\"target\":[\"https:\\\/\\\/news.save.ch\\\/chlortransporte-mehr-sicherheit\\\/\"]}]},{\"@type\":\"ImageObject\",\"inLanguage\":\"it-IT\",\"@id\":\"https:\\\/\\\/news.save.ch\\\/chlortransporte-mehr-sicherheit\\\/#primaryimage\",\"url\":\"https:\\\/\\\/news.save.ch\\\/wp-content\\\/uploads\\\/2019\\\/02\\\/Depositphotos_23707537_m-2015.jpg\",\"contentUrl\":\"https:\\\/\\\/news.save.ch\\\/wp-content\\\/uploads\\\/2019\\\/02\\\/Depositphotos_23707537_m-2015.jpg\",\"width\":1000,\"height\":667,\"caption\":\"\u00a9 depositphotos, snvv\"},{\"@type\":\"BreadcrumbList\",\"@id\":\"https:\\\/\\\/news.save.ch\\\/chlortransporte-mehr-sicherheit\\\/#breadcrumb\",\"itemListElement\":[{\"@type\":\"ListItem\",\"position\":1,\"name\":\"Home\",\"item\":\"https:\\\/\\\/news.save.ch\\\/de\\\/\"},{\"@type\":\"ListItem\",\"position\":2,\"name\":\"Chlortransporte: mehr Sicherheit\"}]},{\"@type\":\"WebSite\",\"@id\":\"https:\\\/\\\/news.save.ch\\\/de\\\/#website\",\"url\":\"https:\\\/\\\/news.save.ch\\\/de\\\/\",\"name\":\"Save\",\"description\":\"Schweizer Fachzeitschrift f\u00fcr Sicherheit\",\"publisher\":{\"@id\":\"https:\\\/\\\/news.save.ch\\\/de\\\/#organization\"},\"potentialAction\":[{\"@type\":\"SearchAction\",\"target\":{\"@type\":\"EntryPoint\",\"urlTemplate\":\"https:\\\/\\\/news.save.ch\\\/de\\\/?s={search_term_string}\"},\"query-input\":{\"@type\":\"PropertyValueSpecification\",\"valueRequired\":true,\"valueName\":\"search_term_string\"}}],\"inLanguage\":\"it-IT\"},{\"@type\":\"Organization\",\"@id\":\"https:\\\/\\\/news.save.ch\\\/de\\\/#organization\",\"name\":\"Sicherheitsforum\",\"url\":\"https:\\\/\\\/news.save.ch\\\/de\\\/\",\"logo\":{\"@type\":\"ImageObject\",\"inLanguage\":\"it-IT\",\"@id\":\"https:\\\/\\\/news.save.ch\\\/de\\\/#\\\/schema\\\/logo\\\/image\\\/\",\"url\":\"https:\\\/\\\/news.save.ch\\\/wp-content\\\/uploads\\\/2022\\\/06\\\/Logo_SF_2012.png\",\"contentUrl\":\"https:\\\/\\\/news.save.ch\\\/wp-content\\\/uploads\\\/2022\\\/06\\\/Logo_SF_2012.png\",\"width\":1100,\"height\":91,\"caption\":\"Sicherheitsforum\"},\"image\":{\"@id\":\"https:\\\/\\\/news.save.ch\\\/de\\\/#\\\/schema\\\/logo\\\/image\\\/\"}},{\"@type\":\"Person\",\"@id\":\"https:\\\/\\\/news.save.ch\\\/de\\\/#\\\/schema\\\/person\\\/d5022db048e0e2b9785c50e5b24da5aa\",\"name\":\"Roger Str\u00e4ssle\",\"image\":{\"@type\":\"ImageObject\",\"inLanguage\":\"it-IT\",\"@id\":\"https:\\\/\\\/secure.gravatar.com\\\/avatar\\\/862a5569d087de48e5856e32f45d719a03804c891d6deb8d4f71a660e79e4a47?s=96&d=mm&r=g\",\"url\":\"https:\\\/\\\/secure.gravatar.com\\\/avatar\\\/862a5569d087de48e5856e32f45d719a03804c891d6deb8d4f71a660e79e4a47?s=96&d=mm&r=g\",\"contentUrl\":\"https:\\\/\\\/secure.gravatar.com\\\/avatar\\\/862a5569d087de48e5856e32f45d719a03804c891d6deb8d4f71a660e79e4a47?s=96&d=mm&r=g\",\"caption\":\"Roger Str\u00e4ssle\"},\"url\":\"https:\\\/\\\/news.save.ch\\\/it\\\/author\\\/roger-straessle\\\/\"}]}<\/script>\n<!-- \/ Yoast SEO plugin. -->","yoast_head_json":{"title":"Trasporti di cloro: pi\u00f9 sicurezza - Save","description":"I trasporti di cloro in Svizzera sono diventati pi\u00f9 sicuri grazie a due misure. Ulteriori misure sono state definite per il periodo 2019-2025.","robots":{"index":"index","follow":"follow","max-snippet":"max-snippet:-1","max-image-preview":"max-image-preview:large","max-video-preview":"max-video-preview:-1"},"canonical":"https:\/\/news.save.ch\/it\/chlortransporte-mehr-sicherheit\/","og_locale":"it_IT","og_type":"article","og_title":"Chlortransporte: mehr Sicherheit - Save","og_description":"Chlortransporte in der Schweiz sind dank zwei Massnahmen sicherer geworden. F\u00fcr den Zeitraum 2019-2025 wurden weitere Massnahmen festgelegt.","og_url":"https:\/\/news.save.ch\/it\/chlortransporte-mehr-sicherheit\/","og_site_name":"Save","article_published_time":"2019-02-18T15:54:55+00:00","og_image":[{"width":1000,"height":667,"url":"https:\/\/news.save.ch\/wp-content\/uploads\/2019\/02\/Depositphotos_23707537_m-2015.jpg","type":"image\/jpeg"}],"author":"Roger Str\u00e4ssle","twitter_card":"summary_large_image","twitter_misc":{"Scritto da":"Roger Str\u00e4ssle","Tempo di lettura stimato":"2 minuti"},"schema":{"@context":"https:\/\/schema.org","@graph":[{"@type":"Article","@id":"https:\/\/news.save.ch\/chlortransporte-mehr-sicherheit\/#article","isPartOf":{"@id":"https:\/\/news.save.ch\/chlortransporte-mehr-sicherheit\/"},"author":{"name":"Roger Str\u00e4ssle","@id":"https:\/\/news.save.ch\/de\/#\/schema\/person\/d5022db048e0e2b9785c50e5b24da5aa"},"headline":"Chlortransporte: mehr Sicherheit","datePublished":"2019-02-18T15:54:55+00:00","mainEntityOfPage":{"@id":"https:\/\/news.save.ch\/chlortransporte-mehr-sicherheit\/"},"wordCount":339,"commentCount":0,"publisher":{"@id":"https:\/\/news.save.ch\/de\/#organization"},"image":{"@id":"https:\/\/news.save.ch\/chlortransporte-mehr-sicherheit\/#primaryimage"},"thumbnailUrl":"https:\/\/news.save.ch\/wp-content\/uploads\/2019\/02\/Depositphotos_23707537_m-2015.jpg","keywords":["Chlor","Gefahrguttransport"],"articleSection":["ALLGEMEIN"],"inLanguage":"it-IT"},{"@type":"WebPage","@id":"https:\/\/news.save.ch\/chlortransporte-mehr-sicherheit\/","url":"https:\/\/news.save.ch\/chlortransporte-mehr-sicherheit\/","name":"Trasporti di cloro: pi\u00f9 sicurezza - Save","isPartOf":{"@id":"https:\/\/news.save.ch\/de\/#website"},"primaryImageOfPage":{"@id":"https:\/\/news.save.ch\/chlortransporte-mehr-sicherheit\/#primaryimage"},"image":{"@id":"https:\/\/news.save.ch\/chlortransporte-mehr-sicherheit\/#primaryimage"},"thumbnailUrl":"https:\/\/news.save.ch\/wp-content\/uploads\/2019\/02\/Depositphotos_23707537_m-2015.jpg","datePublished":"2019-02-18T15:54:55+00:00","description":"I trasporti di cloro in Svizzera sono diventati pi\u00f9 sicuri grazie a due misure. Ulteriori misure sono state definite per il periodo 2019-2025.","breadcrumb":{"@id":"https:\/\/news.save.ch\/chlortransporte-mehr-sicherheit\/#breadcrumb"},"inLanguage":"it-IT","potentialAction":[{"@type":"ReadAction","target":["https:\/\/news.save.ch\/chlortransporte-mehr-sicherheit\/"]}]},{"@type":"ImageObject","inLanguage":"it-IT","@id":"https:\/\/news.save.ch\/chlortransporte-mehr-sicherheit\/#primaryimage","url":"https:\/\/news.save.ch\/wp-content\/uploads\/2019\/02\/Depositphotos_23707537_m-2015.jpg","contentUrl":"https:\/\/news.save.ch\/wp-content\/uploads\/2019\/02\/Depositphotos_23707537_m-2015.jpg","width":1000,"height":667,"caption":"\u00a9 depositphotos, snvv"},{"@type":"BreadcrumbList","@id":"https:\/\/news.save.ch\/chlortransporte-mehr-sicherheit\/#breadcrumb","itemListElement":[{"@type":"ListItem","position":1,"name":"Home","item":"https:\/\/news.save.ch\/de\/"},{"@type":"ListItem","position":2,"name":"Chlortransporte: mehr Sicherheit"}]},{"@type":"WebSite","@id":"https:\/\/news.save.ch\/de\/#website","url":"https:\/\/news.save.ch\/de\/","name":"Risparmiare","description":"Rivista svizzera specializzata in sicurezza","publisher":{"@id":"https:\/\/news.save.ch\/de\/#organization"},"potentialAction":[{"@type":"SearchAction","target":{"@type":"EntryPoint","urlTemplate":"https:\/\/news.save.ch\/de\/?s={search_term_string}"},"query-input":{"@type":"PropertyValueSpecification","valueRequired":true,"valueName":"search_term_string"}}],"inLanguage":"it-IT"},{"@type":"Organization","@id":"https:\/\/news.save.ch\/de\/#organization","name":"Forum sulla sicurezza","url":"https:\/\/news.save.ch\/de\/","logo":{"@type":"ImageObject","inLanguage":"it-IT","@id":"https:\/\/news.save.ch\/de\/#\/schema\/logo\/image\/","url":"https:\/\/news.save.ch\/wp-content\/uploads\/2022\/06\/Logo_SF_2012.png","contentUrl":"https:\/\/news.save.ch\/wp-content\/uploads\/2022\/06\/Logo_SF_2012.png","width":1100,"height":91,"caption":"Sicherheitsforum"},"image":{"@id":"https:\/\/news.save.ch\/de\/#\/schema\/logo\/image\/"}},{"@type":"Person","@id":"https:\/\/news.save.ch\/de\/#\/schema\/person\/d5022db048e0e2b9785c50e5b24da5aa","name":"Roger Str\u00e4ssle","image":{"@type":"ImageObject","inLanguage":"it-IT","@id":"https:\/\/secure.gravatar.com\/avatar\/862a5569d087de48e5856e32f45d719a03804c891d6deb8d4f71a660e79e4a47?s=96&d=mm&r=g","url":"https:\/\/secure.gravatar.com\/avatar\/862a5569d087de48e5856e32f45d719a03804c891d6deb8d4f71a660e79e4a47?s=96&d=mm&r=g","contentUrl":"https:\/\/secure.gravatar.com\/avatar\/862a5569d087de48e5856e32f45d719a03804c891d6deb8d4f71a660e79e4a47?s=96&d=mm&r=g","caption":"Roger Str\u00e4ssle"},"url":"https:\/\/news.save.ch\/it\/author\/roger-straessle\/"}]}},"_links":{"self":[{"href":"https:\/\/news.save.ch\/it\/wp-json\/wp\/v2\/posts\/7641","targetHints":{"allow":["GET"]}}],"collection":[{"href":"https:\/\/news.save.ch\/it\/wp-json\/wp\/v2\/posts"}],"about":[{"href":"https:\/\/news.save.ch\/it\/wp-json\/wp\/v2\/types\/post"}],"author":[{"embeddable":true,"href":"https:\/\/news.save.ch\/it\/wp-json\/wp\/v2\/users\/8"}],"replies":[{"embeddable":true,"href":"https:\/\/news.save.ch\/it\/wp-json\/wp\/v2\/comments?post=7641"}],"version-history":[{"count":0,"href":"https:\/\/news.save.ch\/it\/wp-json\/wp\/v2\/posts\/7641\/revisions"}],"wp:featuredmedia":[{"embeddable":true,"href":"https:\/\/news.save.ch\/it\/wp-json\/wp\/v2\/media\/7642"}],"wp:attachment":[{"href":"https:\/\/news.save.ch\/it\/wp-json\/wp\/v2\/media?parent=7641"}],"wp:term":[{"taxonomy":"category","embeddable":true,"href":"https:\/\/news.save.ch\/it\/wp-json\/wp\/v2\/categories?post=7641"},{"taxonomy":"post_tag","embeddable":true,"href":"https:\/\/news.save.ch\/it\/wp-json\/wp\/v2\/tags?post=7641"}],"curies":[{"name":"wp","href":"https:\/\/api.w.org\/{rel}","templated":true}]}}