{"id":7755,"date":"2019-03-07T10:25:53","date_gmt":"2019-03-07T09:25:53","guid":{"rendered":"https:\/\/news.save.ch\/?p=7755"},"modified":"2023-03-14T09:00:00","modified_gmt":"2023-03-14T08:00:00","slug":"tuergigant-agta-record-geht-an-assa-abloy","status":null,"type":"post","link":"https:\/\/news.save.ch\/it\/tuergigant-agta-record-geht-an-assa-abloy\/","title":{"rendered":"Il gigante delle porte Agta Record va ad Assa Abloy"},"content":{"rendered":"<figure id=\"attachment_7756\" aria-describedby=\"caption-attachment-7756\" style=\"width: 680px\" class=\"wp-caption aligncenter\"><img loading=\"lazy\" decoding=\"async\" class=\"wp-image-7756 size-medium\" src=\"https:\/\/news.save.ch\/wp-content\/uploads\/2019\/03\/agta-record.jpg\" alt=\"Acquisizione, porta automatica\" width=\"680\" height=\"453\" srcset=\"https:\/\/news.save.ch\/wp-content\/uploads\/2019\/03\/agta-record.jpg 1280w, https:\/\/news.save.ch\/wp-content\/uploads\/2019\/03\/agta-record-375x250.jpg 375w\" sizes=\"auto, (max-width: 680px) 100vw, 680px\" \/><figcaption id=\"caption-attachment-7756\" class=\"wp-caption-text\">\u00a9 Agta Record<\/figcaption><\/figure>\n<p>&nbsp;<\/p>\n<p>La societ\u00e0 svedese Assa Abloy deteneva in precedenza una partecipazione di minoranza del 39% nell'azienda svizzera. <a href=\"https:\/\/www.record.group\">Record Agta<\/a>. Il 6 marzo, il produttore globale Agta Record ha dichiarato che, una volta completata l'acquisizione, Assa Abloy deterr\u00e0 il 93,77% delle azioni.<\/p>\n<p><strong>Tutto \u00e8 iniziato nel 1953 \u00a0<\/strong><\/p>\n<p>Nel 1953, Helmut Heinz Bunzl inizi\u00f2 a commercializzare gli automatismi per porte, che all'epoca erano completamente nuovi. Pi\u00f9 di 60 anni dopo, il Gruppo Agta Record \u00e8 uno dei principali produttori mondiali di sistemi di porte automatiche. Il fatturato annuo ammonta a 352,5 milioni di euro (2016).<\/p>\n<p>La produzione avviene presso la sede centrale di Fehraltorf. Oltre alla Svizzera, il gruppo ha stabilimenti di produzione in Francia, Germania, Stati Uniti e Cina. La gamma di prodotti comprende porte scorrevoli, a libro e a battente, porte girevoli, porte ermetiche e igieniche, porte antincendio e antifumo, sistemi di porte unidirezionali per il personale, porte ad alta velocit\u00e0 per applicazioni industriali e porte di sicurezza da utilizzare nelle vie di fuga e di salvataggio. Tuttavia, vengono prodotte anche porte scorrevoli telescopiche, rotonde e angolari, nonch\u00e9 porte antieffrazione.<\/p>\n<p>Agta Record impiega pi\u00f9 di 2500 persone in tutto il mondo e ha una rete di distribuzione di 43 filiali e circa 200 distributori. <em>(rs)<\/em><\/p>\n<p>&nbsp;<\/p>\n<p>&nbsp;<\/p>","protected":false},"excerpt":{"rendered":"<p>&nbsp; Das schwedische Unternehmen Assa Abloy hatte bis anhin ein Minderheitsbeteiligung von 39 Prozent am Schweizer Unternehmen Agta Record. Am 6. M\u00e4rz teilte der weltweit t\u00e4tige Hersteller Agta Record mit, sobald die \u00dcbernahme abgeschlossen sei, werde Assa Abloy 93,77 Prozent der Aktien besitzen. Alles begann 1953 \u00a0 1953 begann Helmut Heinz Bunzl\u00a0mit dem Vertrieb von [&hellip;]<\/p>\n","protected":false},"author":8,"featured_media":7756,"comment_status":"open","ping_status":"open","sticky":false,"template":"","format":"standard","meta":{"_acf_changed":false,"pgc_sgb_lightbox_settings":"","footnotes":""},"categories":[3312],"tags":[65,91],"class_list":["post-7755","post","type-post","status-publish","format-standard","has-post-thumbnail","hentry","category-sicherheit","tag-unternehmen","tag-zutrittsysteme"],"acf":[],"hkrextid":null,"publication":null,"issue":null,"workflow":null,"startPage":null,"spitzmarke":null,"_posts_by_tag_page_fields":{"widget_title":"","widget_tags":""},"_at_widget":"1","_yoast_wpseo_primary_category":"3303","_yoast_wpseo_focuskw_text_input":"T\u00fcrautomatik","_yoast_wpseo_opengraph-image":null,"_yoast_wpseo_opengraph-description":null,"_yoast_wpseo_opengraph-title":null,"enclosure":null,"_yoast_wpseo_twitter-title":null,"_yoast_wpseo_twitter-description":null,"_yoast_wpseo_twitter-image":null,"_wp_old_slug":null,"_yoast_wpseo_title":null,"_yoast_wpseo_canonical":null,"yoast_head":"<!-- This site is optimized with the Yoast SEO plugin v27.5 - https:\/\/yoast.com\/product\/yoast-seo-wordpress\/ -->\n<title>T\u00fcrgigant Agta Record geht an Assa Abloy - Save<\/title>\n<meta name=\"description\" content=\"Die auf den Bereich Automatikt\u00fcren spezialisierte Agta Record AG mit Sitz im z\u00fcrcherischen Fehraltorf hat ihre Aktienmehrheit an Assa Abloy AG verkauft.\" \/>\n<meta name=\"robots\" content=\"index, follow, max-snippet:-1, max-image-preview:large, max-video-preview:-1\" \/>\n<link rel=\"canonical\" href=\"https:\/\/news.save.ch\/it\/tuergigant-agta-record-geht-an-assa-abloy\/\" \/>\n<meta property=\"og:locale\" content=\"it_IT\" \/>\n<meta property=\"og:type\" content=\"article\" \/>\n<meta property=\"og:title\" content=\"T\u00fcrgigant Agta Record geht an Assa Abloy - Save\" \/>\n<meta property=\"og:description\" content=\"Die auf den Bereich Automatikt\u00fcren spezialisierte Agta Record AG mit Sitz im z\u00fcrcherischen Fehraltorf hat ihre Aktienmehrheit an Assa Abloy AG verkauft.\" \/>\n<meta property=\"og:url\" content=\"https:\/\/news.save.ch\/it\/tuergigant-agta-record-geht-an-assa-abloy\/\" \/>\n<meta property=\"og:site_name\" content=\"Save\" \/>\n<meta property=\"article:published_time\" content=\"2019-03-07T09:25:53+00:00\" \/>\n<meta property=\"article:modified_time\" content=\"2023-03-14T08:00:00+00:00\" \/>\n<meta property=\"og:image\" content=\"https:\/\/news.save.ch\/wp-content\/uploads\/2019\/03\/agta-record.jpg\" \/>\n\t<meta property=\"og:image:width\" content=\"1280\" \/>\n\t<meta property=\"og:image:height\" content=\"852\" \/>\n\t<meta property=\"og:image:type\" content=\"image\/jpeg\" \/>\n<meta name=\"author\" content=\"Roger Str\u00e4ssle\" \/>\n<meta name=\"twitter:card\" content=\"summary_large_image\" \/>\n<meta name=\"twitter:label1\" content=\"Scritto da\" \/>\n\t<meta name=\"twitter:data1\" content=\"Roger Str\u00e4ssle\" \/>\n\t<meta name=\"twitter:label2\" content=\"Tempo di lettura stimato\" \/>\n\t<meta name=\"twitter:data2\" content=\"1 minuto\" \/>\n<script type=\"application\/ld+json\" class=\"yoast-schema-graph\">{\"@context\":\"https:\\\/\\\/schema.org\",\"@graph\":[{\"@type\":\"Article\",\"@id\":\"https:\\\/\\\/news.save.ch\\\/tuergigant-agta-record-geht-an-assa-abloy\\\/#article\",\"isPartOf\":{\"@id\":\"https:\\\/\\\/news.save.ch\\\/tuergigant-agta-record-geht-an-assa-abloy\\\/\"},\"author\":{\"name\":\"Roger Str\u00e4ssle\",\"@id\":\"https:\\\/\\\/news.save.ch\\\/de\\\/#\\\/schema\\\/person\\\/d5022db048e0e2b9785c50e5b24da5aa\"},\"headline\":\"T\u00fcrgigant Agta Record geht an Assa Abloy\",\"datePublished\":\"2019-03-07T09:25:53+00:00\",\"dateModified\":\"2023-03-14T08:00:00+00:00\",\"mainEntityOfPage\":{\"@id\":\"https:\\\/\\\/news.save.ch\\\/tuergigant-agta-record-geht-an-assa-abloy\\\/\"},\"wordCount\":198,\"commentCount\":0,\"publisher\":{\"@id\":\"https:\\\/\\\/news.save.ch\\\/de\\\/#organization\"},\"image\":{\"@id\":\"https:\\\/\\\/news.save.ch\\\/tuergigant-agta-record-geht-an-assa-abloy\\\/#primaryimage\"},\"thumbnailUrl\":\"https:\\\/\\\/news.save.ch\\\/wp-content\\\/uploads\\\/2019\\\/03\\\/agta-record.jpg\",\"keywords\":[\"Unternehmen\",\"Zutrittsysteme\"],\"articleSection\":[\"SICHERHEIT\"],\"inLanguage\":\"it-IT\"},{\"@type\":\"WebPage\",\"@id\":\"https:\\\/\\\/news.save.ch\\\/tuergigant-agta-record-geht-an-assa-abloy\\\/\",\"url\":\"https:\\\/\\\/news.save.ch\\\/tuergigant-agta-record-geht-an-assa-abloy\\\/\",\"name\":\"T\u00fcrgigant Agta Record geht an Assa Abloy - Save\",\"isPartOf\":{\"@id\":\"https:\\\/\\\/news.save.ch\\\/de\\\/#website\"},\"primaryImageOfPage\":{\"@id\":\"https:\\\/\\\/news.save.ch\\\/tuergigant-agta-record-geht-an-assa-abloy\\\/#primaryimage\"},\"image\":{\"@id\":\"https:\\\/\\\/news.save.ch\\\/tuergigant-agta-record-geht-an-assa-abloy\\\/#primaryimage\"},\"thumbnailUrl\":\"https:\\\/\\\/news.save.ch\\\/wp-content\\\/uploads\\\/2019\\\/03\\\/agta-record.jpg\",\"datePublished\":\"2019-03-07T09:25:53+00:00\",\"dateModified\":\"2023-03-14T08:00:00+00:00\",\"description\":\"Die auf den Bereich Automatikt\u00fcren spezialisierte Agta Record AG mit Sitz im z\u00fcrcherischen Fehraltorf hat ihre Aktienmehrheit an Assa Abloy AG verkauft.\",\"breadcrumb\":{\"@id\":\"https:\\\/\\\/news.save.ch\\\/tuergigant-agta-record-geht-an-assa-abloy\\\/#breadcrumb\"},\"inLanguage\":\"it-IT\",\"potentialAction\":[{\"@type\":\"ReadAction\",\"target\":[\"https:\\\/\\\/news.save.ch\\\/tuergigant-agta-record-geht-an-assa-abloy\\\/\"]}]},{\"@type\":\"ImageObject\",\"inLanguage\":\"it-IT\",\"@id\":\"https:\\\/\\\/news.save.ch\\\/tuergigant-agta-record-geht-an-assa-abloy\\\/#primaryimage\",\"url\":\"https:\\\/\\\/news.save.ch\\\/wp-content\\\/uploads\\\/2019\\\/03\\\/agta-record.jpg\",\"contentUrl\":\"https:\\\/\\\/news.save.ch\\\/wp-content\\\/uploads\\\/2019\\\/03\\\/agta-record.jpg\",\"width\":1280,\"height\":852,\"caption\":\"\u00a9 Agta Record\"},{\"@type\":\"BreadcrumbList\",\"@id\":\"https:\\\/\\\/news.save.ch\\\/tuergigant-agta-record-geht-an-assa-abloy\\\/#breadcrumb\",\"itemListElement\":[{\"@type\":\"ListItem\",\"position\":1,\"name\":\"Home\",\"item\":\"https:\\\/\\\/news.save.ch\\\/de\\\/\"},{\"@type\":\"ListItem\",\"position\":2,\"name\":\"T\u00fcrgigant Agta Record geht an Assa Abloy\"}]},{\"@type\":\"WebSite\",\"@id\":\"https:\\\/\\\/news.save.ch\\\/de\\\/#website\",\"url\":\"https:\\\/\\\/news.save.ch\\\/de\\\/\",\"name\":\"Save\",\"description\":\"Schweizer Fachzeitschrift f\u00fcr Sicherheit\",\"publisher\":{\"@id\":\"https:\\\/\\\/news.save.ch\\\/de\\\/#organization\"},\"potentialAction\":[{\"@type\":\"SearchAction\",\"target\":{\"@type\":\"EntryPoint\",\"urlTemplate\":\"https:\\\/\\\/news.save.ch\\\/de\\\/?s={search_term_string}\"},\"query-input\":{\"@type\":\"PropertyValueSpecification\",\"valueRequired\":true,\"valueName\":\"search_term_string\"}}],\"inLanguage\":\"it-IT\"},{\"@type\":\"Organization\",\"@id\":\"https:\\\/\\\/news.save.ch\\\/de\\\/#organization\",\"name\":\"Sicherheitsforum\",\"url\":\"https:\\\/\\\/news.save.ch\\\/de\\\/\",\"logo\":{\"@type\":\"ImageObject\",\"inLanguage\":\"it-IT\",\"@id\":\"https:\\\/\\\/news.save.ch\\\/de\\\/#\\\/schema\\\/logo\\\/image\\\/\",\"url\":\"https:\\\/\\\/news.save.ch\\\/wp-content\\\/uploads\\\/2022\\\/06\\\/Logo_SF_2012.png\",\"contentUrl\":\"https:\\\/\\\/news.save.ch\\\/wp-content\\\/uploads\\\/2022\\\/06\\\/Logo_SF_2012.png\",\"width\":1100,\"height\":91,\"caption\":\"Sicherheitsforum\"},\"image\":{\"@id\":\"https:\\\/\\\/news.save.ch\\\/de\\\/#\\\/schema\\\/logo\\\/image\\\/\"}},{\"@type\":\"Person\",\"@id\":\"https:\\\/\\\/news.save.ch\\\/de\\\/#\\\/schema\\\/person\\\/d5022db048e0e2b9785c50e5b24da5aa\",\"name\":\"Roger Str\u00e4ssle\",\"image\":{\"@type\":\"ImageObject\",\"inLanguage\":\"it-IT\",\"@id\":\"https:\\\/\\\/secure.gravatar.com\\\/avatar\\\/862a5569d087de48e5856e32f45d719a03804c891d6deb8d4f71a660e79e4a47?s=96&d=mm&r=g\",\"url\":\"https:\\\/\\\/secure.gravatar.com\\\/avatar\\\/862a5569d087de48e5856e32f45d719a03804c891d6deb8d4f71a660e79e4a47?s=96&d=mm&r=g\",\"contentUrl\":\"https:\\\/\\\/secure.gravatar.com\\\/avatar\\\/862a5569d087de48e5856e32f45d719a03804c891d6deb8d4f71a660e79e4a47?s=96&d=mm&r=g\",\"caption\":\"Roger Str\u00e4ssle\"},\"url\":\"https:\\\/\\\/news.save.ch\\\/it\\\/author\\\/roger-straessle\\\/\"}]}<\/script>\n<!-- \/ Yoast SEO plugin. -->","yoast_head_json":{"title":"Il gigante delle porte Agta Record passa ad Assa Abloy - Save","description":"Agta Record AG, azienda specializzata in porte automatiche con sede a Fehraltorf, Zurigo, ha venduto la sua quota di maggioranza ad Assa Abloy AG.","robots":{"index":"index","follow":"follow","max-snippet":"max-snippet:-1","max-image-preview":"max-image-preview:large","max-video-preview":"max-video-preview:-1"},"canonical":"https:\/\/news.save.ch\/it\/tuergigant-agta-record-geht-an-assa-abloy\/","og_locale":"it_IT","og_type":"article","og_title":"T\u00fcrgigant Agta Record geht an Assa Abloy - Save","og_description":"Die auf den Bereich Automatikt\u00fcren spezialisierte Agta Record AG mit Sitz im z\u00fcrcherischen Fehraltorf hat ihre Aktienmehrheit an Assa Abloy AG verkauft.","og_url":"https:\/\/news.save.ch\/it\/tuergigant-agta-record-geht-an-assa-abloy\/","og_site_name":"Save","article_published_time":"2019-03-07T09:25:53+00:00","article_modified_time":"2023-03-14T08:00:00+00:00","og_image":[{"width":1280,"height":852,"url":"https:\/\/news.save.ch\/wp-content\/uploads\/2019\/03\/agta-record.jpg","type":"image\/jpeg"}],"author":"Roger Str\u00e4ssle","twitter_card":"summary_large_image","twitter_misc":{"Scritto da":"Roger Str\u00e4ssle","Tempo di lettura stimato":"1 minuto"},"schema":{"@context":"https:\/\/schema.org","@graph":[{"@type":"Article","@id":"https:\/\/news.save.ch\/tuergigant-agta-record-geht-an-assa-abloy\/#article","isPartOf":{"@id":"https:\/\/news.save.ch\/tuergigant-agta-record-geht-an-assa-abloy\/"},"author":{"name":"Roger Str\u00e4ssle","@id":"https:\/\/news.save.ch\/de\/#\/schema\/person\/d5022db048e0e2b9785c50e5b24da5aa"},"headline":"T\u00fcrgigant Agta Record geht an Assa Abloy","datePublished":"2019-03-07T09:25:53+00:00","dateModified":"2023-03-14T08:00:00+00:00","mainEntityOfPage":{"@id":"https:\/\/news.save.ch\/tuergigant-agta-record-geht-an-assa-abloy\/"},"wordCount":198,"commentCount":0,"publisher":{"@id":"https:\/\/news.save.ch\/de\/#organization"},"image":{"@id":"https:\/\/news.save.ch\/tuergigant-agta-record-geht-an-assa-abloy\/#primaryimage"},"thumbnailUrl":"https:\/\/news.save.ch\/wp-content\/uploads\/2019\/03\/agta-record.jpg","keywords":["Unternehmen","Zutrittsysteme"],"articleSection":["SICHERHEIT"],"inLanguage":"it-IT"},{"@type":"WebPage","@id":"https:\/\/news.save.ch\/tuergigant-agta-record-geht-an-assa-abloy\/","url":"https:\/\/news.save.ch\/tuergigant-agta-record-geht-an-assa-abloy\/","name":"Il gigante delle porte Agta Record passa ad Assa Abloy - Save","isPartOf":{"@id":"https:\/\/news.save.ch\/de\/#website"},"primaryImageOfPage":{"@id":"https:\/\/news.save.ch\/tuergigant-agta-record-geht-an-assa-abloy\/#primaryimage"},"image":{"@id":"https:\/\/news.save.ch\/tuergigant-agta-record-geht-an-assa-abloy\/#primaryimage"},"thumbnailUrl":"https:\/\/news.save.ch\/wp-content\/uploads\/2019\/03\/agta-record.jpg","datePublished":"2019-03-07T09:25:53+00:00","dateModified":"2023-03-14T08:00:00+00:00","description":"Agta Record AG, azienda specializzata in porte automatiche con sede a Fehraltorf, Zurigo, ha venduto la sua quota di maggioranza ad Assa Abloy AG.","breadcrumb":{"@id":"https:\/\/news.save.ch\/tuergigant-agta-record-geht-an-assa-abloy\/#breadcrumb"},"inLanguage":"it-IT","potentialAction":[{"@type":"ReadAction","target":["https:\/\/news.save.ch\/tuergigant-agta-record-geht-an-assa-abloy\/"]}]},{"@type":"ImageObject","inLanguage":"it-IT","@id":"https:\/\/news.save.ch\/tuergigant-agta-record-geht-an-assa-abloy\/#primaryimage","url":"https:\/\/news.save.ch\/wp-content\/uploads\/2019\/03\/agta-record.jpg","contentUrl":"https:\/\/news.save.ch\/wp-content\/uploads\/2019\/03\/agta-record.jpg","width":1280,"height":852,"caption":"\u00a9 Agta Record"},{"@type":"BreadcrumbList","@id":"https:\/\/news.save.ch\/tuergigant-agta-record-geht-an-assa-abloy\/#breadcrumb","itemListElement":[{"@type":"ListItem","position":1,"name":"Home","item":"https:\/\/news.save.ch\/de\/"},{"@type":"ListItem","position":2,"name":"T\u00fcrgigant Agta Record geht an Assa Abloy"}]},{"@type":"WebSite","@id":"https:\/\/news.save.ch\/de\/#website","url":"https:\/\/news.save.ch\/de\/","name":"Risparmiare","description":"Rivista svizzera specializzata in sicurezza","publisher":{"@id":"https:\/\/news.save.ch\/de\/#organization"},"potentialAction":[{"@type":"SearchAction","target":{"@type":"EntryPoint","urlTemplate":"https:\/\/news.save.ch\/de\/?s={search_term_string}"},"query-input":{"@type":"PropertyValueSpecification","valueRequired":true,"valueName":"search_term_string"}}],"inLanguage":"it-IT"},{"@type":"Organization","@id":"https:\/\/news.save.ch\/de\/#organization","name":"Forum sulla sicurezza","url":"https:\/\/news.save.ch\/de\/","logo":{"@type":"ImageObject","inLanguage":"it-IT","@id":"https:\/\/news.save.ch\/de\/#\/schema\/logo\/image\/","url":"https:\/\/news.save.ch\/wp-content\/uploads\/2022\/06\/Logo_SF_2012.png","contentUrl":"https:\/\/news.save.ch\/wp-content\/uploads\/2022\/06\/Logo_SF_2012.png","width":1100,"height":91,"caption":"Sicherheitsforum"},"image":{"@id":"https:\/\/news.save.ch\/de\/#\/schema\/logo\/image\/"}},{"@type":"Person","@id":"https:\/\/news.save.ch\/de\/#\/schema\/person\/d5022db048e0e2b9785c50e5b24da5aa","name":"Roger Str\u00e4ssle","image":{"@type":"ImageObject","inLanguage":"it-IT","@id":"https:\/\/secure.gravatar.com\/avatar\/862a5569d087de48e5856e32f45d719a03804c891d6deb8d4f71a660e79e4a47?s=96&d=mm&r=g","url":"https:\/\/secure.gravatar.com\/avatar\/862a5569d087de48e5856e32f45d719a03804c891d6deb8d4f71a660e79e4a47?s=96&d=mm&r=g","contentUrl":"https:\/\/secure.gravatar.com\/avatar\/862a5569d087de48e5856e32f45d719a03804c891d6deb8d4f71a660e79e4a47?s=96&d=mm&r=g","caption":"Roger Str\u00e4ssle"},"url":"https:\/\/news.save.ch\/it\/author\/roger-straessle\/"}]}},"_links":{"self":[{"href":"https:\/\/news.save.ch\/it\/wp-json\/wp\/v2\/posts\/7755","targetHints":{"allow":["GET"]}}],"collection":[{"href":"https:\/\/news.save.ch\/it\/wp-json\/wp\/v2\/posts"}],"about":[{"href":"https:\/\/news.save.ch\/it\/wp-json\/wp\/v2\/types\/post"}],"author":[{"embeddable":true,"href":"https:\/\/news.save.ch\/it\/wp-json\/wp\/v2\/users\/8"}],"replies":[{"embeddable":true,"href":"https:\/\/news.save.ch\/it\/wp-json\/wp\/v2\/comments?post=7755"}],"version-history":[{"count":1,"href":"https:\/\/news.save.ch\/it\/wp-json\/wp\/v2\/posts\/7755\/revisions"}],"predecessor-version":[{"id":17984,"href":"https:\/\/news.save.ch\/it\/wp-json\/wp\/v2\/posts\/7755\/revisions\/17984"}],"wp:featuredmedia":[{"embeddable":true,"href":"https:\/\/news.save.ch\/it\/wp-json\/wp\/v2\/media\/7756"}],"wp:attachment":[{"href":"https:\/\/news.save.ch\/it\/wp-json\/wp\/v2\/media?parent=7755"}],"wp:term":[{"taxonomy":"category","embeddable":true,"href":"https:\/\/news.save.ch\/it\/wp-json\/wp\/v2\/categories?post=7755"},{"taxonomy":"post_tag","embeddable":true,"href":"https:\/\/news.save.ch\/it\/wp-json\/wp\/v2\/tags?post=7755"}],"curies":[{"name":"wp","href":"https:\/\/api.w.org\/{rel}","templated":true}]}}