{"id":7773,"date":"2021-10-01T08:59:44","date_gmt":"2021-10-01T06:59:44","guid":{"rendered":"https:\/\/news.save.ch\/?p=7773"},"modified":"2023-07-13T14:58:07","modified_gmt":"2023-07-13T12:58:07","slug":"viele-starten-arbeitstag-mit-widerwillen","status":null,"type":"post","link":"https:\/\/news.save.ch\/it\/viele-starten-arbeitstag-mit-widerwillen\/","title":{"rendered":"Molti iniziano la giornata lavorativa con riluttanza"},"content":{"rendered":"<figure id=\"attachment_7774\" aria-describedby=\"caption-attachment-7774\" style=\"width: 680px\" class=\"wp-caption alignnone\"><img loading=\"lazy\" decoding=\"async\" class=\"wp-image-7774 size-medium\" src=\"http:\/\/develop.safety-plus.ch\/wp-content\/uploads\/2021\/10\/Buero.jpg\" alt=\"forza lavoro motivata\" width=\"680\" height=\"464\" \/><figcaption id=\"caption-attachment-7774\" class=\"wp-caption-text\">\u00a9depositphotos<\/figcaption><\/figure>\n<p>Il 36% dei giovani dipendenti non \u00e8 entusiasta di iniziare una nuova giornata di lavoro a causa della natura del lavoro o dei cattivi rapporti con i superiori. Questo \u00e8 quanto emerge da un sondaggio dell'agenzia di reclutamento <a href=\"https:\/\/talentnet.com\/\" target=\"_blank\" rel=\"noopener\">Rete dei talenti<\/a>. Sono state coinvolte circa 500 persone di et\u00e0 inferiore ai 35 anni, la maggior parte delle quali lavora nel marketing, nell'organizzazione di eventi, nell'IT o nel settore finanziario e bancario da uno a cinque anni.<\/p>\n<h2>L'interesse diminuisce gradualmente<\/h2>\n<p>Per il 35%, l'interesse per il proprio lavoro \u00e8 diminuito nel tempo, o perch\u00e9 il lavoro \u00e8 noioso o perch\u00e9 il capo non li capisce (26%). Solo un quarto degli intervistati inizia la nuova giornata lavorativa con molta energia. Entrambi i gruppi concordano sul fatto che la soddisfazione dei dipendenti influisce sulla crescita dell'azienda. Per il 94% dei dipendenti, lo stipendio, le misure sociali e l'esperienza e lo stile del manager sono i fattori pi\u00f9 importanti per ispirare i dipendenti e renderli felici.<\/p>\n<p>Nguyen Thi An, direttore della collaborazione strategica di Talent Net Vietnam, sostiene che le aziende possono adottare misure per rendere il lavoro pi\u00f9 interessante, come la digitalizzazione delle attivit\u00e0 ripetitive e delle pratiche burocratiche. Dovrebbero inoltre offrire ai propri dipendenti l'opportunit\u00e0 di svolgere mansioni diverse per scoprire cosa piace di pi\u00f9. L'82% degli intervistati lo vorrebbe. Altri obiettivi importanti sono la creazione di solidi programmi di welfare e retribuzione e la creazione di team i cui membri vadano molto d'accordo.<\/p>\n<p>Come regola generale, i dipendenti felici sono pi\u00f9 motivati e produttivi sul posto di lavoro. Se le aziende vogliono avere successo, devono sostenere i propri dipendenti e dare loro una pacca sulla spalla di tanto in tanto. Dopo tutto, i dipendenti non rappresentano solo dei valori, ma sono anche le risorse pi\u00f9 preziose dell'azienda. Un'ergonomia ottimale e <a href=\"https:\/\/www.suva.ch\/de-ch\/praevention\/freizeit\/bewegung-und-laufsport\" target=\"_blank\" rel=\"noopener\">Esercizio fisico e corsa<\/a> nel tempo libero pu\u00f2 contribuire a migliorare il benessere generale.<\/p>\n<p>(<a href=\"https:\/\/www.pressetext.com\/news\/20211001005\" target=\"_blank\" rel=\"noopener\">pressetext.com<\/a>)<\/p>\n<p>&nbsp;<\/p>\n<p>&nbsp;<\/p>","protected":false},"excerpt":{"rendered":"<p>36 Prozent der jungen Angestellten sind aufgrund der Art ihrer Arbeit oder der schlechten Beziehung zu ihren Vorgesetzten nicht erpicht darauf, einen neuen Arbeitstag zu beginnen. Das zeigt eine Umfrage des Personalvermittlers Talent Net. Beteiligt waren rund 500 Personen unter 35 Jahren, von denen die meisten seit einem bis f\u00fcnf Jahren in den Bereichen Marketing, [&hellip;]<\/p>\n","protected":false},"author":9,"featured_media":16495,"comment_status":"closed","ping_status":"closed","sticky":false,"template":"","format":"standard","meta":{"_acf_changed":false,"pgc_sgb_lightbox_settings":"","footnotes":""},"categories":[1,3314],"tags":[1647,5227,4975,2560,5226,3307],"class_list":["post-7773","post","type-post","status-publish","format-standard","has-post-thumbnail","hentry","category-allgemein","category-health-safety","tag-arbeit","tag-geschaeftswachstum","tag-mitarbeiter","tag-motivation","tag-vorgesetzte","tag-zufriedenheit"],"acf":[],"hkrextid":null,"publication":null,"issue":null,"workflow":null,"startPage":null,"spitzmarke":null,"_posts_by_tag_page_fields":{"widget_title":"","widget_tags":""},"_at_widget":"1","_yoast_wpseo_primary_category":"","_yoast_wpseo_focuskw_text_input":null,"_yoast_wpseo_opengraph-image":null,"_yoast_wpseo_opengraph-description":null,"_yoast_wpseo_opengraph-title":null,"enclosure":null,"_yoast_wpseo_twitter-title":null,"_yoast_wpseo_twitter-description":null,"_yoast_wpseo_twitter-image":null,"_wp_old_slug":null,"_yoast_wpseo_title":null,"_yoast_wpseo_canonical":null,"yoast_head":"<!-- This site is optimized with the Yoast SEO plugin v27.5 - https:\/\/yoast.com\/product\/yoast-seo-wordpress\/ -->\n<title>Viele starten Arbeitstag mit Widerwillen - Save<\/title>\n<meta name=\"description\" content=\"Eine Studie von Talent Net unter 500 Angestellten zeigt langweilige Arbeit und verst\u00e4ndnislose Chef. Motivierte Mitarbeitende sind jedoch die wertvollsten Ressourcen eines Unternehmens.\" \/>\n<meta name=\"robots\" content=\"index, follow, max-snippet:-1, max-image-preview:large, max-video-preview:-1\" \/>\n<link rel=\"canonical\" href=\"https:\/\/news.save.ch\/it\/viele-starten-arbeitstag-mit-widerwillen\/\" \/>\n<meta property=\"og:locale\" content=\"it_IT\" \/>\n<meta property=\"og:type\" content=\"article\" \/>\n<meta property=\"og:title\" content=\"Viele starten Arbeitstag mit Widerwillen - Save\" \/>\n<meta property=\"og:description\" content=\"Eine Studie von Talent Net unter 500 Angestellten zeigt langweilige Arbeit und verst\u00e4ndnislose Chef. Motivierte Mitarbeitende sind jedoch die wertvollsten Ressourcen eines Unternehmens.\" \/>\n<meta property=\"og:url\" content=\"https:\/\/news.save.ch\/it\/viele-starten-arbeitstag-mit-widerwillen\/\" \/>\n<meta property=\"og:site_name\" content=\"Save\" \/>\n<meta property=\"article:published_time\" content=\"2021-10-01T06:59:44+00:00\" \/>\n<meta property=\"article:modified_time\" content=\"2023-07-13T12:58:07+00:00\" \/>\n<meta property=\"og:image\" content=\"https:\/\/news.save.ch\/wp-content\/uploads\/2021\/10\/Buero.jpg\" \/>\n\t<meta property=\"og:image:width\" content=\"1000\" \/>\n\t<meta property=\"og:image:height\" content=\"683\" \/>\n\t<meta property=\"og:image:type\" content=\"image\/jpeg\" \/>\n<meta name=\"author\" content=\"Simon Gr\u00f6flin\" \/>\n<meta name=\"twitter:card\" content=\"summary_large_image\" \/>\n<meta name=\"twitter:label1\" content=\"Scritto da\" \/>\n\t<meta name=\"twitter:data1\" content=\"Simon Gr\u00f6flin\" \/>\n\t<meta name=\"twitter:label2\" content=\"Tempo di lettura stimato\" \/>\n\t<meta name=\"twitter:data2\" content=\"2 minuti\" \/>\n<script type=\"application\/ld+json\" class=\"yoast-schema-graph\">{\"@context\":\"https:\\\/\\\/schema.org\",\"@graph\":[{\"@type\":\"Article\",\"@id\":\"https:\\\/\\\/news.save.ch\\\/viele-starten-arbeitstag-mit-widerwillen\\\/#article\",\"isPartOf\":{\"@id\":\"https:\\\/\\\/news.save.ch\\\/viele-starten-arbeitstag-mit-widerwillen\\\/\"},\"author\":{\"name\":\"Simon Gr\u00f6flin\",\"@id\":\"https:\\\/\\\/news.save.ch\\\/de\\\/#\\\/schema\\\/person\\\/ad4ef21102fd6125312409ac57d5296d\"},\"headline\":\"Viele starten Arbeitstag mit Widerwillen\",\"datePublished\":\"2021-10-01T06:59:44+00:00\",\"dateModified\":\"2023-07-13T12:58:07+00:00\",\"mainEntityOfPage\":{\"@id\":\"https:\\\/\\\/news.save.ch\\\/viele-starten-arbeitstag-mit-widerwillen\\\/\"},\"wordCount\":318,\"publisher\":{\"@id\":\"https:\\\/\\\/news.save.ch\\\/de\\\/#organization\"},\"image\":{\"@id\":\"https:\\\/\\\/news.save.ch\\\/viele-starten-arbeitstag-mit-widerwillen\\\/#primaryimage\"},\"thumbnailUrl\":\"https:\\\/\\\/news.save.ch\\\/wp-content\\\/uploads\\\/2021\\\/10\\\/Buero.jpg\",\"keywords\":[\"Arbeit\",\"Gesch\u00e4ftswachstum\",\"Mitarbeiter\",\"Motivation\",\"Vorgesetzte\",\"Zufriedenheit\"],\"articleSection\":[\"ALLGEMEIN\",\"HEALTH &amp; SAFETY\"],\"inLanguage\":\"it-IT\"},{\"@type\":\"WebPage\",\"@id\":\"https:\\\/\\\/news.save.ch\\\/viele-starten-arbeitstag-mit-widerwillen\\\/\",\"url\":\"https:\\\/\\\/news.save.ch\\\/viele-starten-arbeitstag-mit-widerwillen\\\/\",\"name\":\"Viele starten Arbeitstag mit Widerwillen - Save\",\"isPartOf\":{\"@id\":\"https:\\\/\\\/news.save.ch\\\/de\\\/#website\"},\"primaryImageOfPage\":{\"@id\":\"https:\\\/\\\/news.save.ch\\\/viele-starten-arbeitstag-mit-widerwillen\\\/#primaryimage\"},\"image\":{\"@id\":\"https:\\\/\\\/news.save.ch\\\/viele-starten-arbeitstag-mit-widerwillen\\\/#primaryimage\"},\"thumbnailUrl\":\"https:\\\/\\\/news.save.ch\\\/wp-content\\\/uploads\\\/2021\\\/10\\\/Buero.jpg\",\"datePublished\":\"2021-10-01T06:59:44+00:00\",\"dateModified\":\"2023-07-13T12:58:07+00:00\",\"description\":\"Eine Studie von Talent Net unter 500 Angestellten zeigt langweilige Arbeit und verst\u00e4ndnislose Chef. Motivierte Mitarbeitende sind jedoch die wertvollsten Ressourcen eines Unternehmens.\",\"breadcrumb\":{\"@id\":\"https:\\\/\\\/news.save.ch\\\/viele-starten-arbeitstag-mit-widerwillen\\\/#breadcrumb\"},\"inLanguage\":\"it-IT\",\"potentialAction\":[{\"@type\":\"ReadAction\",\"target\":[\"https:\\\/\\\/news.save.ch\\\/viele-starten-arbeitstag-mit-widerwillen\\\/\"]}]},{\"@type\":\"ImageObject\",\"inLanguage\":\"it-IT\",\"@id\":\"https:\\\/\\\/news.save.ch\\\/viele-starten-arbeitstag-mit-widerwillen\\\/#primaryimage\",\"url\":\"https:\\\/\\\/news.save.ch\\\/wp-content\\\/uploads\\\/2021\\\/10\\\/Buero.jpg\",\"contentUrl\":\"https:\\\/\\\/news.save.ch\\\/wp-content\\\/uploads\\\/2021\\\/10\\\/Buero.jpg\",\"width\":1000,\"height\":683,\"caption\":\"\u00a9depositphotos\"},{\"@type\":\"BreadcrumbList\",\"@id\":\"https:\\\/\\\/news.save.ch\\\/viele-starten-arbeitstag-mit-widerwillen\\\/#breadcrumb\",\"itemListElement\":[{\"@type\":\"ListItem\",\"position\":1,\"name\":\"Home\",\"item\":\"https:\\\/\\\/news.save.ch\\\/de\\\/\"},{\"@type\":\"ListItem\",\"position\":2,\"name\":\"Viele starten Arbeitstag mit Widerwillen\"}]},{\"@type\":\"WebSite\",\"@id\":\"https:\\\/\\\/news.save.ch\\\/de\\\/#website\",\"url\":\"https:\\\/\\\/news.save.ch\\\/de\\\/\",\"name\":\"Save\",\"description\":\"Schweizer Fachzeitschrift f\u00fcr Sicherheit\",\"publisher\":{\"@id\":\"https:\\\/\\\/news.save.ch\\\/de\\\/#organization\"},\"potentialAction\":[{\"@type\":\"SearchAction\",\"target\":{\"@type\":\"EntryPoint\",\"urlTemplate\":\"https:\\\/\\\/news.save.ch\\\/de\\\/?s={search_term_string}\"},\"query-input\":{\"@type\":\"PropertyValueSpecification\",\"valueRequired\":true,\"valueName\":\"search_term_string\"}}],\"inLanguage\":\"it-IT\"},{\"@type\":\"Organization\",\"@id\":\"https:\\\/\\\/news.save.ch\\\/de\\\/#organization\",\"name\":\"Sicherheitsforum\",\"url\":\"https:\\\/\\\/news.save.ch\\\/de\\\/\",\"logo\":{\"@type\":\"ImageObject\",\"inLanguage\":\"it-IT\",\"@id\":\"https:\\\/\\\/news.save.ch\\\/de\\\/#\\\/schema\\\/logo\\\/image\\\/\",\"url\":\"https:\\\/\\\/news.save.ch\\\/wp-content\\\/uploads\\\/2022\\\/06\\\/Logo_SF_2012.png\",\"contentUrl\":\"https:\\\/\\\/news.save.ch\\\/wp-content\\\/uploads\\\/2022\\\/06\\\/Logo_SF_2012.png\",\"width\":1100,\"height\":91,\"caption\":\"Sicherheitsforum\"},\"image\":{\"@id\":\"https:\\\/\\\/news.save.ch\\\/de\\\/#\\\/schema\\\/logo\\\/image\\\/\"}},{\"@type\":\"Person\",\"@id\":\"https:\\\/\\\/news.save.ch\\\/de\\\/#\\\/schema\\\/person\\\/ad4ef21102fd6125312409ac57d5296d\",\"name\":\"Simon Gr\u00f6flin\",\"image\":{\"@type\":\"ImageObject\",\"inLanguage\":\"it-IT\",\"@id\":\"https:\\\/\\\/secure.gravatar.com\\\/avatar\\\/6ddceb80eb734354635539e0ea5140bb7c41e42de7c45c9a2ab9921b5d5c9a83?s=96&d=mm&r=g\",\"url\":\"https:\\\/\\\/secure.gravatar.com\\\/avatar\\\/6ddceb80eb734354635539e0ea5140bb7c41e42de7c45c9a2ab9921b5d5c9a83?s=96&d=mm&r=g\",\"contentUrl\":\"https:\\\/\\\/secure.gravatar.com\\\/avatar\\\/6ddceb80eb734354635539e0ea5140bb7c41e42de7c45c9a2ab9921b5d5c9a83?s=96&d=mm&r=g\",\"caption\":\"Simon Gr\u00f6flin\"},\"url\":\"https:\\\/\\\/news.save.ch\\\/it\\\/author\\\/simon-groeflin\\\/\"}]}<\/script>\n<!-- \/ Yoast SEO plugin. -->","yoast_head_json":{"title":"Molti iniziano la giornata lavorativa con riluttanza - Save","description":"Uno studio condotto da Talent Net su 500 dipendenti mostra un lavoro noioso e capi poco comprensivi. I dipendenti motivati, invece, sono le risorse pi\u00f9 preziose di un'azienda.","robots":{"index":"index","follow":"follow","max-snippet":"max-snippet:-1","max-image-preview":"max-image-preview:large","max-video-preview":"max-video-preview:-1"},"canonical":"https:\/\/news.save.ch\/it\/viele-starten-arbeitstag-mit-widerwillen\/","og_locale":"it_IT","og_type":"article","og_title":"Viele starten Arbeitstag mit Widerwillen - Save","og_description":"Eine Studie von Talent Net unter 500 Angestellten zeigt langweilige Arbeit und verst\u00e4ndnislose Chef. Motivierte Mitarbeitende sind jedoch die wertvollsten Ressourcen eines Unternehmens.","og_url":"https:\/\/news.save.ch\/it\/viele-starten-arbeitstag-mit-widerwillen\/","og_site_name":"Save","article_published_time":"2021-10-01T06:59:44+00:00","article_modified_time":"2023-07-13T12:58:07+00:00","og_image":[{"width":1000,"height":683,"url":"https:\/\/news.save.ch\/wp-content\/uploads\/2021\/10\/Buero.jpg","type":"image\/jpeg"}],"author":"Simon Gr\u00f6flin","twitter_card":"summary_large_image","twitter_misc":{"Scritto da":"Simon Gr\u00f6flin","Tempo di lettura stimato":"2 minuti"},"schema":{"@context":"https:\/\/schema.org","@graph":[{"@type":"Article","@id":"https:\/\/news.save.ch\/viele-starten-arbeitstag-mit-widerwillen\/#article","isPartOf":{"@id":"https:\/\/news.save.ch\/viele-starten-arbeitstag-mit-widerwillen\/"},"author":{"name":"Simon Gr\u00f6flin","@id":"https:\/\/news.save.ch\/de\/#\/schema\/person\/ad4ef21102fd6125312409ac57d5296d"},"headline":"Viele starten Arbeitstag mit Widerwillen","datePublished":"2021-10-01T06:59:44+00:00","dateModified":"2023-07-13T12:58:07+00:00","mainEntityOfPage":{"@id":"https:\/\/news.save.ch\/viele-starten-arbeitstag-mit-widerwillen\/"},"wordCount":318,"publisher":{"@id":"https:\/\/news.save.ch\/de\/#organization"},"image":{"@id":"https:\/\/news.save.ch\/viele-starten-arbeitstag-mit-widerwillen\/#primaryimage"},"thumbnailUrl":"https:\/\/news.save.ch\/wp-content\/uploads\/2021\/10\/Buero.jpg","keywords":["Arbeit","Gesch\u00e4ftswachstum","Mitarbeiter","Motivation","Vorgesetzte","Zufriedenheit"],"articleSection":["ALLGEMEIN","HEALTH &amp; SAFETY"],"inLanguage":"it-IT"},{"@type":"WebPage","@id":"https:\/\/news.save.ch\/viele-starten-arbeitstag-mit-widerwillen\/","url":"https:\/\/news.save.ch\/viele-starten-arbeitstag-mit-widerwillen\/","name":"Molti iniziano la giornata lavorativa con riluttanza - Save","isPartOf":{"@id":"https:\/\/news.save.ch\/de\/#website"},"primaryImageOfPage":{"@id":"https:\/\/news.save.ch\/viele-starten-arbeitstag-mit-widerwillen\/#primaryimage"},"image":{"@id":"https:\/\/news.save.ch\/viele-starten-arbeitstag-mit-widerwillen\/#primaryimage"},"thumbnailUrl":"https:\/\/news.save.ch\/wp-content\/uploads\/2021\/10\/Buero.jpg","datePublished":"2021-10-01T06:59:44+00:00","dateModified":"2023-07-13T12:58:07+00:00","description":"Uno studio condotto da Talent Net su 500 dipendenti mostra un lavoro noioso e capi poco comprensivi. I dipendenti motivati, invece, sono le risorse pi\u00f9 preziose di un'azienda.","breadcrumb":{"@id":"https:\/\/news.save.ch\/viele-starten-arbeitstag-mit-widerwillen\/#breadcrumb"},"inLanguage":"it-IT","potentialAction":[{"@type":"ReadAction","target":["https:\/\/news.save.ch\/viele-starten-arbeitstag-mit-widerwillen\/"]}]},{"@type":"ImageObject","inLanguage":"it-IT","@id":"https:\/\/news.save.ch\/viele-starten-arbeitstag-mit-widerwillen\/#primaryimage","url":"https:\/\/news.save.ch\/wp-content\/uploads\/2021\/10\/Buero.jpg","contentUrl":"https:\/\/news.save.ch\/wp-content\/uploads\/2021\/10\/Buero.jpg","width":1000,"height":683,"caption":"\u00a9depositphotos"},{"@type":"BreadcrumbList","@id":"https:\/\/news.save.ch\/viele-starten-arbeitstag-mit-widerwillen\/#breadcrumb","itemListElement":[{"@type":"ListItem","position":1,"name":"Home","item":"https:\/\/news.save.ch\/de\/"},{"@type":"ListItem","position":2,"name":"Viele starten Arbeitstag mit Widerwillen"}]},{"@type":"WebSite","@id":"https:\/\/news.save.ch\/de\/#website","url":"https:\/\/news.save.ch\/de\/","name":"Risparmiare","description":"Rivista svizzera specializzata in sicurezza","publisher":{"@id":"https:\/\/news.save.ch\/de\/#organization"},"potentialAction":[{"@type":"SearchAction","target":{"@type":"EntryPoint","urlTemplate":"https:\/\/news.save.ch\/de\/?s={search_term_string}"},"query-input":{"@type":"PropertyValueSpecification","valueRequired":true,"valueName":"search_term_string"}}],"inLanguage":"it-IT"},{"@type":"Organization","@id":"https:\/\/news.save.ch\/de\/#organization","name":"Forum sulla sicurezza","url":"https:\/\/news.save.ch\/de\/","logo":{"@type":"ImageObject","inLanguage":"it-IT","@id":"https:\/\/news.save.ch\/de\/#\/schema\/logo\/image\/","url":"https:\/\/news.save.ch\/wp-content\/uploads\/2022\/06\/Logo_SF_2012.png","contentUrl":"https:\/\/news.save.ch\/wp-content\/uploads\/2022\/06\/Logo_SF_2012.png","width":1100,"height":91,"caption":"Sicherheitsforum"},"image":{"@id":"https:\/\/news.save.ch\/de\/#\/schema\/logo\/image\/"}},{"@type":"Person","@id":"https:\/\/news.save.ch\/de\/#\/schema\/person\/ad4ef21102fd6125312409ac57d5296d","name":"Simon Gr\u00f6flin","image":{"@type":"ImageObject","inLanguage":"it-IT","@id":"https:\/\/secure.gravatar.com\/avatar\/6ddceb80eb734354635539e0ea5140bb7c41e42de7c45c9a2ab9921b5d5c9a83?s=96&d=mm&r=g","url":"https:\/\/secure.gravatar.com\/avatar\/6ddceb80eb734354635539e0ea5140bb7c41e42de7c45c9a2ab9921b5d5c9a83?s=96&d=mm&r=g","contentUrl":"https:\/\/secure.gravatar.com\/avatar\/6ddceb80eb734354635539e0ea5140bb7c41e42de7c45c9a2ab9921b5d5c9a83?s=96&d=mm&r=g","caption":"Simon Gr\u00f6flin"},"url":"https:\/\/news.save.ch\/it\/author\/simon-groeflin\/"}]}},"_links":{"self":[{"href":"https:\/\/news.save.ch\/it\/wp-json\/wp\/v2\/posts\/7773","targetHints":{"allow":["GET"]}}],"collection":[{"href":"https:\/\/news.save.ch\/it\/wp-json\/wp\/v2\/posts"}],"about":[{"href":"https:\/\/news.save.ch\/it\/wp-json\/wp\/v2\/types\/post"}],"author":[{"embeddable":true,"href":"https:\/\/news.save.ch\/it\/wp-json\/wp\/v2\/users\/9"}],"replies":[{"embeddable":true,"href":"https:\/\/news.save.ch\/it\/wp-json\/wp\/v2\/comments?post=7773"}],"version-history":[{"count":3,"href":"https:\/\/news.save.ch\/it\/wp-json\/wp\/v2\/posts\/7773\/revisions"}],"predecessor-version":[{"id":20838,"href":"https:\/\/news.save.ch\/it\/wp-json\/wp\/v2\/posts\/7773\/revisions\/20838"}],"wp:featuredmedia":[{"embeddable":true,"href":"https:\/\/news.save.ch\/it\/wp-json\/wp\/v2\/media\/16495"}],"wp:attachment":[{"href":"https:\/\/news.save.ch\/it\/wp-json\/wp\/v2\/media?parent=7773"}],"wp:term":[{"taxonomy":"category","embeddable":true,"href":"https:\/\/news.save.ch\/it\/wp-json\/wp\/v2\/categories?post=7773"},{"taxonomy":"post_tag","embeddable":true,"href":"https:\/\/news.save.ch\/it\/wp-json\/wp\/v2\/tags?post=7773"}],"curies":[{"name":"wp","href":"https:\/\/api.w.org\/{rel}","templated":true}]}}