{"id":7950,"date":"2019-05-23T16:45:35","date_gmt":"2019-05-23T14:45:35","guid":{"rendered":"https:\/\/news.save.ch\/?p=7950"},"modified":"2019-05-23T16:45:35","modified_gmt":"2019-05-23T14:45:35","slug":"einsatzsprechstelle-fuer-akustische-alarmierung","status":"11 Artikel fertig","type":"post","link":"https:\/\/news.save.ch\/it\/einsatzsprechstelle-fuer-akustische-alarmierung\/","title":{"rendered":"Stazione di chiamata di emergenza per allarme acustico"},"content":{"rendered":"<p><img loading=\"lazy\" decoding=\"async\" class=\"alignleft wp-image-8089 size-medium\" src=\"https:\/\/news.save.ch\/wp-content\/uploads\/2019\/04\/Abb_1-Alarmierung.gif\" alt=\"Sistema di allarme vocale\" width=\"680\" height=\"461\" srcset=\"https:\/\/news.save.ch\/wp-content\/uploads\/2019\/04\/Abb_1-Alarmierung.gif 1055w, https:\/\/news.save.ch\/wp-content\/uploads\/2019\/04\/Abb_1-Alarmierung-375x254.gif 375w\" sizes=\"auto, (max-width: 680px) 100vw, 680px\" \/><\/p>\n<p>Un evento di incendio \u00e8 sempre una corsa contro il tempo. Il fumo, il calore e i gas tossici si diffondono in pochi secondi e minacciano la vita e gli arti, ma anche le infrastrutture di un edificio. In caso di emergenza, la rapidit\u00e0 e soprattutto l'ordine sono le priorit\u00e0 assolute delle forze d'intervento in servizio. Le persone in difficolt\u00e0 hanno la massima priorit\u00e0: devono essere portate in salvo il pi\u00f9 rapidamente possibile.<\/p>\n<p>Per garantire che le persone colpite abbiano il tempo sufficiente per uscire da sole dall'edificio, l'allarme deve essere lanciato il pi\u00f9 presto possibile, in modo ordinato e sistematico. Anche prima dell'arrivo delle forze di soccorso, un sistema di allarme vocale certificato (SAA) pu\u00f2 essere utilizzato per evacuare automaticamente l'edificio, in modo che l'incidente non finisca nel caos e l'edificio sia gi\u00e0 vuoto quando arrivano i vigili del fuoco.<\/p>\n<h4>Il call center per le emergenze offre un rimedio<\/h4>\n<p>Se le persone si trovano ancora nella zona di pericolo, spesso non c'\u00e8 comunicazione vocale tra i servizi di emergenza e le persone in pericolo. Si pu\u00f2 ovviare a questo problema con una stazione di chiamata d'emergenza dotata di microfono per i vigili del fuoco, situata presso la centrale di allarme antincendio o presso il punto di accesso dei vigili del fuoco.<\/p>\n<p>Naturalmente, \u00e8 possibile risolvere l'evacuazione di un edificio da parte dell'operatore dell'edificio in modo puramente organizzativo. In caso di emergenza, tuttavia, spesso ci si accorge che, nonostante le esercitazioni annuali, queste organizzazioni non vengono pi\u00f9 mantenute adeguatamente nel corso degli anni e falliscono. Ci\u00f2 pu\u00f2 essere dovuto a piani d'azione mancanti o modificati, a responsabilit\u00e0 poco chiare o a ruoli di supplenza non regolamentati. Inoltre, \u00e8 stato dimostrato che l'evacuazione tramite annunci vocali automatizzati \u00e8 molto pi\u00f9 efficiente e veloce rispetto all'utilizzo delle sole sirene dei sistemi di allarme antincendio.<\/p>\n<h4>Utilizzare l'allarme vocale per altri eventi pericolosi<\/h4>\n<p>Un altro vantaggio di un sistema di allarme vocale \u00e8 che pu\u00f2 essere utilizzato anche per avvisare di altri eventi pericolosi. Nel mondo di oggi, in cui il terrore, le aggressioni, la presa di ostaggi e le minacce di bombe sono sempre pi\u00f9 frequenti, un sistema di allarme vocale \u00e8 parte integrante di un moderno concetto di emergenza ed \u00e8 indispensabile.<\/p>\n<p>In tutte le situazioni di pericolo sopra menzionate, la stazione di chiamata dei vigili del fuoco offre un vantaggio decisivo perch\u00e9 parla direttamente nell'edificio alle persone interessate. In situazioni frenetiche, quando le cose devono essere fatte molto rapidamente, \u00e8 fondamentale che il funzionamento della stazione di chiamata dei vigili del fuoco sia sempre uniforme e immediatamente chiaro per le forze di soccorso, indipendentemente dal produttore dell'apparecchiatura.<\/p>\n<h4>Standardizzazione semplice per la Svizzera<\/h4>\n<p>Poich\u00e9 non esiste ancora uno standard europeo per le stazioni di chiamata dei vigili del fuoco, l'Associazione svizzera degli installatori di sistemi di sicurezza (<a href=\"https:\/\/www.sicher-ses.ch\/de\">SES<\/a>) ha affrontato la questione e ha deciso di stabilire una semplice standardizzazione per le stazioni di chiamata dei vigili del fuoco in Svizzera. Le funzioni di base di ogni stazione antincendio sono contrassegnate da codici colore rapidamente riconoscibili, che rendono immediatamente chiara la funzione del pulsante. Per semplificare le cose, sono stati scelti gli stessi colori per i pulsanti del microtelefono a parete. Per garantire che non sia importante il prodotto che i servizi di emergenza incontrano, le marcature con codice colore sono indipendenti dal produttore.<\/p>\n<p>Le seguenti etichette chiave saranno pubblicate nel nuovo documento sullo \"stato dell'arte\" del SES a partire dal 2020 (cfr. Fig. 2):<\/p>\n<figure id=\"attachment_7951\" aria-describedby=\"caption-attachment-7951\" style=\"width: 330px\" class=\"wp-caption alignleft\"><img loading=\"lazy\" decoding=\"async\" class=\"wp-image-7951\" src=\"https:\/\/news.save.ch\/wp-content\/uploads\/2019\/04\/20-Abb.-2-Feuerwehrsprechstelle_V_1569989.jpg\" alt=\"Sistema di allarme vocale\" width=\"330\" height=\"508\" \/><figcaption id=\"caption-attachment-7951\" class=\"wp-caption-text\">Fig. 2: Etichette chiave per 2020.<\/figcaption><\/figure>\n<ol class=\"aufzp\">\n<li>Marcatura del pulsante blu: attivazione dell'allarme amok (dal 2020, precedentemente di colore arancione)<\/li>\n<li>Marcatura del pulsante verde: attivazione dello sgombero totale dell'edificio (dal 2020, precedentemente rosso)<\/li>\n<li>Contrassegno del pulsante grigio: attivazione del messaggio di via libera (dal 2020, precedentemente verde)<\/li>\n<li>Marcatura del pulsante giallo: Ripristino della modalit\u00e0 di allarme allo stato normale<\/li>\n<\/ol>\n<p>Con i pulsanti aggiuntivi contrassegnati in bianco, \u00e8 possibile riprodurre anche testi di allarme non standard o relativi a una zona. La standardizzazione delle stazioni dei vigili del fuoco in tutta la Svizzera consente di ottenere una risposta pi\u00f9 efficiente e rapida dei servizi di emergenza.<\/p>\n<p>Ulteriori informazioni sull'evacuazione degli edifici e sui sistemi di allarme vocale sono disponibili nel documento \"Sistemi di allarme vocale STP (SAA) e sistemi elettroacustici di allarme di emergenza (ENS), pianificazione, installazione e funzionamento\". Pu\u00f2 essere ordinato presso <a href=\"https:\/\/www.sicher-ses.ch\/de\">SES<\/a> essere ottenuto.<\/p>\n<p>&nbsp;<\/p>\n<p>&nbsp;<\/p>","protected":false},"excerpt":{"rendered":"<p>Ein Brandereignis ist immer ein Wettlauf gegen die Zeit. Rauch, Hitze und giftige Gase breiten sich binnen Sekunden aus und bedrohen Leib und Leben, aber auch die Infrastruktur eines Geb\u00e4udes.\u00a0Im Ernstfall ist Schnelligkeit und vor allem ein geordnetes Vorgehen oberstes Gebot der im Einsatz stehenden Interventionskr\u00e4fte. H\u00f6chste Priorit\u00e4t haben die Menschen in Not; es gilt, [&hellip;]<\/p>\n","protected":false},"author":11,"featured_media":8303,"comment_status":"open","ping_status":"open","sticky":false,"template":"","format":"standard","meta":{"_acf_changed":false,"pgc_sgb_lightbox_settings":"","footnotes":""},"categories":[1],"tags":[151,299],"class_list":["post-7950","post","type-post","status-publish","format-standard","has-post-thumbnail","hentry","category-allgemein","tag-alarmierung","tag-sprachalarmierung"],"acf":[],"hkrextid":"15902351446018166386","publication":"sf","issue":"2019_02","workflow":"Artikel","startPage":"40 40 41 40 41","spitzmarke":"SES-Verband","_posts_by_tag_page_fields":{"widget_title":"","widget_tags":""},"_at_widget":"1","_yoast_wpseo_primary_category":"4","_yoast_wpseo_focuskw_text_input":"Sprachalarmierungsanlage","_yoast_wpseo_opengraph-image":null,"_yoast_wpseo_opengraph-description":null,"_yoast_wpseo_opengraph-title":null,"enclosure":null,"_yoast_wpseo_twitter-title":null,"_yoast_wpseo_twitter-description":null,"_yoast_wpseo_twitter-image":null,"_wp_old_slug":null,"_yoast_wpseo_title":null,"_yoast_wpseo_canonical":null,"yoast_head":"<!-- This site is optimized with the Yoast SEO plugin v27.4 - https:\/\/yoast.com\/product\/yoast-seo-wordpress\/ -->\n<title>Einsatzsprechstelle f\u00fcr akustische Alarmierung - Save<\/title>\n<meta name=\"description\" content=\"Im Ernstfall kann vor dem Eintreffen der Rettungskr\u00e4fte mit einer zertifizierten Sprachalarmierungsanlage (SAA) das Geb\u00e4ude automatisiert ger\u00e4umt werden,\" \/>\n<meta name=\"robots\" content=\"index, follow, max-snippet:-1, max-image-preview:large, max-video-preview:-1\" \/>\n<link rel=\"canonical\" href=\"https:\/\/news.save.ch\/it\/einsatzsprechstelle-fuer-akustische-alarmierung\/\" \/>\n<meta property=\"og:locale\" content=\"it_IT\" \/>\n<meta property=\"og:type\" content=\"article\" \/>\n<meta property=\"og:title\" content=\"Einsatzsprechstelle f\u00fcr akustische Alarmierung - Save\" \/>\n<meta property=\"og:description\" content=\"Im Ernstfall kann vor dem Eintreffen der Rettungskr\u00e4fte mit einer zertifizierten Sprachalarmierungsanlage (SAA) das Geb\u00e4ude automatisiert ger\u00e4umt werden,\" \/>\n<meta property=\"og:url\" content=\"https:\/\/news.save.ch\/it\/einsatzsprechstelle-fuer-akustische-alarmierung\/\" \/>\n<meta property=\"og:site_name\" content=\"Save\" \/>\n<meta property=\"article:published_time\" content=\"2019-05-23T14:45:35+00:00\" \/>\n<meta property=\"og:image\" content=\"https:\/\/news.save.ch\/wp-content\/uploads\/2019\/05\/20-Abb.-2-Feuerwehrsprechstelle_V_1569989-scaled.jpg\" \/>\n\t<meta property=\"og:image:width\" content=\"910\" \/>\n\t<meta property=\"og:image:height\" content=\"1400\" \/>\n\t<meta property=\"og:image:type\" content=\"image\/jpeg\" \/>\n<meta name=\"author\" content=\"K4-Import\" \/>\n<meta name=\"twitter:card\" content=\"summary_large_image\" \/>\n<meta name=\"twitter:label1\" content=\"Scritto da\" \/>\n\t<meta name=\"twitter:data1\" content=\"K4-Import\" \/>\n\t<meta name=\"twitter:label2\" content=\"Tempo di lettura stimato\" \/>\n\t<meta name=\"twitter:data2\" content=\"3 minuti\" \/>\n<script type=\"application\/ld+json\" class=\"yoast-schema-graph\">{\"@context\":\"https:\\\/\\\/schema.org\",\"@graph\":[{\"@type\":\"Article\",\"@id\":\"https:\\\/\\\/news.save.ch\\\/einsatzsprechstelle-fuer-akustische-alarmierung\\\/#article\",\"isPartOf\":{\"@id\":\"https:\\\/\\\/news.save.ch\\\/einsatzsprechstelle-fuer-akustische-alarmierung\\\/\"},\"author\":{\"name\":\"K4-Import\",\"@id\":\"https:\\\/\\\/news.save.ch\\\/de\\\/#\\\/schema\\\/person\\\/6b3bad59a78ac363e711533cb8c62c11\"},\"headline\":\"Einsatzsprechstelle f\u00fcr akustische Alarmierung\",\"datePublished\":\"2019-05-23T14:45:35+00:00\",\"mainEntityOfPage\":{\"@id\":\"https:\\\/\\\/news.save.ch\\\/einsatzsprechstelle-fuer-akustische-alarmierung\\\/\"},\"wordCount\":593,\"commentCount\":0,\"publisher\":{\"@id\":\"https:\\\/\\\/news.save.ch\\\/de\\\/#organization\"},\"image\":{\"@id\":\"https:\\\/\\\/news.save.ch\\\/einsatzsprechstelle-fuer-akustische-alarmierung\\\/#primaryimage\"},\"thumbnailUrl\":\"https:\\\/\\\/news.save.ch\\\/wp-content\\\/uploads\\\/2019\\\/05\\\/20-Abb.-2-Feuerwehrsprechstelle_V_1569989-scaled.jpg\",\"keywords\":[\"Alarmierung\",\"Sprachalarmierung\"],\"articleSection\":[\"ALLGEMEIN\"],\"inLanguage\":\"it-IT\"},{\"@type\":\"WebPage\",\"@id\":\"https:\\\/\\\/news.save.ch\\\/einsatzsprechstelle-fuer-akustische-alarmierung\\\/\",\"url\":\"https:\\\/\\\/news.save.ch\\\/einsatzsprechstelle-fuer-akustische-alarmierung\\\/\",\"name\":\"Einsatzsprechstelle f\u00fcr akustische Alarmierung - Save\",\"isPartOf\":{\"@id\":\"https:\\\/\\\/news.save.ch\\\/de\\\/#website\"},\"primaryImageOfPage\":{\"@id\":\"https:\\\/\\\/news.save.ch\\\/einsatzsprechstelle-fuer-akustische-alarmierung\\\/#primaryimage\"},\"image\":{\"@id\":\"https:\\\/\\\/news.save.ch\\\/einsatzsprechstelle-fuer-akustische-alarmierung\\\/#primaryimage\"},\"thumbnailUrl\":\"https:\\\/\\\/news.save.ch\\\/wp-content\\\/uploads\\\/2019\\\/05\\\/20-Abb.-2-Feuerwehrsprechstelle_V_1569989-scaled.jpg\",\"datePublished\":\"2019-05-23T14:45:35+00:00\",\"description\":\"Im Ernstfall kann vor dem Eintreffen der Rettungskr\u00e4fte mit einer zertifizierten Sprachalarmierungsanlage (SAA) das Geb\u00e4ude automatisiert ger\u00e4umt werden,\",\"breadcrumb\":{\"@id\":\"https:\\\/\\\/news.save.ch\\\/einsatzsprechstelle-fuer-akustische-alarmierung\\\/#breadcrumb\"},\"inLanguage\":\"it-IT\",\"potentialAction\":[{\"@type\":\"ReadAction\",\"target\":[\"https:\\\/\\\/news.save.ch\\\/einsatzsprechstelle-fuer-akustische-alarmierung\\\/\"]}]},{\"@type\":\"ImageObject\",\"inLanguage\":\"it-IT\",\"@id\":\"https:\\\/\\\/news.save.ch\\\/einsatzsprechstelle-fuer-akustische-alarmierung\\\/#primaryimage\",\"url\":\"https:\\\/\\\/news.save.ch\\\/wp-content\\\/uploads\\\/2019\\\/05\\\/20-Abb.-2-Feuerwehrsprechstelle_V_1569989-scaled.jpg\",\"contentUrl\":\"https:\\\/\\\/news.save.ch\\\/wp-content\\\/uploads\\\/2019\\\/05\\\/20-Abb.-2-Feuerwehrsprechstelle_V_1569989-scaled.jpg\",\"width\":910,\"height\":1400,\"caption\":\"\u2022 Abb. 2: Tastenkennzeichnungen per 2020.\"},{\"@type\":\"BreadcrumbList\",\"@id\":\"https:\\\/\\\/news.save.ch\\\/einsatzsprechstelle-fuer-akustische-alarmierung\\\/#breadcrumb\",\"itemListElement\":[{\"@type\":\"ListItem\",\"position\":1,\"name\":\"Home\",\"item\":\"https:\\\/\\\/news.save.ch\\\/de\\\/\"},{\"@type\":\"ListItem\",\"position\":2,\"name\":\"Einsatzsprechstelle f\u00fcr akustische Alarmierung\"}]},{\"@type\":\"WebSite\",\"@id\":\"https:\\\/\\\/news.save.ch\\\/de\\\/#website\",\"url\":\"https:\\\/\\\/news.save.ch\\\/de\\\/\",\"name\":\"Save\",\"description\":\"Schweizer Fachzeitschrift f\u00fcr Sicherheit\",\"publisher\":{\"@id\":\"https:\\\/\\\/news.save.ch\\\/de\\\/#organization\"},\"potentialAction\":[{\"@type\":\"SearchAction\",\"target\":{\"@type\":\"EntryPoint\",\"urlTemplate\":\"https:\\\/\\\/news.save.ch\\\/de\\\/?s={search_term_string}\"},\"query-input\":{\"@type\":\"PropertyValueSpecification\",\"valueRequired\":true,\"valueName\":\"search_term_string\"}}],\"inLanguage\":\"it-IT\"},{\"@type\":\"Organization\",\"@id\":\"https:\\\/\\\/news.save.ch\\\/de\\\/#organization\",\"name\":\"Sicherheitsforum\",\"url\":\"https:\\\/\\\/news.save.ch\\\/de\\\/\",\"logo\":{\"@type\":\"ImageObject\",\"inLanguage\":\"it-IT\",\"@id\":\"https:\\\/\\\/news.save.ch\\\/de\\\/#\\\/schema\\\/logo\\\/image\\\/\",\"url\":\"https:\\\/\\\/news.save.ch\\\/wp-content\\\/uploads\\\/2022\\\/06\\\/Logo_SF_2012.png\",\"contentUrl\":\"https:\\\/\\\/news.save.ch\\\/wp-content\\\/uploads\\\/2022\\\/06\\\/Logo_SF_2012.png\",\"width\":1100,\"height\":91,\"caption\":\"Sicherheitsforum\"},\"image\":{\"@id\":\"https:\\\/\\\/news.save.ch\\\/de\\\/#\\\/schema\\\/logo\\\/image\\\/\"}},{\"@type\":\"Person\",\"@id\":\"https:\\\/\\\/news.save.ch\\\/de\\\/#\\\/schema\\\/person\\\/6b3bad59a78ac363e711533cb8c62c11\",\"name\":\"K4-Import\",\"image\":{\"@type\":\"ImageObject\",\"inLanguage\":\"it-IT\",\"@id\":\"https:\\\/\\\/secure.gravatar.com\\\/avatar\\\/1b8ccc30f7a6db4f37d37910d994e4afa9de6bf43cd655153526733a63bafb0b?s=96&d=mm&r=g\",\"url\":\"https:\\\/\\\/secure.gravatar.com\\\/avatar\\\/1b8ccc30f7a6db4f37d37910d994e4afa9de6bf43cd655153526733a63bafb0b?s=96&d=mm&r=g\",\"contentUrl\":\"https:\\\/\\\/secure.gravatar.com\\\/avatar\\\/1b8ccc30f7a6db4f37d37910d994e4afa9de6bf43cd655153526733a63bafb0b?s=96&d=mm&r=g\",\"caption\":\"K4-Import\"},\"url\":\"https:\\\/\\\/news.save.ch\\\/it\\\/author\\\/k4-import\\\/\"}]}<\/script>\n<!-- \/ Yoast SEO plugin. -->","yoast_head_json":{"title":"Stazione di chiamata di emergenza per allarme acustico - Salva","description":"In caso di emergenza, un sistema di allarme vocale certificato (SAA) pu\u00f2 essere utilizzato per evacuare automaticamente l'edificio prima dell'arrivo dei servizi di emergenza,","robots":{"index":"index","follow":"follow","max-snippet":"max-snippet:-1","max-image-preview":"max-image-preview:large","max-video-preview":"max-video-preview:-1"},"canonical":"https:\/\/news.save.ch\/it\/einsatzsprechstelle-fuer-akustische-alarmierung\/","og_locale":"it_IT","og_type":"article","og_title":"Einsatzsprechstelle f\u00fcr akustische Alarmierung - Save","og_description":"Im Ernstfall kann vor dem Eintreffen der Rettungskr\u00e4fte mit einer zertifizierten Sprachalarmierungsanlage (SAA) das Geb\u00e4ude automatisiert ger\u00e4umt werden,","og_url":"https:\/\/news.save.ch\/it\/einsatzsprechstelle-fuer-akustische-alarmierung\/","og_site_name":"Save","article_published_time":"2019-05-23T14:45:35+00:00","og_image":[{"width":910,"height":1400,"url":"https:\/\/news.save.ch\/wp-content\/uploads\/2019\/05\/20-Abb.-2-Feuerwehrsprechstelle_V_1569989-scaled.jpg","type":"image\/jpeg"}],"author":"K4-Import","twitter_card":"summary_large_image","twitter_misc":{"Scritto da":"K4-Import","Tempo di lettura stimato":"3 minuti"},"schema":{"@context":"https:\/\/schema.org","@graph":[{"@type":"Article","@id":"https:\/\/news.save.ch\/einsatzsprechstelle-fuer-akustische-alarmierung\/#article","isPartOf":{"@id":"https:\/\/news.save.ch\/einsatzsprechstelle-fuer-akustische-alarmierung\/"},"author":{"name":"K4-Import","@id":"https:\/\/news.save.ch\/de\/#\/schema\/person\/6b3bad59a78ac363e711533cb8c62c11"},"headline":"Einsatzsprechstelle f\u00fcr akustische Alarmierung","datePublished":"2019-05-23T14:45:35+00:00","mainEntityOfPage":{"@id":"https:\/\/news.save.ch\/einsatzsprechstelle-fuer-akustische-alarmierung\/"},"wordCount":593,"commentCount":0,"publisher":{"@id":"https:\/\/news.save.ch\/de\/#organization"},"image":{"@id":"https:\/\/news.save.ch\/einsatzsprechstelle-fuer-akustische-alarmierung\/#primaryimage"},"thumbnailUrl":"https:\/\/news.save.ch\/wp-content\/uploads\/2019\/05\/20-Abb.-2-Feuerwehrsprechstelle_V_1569989-scaled.jpg","keywords":["Alarmierung","Sprachalarmierung"],"articleSection":["ALLGEMEIN"],"inLanguage":"it-IT"},{"@type":"WebPage","@id":"https:\/\/news.save.ch\/einsatzsprechstelle-fuer-akustische-alarmierung\/","url":"https:\/\/news.save.ch\/einsatzsprechstelle-fuer-akustische-alarmierung\/","name":"Stazione di chiamata di emergenza per allarme acustico - Salva","isPartOf":{"@id":"https:\/\/news.save.ch\/de\/#website"},"primaryImageOfPage":{"@id":"https:\/\/news.save.ch\/einsatzsprechstelle-fuer-akustische-alarmierung\/#primaryimage"},"image":{"@id":"https:\/\/news.save.ch\/einsatzsprechstelle-fuer-akustische-alarmierung\/#primaryimage"},"thumbnailUrl":"https:\/\/news.save.ch\/wp-content\/uploads\/2019\/05\/20-Abb.-2-Feuerwehrsprechstelle_V_1569989-scaled.jpg","datePublished":"2019-05-23T14:45:35+00:00","description":"In caso di emergenza, un sistema di allarme vocale certificato (SAA) pu\u00f2 essere utilizzato per evacuare automaticamente l'edificio prima dell'arrivo dei servizi di emergenza,","breadcrumb":{"@id":"https:\/\/news.save.ch\/einsatzsprechstelle-fuer-akustische-alarmierung\/#breadcrumb"},"inLanguage":"it-IT","potentialAction":[{"@type":"ReadAction","target":["https:\/\/news.save.ch\/einsatzsprechstelle-fuer-akustische-alarmierung\/"]}]},{"@type":"ImageObject","inLanguage":"it-IT","@id":"https:\/\/news.save.ch\/einsatzsprechstelle-fuer-akustische-alarmierung\/#primaryimage","url":"https:\/\/news.save.ch\/wp-content\/uploads\/2019\/05\/20-Abb.-2-Feuerwehrsprechstelle_V_1569989-scaled.jpg","contentUrl":"https:\/\/news.save.ch\/wp-content\/uploads\/2019\/05\/20-Abb.-2-Feuerwehrsprechstelle_V_1569989-scaled.jpg","width":910,"height":1400,"caption":"\u2022 Abb. 2: Tastenkennzeichnungen per 2020."},{"@type":"BreadcrumbList","@id":"https:\/\/news.save.ch\/einsatzsprechstelle-fuer-akustische-alarmierung\/#breadcrumb","itemListElement":[{"@type":"ListItem","position":1,"name":"Home","item":"https:\/\/news.save.ch\/de\/"},{"@type":"ListItem","position":2,"name":"Einsatzsprechstelle f\u00fcr akustische Alarmierung"}]},{"@type":"WebSite","@id":"https:\/\/news.save.ch\/de\/#website","url":"https:\/\/news.save.ch\/de\/","name":"Risparmiare","description":"Rivista svizzera specializzata in sicurezza","publisher":{"@id":"https:\/\/news.save.ch\/de\/#organization"},"potentialAction":[{"@type":"SearchAction","target":{"@type":"EntryPoint","urlTemplate":"https:\/\/news.save.ch\/de\/?s={search_term_string}"},"query-input":{"@type":"PropertyValueSpecification","valueRequired":true,"valueName":"search_term_string"}}],"inLanguage":"it-IT"},{"@type":"Organization","@id":"https:\/\/news.save.ch\/de\/#organization","name":"Forum sulla sicurezza","url":"https:\/\/news.save.ch\/de\/","logo":{"@type":"ImageObject","inLanguage":"it-IT","@id":"https:\/\/news.save.ch\/de\/#\/schema\/logo\/image\/","url":"https:\/\/news.save.ch\/wp-content\/uploads\/2022\/06\/Logo_SF_2012.png","contentUrl":"https:\/\/news.save.ch\/wp-content\/uploads\/2022\/06\/Logo_SF_2012.png","width":1100,"height":91,"caption":"Sicherheitsforum"},"image":{"@id":"https:\/\/news.save.ch\/de\/#\/schema\/logo\/image\/"}},{"@type":"Person","@id":"https:\/\/news.save.ch\/de\/#\/schema\/person\/6b3bad59a78ac363e711533cb8c62c11","name":"Importazione K4","image":{"@type":"ImageObject","inLanguage":"it-IT","@id":"https:\/\/secure.gravatar.com\/avatar\/1b8ccc30f7a6db4f37d37910d994e4afa9de6bf43cd655153526733a63bafb0b?s=96&d=mm&r=g","url":"https:\/\/secure.gravatar.com\/avatar\/1b8ccc30f7a6db4f37d37910d994e4afa9de6bf43cd655153526733a63bafb0b?s=96&d=mm&r=g","contentUrl":"https:\/\/secure.gravatar.com\/avatar\/1b8ccc30f7a6db4f37d37910d994e4afa9de6bf43cd655153526733a63bafb0b?s=96&d=mm&r=g","caption":"K4-Import"},"url":"https:\/\/news.save.ch\/it\/author\/k4-import\/"}]}},"_links":{"self":[{"href":"https:\/\/news.save.ch\/it\/wp-json\/wp\/v2\/posts\/7950","targetHints":{"allow":["GET"]}}],"collection":[{"href":"https:\/\/news.save.ch\/it\/wp-json\/wp\/v2\/posts"}],"about":[{"href":"https:\/\/news.save.ch\/it\/wp-json\/wp\/v2\/types\/post"}],"author":[{"embeddable":true,"href":"https:\/\/news.save.ch\/it\/wp-json\/wp\/v2\/users\/11"}],"replies":[{"embeddable":true,"href":"https:\/\/news.save.ch\/it\/wp-json\/wp\/v2\/comments?post=7950"}],"version-history":[{"count":0,"href":"https:\/\/news.save.ch\/it\/wp-json\/wp\/v2\/posts\/7950\/revisions"}],"wp:featuredmedia":[{"embeddable":true,"href":"https:\/\/news.save.ch\/it\/wp-json\/wp\/v2\/media\/8303"}],"wp:attachment":[{"href":"https:\/\/news.save.ch\/it\/wp-json\/wp\/v2\/media?parent=7950"}],"wp:term":[{"taxonomy":"category","embeddable":true,"href":"https:\/\/news.save.ch\/it\/wp-json\/wp\/v2\/categories?post=7950"},{"taxonomy":"post_tag","embeddable":true,"href":"https:\/\/news.save.ch\/it\/wp-json\/wp\/v2\/tags?post=7950"}],"curies":[{"name":"wp","href":"https:\/\/api.w.org\/{rel}","templated":true}]}}