{"id":8032,"date":"2019-05-10T06:12:56","date_gmt":"2019-05-10T04:12:56","guid":{"rendered":"https:\/\/news.save.ch\/?p=8032"},"modified":"2023-03-14T08:56:47","modified_gmt":"2023-03-14T07:56:47","slug":"swisscom-uebernimmt-united-security-providers","status":null,"type":"post","link":"https:\/\/news.save.ch\/it\/swisscom-uebernimmt-united-security-providers\/","title":{"rendered":"Swisscom rileva United Security Providers"},"content":{"rendered":"<figure id=\"attachment_8033\" aria-describedby=\"caption-attachment-8033\" style=\"width: 680px\" class=\"wp-caption aligncenter\"><img loading=\"lazy\" decoding=\"async\" class=\"wp-image-8033 size-medium\" src=\"https:\/\/news.save.ch\/wp-content\/uploads\/2019\/05\/Swisscom.jpg\" alt=\"Fornitori di sicurezza uniti\" width=\"680\" height=\"454\" srcset=\"https:\/\/news.save.ch\/wp-content\/uploads\/2019\/05\/Swisscom.jpg 1000w, https:\/\/news.save.ch\/wp-content\/uploads\/2019\/05\/Swisscom-375x250.jpg 375w\" sizes=\"auto, (max-width: 680px) 100vw, 680px\" \/><figcaption id=\"caption-attachment-8033\" class=\"wp-caption-text\">depositphotos, Violino<\/figcaption><\/figure>\n<p>Con l'ingresso dei collaboratori di Swisscom, la <a href=\"https:\/\/www.united-security-providers.ch\/\">USP<\/a> verr\u00e0 creato un cluster di competenze sulla sicurezza con ben 200 specialisti, che si occuperanno della sicurezza delle applicazioni, dei dati e delle reti dei clienti aziendali 24 ore su 24, scrive il provider di telecomunicazioni.<\/p>\n<p>Urs Lehner, responsabile Clienti aziendali di Swisscom e membro della Direzione del Gruppo, ha commentato l'acquisizione: USP, attiva da 25 anni, dispone di un portafoglio di servizi, clienti e competenze estremamente interessante. In questo modo la sua azienda ha accesso a specialisti della sicurezza e al relativo know-how in questo mercato in rapida crescita, afferma Lehner. Michael Liebi, CEO di USP, aggiunge: \"Le due aziende si completano a vicenda in modo ideale con i loro portafogli clienti.<\/p>\n<p><strong>L'USP continua ad esistere<\/strong><\/p>\n<p>L'acquisizione rafforzer\u00e0 ulteriormente i servizi di sicurezza gestiti (MSS). La nuova attivit\u00e0 di prodotti software per la sicurezza (Web Access Management e Network Access Control) amplia l'offerta di sicurezza di Swisscom.<\/p>\n<p>United Security Providers, fondata nel 1994, continuer\u00e0 a esistere come societ\u00e0 e marchio separato sotto l'ombrello di Swisscom. L'attuale team di gestione attorno al fondatore e CEO Michael Liebi continuer\u00e0 a fornire i servizi, garantendo cos\u00ec la continuit\u00e0. Swisscom intende espandere ulteriormente e rafforzare in modo duraturo il settore della sicurezza informatica, conclude il documento.<\/p>\n<p><em>Fonte: Swisscom<\/em><\/p>","protected":false},"excerpt":{"rendered":"<p>Mit den zu Swisscom stossenden Mitarbeitenden von USP entstehe ein Security-Kompetenz-Cluster mit gut 200 Spezialisten, die sich rund um die Uhr um die Sicherheit von Anwendungen, Daten und Netzwerken von Unternehmenskunden k\u00fcmmern w\u00fcrden, schreibt der Telekomanbieter. Urs Lehner, Leiter Swisscom Enterprise Customers und Mitglied der Konzernleitung zur \u00dcbernahme: Das Unternehmen USP, das seit 25 Jahren [&hellip;]<\/p>\n","protected":false},"author":8,"featured_media":8033,"comment_status":"open","ping_status":"open","sticky":false,"template":"","format":"standard","meta":{"_acf_changed":false,"pgc_sgb_lightbox_settings":"","footnotes":""},"categories":[3313],"tags":[65],"class_list":["post-8032","post","type-post","status-publish","format-standard","has-post-thumbnail","hentry","category-digitalisierung","tag-unternehmen"],"acf":[],"hkrextid":null,"publication":null,"issue":null,"workflow":null,"startPage":null,"spitzmarke":null,"_posts_by_tag_page_fields":{"widget_title":"","widget_tags":""},"_at_widget":"1","_yoast_wpseo_primary_category":"2","_yoast_wpseo_focuskw_text_input":"United Security Providers","_yoast_wpseo_opengraph-image":null,"_yoast_wpseo_opengraph-description":null,"_yoast_wpseo_opengraph-title":null,"enclosure":null,"_yoast_wpseo_twitter-title":null,"_yoast_wpseo_twitter-description":null,"_yoast_wpseo_twitter-image":null,"_wp_old_slug":null,"_yoast_wpseo_title":null,"_yoast_wpseo_canonical":null,"yoast_head":"<!-- This site is optimized with the Yoast SEO plugin v27.5 - https:\/\/yoast.com\/product\/yoast-seo-wordpress\/ -->\n<title>Swisscom \u00fcbernimmt United Security Providers - Save<\/title>\n<meta name=\"description\" content=\"Swisscom \u00fcbernimmt United Security Providers und bringt die Firma als eigenst\u00e4ndige Unternehmung mit den eigenen Cyber-Security-Aktivit\u00e4ten zusammen.\" \/>\n<meta name=\"robots\" content=\"index, follow, max-snippet:-1, max-image-preview:large, max-video-preview:-1\" \/>\n<link rel=\"canonical\" href=\"https:\/\/news.save.ch\/it\/swisscom-uebernimmt-united-security-providers\/\" \/>\n<meta property=\"og:locale\" content=\"it_IT\" \/>\n<meta property=\"og:type\" content=\"article\" \/>\n<meta property=\"og:title\" content=\"Swisscom \u00fcbernimmt United Security Providers - Save\" \/>\n<meta property=\"og:description\" content=\"Swisscom \u00fcbernimmt United Security Providers und bringt die Firma als eigenst\u00e4ndige Unternehmung mit den eigenen Cyber-Security-Aktivit\u00e4ten zusammen.\" \/>\n<meta property=\"og:url\" content=\"https:\/\/news.save.ch\/it\/swisscom-uebernimmt-united-security-providers\/\" \/>\n<meta property=\"og:site_name\" content=\"Save\" \/>\n<meta property=\"article:published_time\" content=\"2019-05-10T04:12:56+00:00\" \/>\n<meta property=\"article:modified_time\" content=\"2023-03-14T07:56:47+00:00\" \/>\n<meta property=\"og:image\" content=\"https:\/\/news.save.ch\/wp-content\/uploads\/2019\/05\/Swisscom.jpg\" \/>\n\t<meta property=\"og:image:width\" content=\"1000\" \/>\n\t<meta property=\"og:image:height\" content=\"667\" \/>\n\t<meta property=\"og:image:type\" content=\"image\/jpeg\" \/>\n<meta name=\"author\" content=\"Roger Str\u00e4ssle\" \/>\n<meta name=\"twitter:card\" content=\"summary_large_image\" \/>\n<meta name=\"twitter:label1\" content=\"Scritto da\" \/>\n\t<meta name=\"twitter:data1\" content=\"Roger Str\u00e4ssle\" \/>\n\t<meta name=\"twitter:label2\" content=\"Tempo di lettura stimato\" \/>\n\t<meta name=\"twitter:data2\" content=\"1 minuto\" \/>\n<script type=\"application\/ld+json\" class=\"yoast-schema-graph\">{\"@context\":\"https:\\\/\\\/schema.org\",\"@graph\":[{\"@type\":\"Article\",\"@id\":\"https:\\\/\\\/news.save.ch\\\/swisscom-uebernimmt-united-security-providers\\\/#article\",\"isPartOf\":{\"@id\":\"https:\\\/\\\/news.save.ch\\\/swisscom-uebernimmt-united-security-providers\\\/\"},\"author\":{\"name\":\"Roger Str\u00e4ssle\",\"@id\":\"https:\\\/\\\/news.save.ch\\\/de\\\/#\\\/schema\\\/person\\\/d5022db048e0e2b9785c50e5b24da5aa\"},\"headline\":\"Swisscom \u00fcbernimmt United Security Providers\",\"datePublished\":\"2019-05-10T04:12:56+00:00\",\"dateModified\":\"2023-03-14T07:56:47+00:00\",\"mainEntityOfPage\":{\"@id\":\"https:\\\/\\\/news.save.ch\\\/swisscom-uebernimmt-united-security-providers\\\/\"},\"wordCount\":210,\"commentCount\":0,\"publisher\":{\"@id\":\"https:\\\/\\\/news.save.ch\\\/de\\\/#organization\"},\"image\":{\"@id\":\"https:\\\/\\\/news.save.ch\\\/swisscom-uebernimmt-united-security-providers\\\/#primaryimage\"},\"thumbnailUrl\":\"https:\\\/\\\/news.save.ch\\\/wp-content\\\/uploads\\\/2019\\\/05\\\/Swisscom.jpg\",\"keywords\":[\"Unternehmen\"],\"articleSection\":[\"DIGITALISIERUNG\"],\"inLanguage\":\"it-IT\"},{\"@type\":\"WebPage\",\"@id\":\"https:\\\/\\\/news.save.ch\\\/swisscom-uebernimmt-united-security-providers\\\/\",\"url\":\"https:\\\/\\\/news.save.ch\\\/swisscom-uebernimmt-united-security-providers\\\/\",\"name\":\"Swisscom \u00fcbernimmt United Security Providers - Save\",\"isPartOf\":{\"@id\":\"https:\\\/\\\/news.save.ch\\\/de\\\/#website\"},\"primaryImageOfPage\":{\"@id\":\"https:\\\/\\\/news.save.ch\\\/swisscom-uebernimmt-united-security-providers\\\/#primaryimage\"},\"image\":{\"@id\":\"https:\\\/\\\/news.save.ch\\\/swisscom-uebernimmt-united-security-providers\\\/#primaryimage\"},\"thumbnailUrl\":\"https:\\\/\\\/news.save.ch\\\/wp-content\\\/uploads\\\/2019\\\/05\\\/Swisscom.jpg\",\"datePublished\":\"2019-05-10T04:12:56+00:00\",\"dateModified\":\"2023-03-14T07:56:47+00:00\",\"description\":\"Swisscom \u00fcbernimmt United Security Providers und bringt die Firma als eigenst\u00e4ndige Unternehmung mit den eigenen Cyber-Security-Aktivit\u00e4ten zusammen.\",\"breadcrumb\":{\"@id\":\"https:\\\/\\\/news.save.ch\\\/swisscom-uebernimmt-united-security-providers\\\/#breadcrumb\"},\"inLanguage\":\"it-IT\",\"potentialAction\":[{\"@type\":\"ReadAction\",\"target\":[\"https:\\\/\\\/news.save.ch\\\/swisscom-uebernimmt-united-security-providers\\\/\"]}]},{\"@type\":\"ImageObject\",\"inLanguage\":\"it-IT\",\"@id\":\"https:\\\/\\\/news.save.ch\\\/swisscom-uebernimmt-united-security-providers\\\/#primaryimage\",\"url\":\"https:\\\/\\\/news.save.ch\\\/wp-content\\\/uploads\\\/2019\\\/05\\\/Swisscom.jpg\",\"contentUrl\":\"https:\\\/\\\/news.save.ch\\\/wp-content\\\/uploads\\\/2019\\\/05\\\/Swisscom.jpg\",\"width\":1000,\"height\":667,\"caption\":\"depositphotos, Violin\"},{\"@type\":\"BreadcrumbList\",\"@id\":\"https:\\\/\\\/news.save.ch\\\/swisscom-uebernimmt-united-security-providers\\\/#breadcrumb\",\"itemListElement\":[{\"@type\":\"ListItem\",\"position\":1,\"name\":\"Home\",\"item\":\"https:\\\/\\\/news.save.ch\\\/de\\\/\"},{\"@type\":\"ListItem\",\"position\":2,\"name\":\"Swisscom \u00fcbernimmt United Security Providers\"}]},{\"@type\":\"WebSite\",\"@id\":\"https:\\\/\\\/news.save.ch\\\/de\\\/#website\",\"url\":\"https:\\\/\\\/news.save.ch\\\/de\\\/\",\"name\":\"Save\",\"description\":\"Schweizer Fachzeitschrift f\u00fcr Sicherheit\",\"publisher\":{\"@id\":\"https:\\\/\\\/news.save.ch\\\/de\\\/#organization\"},\"potentialAction\":[{\"@type\":\"SearchAction\",\"target\":{\"@type\":\"EntryPoint\",\"urlTemplate\":\"https:\\\/\\\/news.save.ch\\\/de\\\/?s={search_term_string}\"},\"query-input\":{\"@type\":\"PropertyValueSpecification\",\"valueRequired\":true,\"valueName\":\"search_term_string\"}}],\"inLanguage\":\"it-IT\"},{\"@type\":\"Organization\",\"@id\":\"https:\\\/\\\/news.save.ch\\\/de\\\/#organization\",\"name\":\"Sicherheitsforum\",\"url\":\"https:\\\/\\\/news.save.ch\\\/de\\\/\",\"logo\":{\"@type\":\"ImageObject\",\"inLanguage\":\"it-IT\",\"@id\":\"https:\\\/\\\/news.save.ch\\\/de\\\/#\\\/schema\\\/logo\\\/image\\\/\",\"url\":\"https:\\\/\\\/news.save.ch\\\/wp-content\\\/uploads\\\/2022\\\/06\\\/Logo_SF_2012.png\",\"contentUrl\":\"https:\\\/\\\/news.save.ch\\\/wp-content\\\/uploads\\\/2022\\\/06\\\/Logo_SF_2012.png\",\"width\":1100,\"height\":91,\"caption\":\"Sicherheitsforum\"},\"image\":{\"@id\":\"https:\\\/\\\/news.save.ch\\\/de\\\/#\\\/schema\\\/logo\\\/image\\\/\"}},{\"@type\":\"Person\",\"@id\":\"https:\\\/\\\/news.save.ch\\\/de\\\/#\\\/schema\\\/person\\\/d5022db048e0e2b9785c50e5b24da5aa\",\"name\":\"Roger Str\u00e4ssle\",\"image\":{\"@type\":\"ImageObject\",\"inLanguage\":\"it-IT\",\"@id\":\"https:\\\/\\\/secure.gravatar.com\\\/avatar\\\/862a5569d087de48e5856e32f45d719a03804c891d6deb8d4f71a660e79e4a47?s=96&d=mm&r=g\",\"url\":\"https:\\\/\\\/secure.gravatar.com\\\/avatar\\\/862a5569d087de48e5856e32f45d719a03804c891d6deb8d4f71a660e79e4a47?s=96&d=mm&r=g\",\"contentUrl\":\"https:\\\/\\\/secure.gravatar.com\\\/avatar\\\/862a5569d087de48e5856e32f45d719a03804c891d6deb8d4f71a660e79e4a47?s=96&d=mm&r=g\",\"caption\":\"Roger Str\u00e4ssle\"},\"url\":\"https:\\\/\\\/news.save.ch\\\/it\\\/author\\\/roger-straessle\\\/\"}]}<\/script>\n<!-- \/ Yoast SEO plugin. -->","yoast_head_json":{"title":"Swisscom rileva United Security Providers - Save","description":"Swisscom acquisisce United Security Providers e riunisce l'azienda con le proprie attivit\u00e0 di sicurezza informatica come impresa indipendente.","robots":{"index":"index","follow":"follow","max-snippet":"max-snippet:-1","max-image-preview":"max-image-preview:large","max-video-preview":"max-video-preview:-1"},"canonical":"https:\/\/news.save.ch\/it\/swisscom-uebernimmt-united-security-providers\/","og_locale":"it_IT","og_type":"article","og_title":"Swisscom \u00fcbernimmt United Security Providers - Save","og_description":"Swisscom \u00fcbernimmt United Security Providers und bringt die Firma als eigenst\u00e4ndige Unternehmung mit den eigenen Cyber-Security-Aktivit\u00e4ten zusammen.","og_url":"https:\/\/news.save.ch\/it\/swisscom-uebernimmt-united-security-providers\/","og_site_name":"Save","article_published_time":"2019-05-10T04:12:56+00:00","article_modified_time":"2023-03-14T07:56:47+00:00","og_image":[{"width":1000,"height":667,"url":"https:\/\/news.save.ch\/wp-content\/uploads\/2019\/05\/Swisscom.jpg","type":"image\/jpeg"}],"author":"Roger Str\u00e4ssle","twitter_card":"summary_large_image","twitter_misc":{"Scritto da":"Roger Str\u00e4ssle","Tempo di lettura stimato":"1 minuto"},"schema":{"@context":"https:\/\/schema.org","@graph":[{"@type":"Article","@id":"https:\/\/news.save.ch\/swisscom-uebernimmt-united-security-providers\/#article","isPartOf":{"@id":"https:\/\/news.save.ch\/swisscom-uebernimmt-united-security-providers\/"},"author":{"name":"Roger Str\u00e4ssle","@id":"https:\/\/news.save.ch\/de\/#\/schema\/person\/d5022db048e0e2b9785c50e5b24da5aa"},"headline":"Swisscom \u00fcbernimmt United Security Providers","datePublished":"2019-05-10T04:12:56+00:00","dateModified":"2023-03-14T07:56:47+00:00","mainEntityOfPage":{"@id":"https:\/\/news.save.ch\/swisscom-uebernimmt-united-security-providers\/"},"wordCount":210,"commentCount":0,"publisher":{"@id":"https:\/\/news.save.ch\/de\/#organization"},"image":{"@id":"https:\/\/news.save.ch\/swisscom-uebernimmt-united-security-providers\/#primaryimage"},"thumbnailUrl":"https:\/\/news.save.ch\/wp-content\/uploads\/2019\/05\/Swisscom.jpg","keywords":["Unternehmen"],"articleSection":["DIGITALISIERUNG"],"inLanguage":"it-IT"},{"@type":"WebPage","@id":"https:\/\/news.save.ch\/swisscom-uebernimmt-united-security-providers\/","url":"https:\/\/news.save.ch\/swisscom-uebernimmt-united-security-providers\/","name":"Swisscom rileva United Security Providers - Save","isPartOf":{"@id":"https:\/\/news.save.ch\/de\/#website"},"primaryImageOfPage":{"@id":"https:\/\/news.save.ch\/swisscom-uebernimmt-united-security-providers\/#primaryimage"},"image":{"@id":"https:\/\/news.save.ch\/swisscom-uebernimmt-united-security-providers\/#primaryimage"},"thumbnailUrl":"https:\/\/news.save.ch\/wp-content\/uploads\/2019\/05\/Swisscom.jpg","datePublished":"2019-05-10T04:12:56+00:00","dateModified":"2023-03-14T07:56:47+00:00","description":"Swisscom acquisisce United Security Providers e riunisce l'azienda con le proprie attivit\u00e0 di sicurezza informatica come impresa indipendente.","breadcrumb":{"@id":"https:\/\/news.save.ch\/swisscom-uebernimmt-united-security-providers\/#breadcrumb"},"inLanguage":"it-IT","potentialAction":[{"@type":"ReadAction","target":["https:\/\/news.save.ch\/swisscom-uebernimmt-united-security-providers\/"]}]},{"@type":"ImageObject","inLanguage":"it-IT","@id":"https:\/\/news.save.ch\/swisscom-uebernimmt-united-security-providers\/#primaryimage","url":"https:\/\/news.save.ch\/wp-content\/uploads\/2019\/05\/Swisscom.jpg","contentUrl":"https:\/\/news.save.ch\/wp-content\/uploads\/2019\/05\/Swisscom.jpg","width":1000,"height":667,"caption":"depositphotos, Violin"},{"@type":"BreadcrumbList","@id":"https:\/\/news.save.ch\/swisscom-uebernimmt-united-security-providers\/#breadcrumb","itemListElement":[{"@type":"ListItem","position":1,"name":"Home","item":"https:\/\/news.save.ch\/de\/"},{"@type":"ListItem","position":2,"name":"Swisscom \u00fcbernimmt United Security Providers"}]},{"@type":"WebSite","@id":"https:\/\/news.save.ch\/de\/#website","url":"https:\/\/news.save.ch\/de\/","name":"Risparmiare","description":"Rivista svizzera specializzata in sicurezza","publisher":{"@id":"https:\/\/news.save.ch\/de\/#organization"},"potentialAction":[{"@type":"SearchAction","target":{"@type":"EntryPoint","urlTemplate":"https:\/\/news.save.ch\/de\/?s={search_term_string}"},"query-input":{"@type":"PropertyValueSpecification","valueRequired":true,"valueName":"search_term_string"}}],"inLanguage":"it-IT"},{"@type":"Organization","@id":"https:\/\/news.save.ch\/de\/#organization","name":"Forum sulla sicurezza","url":"https:\/\/news.save.ch\/de\/","logo":{"@type":"ImageObject","inLanguage":"it-IT","@id":"https:\/\/news.save.ch\/de\/#\/schema\/logo\/image\/","url":"https:\/\/news.save.ch\/wp-content\/uploads\/2022\/06\/Logo_SF_2012.png","contentUrl":"https:\/\/news.save.ch\/wp-content\/uploads\/2022\/06\/Logo_SF_2012.png","width":1100,"height":91,"caption":"Sicherheitsforum"},"image":{"@id":"https:\/\/news.save.ch\/de\/#\/schema\/logo\/image\/"}},{"@type":"Person","@id":"https:\/\/news.save.ch\/de\/#\/schema\/person\/d5022db048e0e2b9785c50e5b24da5aa","name":"Roger Str\u00e4ssle","image":{"@type":"ImageObject","inLanguage":"it-IT","@id":"https:\/\/secure.gravatar.com\/avatar\/862a5569d087de48e5856e32f45d719a03804c891d6deb8d4f71a660e79e4a47?s=96&d=mm&r=g","url":"https:\/\/secure.gravatar.com\/avatar\/862a5569d087de48e5856e32f45d719a03804c891d6deb8d4f71a660e79e4a47?s=96&d=mm&r=g","contentUrl":"https:\/\/secure.gravatar.com\/avatar\/862a5569d087de48e5856e32f45d719a03804c891d6deb8d4f71a660e79e4a47?s=96&d=mm&r=g","caption":"Roger Str\u00e4ssle"},"url":"https:\/\/news.save.ch\/it\/author\/roger-straessle\/"}]}},"_links":{"self":[{"href":"https:\/\/news.save.ch\/it\/wp-json\/wp\/v2\/posts\/8032","targetHints":{"allow":["GET"]}}],"collection":[{"href":"https:\/\/news.save.ch\/it\/wp-json\/wp\/v2\/posts"}],"about":[{"href":"https:\/\/news.save.ch\/it\/wp-json\/wp\/v2\/types\/post"}],"author":[{"embeddable":true,"href":"https:\/\/news.save.ch\/it\/wp-json\/wp\/v2\/users\/8"}],"replies":[{"embeddable":true,"href":"https:\/\/news.save.ch\/it\/wp-json\/wp\/v2\/comments?post=8032"}],"version-history":[{"count":1,"href":"https:\/\/news.save.ch\/it\/wp-json\/wp\/v2\/posts\/8032\/revisions"}],"predecessor-version":[{"id":17395,"href":"https:\/\/news.save.ch\/it\/wp-json\/wp\/v2\/posts\/8032\/revisions\/17395"}],"wp:featuredmedia":[{"embeddable":true,"href":"https:\/\/news.save.ch\/it\/wp-json\/wp\/v2\/media\/8033"}],"wp:attachment":[{"href":"https:\/\/news.save.ch\/it\/wp-json\/wp\/v2\/media?parent=8032"}],"wp:term":[{"taxonomy":"category","embeddable":true,"href":"https:\/\/news.save.ch\/it\/wp-json\/wp\/v2\/categories?post=8032"},{"taxonomy":"post_tag","embeddable":true,"href":"https:\/\/news.save.ch\/it\/wp-json\/wp\/v2\/tags?post=8032"}],"curies":[{"name":"wp","href":"https:\/\/api.w.org\/{rel}","templated":true}]}}