{"id":8059,"date":"2019-05-19T17:48:00","date_gmt":"2019-05-19T15:48:00","guid":{"rendered":"https:\/\/news.save.ch\/?p=8059"},"modified":"2019-05-19T17:48:00","modified_gmt":"2019-05-19T15:48:00","slug":"svti-neues-akademie-und-tagungszentrums-eroeffnet","status":null,"type":"post","link":"https:\/\/news.save.ch\/it\/svti-neues-akademie-und-tagungszentrums-eroeffnet\/","title":{"rendered":"SVTI: Inaugurazione della nuova accademia e del centro conferenze"},"content":{"rendered":"<figure id=\"attachment_8074\" aria-describedby=\"caption-attachment-8074\" style=\"width: 680px\" class=\"wp-caption aligncenter\"><img loading=\"lazy\" decoding=\"async\" class=\"size-medium wp-image-8074\" src=\"https:\/\/news.save.ch\/wp-content\/uploads\/2019\/05\/Sprinkleranlage-1_bearbeitet-1.jpg\" alt=\"\" width=\"680\" height=\"509\" \/><figcaption id=\"caption-attachment-8074\" class=\"wp-caption-text\"><a href=\"https:\/\/news.save.ch\/it\/?s=SVTI\">Raphael Schubiger<\/a>Il direttore della SVTI apprezza il nuovo impianto di prova degli sprinkler per i partecipanti al corso. (Foto: R. Str\u00e4ssle)<\/figcaption><\/figure>\n<p>Il 9 luglio 1869, esattamente 150 anni fa, fu fondata a Zurigo l'Associazione svizzera dei proprietari di caldaie a vapore. Gli industriali si erano uniti per formare un'associazione di scopo. L'obiettivo di allora era \"monitorare le caldaie a vapore per prevenire il pi\u00f9 possibile le esplosioni e ottenere risparmi nella produzione e nell'utilizzo del vapore\". Questa associazione speciale ha poi dato vita all'Associazione svizzera per le ispezioni tecniche (<a href=\"https:\/\/www.svti.ch\">SVTI<\/a>) \u00e8 emerso. Oggi, l'ispezione della sicurezza delle attrezzature a pressione \u00e8 solo una piccola parte dei compiti svolti dal Gruppo SVTI. Lo scopo dell'organizzazione \u00e8 la prevenzione di incidenti, malfunzionamenti e danni e l'eliminazione dei pericoli nella produzione e nel funzionamento di impianti tecnici di ogni tipo, come l'associazione descrive le sue attivit\u00e0. Cos\u00ec, lo SVTI \u00e8 un ispettorato nucleare, delle tubazioni e delle merci pericolose, un ispettorato per gli ascensori, ma anche un istituto per la tecnologia dei materiali, per citare solo alcune attivit\u00e0.<\/p>\n<p><strong>La nuova accademia e il centro conferenze<\/strong><\/p>\n<p>Gli eventi dell'anno del giubileo comprendono anche l'inaugurazione dell'edificio di ampliamento presso la sede centrale di Wallisellen. Si tratta del nuovo Centro accademico e congressuale, inaugurato ufficialmente a met\u00e0 maggio 2019. Unica goccia di amarezza: in origine l'edificio avrebbe dovuto entrare in funzione due anni fa. I problemi di costruzione hanno infine portato a un ritardo poco attraente. D'altra parte, la nuova struttura didattica verr\u00e0 inaugurata nell'anno del giubileo. Dal punto di vista architettonico, il nuovo edificio si integra perfettamente con quello esistente. Grazie alla facciata in vetro, l'interno \u00e8 inondato di luce. Le generose superfici in vetro sono sinonimo di trasparenza, un obiettivo che la SVTI si \u00e8 prefissata. Dal nuovo piano mansardato si gode di una splendida vista sul paesaggio residenziale e industriale densamente popolato della zona. L'ampia pensilina a sbalzo costituisce un suggestivo punto di riferimento ed \u00e8 ben visibile dalla dirimpettaia stazione ferroviaria di Wallisellen.<\/p>\n<p><strong>Tutte le attivit\u00e0 di formazione sotto lo stesso tetto<\/strong><\/p>\n<p>Oltre ai piani destinati agli uffici, l'ampliamento ospita soprattutto la nuova accademia e il centro conferenze. Ci\u00f2 significa che tutte le attivit\u00e0 di formazione nella Svizzera tedesca possono essere riunite nella sede centrale di Wallisellen, scrive la SVTI. Con un auditorium e sale per seminari e conferenze di varie dimensioni, i partecipanti ai corsi di formazione e perfezionamento hanno a disposizione un'infrastruttura moderna. Questo include anche, ad esempio, il nuovo impianto di prova degli sprinkler nel parcheggio sotterraneo. Chi completa un corso in questo campo riceve dimostrazioni pratiche del funzionamento degli allarmi antincendio e dei sistemi sprinkler in caso di emergenza. Come \u00e8 noto, la formazione continua non deve essere solo di alto livello.<\/p>\n<p><strong>Corsi in altre parti del Paese<\/strong><\/p>\n<p>Come gi\u00e0 detto, i servizi del centro di competenza indipendente per la sicurezza tecnica e la gestione del rischio comprendono una gamma completa di informazioni, formazione e aggiornamento. Secondo l'associazione, questo viene fornito principalmente dalla filiale Swiss Safety Center AG e viene costantemente ampliato. Comprende anche corsi per la Svizzera francese e italiana presso le sedi di Neuch\u00e2tel e Lugano.<\/p>\n<p><a href=\"https:\/\/www.svti-gruppe.ch\/fileadmin\/SVTI_Gruppe\/Erweiterung_West\/videopraesentation_erweiterungwest.mp4\"><em>Cliccate qui per un tour virtuale del nuovo edificio SVTI.<\/em><\/a><\/p>\n<figure id=\"attachment_8178\" aria-describedby=\"caption-attachment-8178\" style=\"width: 680px\" class=\"wp-caption aligncenter\"><img loading=\"lazy\" decoding=\"async\" class=\"size-medium wp-image-8178\" src=\"https:\/\/news.save.ch\/wp-content\/uploads\/2019\/05\/35-IMG_0048-scaled-1.jpg\" alt=\"\" width=\"680\" height=\"453\" \/><figcaption id=\"caption-attachment-8178\" class=\"wp-caption-text\">Il vetro domina: l'ampliamento della sede SVTI a Wallisellen. (Foto: R. Str\u00e4ssle)<\/figcaption><\/figure>\n<figure id=\"attachment_8061\" aria-describedby=\"caption-attachment-8061\" style=\"width: 680px\" class=\"wp-caption aligncenter\"><img loading=\"lazy\" decoding=\"async\" class=\"size-medium wp-image-8061\" src=\"https:\/\/news.save.ch\/wp-content\/uploads\/2019\/05\/Spielplatz-1-scaled-1.jpg\" alt=\"\" width=\"680\" height=\"453\" \/><figcaption id=\"caption-attachment-8061\" class=\"wp-caption-text\">Durante l'incontro di apertura, gli interessati potranno conoscere le varie attivit\u00e0 di ispezione dell'associazione.<\/figcaption><\/figure>\n<p><img loading=\"lazy\" decoding=\"async\" class=\"aligncenter size-medium wp-image-8066\" src=\"https:\/\/news.save.ch\/wp-content\/uploads\/2019\/05\/IMG_9883-scaled-1.jpg\" alt=\"\" width=\"680\" height=\"453\" \/><\/p>\n<p>&nbsp;<\/p>\n<p>&nbsp;<\/p>","protected":false},"excerpt":{"rendered":"<p>Am 9. Juli 1869, also genau vor 150 Jahren, wurde der Schweizerische Verein von Dampfkesselbesitzern in Z\u00fcrich gegr\u00fcndet. Die Industriellen hatten sich zu einem Zweckverband zusammengeschlossen. Das Ziel hiess damals: \u00abDie \u00dcberwachung der Dampfkessel, um Explosionen m\u00f6glichst vorzubeugen und Ersparnisse in der Erzeugung und Verwendung von Dampf zu erzielen.\u00bb Aus diesem Zweckverband ist schliesslich der [&hellip;]<\/p>\n","protected":false},"author":8,"featured_media":8074,"comment_status":"open","ping_status":"open","sticky":false,"template":"","format":"standard","meta":{"_acf_changed":false,"pgc_sgb_lightbox_settings":"","footnotes":""},"categories":[1],"tags":[487,446],"class_list":["post-8059","post","type-post","status-publish","format-standard","has-post-thumbnail","hentry","category-allgemein","tag-inspektionen","tag-svti"],"acf":[],"hkrextid":null,"publication":null,"issue":null,"workflow":null,"startPage":null,"spitzmarke":null,"_posts_by_tag_page_fields":{"widget_title":"","widget_tags":""},"_at_widget":"1","_yoast_wpseo_primary_category":"1","_yoast_wpseo_focuskw_text_input":"SVTI","_yoast_wpseo_opengraph-image":null,"_yoast_wpseo_opengraph-description":null,"_yoast_wpseo_opengraph-title":null,"enclosure":"https:\/\/www.svti-gruppe.ch\/fileadmin\/SVTI_Gruppe\/Erweiterung_West\/videopraesentation_erweiterungwest.mp4\n33373412\nvideo\/mp4\n","_yoast_wpseo_twitter-title":null,"_yoast_wpseo_twitter-description":null,"_yoast_wpseo_twitter-image":null,"_wp_old_slug":null,"_yoast_wpseo_title":null,"_yoast_wpseo_canonical":null,"yoast_head":"<!-- This site is optimized with the Yoast SEO plugin v27.5 - https:\/\/yoast.com\/product\/yoast-seo-wordpress\/ -->\n<title>SVTI: Neues Akademie- und Tagungszentrum er\u00f6ffnet - Save<\/title>\n<meta name=\"description\" content=\"Nach einer intensiven Bauphase hat die SVTI-Gruppe das neue Akademie- und Tagungszentrum vor wenigen Tagen in Wallisellen eingeweiht.\" \/>\n<meta name=\"robots\" content=\"index, follow, max-snippet:-1, max-image-preview:large, max-video-preview:-1\" \/>\n<link rel=\"canonical\" href=\"https:\/\/news.save.ch\/it\/svti-neues-akademie-und-tagungszentrums-eroeffnet\/\" \/>\n<meta property=\"og:locale\" content=\"it_IT\" \/>\n<meta property=\"og:type\" content=\"article\" \/>\n<meta property=\"og:title\" content=\"SVTI: Neues Akademie- und Tagungszentrum er\u00f6ffnet - Save\" \/>\n<meta property=\"og:description\" content=\"Nach einer intensiven Bauphase hat die SVTI-Gruppe das neue Akademie- und Tagungszentrum vor wenigen Tagen in Wallisellen eingeweiht.\" \/>\n<meta property=\"og:url\" content=\"https:\/\/news.save.ch\/it\/svti-neues-akademie-und-tagungszentrums-eroeffnet\/\" \/>\n<meta property=\"og:site_name\" content=\"Save\" \/>\n<meta property=\"article:published_time\" content=\"2019-05-19T15:48:00+00:00\" \/>\n<meta property=\"og:image\" content=\"https:\/\/news.save.ch\/wp-content\/uploads\/2019\/05\/Sprinkleranlage-1_bearbeitet-1-scaled.jpg\" \/>\n\t<meta property=\"og:image:width\" content=\"1400\" \/>\n\t<meta property=\"og:image:height\" content=\"1048\" \/>\n\t<meta property=\"og:image:type\" content=\"image\/jpeg\" \/>\n<meta name=\"author\" content=\"Roger Str\u00e4ssle\" \/>\n<meta name=\"twitter:card\" content=\"summary_large_image\" \/>\n<meta name=\"twitter:label1\" content=\"Scritto da\" \/>\n\t<meta name=\"twitter:data1\" content=\"Roger Str\u00e4ssle\" \/>\n\t<meta name=\"twitter:label2\" content=\"Tempo di lettura stimato\" \/>\n\t<meta name=\"twitter:data2\" content=\"3 minuti\" \/>\n<script type=\"application\/ld+json\" class=\"yoast-schema-graph\">{\"@context\":\"https:\\\/\\\/schema.org\",\"@graph\":[{\"@type\":\"Article\",\"@id\":\"https:\\\/\\\/news.save.ch\\\/svti-neues-akademie-und-tagungszentrums-eroeffnet\\\/#article\",\"isPartOf\":{\"@id\":\"https:\\\/\\\/news.save.ch\\\/svti-neues-akademie-und-tagungszentrums-eroeffnet\\\/\"},\"author\":{\"name\":\"Roger Str\u00e4ssle\",\"@id\":\"https:\\\/\\\/news.save.ch\\\/de\\\/#\\\/schema\\\/person\\\/d5022db048e0e2b9785c50e5b24da5aa\"},\"headline\":\"SVTI: Neues Akademie- und Tagungszentrum er\u00f6ffnet\",\"datePublished\":\"2019-05-19T15:48:00+00:00\",\"mainEntityOfPage\":{\"@id\":\"https:\\\/\\\/news.save.ch\\\/svti-neues-akademie-und-tagungszentrums-eroeffnet\\\/\"},\"wordCount\":555,\"commentCount\":0,\"publisher\":{\"@id\":\"https:\\\/\\\/news.save.ch\\\/de\\\/#organization\"},\"image\":{\"@id\":\"https:\\\/\\\/news.save.ch\\\/svti-neues-akademie-und-tagungszentrums-eroeffnet\\\/#primaryimage\"},\"thumbnailUrl\":\"https:\\\/\\\/news.save.ch\\\/wp-content\\\/uploads\\\/2019\\\/05\\\/Sprinkleranlage-1_bearbeitet-1-scaled.jpg\",\"keywords\":[\"Inspektionen\",\"SVTI\"],\"articleSection\":[\"ALLGEMEIN\"],\"inLanguage\":\"it-IT\"},{\"@type\":\"WebPage\",\"@id\":\"https:\\\/\\\/news.save.ch\\\/svti-neues-akademie-und-tagungszentrums-eroeffnet\\\/\",\"url\":\"https:\\\/\\\/news.save.ch\\\/svti-neues-akademie-und-tagungszentrums-eroeffnet\\\/\",\"name\":\"SVTI: Neues Akademie- und Tagungszentrum er\u00f6ffnet - Save\",\"isPartOf\":{\"@id\":\"https:\\\/\\\/news.save.ch\\\/de\\\/#website\"},\"primaryImageOfPage\":{\"@id\":\"https:\\\/\\\/news.save.ch\\\/svti-neues-akademie-und-tagungszentrums-eroeffnet\\\/#primaryimage\"},\"image\":{\"@id\":\"https:\\\/\\\/news.save.ch\\\/svti-neues-akademie-und-tagungszentrums-eroeffnet\\\/#primaryimage\"},\"thumbnailUrl\":\"https:\\\/\\\/news.save.ch\\\/wp-content\\\/uploads\\\/2019\\\/05\\\/Sprinkleranlage-1_bearbeitet-1-scaled.jpg\",\"datePublished\":\"2019-05-19T15:48:00+00:00\",\"description\":\"Nach einer intensiven Bauphase hat die SVTI-Gruppe das neue Akademie- und Tagungszentrum vor wenigen Tagen in Wallisellen eingeweiht.\",\"breadcrumb\":{\"@id\":\"https:\\\/\\\/news.save.ch\\\/svti-neues-akademie-und-tagungszentrums-eroeffnet\\\/#breadcrumb\"},\"inLanguage\":\"it-IT\",\"potentialAction\":[{\"@type\":\"ReadAction\",\"target\":[\"https:\\\/\\\/news.save.ch\\\/svti-neues-akademie-und-tagungszentrums-eroeffnet\\\/\"]}]},{\"@type\":\"ImageObject\",\"inLanguage\":\"it-IT\",\"@id\":\"https:\\\/\\\/news.save.ch\\\/svti-neues-akademie-und-tagungszentrums-eroeffnet\\\/#primaryimage\",\"url\":\"https:\\\/\\\/news.save.ch\\\/wp-content\\\/uploads\\\/2019\\\/05\\\/Sprinkleranlage-1_bearbeitet-1-scaled.jpg\",\"contentUrl\":\"https:\\\/\\\/news.save.ch\\\/wp-content\\\/uploads\\\/2019\\\/05\\\/Sprinkleranlage-1_bearbeitet-1-scaled.jpg\",\"width\":1400,\"height\":1048,\"caption\":\"Raffael Schubiger, SVTI-Direktor, gef\u00e4llt die neue Sprinkleranlage f\u00fcr Testzwecke seiner Kursteilnehmer. (Foto: R. Str\u00e4ssle)\"},{\"@type\":\"BreadcrumbList\",\"@id\":\"https:\\\/\\\/news.save.ch\\\/svti-neues-akademie-und-tagungszentrums-eroeffnet\\\/#breadcrumb\",\"itemListElement\":[{\"@type\":\"ListItem\",\"position\":1,\"name\":\"Home\",\"item\":\"https:\\\/\\\/news.save.ch\\\/de\\\/\"},{\"@type\":\"ListItem\",\"position\":2,\"name\":\"SVTI: Neues Akademie- und Tagungszentrum er\u00f6ffnet\"}]},{\"@type\":\"WebSite\",\"@id\":\"https:\\\/\\\/news.save.ch\\\/de\\\/#website\",\"url\":\"https:\\\/\\\/news.save.ch\\\/de\\\/\",\"name\":\"Save\",\"description\":\"Schweizer Fachzeitschrift f\u00fcr Sicherheit\",\"publisher\":{\"@id\":\"https:\\\/\\\/news.save.ch\\\/de\\\/#organization\"},\"potentialAction\":[{\"@type\":\"SearchAction\",\"target\":{\"@type\":\"EntryPoint\",\"urlTemplate\":\"https:\\\/\\\/news.save.ch\\\/de\\\/?s={search_term_string}\"},\"query-input\":{\"@type\":\"PropertyValueSpecification\",\"valueRequired\":true,\"valueName\":\"search_term_string\"}}],\"inLanguage\":\"it-IT\"},{\"@type\":\"Organization\",\"@id\":\"https:\\\/\\\/news.save.ch\\\/de\\\/#organization\",\"name\":\"Sicherheitsforum\",\"url\":\"https:\\\/\\\/news.save.ch\\\/de\\\/\",\"logo\":{\"@type\":\"ImageObject\",\"inLanguage\":\"it-IT\",\"@id\":\"https:\\\/\\\/news.save.ch\\\/de\\\/#\\\/schema\\\/logo\\\/image\\\/\",\"url\":\"https:\\\/\\\/news.save.ch\\\/wp-content\\\/uploads\\\/2022\\\/06\\\/Logo_SF_2012.png\",\"contentUrl\":\"https:\\\/\\\/news.save.ch\\\/wp-content\\\/uploads\\\/2022\\\/06\\\/Logo_SF_2012.png\",\"width\":1100,\"height\":91,\"caption\":\"Sicherheitsforum\"},\"image\":{\"@id\":\"https:\\\/\\\/news.save.ch\\\/de\\\/#\\\/schema\\\/logo\\\/image\\\/\"}},{\"@type\":\"Person\",\"@id\":\"https:\\\/\\\/news.save.ch\\\/de\\\/#\\\/schema\\\/person\\\/d5022db048e0e2b9785c50e5b24da5aa\",\"name\":\"Roger Str\u00e4ssle\",\"image\":{\"@type\":\"ImageObject\",\"inLanguage\":\"it-IT\",\"@id\":\"https:\\\/\\\/secure.gravatar.com\\\/avatar\\\/862a5569d087de48e5856e32f45d719a03804c891d6deb8d4f71a660e79e4a47?s=96&d=mm&r=g\",\"url\":\"https:\\\/\\\/secure.gravatar.com\\\/avatar\\\/862a5569d087de48e5856e32f45d719a03804c891d6deb8d4f71a660e79e4a47?s=96&d=mm&r=g\",\"contentUrl\":\"https:\\\/\\\/secure.gravatar.com\\\/avatar\\\/862a5569d087de48e5856e32f45d719a03804c891d6deb8d4f71a660e79e4a47?s=96&d=mm&r=g\",\"caption\":\"Roger Str\u00e4ssle\"},\"url\":\"https:\\\/\\\/news.save.ch\\\/it\\\/author\\\/roger-straessle\\\/\"}]}<\/script>\n<!-- \/ Yoast SEO plugin. -->","yoast_head_json":{"title":"SVTI: inaugurati la nuova accademia e il centro conferenze - Save","description":"Dopo un'intensa fase di costruzione, il Gruppo SVTI ha inaugurato pochi giorni fa la nuova Accademia e il Centro Congressi di Wallisellen.","robots":{"index":"index","follow":"follow","max-snippet":"max-snippet:-1","max-image-preview":"max-image-preview:large","max-video-preview":"max-video-preview:-1"},"canonical":"https:\/\/news.save.ch\/it\/svti-neues-akademie-und-tagungszentrums-eroeffnet\/","og_locale":"it_IT","og_type":"article","og_title":"SVTI: Neues Akademie- und Tagungszentrum er\u00f6ffnet - Save","og_description":"Nach einer intensiven Bauphase hat die SVTI-Gruppe das neue Akademie- und Tagungszentrum vor wenigen Tagen in Wallisellen eingeweiht.","og_url":"https:\/\/news.save.ch\/it\/svti-neues-akademie-und-tagungszentrums-eroeffnet\/","og_site_name":"Save","article_published_time":"2019-05-19T15:48:00+00:00","og_image":[{"width":1400,"height":1048,"url":"https:\/\/news.save.ch\/wp-content\/uploads\/2019\/05\/Sprinkleranlage-1_bearbeitet-1-scaled.jpg","type":"image\/jpeg"}],"author":"Roger Str\u00e4ssle","twitter_card":"summary_large_image","twitter_misc":{"Scritto da":"Roger Str\u00e4ssle","Tempo di lettura stimato":"3 minuti"},"schema":{"@context":"https:\/\/schema.org","@graph":[{"@type":"Article","@id":"https:\/\/news.save.ch\/svti-neues-akademie-und-tagungszentrums-eroeffnet\/#article","isPartOf":{"@id":"https:\/\/news.save.ch\/svti-neues-akademie-und-tagungszentrums-eroeffnet\/"},"author":{"name":"Roger Str\u00e4ssle","@id":"https:\/\/news.save.ch\/de\/#\/schema\/person\/d5022db048e0e2b9785c50e5b24da5aa"},"headline":"SVTI: Neues Akademie- und Tagungszentrum er\u00f6ffnet","datePublished":"2019-05-19T15:48:00+00:00","mainEntityOfPage":{"@id":"https:\/\/news.save.ch\/svti-neues-akademie-und-tagungszentrums-eroeffnet\/"},"wordCount":555,"commentCount":0,"publisher":{"@id":"https:\/\/news.save.ch\/de\/#organization"},"image":{"@id":"https:\/\/news.save.ch\/svti-neues-akademie-und-tagungszentrums-eroeffnet\/#primaryimage"},"thumbnailUrl":"https:\/\/news.save.ch\/wp-content\/uploads\/2019\/05\/Sprinkleranlage-1_bearbeitet-1-scaled.jpg","keywords":["Inspektionen","SVTI"],"articleSection":["ALLGEMEIN"],"inLanguage":"it-IT"},{"@type":"WebPage","@id":"https:\/\/news.save.ch\/svti-neues-akademie-und-tagungszentrums-eroeffnet\/","url":"https:\/\/news.save.ch\/svti-neues-akademie-und-tagungszentrums-eroeffnet\/","name":"SVTI: inaugurati la nuova accademia e il centro conferenze - Save","isPartOf":{"@id":"https:\/\/news.save.ch\/de\/#website"},"primaryImageOfPage":{"@id":"https:\/\/news.save.ch\/svti-neues-akademie-und-tagungszentrums-eroeffnet\/#primaryimage"},"image":{"@id":"https:\/\/news.save.ch\/svti-neues-akademie-und-tagungszentrums-eroeffnet\/#primaryimage"},"thumbnailUrl":"https:\/\/news.save.ch\/wp-content\/uploads\/2019\/05\/Sprinkleranlage-1_bearbeitet-1-scaled.jpg","datePublished":"2019-05-19T15:48:00+00:00","description":"Dopo un'intensa fase di costruzione, il Gruppo SVTI ha inaugurato pochi giorni fa la nuova Accademia e il Centro Congressi di Wallisellen.","breadcrumb":{"@id":"https:\/\/news.save.ch\/svti-neues-akademie-und-tagungszentrums-eroeffnet\/#breadcrumb"},"inLanguage":"it-IT","potentialAction":[{"@type":"ReadAction","target":["https:\/\/news.save.ch\/svti-neues-akademie-und-tagungszentrums-eroeffnet\/"]}]},{"@type":"ImageObject","inLanguage":"it-IT","@id":"https:\/\/news.save.ch\/svti-neues-akademie-und-tagungszentrums-eroeffnet\/#primaryimage","url":"https:\/\/news.save.ch\/wp-content\/uploads\/2019\/05\/Sprinkleranlage-1_bearbeitet-1-scaled.jpg","contentUrl":"https:\/\/news.save.ch\/wp-content\/uploads\/2019\/05\/Sprinkleranlage-1_bearbeitet-1-scaled.jpg","width":1400,"height":1048,"caption":"Raffael Schubiger, SVTI-Direktor, gef\u00e4llt die neue Sprinkleranlage f\u00fcr Testzwecke seiner Kursteilnehmer. (Foto: R. Str\u00e4ssle)"},{"@type":"BreadcrumbList","@id":"https:\/\/news.save.ch\/svti-neues-akademie-und-tagungszentrums-eroeffnet\/#breadcrumb","itemListElement":[{"@type":"ListItem","position":1,"name":"Home","item":"https:\/\/news.save.ch\/de\/"},{"@type":"ListItem","position":2,"name":"SVTI: Neues Akademie- und Tagungszentrum er\u00f6ffnet"}]},{"@type":"WebSite","@id":"https:\/\/news.save.ch\/de\/#website","url":"https:\/\/news.save.ch\/de\/","name":"Risparmiare","description":"Rivista svizzera specializzata in sicurezza","publisher":{"@id":"https:\/\/news.save.ch\/de\/#organization"},"potentialAction":[{"@type":"SearchAction","target":{"@type":"EntryPoint","urlTemplate":"https:\/\/news.save.ch\/de\/?s={search_term_string}"},"query-input":{"@type":"PropertyValueSpecification","valueRequired":true,"valueName":"search_term_string"}}],"inLanguage":"it-IT"},{"@type":"Organization","@id":"https:\/\/news.save.ch\/de\/#organization","name":"Forum sulla sicurezza","url":"https:\/\/news.save.ch\/de\/","logo":{"@type":"ImageObject","inLanguage":"it-IT","@id":"https:\/\/news.save.ch\/de\/#\/schema\/logo\/image\/","url":"https:\/\/news.save.ch\/wp-content\/uploads\/2022\/06\/Logo_SF_2012.png","contentUrl":"https:\/\/news.save.ch\/wp-content\/uploads\/2022\/06\/Logo_SF_2012.png","width":1100,"height":91,"caption":"Sicherheitsforum"},"image":{"@id":"https:\/\/news.save.ch\/de\/#\/schema\/logo\/image\/"}},{"@type":"Person","@id":"https:\/\/news.save.ch\/de\/#\/schema\/person\/d5022db048e0e2b9785c50e5b24da5aa","name":"Roger Str\u00e4ssle","image":{"@type":"ImageObject","inLanguage":"it-IT","@id":"https:\/\/secure.gravatar.com\/avatar\/862a5569d087de48e5856e32f45d719a03804c891d6deb8d4f71a660e79e4a47?s=96&d=mm&r=g","url":"https:\/\/secure.gravatar.com\/avatar\/862a5569d087de48e5856e32f45d719a03804c891d6deb8d4f71a660e79e4a47?s=96&d=mm&r=g","contentUrl":"https:\/\/secure.gravatar.com\/avatar\/862a5569d087de48e5856e32f45d719a03804c891d6deb8d4f71a660e79e4a47?s=96&d=mm&r=g","caption":"Roger Str\u00e4ssle"},"url":"https:\/\/news.save.ch\/it\/author\/roger-straessle\/"}]}},"_links":{"self":[{"href":"https:\/\/news.save.ch\/it\/wp-json\/wp\/v2\/posts\/8059","targetHints":{"allow":["GET"]}}],"collection":[{"href":"https:\/\/news.save.ch\/it\/wp-json\/wp\/v2\/posts"}],"about":[{"href":"https:\/\/news.save.ch\/it\/wp-json\/wp\/v2\/types\/post"}],"author":[{"embeddable":true,"href":"https:\/\/news.save.ch\/it\/wp-json\/wp\/v2\/users\/8"}],"replies":[{"embeddable":true,"href":"https:\/\/news.save.ch\/it\/wp-json\/wp\/v2\/comments?post=8059"}],"version-history":[{"count":0,"href":"https:\/\/news.save.ch\/it\/wp-json\/wp\/v2\/posts\/8059\/revisions"}],"wp:featuredmedia":[{"embeddable":true,"href":"https:\/\/news.save.ch\/it\/wp-json\/wp\/v2\/media\/8074"}],"wp:attachment":[{"href":"https:\/\/news.save.ch\/it\/wp-json\/wp\/v2\/media?parent=8059"}],"wp:term":[{"taxonomy":"category","embeddable":true,"href":"https:\/\/news.save.ch\/it\/wp-json\/wp\/v2\/categories?post=8059"},{"taxonomy":"post_tag","embeddable":true,"href":"https:\/\/news.save.ch\/it\/wp-json\/wp\/v2\/tags?post=8059"}],"curies":[{"name":"wp","href":"https:\/\/api.w.org\/{rel}","templated":true}]}}