{"id":8265,"date":"2021-12-17T12:04:26","date_gmt":"2021-12-17T11:04:26","guid":{"rendered":"https:\/\/news.save.ch\/?p=8265"},"modified":"2023-08-09T03:56:00","modified_gmt":"2023-08-09T01:56:00","slug":"neuer-bericht-zu-psychosozialen-risiken-und-arbeitsbedingten-muskel-und-skeletterkrankungen","status":null,"type":"post","link":"https:\/\/news.save.ch\/it\/neuer-bericht-zu-psychosozialen-risiken-und-arbeitsbedingten-muskel-und-skeletterkrankungen\/","title":{"rendered":"Nuovo rapporto sui rischi psicosociali e i DMS legati al lavoro"},"content":{"rendered":"<figure id=\"attachment_16508\" aria-describedby=\"caption-attachment-16508\" style=\"width: 680px\" class=\"wp-caption alignnone\"><img loading=\"lazy\" decoding=\"async\" class=\"wp-image-16508 size-medium\" src=\"https:\/\/news.save.ch\/wp-content\/uploads\/2021\/12\/Office_Work_teaser-680x453.jpg\" alt=\"Posto di lavoro\" width=\"680\" height=\"453\" srcset=\"https:\/\/news.save.ch\/wp-content\/uploads\/2021\/12\/Office_Work_teaser-680x453.jpg 680w, https:\/\/news.save.ch\/wp-content\/uploads\/2021\/12\/Office_Work_teaser-768x512.jpg 768w, https:\/\/news.save.ch\/wp-content\/uploads\/2021\/12\/Office_Work_teaser-18x12.jpg 18w, https:\/\/news.save.ch\/wp-content\/uploads\/2021\/12\/Office_Work_teaser-375x250.jpg 375w, https:\/\/news.save.ch\/wp-content\/uploads\/2021\/12\/Office_Work_teaser-525x350.jpg 525w, https:\/\/news.save.ch\/wp-content\/uploads\/2021\/12\/Office_Work_teaser.jpg 960w\" sizes=\"auto, (max-width: 680px) 100vw, 680px\" \/><figcaption id=\"caption-attachment-16508\" class=\"wp-caption-text\">\u00a9Pixabay<\/figcaption><\/figure>\n<p>In un nuovo <a href=\"https:\/\/osha.europa.eu\/de\/publications\/musculoskeletal-disorders-and-psychosocial-risk-factors-workplace-statistical-analysis-eu-wide-survey-data\" target=\"_blank\" rel=\"noopener\">Rapporto<\/a> dell'Agenzia europea per la sicurezza e la salute sul lavoro esamina i legami tra i fattori psicosociali e i disturbi muscoloscheletrici (DMS) sul posto di lavoro, utilizzando i dati dell'attuale Indagine europea sulle condizioni di lavoro e dell'Indagine aziendale europea sui rischi nuovi ed emergenti.<\/p>\n<p>Il rapporto rileva che alcuni fattori psicosociali - come l'orario di lavoro, la sicurezza del posto di lavoro e il supporto del management - hanno un impatto maggiore sui DMS rispetto ai fattori socio-demografici, di paese o di settore. Ci\u00f2 significa che gli interventi sul luogo di lavoro per gestire ed eliminare i rischi psicosociali possono essere molto efficaci nella prevenzione dei DMS.<\/p>\n<p>Il rapporto sottolinea l'importanza di valutazioni olistiche del rischio e della creazione di una cultura aziendale sana per attenuare i rischi psicosociali e di DMS e migliorare il benessere dei lavoratori.<\/p>\n<p><em>Fonte: OSHA<\/em><\/p>","protected":false},"excerpt":{"rendered":"<p>In einem neuen Bericht der Europ\u00e4ischen Agentur f\u00fcr Sicherheit und Gesundheitsschutz am Arbeitsplatz werden die Zusammenh\u00e4nge zwischen psychosozialen Faktoren und Muskel- und Skeletterkrankungen (MSE) am Arbeitsplatz untersucht, wobei Daten aus der aktuellen Europ\u00e4ischen Erhebung \u00fcber die Arbeitsbedingungen und der Europ\u00e4ischen Unternehmenserhebung \u00fcber neue und aufkommende Risiken herangezogen werden. Darin wird festgestellt, dass einige psychosoziale Faktoren\u00a0\u2013 [&hellip;]<\/p>\n","protected":false},"author":9,"featured_media":16508,"comment_status":"closed","ping_status":"closed","sticky":false,"template":"","format":"standard","meta":{"_acf_changed":false,"pgc_sgb_lightbox_settings":"","footnotes":""},"categories":[1,3314],"tags":[4397,172,149,2174,3775,3776,310,4441],"class_list":["post-8265","post","type-post","status-publish","format-standard","has-post-thumbnail","hentry","category-allgemein","category-health-safety","tag-arbeitsplatzsicherheit","tag-arbeitssicherheit","tag-gesundheitsschutz","tag-gesundheitsschutz-am-arbeitsplatz","tag-muskel-und-skeletterkrankungen","tag-psychosoziale-faktoren","tag-sicherheit","tag-unternehmenskultur"],"acf":[],"hkrextid":null,"publication":null,"issue":null,"workflow":null,"startPage":null,"spitzmarke":null,"_posts_by_tag_page_fields":{"widget_title":"","widget_tags":""},"_at_widget":"1","_yoast_wpseo_primary_category":"1","_yoast_wpseo_focuskw_text_input":null,"_yoast_wpseo_opengraph-image":null,"_yoast_wpseo_opengraph-description":null,"_yoast_wpseo_opengraph-title":null,"enclosure":null,"_yoast_wpseo_twitter-title":null,"_yoast_wpseo_twitter-description":null,"_yoast_wpseo_twitter-image":null,"_wp_old_slug":null,"_yoast_wpseo_title":null,"_yoast_wpseo_canonical":null,"yoast_head":"<!-- This site is optimized with the Yoast SEO plugin v27.5 - https:\/\/yoast.com\/product\/yoast-seo-wordpress\/ -->\n<title>Neuer Bericht zu psychosozialen Risiken und arbeitsbedingten Muskel- und Skeletterkrankungen - Save<\/title>\n<meta name=\"description\" content=\"Ein Bericht der Europ\u00e4ischen Agentur f\u00fcr Sicherheit und Gesundheitsschutz am Arbeitsplatz zeigt die gesamtheitlichen Gef\u00e4hrdungsbeurteilungen am Arbeitsplatz auf und stellt diese der Relevanz einer gesunden Unternehmenskultur gegen\u00fcber, welche zur fr\u00fchzeitigen Eind\u00e4mmung psychosozialer Risiken sowie MSE und genereller Verbesserung des Wohlbefindens der Arbeitnehmenden beitragen soll.\" \/>\n<meta name=\"robots\" content=\"index, follow, max-snippet:-1, max-image-preview:large, max-video-preview:-1\" \/>\n<link rel=\"canonical\" href=\"https:\/\/news.save.ch\/it\/neuer-bericht-zu-psychosozialen-risiken-und-arbeitsbedingten-muskel-und-skeletterkrankungen\/\" \/>\n<meta property=\"og:locale\" content=\"it_IT\" \/>\n<meta property=\"og:type\" content=\"article\" \/>\n<meta property=\"og:title\" content=\"Neuer Bericht zu psychosozialen Risiken und arbeitsbedingten Muskel- und Skeletterkrankungen - Save\" \/>\n<meta property=\"og:description\" content=\"Ein Bericht der Europ\u00e4ischen Agentur f\u00fcr Sicherheit und Gesundheitsschutz am Arbeitsplatz zeigt die gesamtheitlichen Gef\u00e4hrdungsbeurteilungen am Arbeitsplatz auf und stellt diese der Relevanz einer gesunden Unternehmenskultur gegen\u00fcber, welche zur fr\u00fchzeitigen Eind\u00e4mmung psychosozialer Risiken sowie MSE und genereller Verbesserung des Wohlbefindens der Arbeitnehmenden beitragen soll.\" \/>\n<meta property=\"og:url\" content=\"https:\/\/news.save.ch\/it\/neuer-bericht-zu-psychosozialen-risiken-und-arbeitsbedingten-muskel-und-skeletterkrankungen\/\" \/>\n<meta property=\"og:site_name\" content=\"Save\" \/>\n<meta property=\"article:published_time\" content=\"2021-12-17T11:04:26+00:00\" \/>\n<meta property=\"article:modified_time\" content=\"2023-08-09T01:56:00+00:00\" \/>\n<meta property=\"og:image\" content=\"https:\/\/news.save.ch\/wp-content\/uploads\/2021\/12\/Office_Work_teaser.jpg\" \/>\n\t<meta property=\"og:image:width\" content=\"960\" \/>\n\t<meta property=\"og:image:height\" content=\"640\" \/>\n\t<meta property=\"og:image:type\" content=\"image\/jpeg\" \/>\n<meta name=\"author\" content=\"Simon Gr\u00f6flin\" \/>\n<meta name=\"twitter:card\" content=\"summary_large_image\" \/>\n<meta name=\"twitter:label1\" content=\"Scritto da\" \/>\n\t<meta name=\"twitter:data1\" content=\"Simon Gr\u00f6flin\" \/>\n\t<meta name=\"twitter:label2\" content=\"Tempo di lettura stimato\" \/>\n\t<meta name=\"twitter:data2\" content=\"1 minuto\" \/>\n<script type=\"application\/ld+json\" class=\"yoast-schema-graph\">{\"@context\":\"https:\\\/\\\/schema.org\",\"@graph\":[{\"@type\":\"Article\",\"@id\":\"https:\\\/\\\/news.save.ch\\\/neuer-bericht-zu-psychosozialen-risiken-und-arbeitsbedingten-muskel-und-skeletterkrankungen\\\/#article\",\"isPartOf\":{\"@id\":\"https:\\\/\\\/news.save.ch\\\/neuer-bericht-zu-psychosozialen-risiken-und-arbeitsbedingten-muskel-und-skeletterkrankungen\\\/\"},\"author\":{\"name\":\"Simon Gr\u00f6flin\",\"@id\":\"https:\\\/\\\/news.save.ch\\\/de\\\/#\\\/schema\\\/person\\\/ad4ef21102fd6125312409ac57d5296d\"},\"headline\":\"Neuer Bericht zu psychosozialen Risiken und arbeitsbedingten Muskel- und Skeletterkrankungen\",\"datePublished\":\"2021-12-17T11:04:26+00:00\",\"dateModified\":\"2023-08-09T01:56:00+00:00\",\"mainEntityOfPage\":{\"@id\":\"https:\\\/\\\/news.save.ch\\\/neuer-bericht-zu-psychosozialen-risiken-und-arbeitsbedingten-muskel-und-skeletterkrankungen\\\/\"},\"wordCount\":162,\"publisher\":{\"@id\":\"https:\\\/\\\/news.save.ch\\\/de\\\/#organization\"},\"image\":{\"@id\":\"https:\\\/\\\/news.save.ch\\\/neuer-bericht-zu-psychosozialen-risiken-und-arbeitsbedingten-muskel-und-skeletterkrankungen\\\/#primaryimage\"},\"thumbnailUrl\":\"https:\\\/\\\/news.save.ch\\\/wp-content\\\/uploads\\\/2021\\\/12\\\/Office_Work_teaser.jpg\",\"keywords\":[\"Arbeitsplatzsicherheit\",\"Arbeitssicherheit\",\"Gesundheitsschutz\",\"Gesundheitsschutz am Arbeitsplatz\",\"Muskel- und Skeletterkrankungen\",\"psychosoziale Faktoren\",\"Sicherheit\",\"Unternehmenskultur\"],\"articleSection\":[\"ALLGEMEIN\",\"HEALTH &amp; SAFETY\"],\"inLanguage\":\"it-IT\"},{\"@type\":\"WebPage\",\"@id\":\"https:\\\/\\\/news.save.ch\\\/neuer-bericht-zu-psychosozialen-risiken-und-arbeitsbedingten-muskel-und-skeletterkrankungen\\\/\",\"url\":\"https:\\\/\\\/news.save.ch\\\/neuer-bericht-zu-psychosozialen-risiken-und-arbeitsbedingten-muskel-und-skeletterkrankungen\\\/\",\"name\":\"Neuer Bericht zu psychosozialen Risiken und arbeitsbedingten Muskel- und Skeletterkrankungen - Save\",\"isPartOf\":{\"@id\":\"https:\\\/\\\/news.save.ch\\\/de\\\/#website\"},\"primaryImageOfPage\":{\"@id\":\"https:\\\/\\\/news.save.ch\\\/neuer-bericht-zu-psychosozialen-risiken-und-arbeitsbedingten-muskel-und-skeletterkrankungen\\\/#primaryimage\"},\"image\":{\"@id\":\"https:\\\/\\\/news.save.ch\\\/neuer-bericht-zu-psychosozialen-risiken-und-arbeitsbedingten-muskel-und-skeletterkrankungen\\\/#primaryimage\"},\"thumbnailUrl\":\"https:\\\/\\\/news.save.ch\\\/wp-content\\\/uploads\\\/2021\\\/12\\\/Office_Work_teaser.jpg\",\"datePublished\":\"2021-12-17T11:04:26+00:00\",\"dateModified\":\"2023-08-09T01:56:00+00:00\",\"description\":\"Ein Bericht der Europ\u00e4ischen Agentur f\u00fcr Sicherheit und Gesundheitsschutz am Arbeitsplatz zeigt die gesamtheitlichen Gef\u00e4hrdungsbeurteilungen am Arbeitsplatz auf und stellt diese der Relevanz einer gesunden Unternehmenskultur gegen\u00fcber, welche zur fr\u00fchzeitigen Eind\u00e4mmung psychosozialer Risiken sowie MSE und genereller Verbesserung des Wohlbefindens der Arbeitnehmenden beitragen soll.\",\"breadcrumb\":{\"@id\":\"https:\\\/\\\/news.save.ch\\\/neuer-bericht-zu-psychosozialen-risiken-und-arbeitsbedingten-muskel-und-skeletterkrankungen\\\/#breadcrumb\"},\"inLanguage\":\"it-IT\",\"potentialAction\":[{\"@type\":\"ReadAction\",\"target\":[\"https:\\\/\\\/news.save.ch\\\/neuer-bericht-zu-psychosozialen-risiken-und-arbeitsbedingten-muskel-und-skeletterkrankungen\\\/\"]}]},{\"@type\":\"ImageObject\",\"inLanguage\":\"it-IT\",\"@id\":\"https:\\\/\\\/news.save.ch\\\/neuer-bericht-zu-psychosozialen-risiken-und-arbeitsbedingten-muskel-und-skeletterkrankungen\\\/#primaryimage\",\"url\":\"https:\\\/\\\/news.save.ch\\\/wp-content\\\/uploads\\\/2021\\\/12\\\/Office_Work_teaser.jpg\",\"contentUrl\":\"https:\\\/\\\/news.save.ch\\\/wp-content\\\/uploads\\\/2021\\\/12\\\/Office_Work_teaser.jpg\",\"width\":960,\"height\":640,\"caption\":\"\u00a9Pixabay\"},{\"@type\":\"BreadcrumbList\",\"@id\":\"https:\\\/\\\/news.save.ch\\\/neuer-bericht-zu-psychosozialen-risiken-und-arbeitsbedingten-muskel-und-skeletterkrankungen\\\/#breadcrumb\",\"itemListElement\":[{\"@type\":\"ListItem\",\"position\":1,\"name\":\"Home\",\"item\":\"https:\\\/\\\/news.save.ch\\\/de\\\/\"},{\"@type\":\"ListItem\",\"position\":2,\"name\":\"Neuer Bericht zu psychosozialen Risiken und arbeitsbedingten Muskel- und Skeletterkrankungen\"}]},{\"@type\":\"WebSite\",\"@id\":\"https:\\\/\\\/news.save.ch\\\/de\\\/#website\",\"url\":\"https:\\\/\\\/news.save.ch\\\/de\\\/\",\"name\":\"Save\",\"description\":\"Schweizer Fachzeitschrift f\u00fcr Sicherheit\",\"publisher\":{\"@id\":\"https:\\\/\\\/news.save.ch\\\/de\\\/#organization\"},\"potentialAction\":[{\"@type\":\"SearchAction\",\"target\":{\"@type\":\"EntryPoint\",\"urlTemplate\":\"https:\\\/\\\/news.save.ch\\\/de\\\/?s={search_term_string}\"},\"query-input\":{\"@type\":\"PropertyValueSpecification\",\"valueRequired\":true,\"valueName\":\"search_term_string\"}}],\"inLanguage\":\"it-IT\"},{\"@type\":\"Organization\",\"@id\":\"https:\\\/\\\/news.save.ch\\\/de\\\/#organization\",\"name\":\"Sicherheitsforum\",\"url\":\"https:\\\/\\\/news.save.ch\\\/de\\\/\",\"logo\":{\"@type\":\"ImageObject\",\"inLanguage\":\"it-IT\",\"@id\":\"https:\\\/\\\/news.save.ch\\\/de\\\/#\\\/schema\\\/logo\\\/image\\\/\",\"url\":\"https:\\\/\\\/news.save.ch\\\/wp-content\\\/uploads\\\/2022\\\/06\\\/Logo_SF_2012.png\",\"contentUrl\":\"https:\\\/\\\/news.save.ch\\\/wp-content\\\/uploads\\\/2022\\\/06\\\/Logo_SF_2012.png\",\"width\":1100,\"height\":91,\"caption\":\"Sicherheitsforum\"},\"image\":{\"@id\":\"https:\\\/\\\/news.save.ch\\\/de\\\/#\\\/schema\\\/logo\\\/image\\\/\"}},{\"@type\":\"Person\",\"@id\":\"https:\\\/\\\/news.save.ch\\\/de\\\/#\\\/schema\\\/person\\\/ad4ef21102fd6125312409ac57d5296d\",\"name\":\"Simon Gr\u00f6flin\",\"image\":{\"@type\":\"ImageObject\",\"inLanguage\":\"it-IT\",\"@id\":\"https:\\\/\\\/secure.gravatar.com\\\/avatar\\\/6ddceb80eb734354635539e0ea5140bb7c41e42de7c45c9a2ab9921b5d5c9a83?s=96&d=mm&r=g\",\"url\":\"https:\\\/\\\/secure.gravatar.com\\\/avatar\\\/6ddceb80eb734354635539e0ea5140bb7c41e42de7c45c9a2ab9921b5d5c9a83?s=96&d=mm&r=g\",\"contentUrl\":\"https:\\\/\\\/secure.gravatar.com\\\/avatar\\\/6ddceb80eb734354635539e0ea5140bb7c41e42de7c45c9a2ab9921b5d5c9a83?s=96&d=mm&r=g\",\"caption\":\"Simon Gr\u00f6flin\"},\"url\":\"https:\\\/\\\/news.save.ch\\\/it\\\/author\\\/simon-groeflin\\\/\"}]}<\/script>\n<!-- \/ Yoast SEO plugin. -->","yoast_head_json":{"title":"Nuovo rapporto sui rischi psicosociali e i DMS legati al lavoro - Save","description":"Una relazione dell'Agenzia europea per la sicurezza e la salute sul lavoro mette in evidenza le valutazioni complessive dei rischi sul luogo di lavoro e le contrappone all'importanza di una cultura aziendale sana, che dovrebbe contribuire alla mitigazione precoce dei rischi psicosociali e dei DMS e al miglioramento generale del benessere dei lavoratori.","robots":{"index":"index","follow":"follow","max-snippet":"max-snippet:-1","max-image-preview":"max-image-preview:large","max-video-preview":"max-video-preview:-1"},"canonical":"https:\/\/news.save.ch\/it\/neuer-bericht-zu-psychosozialen-risiken-und-arbeitsbedingten-muskel-und-skeletterkrankungen\/","og_locale":"it_IT","og_type":"article","og_title":"Neuer Bericht zu psychosozialen Risiken und arbeitsbedingten Muskel- und Skeletterkrankungen - Save","og_description":"Ein Bericht der Europ\u00e4ischen Agentur f\u00fcr Sicherheit und Gesundheitsschutz am Arbeitsplatz zeigt die gesamtheitlichen Gef\u00e4hrdungsbeurteilungen am Arbeitsplatz auf und stellt diese der Relevanz einer gesunden Unternehmenskultur gegen\u00fcber, welche zur fr\u00fchzeitigen Eind\u00e4mmung psychosozialer Risiken sowie MSE und genereller Verbesserung des Wohlbefindens der Arbeitnehmenden beitragen soll.","og_url":"https:\/\/news.save.ch\/it\/neuer-bericht-zu-psychosozialen-risiken-und-arbeitsbedingten-muskel-und-skeletterkrankungen\/","og_site_name":"Save","article_published_time":"2021-12-17T11:04:26+00:00","article_modified_time":"2023-08-09T01:56:00+00:00","og_image":[{"width":960,"height":640,"url":"https:\/\/news.save.ch\/wp-content\/uploads\/2021\/12\/Office_Work_teaser.jpg","type":"image\/jpeg"}],"author":"Simon Gr\u00f6flin","twitter_card":"summary_large_image","twitter_misc":{"Scritto da":"Simon Gr\u00f6flin","Tempo di lettura stimato":"1 minuto"},"schema":{"@context":"https:\/\/schema.org","@graph":[{"@type":"Article","@id":"https:\/\/news.save.ch\/neuer-bericht-zu-psychosozialen-risiken-und-arbeitsbedingten-muskel-und-skeletterkrankungen\/#article","isPartOf":{"@id":"https:\/\/news.save.ch\/neuer-bericht-zu-psychosozialen-risiken-und-arbeitsbedingten-muskel-und-skeletterkrankungen\/"},"author":{"name":"Simon Gr\u00f6flin","@id":"https:\/\/news.save.ch\/de\/#\/schema\/person\/ad4ef21102fd6125312409ac57d5296d"},"headline":"Neuer Bericht zu psychosozialen Risiken und arbeitsbedingten Muskel- und Skeletterkrankungen","datePublished":"2021-12-17T11:04:26+00:00","dateModified":"2023-08-09T01:56:00+00:00","mainEntityOfPage":{"@id":"https:\/\/news.save.ch\/neuer-bericht-zu-psychosozialen-risiken-und-arbeitsbedingten-muskel-und-skeletterkrankungen\/"},"wordCount":162,"publisher":{"@id":"https:\/\/news.save.ch\/de\/#organization"},"image":{"@id":"https:\/\/news.save.ch\/neuer-bericht-zu-psychosozialen-risiken-und-arbeitsbedingten-muskel-und-skeletterkrankungen\/#primaryimage"},"thumbnailUrl":"https:\/\/news.save.ch\/wp-content\/uploads\/2021\/12\/Office_Work_teaser.jpg","keywords":["Arbeitsplatzsicherheit","Arbeitssicherheit","Gesundheitsschutz","Gesundheitsschutz am Arbeitsplatz","Muskel- und Skeletterkrankungen","psychosoziale Faktoren","Sicherheit","Unternehmenskultur"],"articleSection":["ALLGEMEIN","HEALTH &amp; SAFETY"],"inLanguage":"it-IT"},{"@type":"WebPage","@id":"https:\/\/news.save.ch\/neuer-bericht-zu-psychosozialen-risiken-und-arbeitsbedingten-muskel-und-skeletterkrankungen\/","url":"https:\/\/news.save.ch\/neuer-bericht-zu-psychosozialen-risiken-und-arbeitsbedingten-muskel-und-skeletterkrankungen\/","name":"Nuovo rapporto sui rischi psicosociali e i DMS legati al lavoro - Save","isPartOf":{"@id":"https:\/\/news.save.ch\/de\/#website"},"primaryImageOfPage":{"@id":"https:\/\/news.save.ch\/neuer-bericht-zu-psychosozialen-risiken-und-arbeitsbedingten-muskel-und-skeletterkrankungen\/#primaryimage"},"image":{"@id":"https:\/\/news.save.ch\/neuer-bericht-zu-psychosozialen-risiken-und-arbeitsbedingten-muskel-und-skeletterkrankungen\/#primaryimage"},"thumbnailUrl":"https:\/\/news.save.ch\/wp-content\/uploads\/2021\/12\/Office_Work_teaser.jpg","datePublished":"2021-12-17T11:04:26+00:00","dateModified":"2023-08-09T01:56:00+00:00","description":"Una relazione dell'Agenzia europea per la sicurezza e la salute sul lavoro mette in evidenza le valutazioni complessive dei rischi sul luogo di lavoro e le contrappone all'importanza di una cultura aziendale sana, che dovrebbe contribuire alla mitigazione precoce dei rischi psicosociali e dei DMS e al miglioramento generale del benessere dei lavoratori.","breadcrumb":{"@id":"https:\/\/news.save.ch\/neuer-bericht-zu-psychosozialen-risiken-und-arbeitsbedingten-muskel-und-skeletterkrankungen\/#breadcrumb"},"inLanguage":"it-IT","potentialAction":[{"@type":"ReadAction","target":["https:\/\/news.save.ch\/neuer-bericht-zu-psychosozialen-risiken-und-arbeitsbedingten-muskel-und-skeletterkrankungen\/"]}]},{"@type":"ImageObject","inLanguage":"it-IT","@id":"https:\/\/news.save.ch\/neuer-bericht-zu-psychosozialen-risiken-und-arbeitsbedingten-muskel-und-skeletterkrankungen\/#primaryimage","url":"https:\/\/news.save.ch\/wp-content\/uploads\/2021\/12\/Office_Work_teaser.jpg","contentUrl":"https:\/\/news.save.ch\/wp-content\/uploads\/2021\/12\/Office_Work_teaser.jpg","width":960,"height":640,"caption":"\u00a9Pixabay"},{"@type":"BreadcrumbList","@id":"https:\/\/news.save.ch\/neuer-bericht-zu-psychosozialen-risiken-und-arbeitsbedingten-muskel-und-skeletterkrankungen\/#breadcrumb","itemListElement":[{"@type":"ListItem","position":1,"name":"Home","item":"https:\/\/news.save.ch\/de\/"},{"@type":"ListItem","position":2,"name":"Neuer Bericht zu psychosozialen Risiken und arbeitsbedingten Muskel- und Skeletterkrankungen"}]},{"@type":"WebSite","@id":"https:\/\/news.save.ch\/de\/#website","url":"https:\/\/news.save.ch\/de\/","name":"Risparmiare","description":"Rivista svizzera specializzata in sicurezza","publisher":{"@id":"https:\/\/news.save.ch\/de\/#organization"},"potentialAction":[{"@type":"SearchAction","target":{"@type":"EntryPoint","urlTemplate":"https:\/\/news.save.ch\/de\/?s={search_term_string}"},"query-input":{"@type":"PropertyValueSpecification","valueRequired":true,"valueName":"search_term_string"}}],"inLanguage":"it-IT"},{"@type":"Organization","@id":"https:\/\/news.save.ch\/de\/#organization","name":"Forum sulla sicurezza","url":"https:\/\/news.save.ch\/de\/","logo":{"@type":"ImageObject","inLanguage":"it-IT","@id":"https:\/\/news.save.ch\/de\/#\/schema\/logo\/image\/","url":"https:\/\/news.save.ch\/wp-content\/uploads\/2022\/06\/Logo_SF_2012.png","contentUrl":"https:\/\/news.save.ch\/wp-content\/uploads\/2022\/06\/Logo_SF_2012.png","width":1100,"height":91,"caption":"Sicherheitsforum"},"image":{"@id":"https:\/\/news.save.ch\/de\/#\/schema\/logo\/image\/"}},{"@type":"Person","@id":"https:\/\/news.save.ch\/de\/#\/schema\/person\/ad4ef21102fd6125312409ac57d5296d","name":"Simon Gr\u00f6flin","image":{"@type":"ImageObject","inLanguage":"it-IT","@id":"https:\/\/secure.gravatar.com\/avatar\/6ddceb80eb734354635539e0ea5140bb7c41e42de7c45c9a2ab9921b5d5c9a83?s=96&d=mm&r=g","url":"https:\/\/secure.gravatar.com\/avatar\/6ddceb80eb734354635539e0ea5140bb7c41e42de7c45c9a2ab9921b5d5c9a83?s=96&d=mm&r=g","contentUrl":"https:\/\/secure.gravatar.com\/avatar\/6ddceb80eb734354635539e0ea5140bb7c41e42de7c45c9a2ab9921b5d5c9a83?s=96&d=mm&r=g","caption":"Simon Gr\u00f6flin"},"url":"https:\/\/news.save.ch\/it\/author\/simon-groeflin\/"}]}},"_links":{"self":[{"href":"https:\/\/news.save.ch\/it\/wp-json\/wp\/v2\/posts\/8265","targetHints":{"allow":["GET"]}}],"collection":[{"href":"https:\/\/news.save.ch\/it\/wp-json\/wp\/v2\/posts"}],"about":[{"href":"https:\/\/news.save.ch\/it\/wp-json\/wp\/v2\/types\/post"}],"author":[{"embeddable":true,"href":"https:\/\/news.save.ch\/it\/wp-json\/wp\/v2\/users\/9"}],"replies":[{"embeddable":true,"href":"https:\/\/news.save.ch\/it\/wp-json\/wp\/v2\/comments?post=8265"}],"version-history":[{"count":4,"href":"https:\/\/news.save.ch\/it\/wp-json\/wp\/v2\/posts\/8265\/revisions"}],"predecessor-version":[{"id":21676,"href":"https:\/\/news.save.ch\/it\/wp-json\/wp\/v2\/posts\/8265\/revisions\/21676"}],"wp:featuredmedia":[{"embeddable":true,"href":"https:\/\/news.save.ch\/it\/wp-json\/wp\/v2\/media\/16508"}],"wp:attachment":[{"href":"https:\/\/news.save.ch\/it\/wp-json\/wp\/v2\/media?parent=8265"}],"wp:term":[{"taxonomy":"category","embeddable":true,"href":"https:\/\/news.save.ch\/it\/wp-json\/wp\/v2\/categories?post=8265"},{"taxonomy":"post_tag","embeddable":true,"href":"https:\/\/news.save.ch\/it\/wp-json\/wp\/v2\/tags?post=8265"}],"curies":[{"name":"wp","href":"https:\/\/api.w.org\/{rel}","templated":true}]}}