{"id":8313,"date":"2019-07-03T14:11:21","date_gmt":"2019-07-03T12:11:21","guid":{"rendered":"https:\/\/news.save.ch\/?p=8313"},"modified":"2019-07-03T14:11:21","modified_gmt":"2019-07-03T12:11:21","slug":"private-sicherheitsbranche-neuer-gav-ab-2020","status":null,"type":"post","link":"https:\/\/news.save.ch\/it\/private-sicherheitsbranche-neuer-gav-ab-2020\/","title":{"rendered":"Industria della sicurezza privata: nuovo ACB dal 2020"},"content":{"rendered":"<figure id=\"attachment_8314\" aria-describedby=\"caption-attachment-8314\" style=\"width: 680px\" class=\"wp-caption aligncenter\"><img loading=\"lazy\" decoding=\"async\" class=\"wp-image-8314 size-medium\" src=\"https:\/\/news.save.ch\/wp-content\/uploads\/2019\/07\/Depositphotos_151248194_m-2015.jpg\" alt=\"Societ\u00e0 di sicurezza\" width=\"680\" height=\"454\" \/><figcaption id=\"caption-attachment-8314\" class=\"wp-caption-text\">\u00a9 depositphotos, Dmitry Poch<\/figcaption><\/figure>\n<p>&nbsp;<\/p>\n<p>Dopo oltre due anni di trattative, l'Associazione delle societ\u00e0 svizzere di servizi di sicurezza (<a href=\"https:\/\/www.vssu.org\">VSSU<\/a>) e il <a href=\"https:\/\/www.unia.ch\/sicherheit\">Unia<\/a> hanno concordato l'estensione del CLA generalmente vincolante gi\u00e0 approvato dal Consiglio federale, come ha recentemente annunciato la VSSU. Ci\u00f2 significa che tutte le aziende di sicurezza con dieci o pi\u00f9 dipendenti continueranno a essere obbligate a rispettare gli standard minimi in termini di salari, formazione e orari di lavoro anche dopo il 30 giugno 2019. L'interruzione della dichiarazione di applicabilit\u00e0 generale, che sarebbe scaduta tra pochi giorni, \u00e8 stata evitata all'ultimo minuto.<\/p>\n<p><strong>CLA rettificato <\/strong><\/p>\n<p>Le parti sociali hanno anche concordato un nuovo CCL che entrer\u00e0 in vigore il 1\u00b0 gennaio 2020, come sottolinea ancora la VSSU. Le condizioni di lavoro degli addetti alla sicurezza devono essere migliorate in diversi punti:<\/p>\n<ul>\n<li>un aumento dei salari di ingresso da 0,5 % a 1 % a seconda della categoria<\/li>\n<li>un'indennit\u00e0 di tempo per i mesi con alti carichi di lavoro<\/li>\n<li>un congedo di paternit\u00e0 di 3 giorni invece che di 1 giorno, fino ad ora<\/li>\n<li>un'indennit\u00e0 per il personale armato<\/li>\n<\/ul>\n<p>Inoltre, il CCL deve regolamentare il subappalto delle commesse, come scrive anche la VSSU. Infine, sar\u00e0 concessa una maggiore flessibilit\u00e0 per quanto riguarda le ore in meno alla fine dell'anno: le ore in meno fino a -10% potranno essere riportate all'anno successivo. Questo cambiamento consentirebbe di mantenere un maggior numero di posizioni permanenti nel settore.<\/p>\n<p><strong>Pressione sui prezzi <\/strong><\/p>\n<p>Secondo la VSSU, le parti sociali dell'industria della sicurezza privata vogliono preservare la qualit\u00e0 dei servizi di sicurezza privata e migliorare le condizioni di lavoro dei dipendenti della sicurezza con l'ACB adattato, nonostante l'estrema concorrenza dei prezzi nel settore. A questo proposito, i rappresentanti dei datori di lavoro e dei lavoratori si sono appellati anche al senso di responsabilit\u00e0 del settore pubblico: le autorit\u00e0 dovrebbero prendere in considerazione nelle gare d'appalto solo le aziende che rispettano i CLA generalmente vincolanti e che quindi danno importanza alla qualit\u00e0 e a condizioni di lavoro eque.<\/p>\n<p>Infine, la comunicazione afferma che le parti sociali lavoreranno per rafforzare il controllo dell'ACB 2020 e per la sua estensione.<\/p>\n<p><em>Fonte: VSSU<\/em><\/p>\n<p>&nbsp;<\/p>\n<p>&nbsp;<\/p>","protected":false},"excerpt":{"rendered":"<p>&nbsp; Nach mehr als zwei Jahren Verhandlungen haben sich der Verband Schweizerischer Sicherheitsdienstleistungs-Unternehmen (VSSU) und die Unia auf die vom Bundesrat bereits bewilligte Verl\u00e4ngerung des allgemeinverbindlich erkl\u00e4rten GAV geeinigt, wie der VSSU k\u00fcrzlich mitgeteilt hat. So seien alle Sicherheitsunternehmen ab zehn Angestellten auch nach dem 30. Juni 2019 weiterhin zur Einhaltung von Mindeststandards in Sachen [&hellip;]<\/p>\n","protected":false},"author":8,"featured_media":8314,"comment_status":"open","ping_status":"open","sticky":false,"template":"","format":"standard","meta":{"_acf_changed":false,"pgc_sgb_lightbox_settings":"","footnotes":""},"categories":[1],"tags":[103],"class_list":["post-8313","post","type-post","status-publish","format-standard","has-post-thumbnail","hentry","category-allgemein","tag-private-sicherheitsfirma"],"acf":[],"hkrextid":null,"publication":null,"issue":null,"workflow":null,"startPage":null,"spitzmarke":null,"_posts_by_tag_page_fields":{"widget_title":"","widget_tags":""},"_at_widget":"1","_yoast_wpseo_primary_category":"1","_yoast_wpseo_focuskw_text_input":"Sicherheitsfirmen","_yoast_wpseo_opengraph-image":null,"_yoast_wpseo_opengraph-description":null,"_yoast_wpseo_opengraph-title":null,"enclosure":null,"_yoast_wpseo_twitter-title":null,"_yoast_wpseo_twitter-description":null,"_yoast_wpseo_twitter-image":null,"_wp_old_slug":null,"_yoast_wpseo_title":null,"_yoast_wpseo_canonical":null,"yoast_head":"<!-- This site is optimized with the Yoast SEO plugin v27.4 - https:\/\/yoast.com\/product\/yoast-seo-wordpress\/ -->\n<title>Private Sicherheitsbranche: Neuer GAV ab 2020 - Save<\/title>\n<meta name=\"description\" content=\"Der Verband Schweizerischer Sicherheitsdienstleistungs-Unternehmen (VSSU) und die Gewerkschaft Unia sind zu einer GAV-Einigung gekommen.\" \/>\n<meta name=\"robots\" content=\"index, follow, max-snippet:-1, max-image-preview:large, max-video-preview:-1\" \/>\n<link rel=\"canonical\" href=\"https:\/\/news.save.ch\/it\/private-sicherheitsbranche-neuer-gav-ab-2020\/\" \/>\n<meta property=\"og:locale\" content=\"it_IT\" \/>\n<meta property=\"og:type\" content=\"article\" \/>\n<meta property=\"og:title\" content=\"Private Sicherheitsbranche: Neuer GAV ab 2020 - Save\" \/>\n<meta property=\"og:description\" content=\"Der Verband Schweizerischer Sicherheitsdienstleistungs-Unternehmen (VSSU) und die Gewerkschaft Unia sind zu einer GAV-Einigung gekommen.\" \/>\n<meta property=\"og:url\" content=\"https:\/\/news.save.ch\/it\/private-sicherheitsbranche-neuer-gav-ab-2020\/\" \/>\n<meta property=\"og:site_name\" content=\"Save\" \/>\n<meta property=\"article:published_time\" content=\"2019-07-03T12:11:21+00:00\" \/>\n<meta name=\"author\" content=\"Roger Str\u00e4ssle\" \/>\n<meta name=\"twitter:card\" content=\"summary_large_image\" \/>\n<meta name=\"twitter:label1\" content=\"Scritto da\" \/>\n\t<meta name=\"twitter:data1\" content=\"Roger Str\u00e4ssle\" \/>\n\t<meta name=\"twitter:label2\" content=\"Tempo di lettura stimato\" \/>\n\t<meta name=\"twitter:data2\" content=\"2 minuti\" \/>\n<script type=\"application\/ld+json\" class=\"yoast-schema-graph\">{\"@context\":\"https:\\\/\\\/schema.org\",\"@graph\":[{\"@type\":\"Article\",\"@id\":\"https:\\\/\\\/news.save.ch\\\/private-sicherheitsbranche-neuer-gav-ab-2020\\\/#article\",\"isPartOf\":{\"@id\":\"https:\\\/\\\/news.save.ch\\\/private-sicherheitsbranche-neuer-gav-ab-2020\\\/\"},\"author\":{\"name\":\"Roger Str\u00e4ssle\",\"@id\":\"https:\\\/\\\/news.save.ch\\\/de\\\/#\\\/schema\\\/person\\\/d5022db048e0e2b9785c50e5b24da5aa\"},\"headline\":\"Private Sicherheitsbranche: Neuer GAV ab 2020\",\"datePublished\":\"2019-07-03T12:11:21+00:00\",\"mainEntityOfPage\":{\"@id\":\"https:\\\/\\\/news.save.ch\\\/private-sicherheitsbranche-neuer-gav-ab-2020\\\/\"},\"wordCount\":319,\"commentCount\":0,\"publisher\":{\"@id\":\"https:\\\/\\\/news.save.ch\\\/de\\\/#organization\"},\"image\":{\"@id\":\"https:\\\/\\\/news.save.ch\\\/private-sicherheitsbranche-neuer-gav-ab-2020\\\/#primaryimage\"},\"thumbnailUrl\":\"\",\"keywords\":[\"Private Sicherheitsfirma\"],\"articleSection\":[\"ALLGEMEIN\"],\"inLanguage\":\"it-IT\"},{\"@type\":\"WebPage\",\"@id\":\"https:\\\/\\\/news.save.ch\\\/private-sicherheitsbranche-neuer-gav-ab-2020\\\/\",\"url\":\"https:\\\/\\\/news.save.ch\\\/private-sicherheitsbranche-neuer-gav-ab-2020\\\/\",\"name\":\"Private Sicherheitsbranche: Neuer GAV ab 2020 - Save\",\"isPartOf\":{\"@id\":\"https:\\\/\\\/news.save.ch\\\/de\\\/#website\"},\"primaryImageOfPage\":{\"@id\":\"https:\\\/\\\/news.save.ch\\\/private-sicherheitsbranche-neuer-gav-ab-2020\\\/#primaryimage\"},\"image\":{\"@id\":\"https:\\\/\\\/news.save.ch\\\/private-sicherheitsbranche-neuer-gav-ab-2020\\\/#primaryimage\"},\"thumbnailUrl\":\"\",\"datePublished\":\"2019-07-03T12:11:21+00:00\",\"description\":\"Der Verband Schweizerischer Sicherheitsdienstleistungs-Unternehmen (VSSU) und die Gewerkschaft Unia sind zu einer GAV-Einigung gekommen.\",\"breadcrumb\":{\"@id\":\"https:\\\/\\\/news.save.ch\\\/private-sicherheitsbranche-neuer-gav-ab-2020\\\/#breadcrumb\"},\"inLanguage\":\"it-IT\",\"potentialAction\":[{\"@type\":\"ReadAction\",\"target\":[\"https:\\\/\\\/news.save.ch\\\/private-sicherheitsbranche-neuer-gav-ab-2020\\\/\"]}]},{\"@type\":\"ImageObject\",\"inLanguage\":\"it-IT\",\"@id\":\"https:\\\/\\\/news.save.ch\\\/private-sicherheitsbranche-neuer-gav-ab-2020\\\/#primaryimage\",\"url\":\"\",\"contentUrl\":\"\"},{\"@type\":\"BreadcrumbList\",\"@id\":\"https:\\\/\\\/news.save.ch\\\/private-sicherheitsbranche-neuer-gav-ab-2020\\\/#breadcrumb\",\"itemListElement\":[{\"@type\":\"ListItem\",\"position\":1,\"name\":\"Home\",\"item\":\"https:\\\/\\\/news.save.ch\\\/de\\\/\"},{\"@type\":\"ListItem\",\"position\":2,\"name\":\"Private Sicherheitsbranche: Neuer GAV ab 2020\"}]},{\"@type\":\"WebSite\",\"@id\":\"https:\\\/\\\/news.save.ch\\\/de\\\/#website\",\"url\":\"https:\\\/\\\/news.save.ch\\\/de\\\/\",\"name\":\"Save\",\"description\":\"Schweizer Fachzeitschrift f\u00fcr Sicherheit\",\"publisher\":{\"@id\":\"https:\\\/\\\/news.save.ch\\\/de\\\/#organization\"},\"potentialAction\":[{\"@type\":\"SearchAction\",\"target\":{\"@type\":\"EntryPoint\",\"urlTemplate\":\"https:\\\/\\\/news.save.ch\\\/de\\\/?s={search_term_string}\"},\"query-input\":{\"@type\":\"PropertyValueSpecification\",\"valueRequired\":true,\"valueName\":\"search_term_string\"}}],\"inLanguage\":\"it-IT\"},{\"@type\":\"Organization\",\"@id\":\"https:\\\/\\\/news.save.ch\\\/de\\\/#organization\",\"name\":\"Sicherheitsforum\",\"url\":\"https:\\\/\\\/news.save.ch\\\/de\\\/\",\"logo\":{\"@type\":\"ImageObject\",\"inLanguage\":\"it-IT\",\"@id\":\"https:\\\/\\\/news.save.ch\\\/de\\\/#\\\/schema\\\/logo\\\/image\\\/\",\"url\":\"https:\\\/\\\/news.save.ch\\\/wp-content\\\/uploads\\\/2022\\\/06\\\/Logo_SF_2012.png\",\"contentUrl\":\"https:\\\/\\\/news.save.ch\\\/wp-content\\\/uploads\\\/2022\\\/06\\\/Logo_SF_2012.png\",\"width\":1100,\"height\":91,\"caption\":\"Sicherheitsforum\"},\"image\":{\"@id\":\"https:\\\/\\\/news.save.ch\\\/de\\\/#\\\/schema\\\/logo\\\/image\\\/\"}},{\"@type\":\"Person\",\"@id\":\"https:\\\/\\\/news.save.ch\\\/de\\\/#\\\/schema\\\/person\\\/d5022db048e0e2b9785c50e5b24da5aa\",\"name\":\"Roger Str\u00e4ssle\",\"image\":{\"@type\":\"ImageObject\",\"inLanguage\":\"it-IT\",\"@id\":\"https:\\\/\\\/secure.gravatar.com\\\/avatar\\\/862a5569d087de48e5856e32f45d719a03804c891d6deb8d4f71a660e79e4a47?s=96&d=mm&r=g\",\"url\":\"https:\\\/\\\/secure.gravatar.com\\\/avatar\\\/862a5569d087de48e5856e32f45d719a03804c891d6deb8d4f71a660e79e4a47?s=96&d=mm&r=g\",\"contentUrl\":\"https:\\\/\\\/secure.gravatar.com\\\/avatar\\\/862a5569d087de48e5856e32f45d719a03804c891d6deb8d4f71a660e79e4a47?s=96&d=mm&r=g\",\"caption\":\"Roger Str\u00e4ssle\"},\"url\":\"https:\\\/\\\/news.save.ch\\\/it\\\/author\\\/roger-straessle\\\/\"}]}<\/script>\n<!-- \/ Yoast SEO plugin. -->","yoast_head_json":{"title":"Industria della sicurezza privata: nuovo CLA dal 2020 - Save","description":"Il Sindacato svizzero dei servizi di sicurezza (VSSU) e il sindacato Unia hanno raggiunto un accordo ACB.","robots":{"index":"index","follow":"follow","max-snippet":"max-snippet:-1","max-image-preview":"max-image-preview:large","max-video-preview":"max-video-preview:-1"},"canonical":"https:\/\/news.save.ch\/it\/private-sicherheitsbranche-neuer-gav-ab-2020\/","og_locale":"it_IT","og_type":"article","og_title":"Private Sicherheitsbranche: Neuer GAV ab 2020 - Save","og_description":"Der Verband Schweizerischer Sicherheitsdienstleistungs-Unternehmen (VSSU) und die Gewerkschaft Unia sind zu einer GAV-Einigung gekommen.","og_url":"https:\/\/news.save.ch\/it\/private-sicherheitsbranche-neuer-gav-ab-2020\/","og_site_name":"Save","article_published_time":"2019-07-03T12:11:21+00:00","author":"Roger Str\u00e4ssle","twitter_card":"summary_large_image","twitter_misc":{"Scritto da":"Roger Str\u00e4ssle","Tempo di lettura stimato":"2 minuti"},"schema":{"@context":"https:\/\/schema.org","@graph":[{"@type":"Article","@id":"https:\/\/news.save.ch\/private-sicherheitsbranche-neuer-gav-ab-2020\/#article","isPartOf":{"@id":"https:\/\/news.save.ch\/private-sicherheitsbranche-neuer-gav-ab-2020\/"},"author":{"name":"Roger Str\u00e4ssle","@id":"https:\/\/news.save.ch\/de\/#\/schema\/person\/d5022db048e0e2b9785c50e5b24da5aa"},"headline":"Private Sicherheitsbranche: Neuer GAV ab 2020","datePublished":"2019-07-03T12:11:21+00:00","mainEntityOfPage":{"@id":"https:\/\/news.save.ch\/private-sicherheitsbranche-neuer-gav-ab-2020\/"},"wordCount":319,"commentCount":0,"publisher":{"@id":"https:\/\/news.save.ch\/de\/#organization"},"image":{"@id":"https:\/\/news.save.ch\/private-sicherheitsbranche-neuer-gav-ab-2020\/#primaryimage"},"thumbnailUrl":"","keywords":["Private Sicherheitsfirma"],"articleSection":["ALLGEMEIN"],"inLanguage":"it-IT"},{"@type":"WebPage","@id":"https:\/\/news.save.ch\/private-sicherheitsbranche-neuer-gav-ab-2020\/","url":"https:\/\/news.save.ch\/private-sicherheitsbranche-neuer-gav-ab-2020\/","name":"Industria della sicurezza privata: nuovo CLA dal 2020 - Save","isPartOf":{"@id":"https:\/\/news.save.ch\/de\/#website"},"primaryImageOfPage":{"@id":"https:\/\/news.save.ch\/private-sicherheitsbranche-neuer-gav-ab-2020\/#primaryimage"},"image":{"@id":"https:\/\/news.save.ch\/private-sicherheitsbranche-neuer-gav-ab-2020\/#primaryimage"},"thumbnailUrl":"","datePublished":"2019-07-03T12:11:21+00:00","description":"Il Sindacato svizzero dei servizi di sicurezza (VSSU) e il sindacato Unia hanno raggiunto un accordo ACB.","breadcrumb":{"@id":"https:\/\/news.save.ch\/private-sicherheitsbranche-neuer-gav-ab-2020\/#breadcrumb"},"inLanguage":"it-IT","potentialAction":[{"@type":"ReadAction","target":["https:\/\/news.save.ch\/private-sicherheitsbranche-neuer-gav-ab-2020\/"]}]},{"@type":"ImageObject","inLanguage":"it-IT","@id":"https:\/\/news.save.ch\/private-sicherheitsbranche-neuer-gav-ab-2020\/#primaryimage","url":"","contentUrl":""},{"@type":"BreadcrumbList","@id":"https:\/\/news.save.ch\/private-sicherheitsbranche-neuer-gav-ab-2020\/#breadcrumb","itemListElement":[{"@type":"ListItem","position":1,"name":"Home","item":"https:\/\/news.save.ch\/de\/"},{"@type":"ListItem","position":2,"name":"Private Sicherheitsbranche: Neuer GAV ab 2020"}]},{"@type":"WebSite","@id":"https:\/\/news.save.ch\/de\/#website","url":"https:\/\/news.save.ch\/de\/","name":"Risparmiare","description":"Rivista svizzera specializzata in sicurezza","publisher":{"@id":"https:\/\/news.save.ch\/de\/#organization"},"potentialAction":[{"@type":"SearchAction","target":{"@type":"EntryPoint","urlTemplate":"https:\/\/news.save.ch\/de\/?s={search_term_string}"},"query-input":{"@type":"PropertyValueSpecification","valueRequired":true,"valueName":"search_term_string"}}],"inLanguage":"it-IT"},{"@type":"Organization","@id":"https:\/\/news.save.ch\/de\/#organization","name":"Forum sulla sicurezza","url":"https:\/\/news.save.ch\/de\/","logo":{"@type":"ImageObject","inLanguage":"it-IT","@id":"https:\/\/news.save.ch\/de\/#\/schema\/logo\/image\/","url":"https:\/\/news.save.ch\/wp-content\/uploads\/2022\/06\/Logo_SF_2012.png","contentUrl":"https:\/\/news.save.ch\/wp-content\/uploads\/2022\/06\/Logo_SF_2012.png","width":1100,"height":91,"caption":"Sicherheitsforum"},"image":{"@id":"https:\/\/news.save.ch\/de\/#\/schema\/logo\/image\/"}},{"@type":"Person","@id":"https:\/\/news.save.ch\/de\/#\/schema\/person\/d5022db048e0e2b9785c50e5b24da5aa","name":"Roger Str\u00e4ssle","image":{"@type":"ImageObject","inLanguage":"it-IT","@id":"https:\/\/secure.gravatar.com\/avatar\/862a5569d087de48e5856e32f45d719a03804c891d6deb8d4f71a660e79e4a47?s=96&d=mm&r=g","url":"https:\/\/secure.gravatar.com\/avatar\/862a5569d087de48e5856e32f45d719a03804c891d6deb8d4f71a660e79e4a47?s=96&d=mm&r=g","contentUrl":"https:\/\/secure.gravatar.com\/avatar\/862a5569d087de48e5856e32f45d719a03804c891d6deb8d4f71a660e79e4a47?s=96&d=mm&r=g","caption":"Roger Str\u00e4ssle"},"url":"https:\/\/news.save.ch\/it\/author\/roger-straessle\/"}]}},"_links":{"self":[{"href":"https:\/\/news.save.ch\/it\/wp-json\/wp\/v2\/posts\/8313","targetHints":{"allow":["GET"]}}],"collection":[{"href":"https:\/\/news.save.ch\/it\/wp-json\/wp\/v2\/posts"}],"about":[{"href":"https:\/\/news.save.ch\/it\/wp-json\/wp\/v2\/types\/post"}],"author":[{"embeddable":true,"href":"https:\/\/news.save.ch\/it\/wp-json\/wp\/v2\/users\/8"}],"replies":[{"embeddable":true,"href":"https:\/\/news.save.ch\/it\/wp-json\/wp\/v2\/comments?post=8313"}],"version-history":[{"count":0,"href":"https:\/\/news.save.ch\/it\/wp-json\/wp\/v2\/posts\/8313\/revisions"}],"wp:featuredmedia":[{"embeddable":true,"href":"https:\/\/news.save.ch\/it\/wp-json\/wp\/v2\/posts\/8314"}],"wp:attachment":[{"href":"https:\/\/news.save.ch\/it\/wp-json\/wp\/v2\/media?parent=8313"}],"wp:term":[{"taxonomy":"category","embeddable":true,"href":"https:\/\/news.save.ch\/it\/wp-json\/wp\/v2\/categories?post=8313"},{"taxonomy":"post_tag","embeddable":true,"href":"https:\/\/news.save.ch\/it\/wp-json\/wp\/v2\/tags?post=8313"}],"curies":[{"name":"wp","href":"https:\/\/api.w.org\/{rel}","templated":true}]}}