{"id":8382,"date":"2022-01-19T08:53:59","date_gmt":"2022-01-19T07:53:59","guid":{"rendered":"https:\/\/news.save.ch\/?p=8382"},"modified":"2023-07-08T11:07:48","modified_gmt":"2023-07-08T09:07:48","slug":"wir-wollen-unsere-stellung-weiter-ausbauen","status":null,"type":"post","link":"https:\/\/news.save.ch\/it\/wir-wollen-unsere-stellung-weiter-ausbauen\/","title":{"rendered":"\"Vogliamo espandere ulteriormente la nostra posizione\""},"content":{"rendered":"<p><strong><img loading=\"lazy\" decoding=\"async\" class=\"alignnone wp-image-8384 size-full\" src=\"https:\/\/news.save.ch\/wp-content\/uploads\/2022\/01\/Graber_teaser.jpg\" alt=\"sicurezza svizzera\" width=\"669\" height=\"594\" srcset=\"https:\/\/news.save.ch\/wp-content\/uploads\/2022\/01\/Graber_teaser.jpg 669w, https:\/\/news.save.ch\/wp-content\/uploads\/2022\/01\/Graber_teaser-14x12.jpg 14w, https:\/\/news.save.ch\/wp-content\/uploads\/2022\/01\/Graber_teaser-338x300.jpg 338w, https:\/\/news.save.ch\/wp-content\/uploads\/2022\/01\/Graber_teaser-394x350.jpg 394w\" sizes=\"auto, (max-width: 669px) 100vw, 669px\" \/><\/strong><\/p>\n<p><strong>Signor Graber, quali sono attualmente le maggiori sfide dell'industria PSA in Svizzera?\u00a0<\/strong><strong>in relazione ai produttori o ai fornitori?<\/strong><\/p>\n<p>Per quanto riguarda i produttori, le strozzature nella fornitura di vari materiali sono ancora un problema al momento. Anche la ricertificazione secondo il nuovo Regolamento UE 2016\/425 \u00e8 ancora in corso. Le domande continuano ad arrivare, soprattutto perch\u00e9 molti organismi notificati (organismi designati dall'UE) a volte danno interpretazioni diverse del regolamento. In definitiva, anche i requisiti aggiuntivi che ci vengono imposti dalla legge - indipendentemente dal fatto che abbiano senso o meno - devono essere presi in considerazione nel calcolo. Soprattutto per i piccoli produttori, le implicazioni di costo della ricertificazione non sono trascurabili.<\/p>\n<p><strong>Quali sono le conseguenze per gli utenti?<\/strong><\/p>\n<p>Come i produttori, anche i datori di lavoro\/utilizzatori sono sotto pressione a causa dell'adeguamento delle normative e delle leggi. Anche in questo caso, a volte \u00e8 difficile mantenere una visione d'insieme, per non parlare della formazione e dell'addestramento costante dei dipendenti, in modo che siano \"aggiornati\" sugli argomenti cruciali nel settore dei DPI. Spesso l'importanza dei dispositivi di protezione individuale non viene compresa a livello dirigenziale e il risultato \u00e8 che si risparmia sui DPI. Si acquistano prodotti che vengono accettati solo in modo condizionato e non vengono indossati con costanza. Vale quindi la pena di coinvolgere i dipendenti nella scelta dei DPI giusti, perch\u00e9 solo i DPI che vengono indossati sono buoni DPI. In fin dei conti, ogni franco investito nella sicurezza sul lavoro ha un ritorno sull'investimento di 2,2 volte.<\/p>\n<p><strong>Quali sono i temi all'ordine del giorno della federazione in questo momento?<\/strong><\/p>\n<p>L'ombrello della nostra strategia \u00e8 la Vision 2030, con la quale perseguiamo l'obiettivo di essere IL centro di competenza per i DPI in Svizzera entro il 2030. I seguenti passi sono gi\u00e0 in corso o in fase di pianificazione: un programma di formazione settoriale, neutro rispetto al prodotto, composto da una parte teorica e una pratica. I primi corsi sono attualmente in corso e\/o in fase di pubblicizzazione. Sono previsti corsi sulla cultura della sicurezza e sui possibili cambiamenti culturali, ma sono ancora in fase di progettazione. Anche l'\"apertura\" della Svizzera francese sotto forma di un ufficio nella Svizzera francese fa parte della nostra strategia.<\/p>\n<p>Anche un'altra categoria di membri, denominata \"Vitamin PSA\" per i responsabili della sicurezza dell'industria, fa parte della nostra strategia per generare uno scambio di alta qualit\u00e0 anche qui. Inoltre, siamo attualmente nella fase finale della digitalizzazione della cassetta degli attrezzi. Siamo gi\u00e0 riusciti a coinvolgere uno dei maggiori datori di lavoro della Svizzera per l'implementazione. Ci\u00f2 significa che la cassetta degli attrezzi elettronica sar\u00e0 presto disponibile su tutti i dispositivi finali per il recupero e l'istruzione dei dipendenti.<\/p>\n<p><strong>L'Associazione Svizzera per la Sicurezza offre ora anche corsi di formazione sui DPI per diversi settori. Come si \u00e8 arrivati a questo?<\/strong><\/p>\n<p>Trasmettere il know-how \u00e8 una preoccupazione importante per Swiss Safety. Volevamo creare un programma di formazione significativo che aiutasse i partecipanti a gestire correttamente i DPI nel loro lavoro quotidiano. Abbiamo discusso a lungo di questa idea internamente, abbiamo guardato oltre i confini nazionali e abbiamo discusso le possibilit\u00e0 soprattutto con i nostri soci. Due di loro lavorano nel settore della formazione e sapevano cosa mancava al settore: una formazione orientata alla pratica sui DPI. Vogliamo occuparci dell'uso dei DPI e formarli in modo assolutamente neutro e pratico.<\/p>\n<p><strong>Qual \u00e8 stata la risposta finora?<\/strong><\/p>\n<p>Non posso ancora dire molto al riguardo, perch\u00e9 abbiamo appena iniziato. Ma l'interesse \u00e8 fondamentalmente grande, perch\u00e9 non offriamo un evento di vendita, ma formati neutri rispetto al prodotto.<\/p>\n<p><em>Questa intervista \u00e8 apparsa originariamente nell'edizione cartacea SAFETY-PLUS 4-2021.<\/em><\/p>\n<p><em>Volete leggere l'intervista completa in questo numero? Allora chiudete subito\u00a0<a href=\"https:\/\/news.save.ch\/it\/abo-bestellung\/\" target=\"_blank\" rel=\"noopener\">qui<\/a>\u00a0un abbonamento.<\/em><\/p>\n<p><a href=\"https:\/\/www.swiss-safety.ch\/\" target=\"_blank\" rel=\"noopener\">www.swiss-safety.ch<\/a><\/p>","protected":false},"excerpt":{"rendered":"<p>Herr Graber, was sind gegenw\u00e4rtig die gr\u00f6ssten Herausforderungen in der PSA-Branche der Schweiz\u00a0in Bezug auf die Hersteller bzw. Anbieter? Seitens Hersteller sind momentan nach wie vor Lieferengp\u00e4sse diverser Materialien ein Thema. Auch die Rezertifizierung nach der neuen EU-Verordnung 2016\/425 ist immer noch im Gange. Hier kommen immer wieder Fragen auf, zumal viele Notified Bodies (von [&hellip;]<\/p>\n","protected":false},"author":9,"featured_media":8384,"comment_status":"closed","ping_status":"closed","sticky":false,"template":"","format":"standard","meta":{"_acf_changed":false,"pgc_sgb_lightbox_settings":"","footnotes":""},"categories":[1,3314],"tags":[4946,4947,2722,4945,3052,3054],"class_list":["post-8382","post","type-post","status-publish","format-standard","has-post-thumbnail","hentry","category-allgemein","category-health-safety","tag-eu-verordnung-2016-425","tag-notified-bodies-und-psa-schulungen","tag-psa","tag-rezertifizierung","tag-swiss-safety","tag-swiss-safety-verband"],"acf":[],"hkrextid":null,"publication":null,"issue":null,"workflow":null,"startPage":null,"spitzmarke":null,"_posts_by_tag_page_fields":{"widget_title":"","widget_tags":""},"_at_widget":"1","_yoast_wpseo_primary_category":"1","_yoast_wpseo_focuskw_text_input":null,"_yoast_wpseo_opengraph-image":null,"_yoast_wpseo_opengraph-description":null,"_yoast_wpseo_opengraph-title":null,"enclosure":null,"_yoast_wpseo_twitter-title":null,"_yoast_wpseo_twitter-description":null,"_yoast_wpseo_twitter-image":null,"_wp_old_slug":null,"_yoast_wpseo_title":null,"_yoast_wpseo_canonical":null,"yoast_head":"<!-- This site is optimized with the Yoast SEO plugin v27.4 - https:\/\/yoast.com\/product\/yoast-seo-wordpress\/ -->\n<title>\u00abWir wollen unsere Stellung weiter ausbauen\u00bb - Save<\/title>\n<meta name=\"description\" content=\"swiss safety, der Branchenverband der Schweizer PSA-Anbieter, hat sich f\u00fcr die Agenda 2022 einige grosse Ziele auf die Fahne geschrieben. Wie es um den Schweizer PSA-Markt bestellt ist und auf welche Milestones der Verband zur\u00fcckblicken kann, dazu Pr\u00e4sident Dominique Graber im Interview.\" \/>\n<meta name=\"robots\" content=\"index, follow, max-snippet:-1, max-image-preview:large, max-video-preview:-1\" \/>\n<link rel=\"canonical\" href=\"https:\/\/news.save.ch\/it\/wir-wollen-unsere-stellung-weiter-ausbauen\/\" \/>\n<meta property=\"og:locale\" content=\"it_IT\" \/>\n<meta property=\"og:type\" content=\"article\" \/>\n<meta property=\"og:title\" content=\"\u00abWir wollen unsere Stellung weiter ausbauen\u00bb - Save\" \/>\n<meta property=\"og:description\" content=\"swiss safety, der Branchenverband der Schweizer PSA-Anbieter, hat sich f\u00fcr die Agenda 2022 einige grosse Ziele auf die Fahne geschrieben. Wie es um den Schweizer PSA-Markt bestellt ist und auf welche Milestones der Verband zur\u00fcckblicken kann, dazu Pr\u00e4sident Dominique Graber im Interview.\" \/>\n<meta property=\"og:url\" content=\"https:\/\/news.save.ch\/it\/wir-wollen-unsere-stellung-weiter-ausbauen\/\" \/>\n<meta property=\"og:site_name\" content=\"Save\" \/>\n<meta property=\"article:published_time\" content=\"2022-01-19T07:53:59+00:00\" \/>\n<meta property=\"article:modified_time\" content=\"2023-07-08T09:07:48+00:00\" \/>\n<meta property=\"og:image\" content=\"https:\/\/news.save.ch\/wp-content\/uploads\/2022\/01\/Graber_teaser.jpg\" \/>\n\t<meta property=\"og:image:width\" content=\"669\" \/>\n\t<meta property=\"og:image:height\" content=\"594\" \/>\n\t<meta property=\"og:image:type\" content=\"image\/jpeg\" \/>\n<meta name=\"author\" content=\"Simon Gr\u00f6flin\" \/>\n<meta name=\"twitter:card\" content=\"summary_large_image\" \/>\n<meta name=\"twitter:label1\" content=\"Scritto da\" \/>\n\t<meta name=\"twitter:data1\" content=\"Simon Gr\u00f6flin\" \/>\n\t<meta name=\"twitter:label2\" content=\"Tempo di lettura stimato\" \/>\n\t<meta name=\"twitter:data2\" content=\"4 minuti\" \/>\n<script type=\"application\/ld+json\" class=\"yoast-schema-graph\">{\"@context\":\"https:\\\/\\\/schema.org\",\"@graph\":[{\"@type\":\"Article\",\"@id\":\"https:\\\/\\\/news.save.ch\\\/wir-wollen-unsere-stellung-weiter-ausbauen\\\/#article\",\"isPartOf\":{\"@id\":\"https:\\\/\\\/news.save.ch\\\/wir-wollen-unsere-stellung-weiter-ausbauen\\\/\"},\"author\":{\"name\":\"Simon Gr\u00f6flin\",\"@id\":\"https:\\\/\\\/news.save.ch\\\/de\\\/#\\\/schema\\\/person\\\/ad4ef21102fd6125312409ac57d5296d\"},\"headline\":\"\u00abWir wollen unsere Stellung weiter ausbauen\u00bb\",\"datePublished\":\"2022-01-19T07:53:59+00:00\",\"dateModified\":\"2023-07-08T09:07:48+00:00\",\"mainEntityOfPage\":{\"@id\":\"https:\\\/\\\/news.save.ch\\\/wir-wollen-unsere-stellung-weiter-ausbauen\\\/\"},\"wordCount\":606,\"publisher\":{\"@id\":\"https:\\\/\\\/news.save.ch\\\/de\\\/#organization\"},\"image\":{\"@id\":\"https:\\\/\\\/news.save.ch\\\/wir-wollen-unsere-stellung-weiter-ausbauen\\\/#primaryimage\"},\"thumbnailUrl\":\"https:\\\/\\\/news.save.ch\\\/wp-content\\\/uploads\\\/2022\\\/01\\\/Graber_teaser.jpg\",\"keywords\":[\"EU-Verordnung 2016\\\/425\",\"Notified Bodies und PSA-Schulungen\",\"PSA\",\"Rezertifizierung\",\"Swiss Safety\",\"Swiss Safety Verband\"],\"articleSection\":[\"ALLGEMEIN\",\"HEALTH &amp; SAFETY\"],\"inLanguage\":\"it-IT\"},{\"@type\":\"WebPage\",\"@id\":\"https:\\\/\\\/news.save.ch\\\/wir-wollen-unsere-stellung-weiter-ausbauen\\\/\",\"url\":\"https:\\\/\\\/news.save.ch\\\/wir-wollen-unsere-stellung-weiter-ausbauen\\\/\",\"name\":\"\u00abWir wollen unsere Stellung weiter ausbauen\u00bb - Save\",\"isPartOf\":{\"@id\":\"https:\\\/\\\/news.save.ch\\\/de\\\/#website\"},\"primaryImageOfPage\":{\"@id\":\"https:\\\/\\\/news.save.ch\\\/wir-wollen-unsere-stellung-weiter-ausbauen\\\/#primaryimage\"},\"image\":{\"@id\":\"https:\\\/\\\/news.save.ch\\\/wir-wollen-unsere-stellung-weiter-ausbauen\\\/#primaryimage\"},\"thumbnailUrl\":\"https:\\\/\\\/news.save.ch\\\/wp-content\\\/uploads\\\/2022\\\/01\\\/Graber_teaser.jpg\",\"datePublished\":\"2022-01-19T07:53:59+00:00\",\"dateModified\":\"2023-07-08T09:07:48+00:00\",\"description\":\"swiss safety, der Branchenverband der Schweizer PSA-Anbieter, hat sich f\u00fcr die Agenda 2022 einige grosse Ziele auf die Fahne geschrieben. Wie es um den Schweizer PSA-Markt bestellt ist und auf welche Milestones der Verband zur\u00fcckblicken kann, dazu Pr\u00e4sident Dominique Graber im Interview.\",\"breadcrumb\":{\"@id\":\"https:\\\/\\\/news.save.ch\\\/wir-wollen-unsere-stellung-weiter-ausbauen\\\/#breadcrumb\"},\"inLanguage\":\"it-IT\",\"potentialAction\":[{\"@type\":\"ReadAction\",\"target\":[\"https:\\\/\\\/news.save.ch\\\/wir-wollen-unsere-stellung-weiter-ausbauen\\\/\"]}]},{\"@type\":\"ImageObject\",\"inLanguage\":\"it-IT\",\"@id\":\"https:\\\/\\\/news.save.ch\\\/wir-wollen-unsere-stellung-weiter-ausbauen\\\/#primaryimage\",\"url\":\"https:\\\/\\\/news.save.ch\\\/wp-content\\\/uploads\\\/2022\\\/01\\\/Graber_teaser.jpg\",\"contentUrl\":\"https:\\\/\\\/news.save.ch\\\/wp-content\\\/uploads\\\/2022\\\/01\\\/Graber_teaser.jpg\",\"width\":669,\"height\":594,\"caption\":\"\u00abWir wollen unsere Stellung weiter ausbauen\u00bb\"},{\"@type\":\"BreadcrumbList\",\"@id\":\"https:\\\/\\\/news.save.ch\\\/wir-wollen-unsere-stellung-weiter-ausbauen\\\/#breadcrumb\",\"itemListElement\":[{\"@type\":\"ListItem\",\"position\":1,\"name\":\"Home\",\"item\":\"https:\\\/\\\/news.save.ch\\\/de\\\/\"},{\"@type\":\"ListItem\",\"position\":2,\"name\":\"\u00abWir wollen unsere Stellung weiter ausbauen\u00bb\"}]},{\"@type\":\"WebSite\",\"@id\":\"https:\\\/\\\/news.save.ch\\\/de\\\/#website\",\"url\":\"https:\\\/\\\/news.save.ch\\\/de\\\/\",\"name\":\"Save\",\"description\":\"Schweizer Fachzeitschrift f\u00fcr Sicherheit\",\"publisher\":{\"@id\":\"https:\\\/\\\/news.save.ch\\\/de\\\/#organization\"},\"potentialAction\":[{\"@type\":\"SearchAction\",\"target\":{\"@type\":\"EntryPoint\",\"urlTemplate\":\"https:\\\/\\\/news.save.ch\\\/de\\\/?s={search_term_string}\"},\"query-input\":{\"@type\":\"PropertyValueSpecification\",\"valueRequired\":true,\"valueName\":\"search_term_string\"}}],\"inLanguage\":\"it-IT\"},{\"@type\":\"Organization\",\"@id\":\"https:\\\/\\\/news.save.ch\\\/de\\\/#organization\",\"name\":\"Sicherheitsforum\",\"url\":\"https:\\\/\\\/news.save.ch\\\/de\\\/\",\"logo\":{\"@type\":\"ImageObject\",\"inLanguage\":\"it-IT\",\"@id\":\"https:\\\/\\\/news.save.ch\\\/de\\\/#\\\/schema\\\/logo\\\/image\\\/\",\"url\":\"https:\\\/\\\/news.save.ch\\\/wp-content\\\/uploads\\\/2022\\\/06\\\/Logo_SF_2012.png\",\"contentUrl\":\"https:\\\/\\\/news.save.ch\\\/wp-content\\\/uploads\\\/2022\\\/06\\\/Logo_SF_2012.png\",\"width\":1100,\"height\":91,\"caption\":\"Sicherheitsforum\"},\"image\":{\"@id\":\"https:\\\/\\\/news.save.ch\\\/de\\\/#\\\/schema\\\/logo\\\/image\\\/\"}},{\"@type\":\"Person\",\"@id\":\"https:\\\/\\\/news.save.ch\\\/de\\\/#\\\/schema\\\/person\\\/ad4ef21102fd6125312409ac57d5296d\",\"name\":\"Simon Gr\u00f6flin\",\"image\":{\"@type\":\"ImageObject\",\"inLanguage\":\"it-IT\",\"@id\":\"https:\\\/\\\/secure.gravatar.com\\\/avatar\\\/6ddceb80eb734354635539e0ea5140bb7c41e42de7c45c9a2ab9921b5d5c9a83?s=96&d=mm&r=g\",\"url\":\"https:\\\/\\\/secure.gravatar.com\\\/avatar\\\/6ddceb80eb734354635539e0ea5140bb7c41e42de7c45c9a2ab9921b5d5c9a83?s=96&d=mm&r=g\",\"contentUrl\":\"https:\\\/\\\/secure.gravatar.com\\\/avatar\\\/6ddceb80eb734354635539e0ea5140bb7c41e42de7c45c9a2ab9921b5d5c9a83?s=96&d=mm&r=g\",\"caption\":\"Simon Gr\u00f6flin\"},\"url\":\"https:\\\/\\\/news.save.ch\\\/it\\\/author\\\/simon-groeflin\\\/\"}]}<\/script>\n<!-- \/ Yoast SEO plugin. -->","yoast_head_json":{"title":"\"Vogliamo espandere ulteriormente la nostra posizione\" - Save","description":"swiss safety, l'associazione di categoria dei fornitori svizzeri di DPI, si \u00e8 posta alcuni obiettivi importanti per l'Agenda 2022. Il presidente Dominique Graber spiega in un'intervista come sta andando il mercato svizzero dei DPI e quali sono le pietre miliari a cui l'associazione pu\u00f2 guardare.","robots":{"index":"index","follow":"follow","max-snippet":"max-snippet:-1","max-image-preview":"max-image-preview:large","max-video-preview":"max-video-preview:-1"},"canonical":"https:\/\/news.save.ch\/it\/wir-wollen-unsere-stellung-weiter-ausbauen\/","og_locale":"it_IT","og_type":"article","og_title":"\u00abWir wollen unsere Stellung weiter ausbauen\u00bb - Save","og_description":"swiss safety, der Branchenverband der Schweizer PSA-Anbieter, hat sich f\u00fcr die Agenda 2022 einige grosse Ziele auf die Fahne geschrieben. Wie es um den Schweizer PSA-Markt bestellt ist und auf welche Milestones der Verband zur\u00fcckblicken kann, dazu Pr\u00e4sident Dominique Graber im Interview.","og_url":"https:\/\/news.save.ch\/it\/wir-wollen-unsere-stellung-weiter-ausbauen\/","og_site_name":"Save","article_published_time":"2022-01-19T07:53:59+00:00","article_modified_time":"2023-07-08T09:07:48+00:00","og_image":[{"width":669,"height":594,"url":"https:\/\/news.save.ch\/wp-content\/uploads\/2022\/01\/Graber_teaser.jpg","type":"image\/jpeg"}],"author":"Simon Gr\u00f6flin","twitter_card":"summary_large_image","twitter_misc":{"Scritto da":"Simon Gr\u00f6flin","Tempo di lettura stimato":"4 minuti"},"schema":{"@context":"https:\/\/schema.org","@graph":[{"@type":"Article","@id":"https:\/\/news.save.ch\/wir-wollen-unsere-stellung-weiter-ausbauen\/#article","isPartOf":{"@id":"https:\/\/news.save.ch\/wir-wollen-unsere-stellung-weiter-ausbauen\/"},"author":{"name":"Simon Gr\u00f6flin","@id":"https:\/\/news.save.ch\/de\/#\/schema\/person\/ad4ef21102fd6125312409ac57d5296d"},"headline":"\u00abWir wollen unsere Stellung weiter ausbauen\u00bb","datePublished":"2022-01-19T07:53:59+00:00","dateModified":"2023-07-08T09:07:48+00:00","mainEntityOfPage":{"@id":"https:\/\/news.save.ch\/wir-wollen-unsere-stellung-weiter-ausbauen\/"},"wordCount":606,"publisher":{"@id":"https:\/\/news.save.ch\/de\/#organization"},"image":{"@id":"https:\/\/news.save.ch\/wir-wollen-unsere-stellung-weiter-ausbauen\/#primaryimage"},"thumbnailUrl":"https:\/\/news.save.ch\/wp-content\/uploads\/2022\/01\/Graber_teaser.jpg","keywords":["EU-Verordnung 2016\/425","Notified Bodies und PSA-Schulungen","PSA","Rezertifizierung","Swiss Safety","Swiss Safety Verband"],"articleSection":["ALLGEMEIN","HEALTH &amp; SAFETY"],"inLanguage":"it-IT"},{"@type":"WebPage","@id":"https:\/\/news.save.ch\/wir-wollen-unsere-stellung-weiter-ausbauen\/","url":"https:\/\/news.save.ch\/wir-wollen-unsere-stellung-weiter-ausbauen\/","name":"\"Vogliamo espandere ulteriormente la nostra posizione\" - Save","isPartOf":{"@id":"https:\/\/news.save.ch\/de\/#website"},"primaryImageOfPage":{"@id":"https:\/\/news.save.ch\/wir-wollen-unsere-stellung-weiter-ausbauen\/#primaryimage"},"image":{"@id":"https:\/\/news.save.ch\/wir-wollen-unsere-stellung-weiter-ausbauen\/#primaryimage"},"thumbnailUrl":"https:\/\/news.save.ch\/wp-content\/uploads\/2022\/01\/Graber_teaser.jpg","datePublished":"2022-01-19T07:53:59+00:00","dateModified":"2023-07-08T09:07:48+00:00","description":"swiss safety, l'associazione di categoria dei fornitori svizzeri di DPI, si \u00e8 posta alcuni obiettivi importanti per l'Agenda 2022. Il presidente Dominique Graber spiega in un'intervista come sta andando il mercato svizzero dei DPI e quali sono le pietre miliari a cui l'associazione pu\u00f2 guardare.","breadcrumb":{"@id":"https:\/\/news.save.ch\/wir-wollen-unsere-stellung-weiter-ausbauen\/#breadcrumb"},"inLanguage":"it-IT","potentialAction":[{"@type":"ReadAction","target":["https:\/\/news.save.ch\/wir-wollen-unsere-stellung-weiter-ausbauen\/"]}]},{"@type":"ImageObject","inLanguage":"it-IT","@id":"https:\/\/news.save.ch\/wir-wollen-unsere-stellung-weiter-ausbauen\/#primaryimage","url":"https:\/\/news.save.ch\/wp-content\/uploads\/2022\/01\/Graber_teaser.jpg","contentUrl":"https:\/\/news.save.ch\/wp-content\/uploads\/2022\/01\/Graber_teaser.jpg","width":669,"height":594,"caption":"\u00abWir wollen unsere Stellung weiter ausbauen\u00bb"},{"@type":"BreadcrumbList","@id":"https:\/\/news.save.ch\/wir-wollen-unsere-stellung-weiter-ausbauen\/#breadcrumb","itemListElement":[{"@type":"ListItem","position":1,"name":"Home","item":"https:\/\/news.save.ch\/de\/"},{"@type":"ListItem","position":2,"name":"\u00abWir wollen unsere Stellung weiter ausbauen\u00bb"}]},{"@type":"WebSite","@id":"https:\/\/news.save.ch\/de\/#website","url":"https:\/\/news.save.ch\/de\/","name":"Risparmiare","description":"Rivista svizzera specializzata in sicurezza","publisher":{"@id":"https:\/\/news.save.ch\/de\/#organization"},"potentialAction":[{"@type":"SearchAction","target":{"@type":"EntryPoint","urlTemplate":"https:\/\/news.save.ch\/de\/?s={search_term_string}"},"query-input":{"@type":"PropertyValueSpecification","valueRequired":true,"valueName":"search_term_string"}}],"inLanguage":"it-IT"},{"@type":"Organization","@id":"https:\/\/news.save.ch\/de\/#organization","name":"Forum sulla sicurezza","url":"https:\/\/news.save.ch\/de\/","logo":{"@type":"ImageObject","inLanguage":"it-IT","@id":"https:\/\/news.save.ch\/de\/#\/schema\/logo\/image\/","url":"https:\/\/news.save.ch\/wp-content\/uploads\/2022\/06\/Logo_SF_2012.png","contentUrl":"https:\/\/news.save.ch\/wp-content\/uploads\/2022\/06\/Logo_SF_2012.png","width":1100,"height":91,"caption":"Sicherheitsforum"},"image":{"@id":"https:\/\/news.save.ch\/de\/#\/schema\/logo\/image\/"}},{"@type":"Person","@id":"https:\/\/news.save.ch\/de\/#\/schema\/person\/ad4ef21102fd6125312409ac57d5296d","name":"Simon Gr\u00f6flin","image":{"@type":"ImageObject","inLanguage":"it-IT","@id":"https:\/\/secure.gravatar.com\/avatar\/6ddceb80eb734354635539e0ea5140bb7c41e42de7c45c9a2ab9921b5d5c9a83?s=96&d=mm&r=g","url":"https:\/\/secure.gravatar.com\/avatar\/6ddceb80eb734354635539e0ea5140bb7c41e42de7c45c9a2ab9921b5d5c9a83?s=96&d=mm&r=g","contentUrl":"https:\/\/secure.gravatar.com\/avatar\/6ddceb80eb734354635539e0ea5140bb7c41e42de7c45c9a2ab9921b5d5c9a83?s=96&d=mm&r=g","caption":"Simon Gr\u00f6flin"},"url":"https:\/\/news.save.ch\/it\/author\/simon-groeflin\/"}]}},"_links":{"self":[{"href":"https:\/\/news.save.ch\/it\/wp-json\/wp\/v2\/posts\/8382","targetHints":{"allow":["GET"]}}],"collection":[{"href":"https:\/\/news.save.ch\/it\/wp-json\/wp\/v2\/posts"}],"about":[{"href":"https:\/\/news.save.ch\/it\/wp-json\/wp\/v2\/types\/post"}],"author":[{"embeddable":true,"href":"https:\/\/news.save.ch\/it\/wp-json\/wp\/v2\/users\/9"}],"replies":[{"embeddable":true,"href":"https:\/\/news.save.ch\/it\/wp-json\/wp\/v2\/comments?post=8382"}],"version-history":[{"count":3,"href":"https:\/\/news.save.ch\/it\/wp-json\/wp\/v2\/posts\/8382\/revisions"}],"predecessor-version":[{"id":20644,"href":"https:\/\/news.save.ch\/it\/wp-json\/wp\/v2\/posts\/8382\/revisions\/20644"}],"wp:featuredmedia":[{"embeddable":true,"href":"https:\/\/news.save.ch\/it\/wp-json\/wp\/v2\/media\/8384"}],"wp:attachment":[{"href":"https:\/\/news.save.ch\/it\/wp-json\/wp\/v2\/media?parent=8382"}],"wp:term":[{"taxonomy":"category","embeddable":true,"href":"https:\/\/news.save.ch\/it\/wp-json\/wp\/v2\/categories?post=8382"},{"taxonomy":"post_tag","embeddable":true,"href":"https:\/\/news.save.ch\/it\/wp-json\/wp\/v2\/tags?post=8382"}],"curies":[{"name":"wp","href":"https:\/\/api.w.org\/{rel}","templated":true}]}}