{"id":8406,"date":"2019-07-25T09:37:36","date_gmt":"2019-07-25T07:37:36","guid":{"rendered":"https:\/\/news.save.ch\/?p=8406"},"modified":"2023-03-14T08:56:45","modified_gmt":"2023-03-14T07:56:45","slug":"it-security-2019-eine-zwischenbilanz-aus-fuenf-perspektiven","status":null,"type":"post","link":"https:\/\/news.save.ch\/it\/it-security-2019-eine-zwischenbilanz-aus-fuenf-perspektiven\/","title":{"rendered":"Sicurezza informatica 2019: valutazione intermedia da cinque punti di vista"},"content":{"rendered":"<figure id=\"attachment_8407\" aria-describedby=\"caption-attachment-8407\" style=\"width: 680px\" class=\"wp-caption aligncenter\"><img loading=\"lazy\" decoding=\"async\" class=\"size-medium wp-image-8407\" src=\"https:\/\/news.save.ch\/wp-content\/uploads\/2019\/07\/zwischenbilanz_Depositphotos.jpg\" alt=\"\" width=\"680\" height=\"314\" \/><figcaption id=\"caption-attachment-8407\" class=\"wp-caption-text\">depositphotos, buchachon_photo<\/figcaption><\/figure>\n<p>A causa di attacchi informatici, ransomware e violazioni di dati, da gennaio ad aprile 2019, circa <a href=\"https:\/\/www.itgovernance.co.uk\/blog\/list-of-data-breaches-and-cyber-attacks-in-april-2019-1-34-billion-records-leaked\">5,9 miliardi di euro<\/a> Record di dati esposti. Ormai quasi tutti gli utenti privati ricevono e-mail di ricatto da parte di criminali informatici perch\u00e9 sono in possesso della loro password o del loro indirizzo e-mail. Che si tratti di sanit\u00e0, industria automobilistica, settore pubblico, commercio al dettaglio o settore informatico: anche le aziende di ogni settore sono oggi sotto attacco. Sia il ransomware che la cyber-assicurazione sono cresciuti in modo significativo. Secondo <a href=\"https:\/\/securitytoday.com\/articles\/2018\/07\/17\/the-average-cost-of-a-data-breach.aspx\">Ponemon<\/a> il costo medio globale di una violazione dei dati nel 2018 \u00e8 stato di 3,86 milioni di dollari, con un aumento del 6,4% rispetto all'anno precedente. Il tempo medio per rilevare una violazione dei dati \u00e8 di oltre 100 giorni. Ma se si riesce a tenerlo sotto controllo entro un mese si risparmia molto denaro.<\/p>\n<p><strong>Cloud computing<\/strong><\/p>\n<p>Secondo il <a href=\"https:\/\/blogs.flexera.com\/cloud\/cloud-industry-insights\/cloud-computing-trends-2019-state-of-the-cloud-survey\/\">Sondaggio RightScale 2019 sullo stato del cloud<\/a> L'84% delle aziende ha una strategia multi-cloud. L'accettazione dei cloud pubblici \u00e8 in costante crescita, attualmente al 91%. Rispetto al 2018, le aziende prevedono di spendere il 24% in pi\u00f9 per loro quest'anno. Il numero di cloud utilizzati per azienda \u00e8 passato da tre a cinque. Ci\u00f2 significa che non si tratta pi\u00f9 di decidere se utilizzare il cloud, ma solo di una questione di gestione e di costi. Ma: <a href=\"https:\/\/devcentral.f5.com\/s\/articles\/the-cloud-is-still-a-datacenter-somewhere\">Il cloud ha ancora bisogno di un centro dati<\/a>. Il settore \u00e8 in crescita perch\u00e9 vi vengono trasferiti sempre pi\u00f9 dati.<\/p>\n<p><strong>Sistema dei nomi di dominio (DNS)<\/strong><\/p>\n<p>Il DNS \u00e8 uno dei componenti pi\u00f9 importanti - e pi\u00f9 vulnerabili - di Internet. <a href=\"https:\/\/www.efficientip.com\/resources\/idc-dns-threat-report-2019\/\">EfficientIP<\/a> in collaborazione con IDC, ha sviluppato il programma <a href=\"https:\/\/www.techrepublic.com\/article\/how-organizations-can-better-defend-against-dns-attacks\/\">Rapporto sulle minacce DNS globali<\/a> 2019 pubblicato. L'anno scorso gli attacchi DNS sono aumentati del 34%. L'82% delle aziende \u00e8 stato esposto a un attacco di questo tipo, con una media di nove attacchi DNS per azienda. <a href=\"https:\/\/bwcio.businessworld.in\/article\/Average-DNS-Attack-Cost-Rises-by-19-to-814-150-in-APAC\/28-06-2019-172519\/\">Il 63% ha registrato fallimenti nelle applicazioni<\/a> a causa dell'attacco e il 27% ha addirittura perso l'attivit\u00e0. I costi degli attacchi alle app sono aumentati del 49% ed \u00e8 stata superata la soglia di 1 milione di dollari di danni per attacco. I metodi pi\u00f9 comuni includono il phishing (47%), gli attacchi basati su malware (39%) e DDoS (30%).<\/p>\n<p><strong>Dispositivi mobili<\/strong><\/p>\n<p>La mobilit\u00e0 offre molte opportunit\u00e0 alle aziende, ma comporta anche delle sfide. Il mercato per <a href=\"https:\/\/news.save.ch\/it\/sechs-tipps-fuer-ein-sicheres-byod-konzept\/\">BYOD<\/a> sar\u00e0 fino a <a href=\"https:\/\/www.forbes.com\/sites\/lilachbullock\/2019\/01\/21\/the-future-of-byod-statistics-predictions-and-best-practices-to-prep-for-the-future\/#1516377c1f30\">2022 a 367 miliardi di dollari USA<\/a> sono in aumento. Presto i dipendenti andranno in ufficio con abiti collegati in rete. <a href=\"https:\/\/www.computerweekly.com\/news\/450422345\/Mobile-operators-must-act-soon-as-5G-business-models-emerge\">5G<\/a>AR, pagamenti mobili, API, aumento delle app istantanee o on-demand e, auspicabilmente, una maggiore <a href=\"https:\/\/skywell.software\/blog\/future-of-mobile-apps\/\">Focus sulla sicurezza<\/a> - tutto questo gioca un ruolo importante.<\/p>\n<p><strong>Bot<\/strong><\/p>\n<p>Circa la met\u00e0 di tutto il traffico internet ha a che fare con i bot. Ci sono bot buoni, per cos\u00ec dire, come i motori di ricerca, i crawler o le chat, ma ci sono anche i cattivi che effettuano attacchi DDoS, furti di account, frodi pubblicitarie, attacchi di forza bruta o altre violenze. Questi possono avere un impatto sui dati aziendali, costare denaro, causare interruzioni, generare traffico indesiderato o interrompere in altro modo l'attivit\u00e0. Pertanto, le aziende dovrebbero sviluppare una strategia di gestione dei bot.<\/p>\n<p><strong>Conclusione<\/strong><\/p>\n<p>Nel settore della sicurezza informatica si registrano molte tendenze negative dovute a nuove e maggiori minacce, ma anche sviluppi positivi nelle misure di protezione. Se il bicchiere \u00e8 mezzo pieno o mezzo vuoto dipende dalla prospettiva di ognuno. Ma la seconda met\u00e0 del 2019 porter\u00e0 anche altre sorprese, incertezze e soluzioni. Perch\u00e9 la competizione tra criminali informatici ed esperti di sicurezza continuer\u00e0 anche in futuro.<\/p>","protected":false},"excerpt":{"rendered":"<p>Durch Cyberangriffe, Ransomware und Datenschutz-Verletzungen wurden von Januar bis April 2019 etwa 5,9 Milliarden Datens\u00e4tze offengelegt. Fast jeder Privatnutzer erh\u00e4lt inzwischen Erpressungs-Mails von Cyberkriminellen, weil sie im Besitz seines Passworts oder der E-Mail-Adresse seien. Ob Gesundheitswesen, Automobilbranche, \u00f6ffentliche Hand, Einzelhandel oder IT-Sektor: Auch Unternehmen jeder Branche werden heute angegriffen. Sowohl L\u00f6segeldzahlungen als auch Cyberversicherungen wuchsen [&hellip;]<\/p>\n","protected":false},"author":8,"featured_media":8411,"comment_status":"open","ping_status":"open","sticky":false,"template":"","format":"standard","meta":{"_acf_changed":false,"pgc_sgb_lightbox_settings":"","footnotes":""},"categories":[3313],"tags":[63],"class_list":["post-8406","post","type-post","status-publish","format-standard","has-post-thumbnail","hentry","category-digitalisierung","tag-it-security"],"acf":[],"hkrextid":null,"publication":null,"issue":null,"workflow":null,"startPage":null,"spitzmarke":null,"_posts_by_tag_page_fields":{"widget_title":"","widget_tags":""},"_at_widget":"1","_yoast_wpseo_primary_category":"2","_yoast_wpseo_focuskw_text_input":"IT-Security","_yoast_wpseo_opengraph-image":null,"_yoast_wpseo_opengraph-description":null,"_yoast_wpseo_opengraph-title":null,"enclosure":null,"_yoast_wpseo_twitter-title":null,"_yoast_wpseo_twitter-description":null,"_yoast_wpseo_twitter-image":null,"_wp_old_slug":null,"_yoast_wpseo_title":null,"_yoast_wpseo_canonical":null,"yoast_head":"<!-- This site is optimized with the Yoast SEO plugin v27.5 - https:\/\/yoast.com\/product\/yoast-seo-wordpress\/ -->\n<title>IT-Security 2019: Zwischenbilanz aus f\u00fcnf Perspektiven - Save<\/title>\n<meta name=\"robots\" content=\"index, follow, max-snippet:-1, max-image-preview:large, max-video-preview:-1\" \/>\n<link rel=\"canonical\" href=\"https:\/\/news.save.ch\/it\/it-security-2019-eine-zwischenbilanz-aus-fuenf-perspektiven\/\" \/>\n<meta property=\"og:locale\" content=\"it_IT\" \/>\n<meta property=\"og:type\" content=\"article\" \/>\n<meta property=\"og:title\" content=\"IT-Security 2019: Zwischenbilanz aus f\u00fcnf Perspektiven - Save\" \/>\n<meta property=\"og:description\" content=\"Durch Cyberangriffe, Ransomware und Datenschutz-Verletzungen wurden von Januar bis April 2019 etwa 5,9 Milliarden Datens\u00e4tze offengelegt. Fast jeder Privatnutzer erh\u00e4lt inzwischen Erpressungs-Mails von Cyberkriminellen, weil sie im Besitz seines Passworts oder der E-Mail-Adresse seien. Ob Gesundheitswesen, Automobilbranche, \u00f6ffentliche Hand, Einzelhandel oder IT-Sektor: Auch Unternehmen jeder Branche werden heute angegriffen. Sowohl L\u00f6segeldzahlungen als auch Cyberversicherungen wuchsen [&hellip;]\" \/>\n<meta property=\"og:url\" content=\"https:\/\/news.save.ch\/it\/it-security-2019-eine-zwischenbilanz-aus-fuenf-perspektiven\/\" \/>\n<meta property=\"og:site_name\" content=\"Save\" \/>\n<meta property=\"article:published_time\" content=\"2019-07-25T07:37:36+00:00\" \/>\n<meta property=\"article:modified_time\" content=\"2023-03-14T07:56:45+00:00\" \/>\n<meta property=\"og:image\" content=\"https:\/\/news.save.ch\/wp-content\/uploads\/2019\/07\/zwischenbilanz_Depositphotos_bearbeitet-1.jpg\" \/>\n\t<meta property=\"og:image:width\" content=\"1358\" \/>\n\t<meta property=\"og:image:height\" content=\"917\" \/>\n\t<meta property=\"og:image:type\" content=\"image\/jpeg\" \/>\n<meta name=\"author\" content=\"Roger Str\u00e4ssle\" \/>\n<meta name=\"twitter:card\" content=\"summary_large_image\" \/>\n<meta name=\"twitter:label1\" content=\"Scritto da\" \/>\n\t<meta name=\"twitter:data1\" content=\"Roger Str\u00e4ssle\" \/>\n\t<meta name=\"twitter:label2\" content=\"Tempo di lettura stimato\" \/>\n\t<meta name=\"twitter:data2\" content=\"3 minuti\" \/>\n<script type=\"application\/ld+json\" class=\"yoast-schema-graph\">{\"@context\":\"https:\\\/\\\/schema.org\",\"@graph\":[{\"@type\":\"Article\",\"@id\":\"https:\\\/\\\/news.save.ch\\\/it-security-2019-eine-zwischenbilanz-aus-fuenf-perspektiven\\\/#article\",\"isPartOf\":{\"@id\":\"https:\\\/\\\/news.save.ch\\\/it-security-2019-eine-zwischenbilanz-aus-fuenf-perspektiven\\\/\"},\"author\":{\"name\":\"Roger Str\u00e4ssle\",\"@id\":\"https:\\\/\\\/news.save.ch\\\/de\\\/#\\\/schema\\\/person\\\/d5022db048e0e2b9785c50e5b24da5aa\"},\"headline\":\"IT-Security 2019: Zwischenbilanz aus f\u00fcnf Perspektiven\",\"datePublished\":\"2019-07-25T07:37:36+00:00\",\"dateModified\":\"2023-03-14T07:56:45+00:00\",\"mainEntityOfPage\":{\"@id\":\"https:\\\/\\\/news.save.ch\\\/it-security-2019-eine-zwischenbilanz-aus-fuenf-perspektiven\\\/\"},\"wordCount\":519,\"commentCount\":0,\"publisher\":{\"@id\":\"https:\\\/\\\/news.save.ch\\\/de\\\/#organization\"},\"image\":{\"@id\":\"https:\\\/\\\/news.save.ch\\\/it-security-2019-eine-zwischenbilanz-aus-fuenf-perspektiven\\\/#primaryimage\"},\"thumbnailUrl\":\"https:\\\/\\\/news.save.ch\\\/wp-content\\\/uploads\\\/2019\\\/07\\\/zwischenbilanz_Depositphotos_bearbeitet-1.jpg\",\"keywords\":[\"IT-SECURITY\"],\"articleSection\":[\"DIGITALISIERUNG\"],\"inLanguage\":\"it-IT\"},{\"@type\":\"WebPage\",\"@id\":\"https:\\\/\\\/news.save.ch\\\/it-security-2019-eine-zwischenbilanz-aus-fuenf-perspektiven\\\/\",\"url\":\"https:\\\/\\\/news.save.ch\\\/it-security-2019-eine-zwischenbilanz-aus-fuenf-perspektiven\\\/\",\"name\":\"IT-Security 2019: Zwischenbilanz aus f\u00fcnf Perspektiven - Save\",\"isPartOf\":{\"@id\":\"https:\\\/\\\/news.save.ch\\\/de\\\/#website\"},\"primaryImageOfPage\":{\"@id\":\"https:\\\/\\\/news.save.ch\\\/it-security-2019-eine-zwischenbilanz-aus-fuenf-perspektiven\\\/#primaryimage\"},\"image\":{\"@id\":\"https:\\\/\\\/news.save.ch\\\/it-security-2019-eine-zwischenbilanz-aus-fuenf-perspektiven\\\/#primaryimage\"},\"thumbnailUrl\":\"https:\\\/\\\/news.save.ch\\\/wp-content\\\/uploads\\\/2019\\\/07\\\/zwischenbilanz_Depositphotos_bearbeitet-1.jpg\",\"datePublished\":\"2019-07-25T07:37:36+00:00\",\"dateModified\":\"2023-03-14T07:56:45+00:00\",\"breadcrumb\":{\"@id\":\"https:\\\/\\\/news.save.ch\\\/it-security-2019-eine-zwischenbilanz-aus-fuenf-perspektiven\\\/#breadcrumb\"},\"inLanguage\":\"it-IT\",\"potentialAction\":[{\"@type\":\"ReadAction\",\"target\":[\"https:\\\/\\\/news.save.ch\\\/it-security-2019-eine-zwischenbilanz-aus-fuenf-perspektiven\\\/\"]}]},{\"@type\":\"ImageObject\",\"inLanguage\":\"it-IT\",\"@id\":\"https:\\\/\\\/news.save.ch\\\/it-security-2019-eine-zwischenbilanz-aus-fuenf-perspektiven\\\/#primaryimage\",\"url\":\"https:\\\/\\\/news.save.ch\\\/wp-content\\\/uploads\\\/2019\\\/07\\\/zwischenbilanz_Depositphotos_bearbeitet-1.jpg\",\"contentUrl\":\"https:\\\/\\\/news.save.ch\\\/wp-content\\\/uploads\\\/2019\\\/07\\\/zwischenbilanz_Depositphotos_bearbeitet-1.jpg\",\"width\":1358,\"height\":917,\"caption\":\"Businessman and the cloud computing concept and business network\"},{\"@type\":\"BreadcrumbList\",\"@id\":\"https:\\\/\\\/news.save.ch\\\/it-security-2019-eine-zwischenbilanz-aus-fuenf-perspektiven\\\/#breadcrumb\",\"itemListElement\":[{\"@type\":\"ListItem\",\"position\":1,\"name\":\"Home\",\"item\":\"https:\\\/\\\/news.save.ch\\\/de\\\/\"},{\"@type\":\"ListItem\",\"position\":2,\"name\":\"IT-Security 2019: Zwischenbilanz aus f\u00fcnf Perspektiven\"}]},{\"@type\":\"WebSite\",\"@id\":\"https:\\\/\\\/news.save.ch\\\/de\\\/#website\",\"url\":\"https:\\\/\\\/news.save.ch\\\/de\\\/\",\"name\":\"Save\",\"description\":\"Schweizer Fachzeitschrift f\u00fcr Sicherheit\",\"publisher\":{\"@id\":\"https:\\\/\\\/news.save.ch\\\/de\\\/#organization\"},\"potentialAction\":[{\"@type\":\"SearchAction\",\"target\":{\"@type\":\"EntryPoint\",\"urlTemplate\":\"https:\\\/\\\/news.save.ch\\\/de\\\/?s={search_term_string}\"},\"query-input\":{\"@type\":\"PropertyValueSpecification\",\"valueRequired\":true,\"valueName\":\"search_term_string\"}}],\"inLanguage\":\"it-IT\"},{\"@type\":\"Organization\",\"@id\":\"https:\\\/\\\/news.save.ch\\\/de\\\/#organization\",\"name\":\"Sicherheitsforum\",\"url\":\"https:\\\/\\\/news.save.ch\\\/de\\\/\",\"logo\":{\"@type\":\"ImageObject\",\"inLanguage\":\"it-IT\",\"@id\":\"https:\\\/\\\/news.save.ch\\\/de\\\/#\\\/schema\\\/logo\\\/image\\\/\",\"url\":\"https:\\\/\\\/news.save.ch\\\/wp-content\\\/uploads\\\/2022\\\/06\\\/Logo_SF_2012.png\",\"contentUrl\":\"https:\\\/\\\/news.save.ch\\\/wp-content\\\/uploads\\\/2022\\\/06\\\/Logo_SF_2012.png\",\"width\":1100,\"height\":91,\"caption\":\"Sicherheitsforum\"},\"image\":{\"@id\":\"https:\\\/\\\/news.save.ch\\\/de\\\/#\\\/schema\\\/logo\\\/image\\\/\"}},{\"@type\":\"Person\",\"@id\":\"https:\\\/\\\/news.save.ch\\\/de\\\/#\\\/schema\\\/person\\\/d5022db048e0e2b9785c50e5b24da5aa\",\"name\":\"Roger Str\u00e4ssle\",\"image\":{\"@type\":\"ImageObject\",\"inLanguage\":\"it-IT\",\"@id\":\"https:\\\/\\\/secure.gravatar.com\\\/avatar\\\/862a5569d087de48e5856e32f45d719a03804c891d6deb8d4f71a660e79e4a47?s=96&d=mm&r=g\",\"url\":\"https:\\\/\\\/secure.gravatar.com\\\/avatar\\\/862a5569d087de48e5856e32f45d719a03804c891d6deb8d4f71a660e79e4a47?s=96&d=mm&r=g\",\"contentUrl\":\"https:\\\/\\\/secure.gravatar.com\\\/avatar\\\/862a5569d087de48e5856e32f45d719a03804c891d6deb8d4f71a660e79e4a47?s=96&d=mm&r=g\",\"caption\":\"Roger Str\u00e4ssle\"},\"url\":\"https:\\\/\\\/news.save.ch\\\/it\\\/author\\\/roger-straessle\\\/\"}]}<\/script>\n<!-- \/ Yoast SEO plugin. -->","yoast_head_json":{"title":"Sicurezza informatica 2019: valutazione intermedia da cinque prospettive - Save","robots":{"index":"index","follow":"follow","max-snippet":"max-snippet:-1","max-image-preview":"max-image-preview:large","max-video-preview":"max-video-preview:-1"},"canonical":"https:\/\/news.save.ch\/it\/it-security-2019-eine-zwischenbilanz-aus-fuenf-perspektiven\/","og_locale":"it_IT","og_type":"article","og_title":"IT-Security 2019: Zwischenbilanz aus f\u00fcnf Perspektiven - Save","og_description":"Durch Cyberangriffe, Ransomware und Datenschutz-Verletzungen wurden von Januar bis April 2019 etwa 5,9 Milliarden Datens\u00e4tze offengelegt. Fast jeder Privatnutzer erh\u00e4lt inzwischen Erpressungs-Mails von Cyberkriminellen, weil sie im Besitz seines Passworts oder der E-Mail-Adresse seien. Ob Gesundheitswesen, Automobilbranche, \u00f6ffentliche Hand, Einzelhandel oder IT-Sektor: Auch Unternehmen jeder Branche werden heute angegriffen. Sowohl L\u00f6segeldzahlungen als auch Cyberversicherungen wuchsen [&hellip;]","og_url":"https:\/\/news.save.ch\/it\/it-security-2019-eine-zwischenbilanz-aus-fuenf-perspektiven\/","og_site_name":"Save","article_published_time":"2019-07-25T07:37:36+00:00","article_modified_time":"2023-03-14T07:56:45+00:00","og_image":[{"width":1358,"height":917,"url":"https:\/\/news.save.ch\/wp-content\/uploads\/2019\/07\/zwischenbilanz_Depositphotos_bearbeitet-1.jpg","type":"image\/jpeg"}],"author":"Roger Str\u00e4ssle","twitter_card":"summary_large_image","twitter_misc":{"Scritto da":"Roger Str\u00e4ssle","Tempo di lettura stimato":"3 minuti"},"schema":{"@context":"https:\/\/schema.org","@graph":[{"@type":"Article","@id":"https:\/\/news.save.ch\/it-security-2019-eine-zwischenbilanz-aus-fuenf-perspektiven\/#article","isPartOf":{"@id":"https:\/\/news.save.ch\/it-security-2019-eine-zwischenbilanz-aus-fuenf-perspektiven\/"},"author":{"name":"Roger Str\u00e4ssle","@id":"https:\/\/news.save.ch\/de\/#\/schema\/person\/d5022db048e0e2b9785c50e5b24da5aa"},"headline":"IT-Security 2019: Zwischenbilanz aus f\u00fcnf Perspektiven","datePublished":"2019-07-25T07:37:36+00:00","dateModified":"2023-03-14T07:56:45+00:00","mainEntityOfPage":{"@id":"https:\/\/news.save.ch\/it-security-2019-eine-zwischenbilanz-aus-fuenf-perspektiven\/"},"wordCount":519,"commentCount":0,"publisher":{"@id":"https:\/\/news.save.ch\/de\/#organization"},"image":{"@id":"https:\/\/news.save.ch\/it-security-2019-eine-zwischenbilanz-aus-fuenf-perspektiven\/#primaryimage"},"thumbnailUrl":"https:\/\/news.save.ch\/wp-content\/uploads\/2019\/07\/zwischenbilanz_Depositphotos_bearbeitet-1.jpg","keywords":["IT-SECURITY"],"articleSection":["DIGITALISIERUNG"],"inLanguage":"it-IT"},{"@type":"WebPage","@id":"https:\/\/news.save.ch\/it-security-2019-eine-zwischenbilanz-aus-fuenf-perspektiven\/","url":"https:\/\/news.save.ch\/it-security-2019-eine-zwischenbilanz-aus-fuenf-perspektiven\/","name":"Sicurezza informatica 2019: valutazione intermedia da cinque prospettive - Save","isPartOf":{"@id":"https:\/\/news.save.ch\/de\/#website"},"primaryImageOfPage":{"@id":"https:\/\/news.save.ch\/it-security-2019-eine-zwischenbilanz-aus-fuenf-perspektiven\/#primaryimage"},"image":{"@id":"https:\/\/news.save.ch\/it-security-2019-eine-zwischenbilanz-aus-fuenf-perspektiven\/#primaryimage"},"thumbnailUrl":"https:\/\/news.save.ch\/wp-content\/uploads\/2019\/07\/zwischenbilanz_Depositphotos_bearbeitet-1.jpg","datePublished":"2019-07-25T07:37:36+00:00","dateModified":"2023-03-14T07:56:45+00:00","breadcrumb":{"@id":"https:\/\/news.save.ch\/it-security-2019-eine-zwischenbilanz-aus-fuenf-perspektiven\/#breadcrumb"},"inLanguage":"it-IT","potentialAction":[{"@type":"ReadAction","target":["https:\/\/news.save.ch\/it-security-2019-eine-zwischenbilanz-aus-fuenf-perspektiven\/"]}]},{"@type":"ImageObject","inLanguage":"it-IT","@id":"https:\/\/news.save.ch\/it-security-2019-eine-zwischenbilanz-aus-fuenf-perspektiven\/#primaryimage","url":"https:\/\/news.save.ch\/wp-content\/uploads\/2019\/07\/zwischenbilanz_Depositphotos_bearbeitet-1.jpg","contentUrl":"https:\/\/news.save.ch\/wp-content\/uploads\/2019\/07\/zwischenbilanz_Depositphotos_bearbeitet-1.jpg","width":1358,"height":917,"caption":"Businessman and the cloud computing concept and business network"},{"@type":"BreadcrumbList","@id":"https:\/\/news.save.ch\/it-security-2019-eine-zwischenbilanz-aus-fuenf-perspektiven\/#breadcrumb","itemListElement":[{"@type":"ListItem","position":1,"name":"Home","item":"https:\/\/news.save.ch\/de\/"},{"@type":"ListItem","position":2,"name":"IT-Security 2019: Zwischenbilanz aus f\u00fcnf Perspektiven"}]},{"@type":"WebSite","@id":"https:\/\/news.save.ch\/de\/#website","url":"https:\/\/news.save.ch\/de\/","name":"Risparmiare","description":"Rivista svizzera specializzata in sicurezza","publisher":{"@id":"https:\/\/news.save.ch\/de\/#organization"},"potentialAction":[{"@type":"SearchAction","target":{"@type":"EntryPoint","urlTemplate":"https:\/\/news.save.ch\/de\/?s={search_term_string}"},"query-input":{"@type":"PropertyValueSpecification","valueRequired":true,"valueName":"search_term_string"}}],"inLanguage":"it-IT"},{"@type":"Organization","@id":"https:\/\/news.save.ch\/de\/#organization","name":"Forum sulla sicurezza","url":"https:\/\/news.save.ch\/de\/","logo":{"@type":"ImageObject","inLanguage":"it-IT","@id":"https:\/\/news.save.ch\/de\/#\/schema\/logo\/image\/","url":"https:\/\/news.save.ch\/wp-content\/uploads\/2022\/06\/Logo_SF_2012.png","contentUrl":"https:\/\/news.save.ch\/wp-content\/uploads\/2022\/06\/Logo_SF_2012.png","width":1100,"height":91,"caption":"Sicherheitsforum"},"image":{"@id":"https:\/\/news.save.ch\/de\/#\/schema\/logo\/image\/"}},{"@type":"Person","@id":"https:\/\/news.save.ch\/de\/#\/schema\/person\/d5022db048e0e2b9785c50e5b24da5aa","name":"Roger Str\u00e4ssle","image":{"@type":"ImageObject","inLanguage":"it-IT","@id":"https:\/\/secure.gravatar.com\/avatar\/862a5569d087de48e5856e32f45d719a03804c891d6deb8d4f71a660e79e4a47?s=96&d=mm&r=g","url":"https:\/\/secure.gravatar.com\/avatar\/862a5569d087de48e5856e32f45d719a03804c891d6deb8d4f71a660e79e4a47?s=96&d=mm&r=g","contentUrl":"https:\/\/secure.gravatar.com\/avatar\/862a5569d087de48e5856e32f45d719a03804c891d6deb8d4f71a660e79e4a47?s=96&d=mm&r=g","caption":"Roger Str\u00e4ssle"},"url":"https:\/\/news.save.ch\/it\/author\/roger-straessle\/"}]}},"_links":{"self":[{"href":"https:\/\/news.save.ch\/it\/wp-json\/wp\/v2\/posts\/8406","targetHints":{"allow":["GET"]}}],"collection":[{"href":"https:\/\/news.save.ch\/it\/wp-json\/wp\/v2\/posts"}],"about":[{"href":"https:\/\/news.save.ch\/it\/wp-json\/wp\/v2\/types\/post"}],"author":[{"embeddable":true,"href":"https:\/\/news.save.ch\/it\/wp-json\/wp\/v2\/users\/8"}],"replies":[{"embeddable":true,"href":"https:\/\/news.save.ch\/it\/wp-json\/wp\/v2\/comments?post=8406"}],"version-history":[{"count":1,"href":"https:\/\/news.save.ch\/it\/wp-json\/wp\/v2\/posts\/8406\/revisions"}],"predecessor-version":[{"id":17383,"href":"https:\/\/news.save.ch\/it\/wp-json\/wp\/v2\/posts\/8406\/revisions\/17383"}],"wp:featuredmedia":[{"embeddable":true,"href":"https:\/\/news.save.ch\/it\/wp-json\/wp\/v2\/media\/8411"}],"wp:attachment":[{"href":"https:\/\/news.save.ch\/it\/wp-json\/wp\/v2\/media?parent=8406"}],"wp:term":[{"taxonomy":"category","embeddable":true,"href":"https:\/\/news.save.ch\/it\/wp-json\/wp\/v2\/categories?post=8406"},{"taxonomy":"post_tag","embeddable":true,"href":"https:\/\/news.save.ch\/it\/wp-json\/wp\/v2\/tags?post=8406"}],"curies":[{"name":"wp","href":"https:\/\/api.w.org\/{rel}","templated":true}]}}