{"id":8460,"date":"2019-08-08T16:27:39","date_gmt":"2019-08-08T14:27:39","guid":{"rendered":"https:\/\/news.save.ch\/?p=8460"},"modified":"2019-08-08T16:27:39","modified_gmt":"2019-08-08T14:27:39","slug":"swissbau-mit-sicherheitsthemen","status":null,"type":"post","link":"https:\/\/news.save.ch\/it\/swissbau-mit-sicherheitsthemen\/","title":{"rendered":"Swissbau con temi di sicurezza"},"content":{"rendered":"<figure id=\"attachment_8461\" aria-describedby=\"caption-attachment-8461\" style=\"width: 680px\" class=\"wp-caption aligncenter\"><img loading=\"lazy\" decoding=\"async\" class=\"wp-image-8461 size-medium\" src=\"https:\/\/news.save.ch\/wp-content\/uploads\/2019\/08\/06_Bild_1_Swissbau-scaled-1.jpg\" alt=\"Congresso sulla sicurezza\" width=\"680\" height=\"453\" \/><figcaption id=\"caption-attachment-8461\" class=\"wp-caption-text\">Foto: R. Str\u00e4ssle<\/figcaption><\/figure>\n<p>\"Bring it all together\": questo \u00e8 lo slogan della fiera Swissbau, che si terr\u00e0 a Basilea dal 14 al 18 gennaio 2020. In questo evento, il pi\u00f9 grande dell'industria edilizia e immobiliare in Svizzera, verr\u00e0 offerta una grande variet\u00e0 di argomenti: nei forum di discussione, ma anche dagli oltre 1.000 espositori.<\/p>\n<p>Questa volta il tema della sicurezza sar\u00e0 sempre pi\u00f9 rappresentato, perch\u00e9, come \u00e8 noto, la tradizionale fiera della sicurezza con congresso commerciale non si terr\u00e0 pi\u00f9 a Zurigo, ma sar\u00e0 integrata nella Swissbau, ampliata dal punto di vista tematico (per saperne di pi\u00f9 sulla precedente storia <a href=\"https:\/\/news.save.ch\/it\/sicherheit-und-ineltec-eine-neue-heimat-fuer-das-gescheiterte-messeduo\/\">qui<\/a>). La sicurezza degli edifici e la protezione antincendio sono quindi ancora pi\u00f9 rappresentate in questo grande evento.<\/p>\n<p><strong>Cinque moduli di mezza giornata con argomenti di sicurezza<\/strong><\/p>\n<p>Il Security Congress 2020 di Basilea si articola in cinque moduli di mezza giornata:<\/p>\n<ul>\n<li>Marted\u00ec pomeriggio, 14 gennaio, Situazione delle minacce: tendenze e misure attuali<\/li>\n<li>Mercoled\u00ec mattina, 15 gennaio, Progettazione e sicurezza degli edifici: tutta routine?<\/li>\n<li>Mercoled\u00ec pomeriggio, 15 gennaio, Garanzia di qualit\u00e0 e responsabilit\u00e0 nella protezione antincendio<\/li>\n<li>Gioved\u00ec mattina, 16 gennaio, Innovazioni nella sicurezza degli edifici<\/li>\n<li>Gioved\u00ec pomeriggio, 16 gennaio, Protezione antincendio: argomenti selezionati<\/li>\n<\/ul>\n<p>Le organizzazioni patrocinanti sono FGST Swiss Engineering, SES, SFPE, SGAS, SSI, VBSF, VBSF-Altmeister, VKF, VSSB e lo Swiss Safety Center.<\/p>\n<p>I relatori presentano le sfide attuali con i relativi approcci alle soluzioni nei loro argomenti principali. Chi \u00e8 interessato alla sicurezza trae vantaggio da queste conoscenze pratiche e dallo scambio tra esperti. Inoltre, la visita a Swissbau 2020 a Basilea pu\u00f2 essere combinata con una formazione riconosciuta nel campo della sicurezza.<\/p>\n<p><em>Per ulteriori informazioni sul <a href=\"https:\/\/save.ch\/events\/sicherheitskongress-01-2020\/\">Congresso sulla sicurezza\u00a0<\/a><\/em><\/p>\n<p><em>Per ulteriori informazioni sul <a href=\"https:\/\/www.swissbau.ch\">Swissbau<\/a>\u00a0<\/em><\/p>\n<figure id=\"attachment_8475\" aria-describedby=\"caption-attachment-8475\" style=\"width: 600px\" class=\"wp-caption aligncenter\"><img loading=\"lazy\" decoding=\"async\" class=\"wp-image-8475 size-full\" src=\"https:\/\/news.save.ch\/wp-content\/uploads\/2019\/08\/swissbau.jpg\" alt=\"Congresso sulla sicurezza\" width=\"600\" height=\"382\" srcset=\"https:\/\/news.save.ch\/wp-content\/uploads\/2019\/08\/swissbau.jpg 600w, https:\/\/news.save.ch\/wp-content\/uploads\/2019\/08\/swissbau-375x239.jpg 375w\" sizes=\"auto, (max-width: 600px) 100vw, 600px\" \/><figcaption id=\"caption-attachment-8475\" class=\"wp-caption-text\">La panoramica mostra dove si trovano i temi della sicurezza in Swissbau. \u00a9 Swissbau<\/figcaption><\/figure>","protected":false},"excerpt":{"rendered":"<p>\u00abBringt alles zusammen\u00bb \u2013 so der Slogan der Messe Swissbau, die vom 14. bis 18. Januar 2020 in Basel durchgef\u00fchrt wird. Und wahrlich, an diesem gr\u00f6ssten Anlass der Bau- und Immobilienwirtschaft in der Schweiz wird eine grosse Themenvielfalt geboten: in Diskussionsforen, aber auch von den \u00fcber 1000 Ausstellern. Verst\u00e4rkt wird diesmal das Thema Sicherheit vertreten [&hellip;]<\/p>\n","protected":false},"author":8,"featured_media":8461,"comment_status":"open","ping_status":"open","sticky":false,"template":"","format":"standard","meta":{"_acf_changed":false,"pgc_sgb_lightbox_settings":"","footnotes":""},"categories":[1],"tags":[191,160],"class_list":["post-8460","post","type-post","status-publish","format-standard","has-post-thumbnail","hentry","category-allgemein","tag-sicherheitsmesse","tag-veranstaltungen"],"acf":[],"hkrextid":null,"publication":null,"issue":null,"workflow":null,"startPage":null,"spitzmarke":null,"_posts_by_tag_page_fields":{"widget_title":"","widget_tags":""},"_at_widget":"1","_yoast_wpseo_primary_category":"1","_yoast_wpseo_focuskw_text_input":"Sicherheitskongress","_yoast_wpseo_opengraph-image":null,"_yoast_wpseo_opengraph-description":null,"_yoast_wpseo_opengraph-title":null,"enclosure":null,"_yoast_wpseo_twitter-title":null,"_yoast_wpseo_twitter-description":null,"_yoast_wpseo_twitter-image":null,"_wp_old_slug":null,"_yoast_wpseo_title":null,"_yoast_wpseo_canonical":null,"yoast_head":"<!-- This site is optimized with the Yoast SEO plugin v27.5 - https:\/\/yoast.com\/product\/yoast-seo-wordpress\/ -->\n<title>Swissbau mit Sicherheitsthemen - Save<\/title>\n<meta name=\"description\" content=\"Die Swissbau 2020 hat ihr Themenspektrum erweitert \u2013 der Sicherheitskongress ist Teil davon. Die Themen sind bereits bekannt.\" \/>\n<meta name=\"robots\" content=\"index, follow, max-snippet:-1, max-image-preview:large, max-video-preview:-1\" \/>\n<link rel=\"canonical\" href=\"https:\/\/news.save.ch\/it\/swissbau-mit-sicherheitsthemen\/\" \/>\n<meta property=\"og:locale\" content=\"it_IT\" \/>\n<meta property=\"og:type\" content=\"article\" \/>\n<meta property=\"og:title\" content=\"Swissbau mit Sicherheitsthemen - Save\" \/>\n<meta property=\"og:description\" content=\"Die Swissbau 2020 hat ihr Themenspektrum erweitert \u2013 der Sicherheitskongress ist Teil davon. Die Themen sind bereits bekannt.\" \/>\n<meta property=\"og:url\" content=\"https:\/\/news.save.ch\/it\/swissbau-mit-sicherheitsthemen\/\" \/>\n<meta property=\"og:site_name\" content=\"Save\" \/>\n<meta property=\"article:published_time\" content=\"2019-08-08T14:27:39+00:00\" \/>\n<meta property=\"og:image\" content=\"https:\/\/news.save.ch\/wp-content\/uploads\/2019\/08\/06_Bild_1_Swissbau-scaled-1-scaled.jpg\" \/>\n\t<meta property=\"og:image:width\" content=\"1400\" \/>\n\t<meta property=\"og:image:height\" content=\"934\" \/>\n\t<meta property=\"og:image:type\" content=\"image\/jpeg\" \/>\n<meta name=\"author\" content=\"Roger Str\u00e4ssle\" \/>\n<meta name=\"twitter:card\" content=\"summary_large_image\" \/>\n<meta name=\"twitter:label1\" content=\"Scritto da\" \/>\n\t<meta name=\"twitter:data1\" content=\"Roger Str\u00e4ssle\" \/>\n\t<meta name=\"twitter:label2\" content=\"Tempo di lettura stimato\" \/>\n\t<meta name=\"twitter:data2\" content=\"1 minuto\" \/>\n<script type=\"application\/ld+json\" class=\"yoast-schema-graph\">{\"@context\":\"https:\\\/\\\/schema.org\",\"@graph\":[{\"@type\":\"Article\",\"@id\":\"https:\\\/\\\/news.save.ch\\\/swissbau-mit-sicherheitsthemen\\\/#article\",\"isPartOf\":{\"@id\":\"https:\\\/\\\/news.save.ch\\\/swissbau-mit-sicherheitsthemen\\\/\"},\"author\":{\"name\":\"Roger Str\u00e4ssle\",\"@id\":\"https:\\\/\\\/news.save.ch\\\/de\\\/#\\\/schema\\\/person\\\/d5022db048e0e2b9785c50e5b24da5aa\"},\"headline\":\"Swissbau mit Sicherheitsthemen\",\"datePublished\":\"2019-08-08T14:27:39+00:00\",\"mainEntityOfPage\":{\"@id\":\"https:\\\/\\\/news.save.ch\\\/swissbau-mit-sicherheitsthemen\\\/\"},\"wordCount\":249,\"commentCount\":0,\"publisher\":{\"@id\":\"https:\\\/\\\/news.save.ch\\\/de\\\/#organization\"},\"image\":{\"@id\":\"https:\\\/\\\/news.save.ch\\\/swissbau-mit-sicherheitsthemen\\\/#primaryimage\"},\"thumbnailUrl\":\"https:\\\/\\\/news.save.ch\\\/wp-content\\\/uploads\\\/2019\\\/08\\\/06_Bild_1_Swissbau-scaled-1-scaled.jpg\",\"keywords\":[\"Sicherheitsmesse\",\"Veranstaltungen\"],\"articleSection\":[\"ALLGEMEIN\"],\"inLanguage\":\"it-IT\"},{\"@type\":\"WebPage\",\"@id\":\"https:\\\/\\\/news.save.ch\\\/swissbau-mit-sicherheitsthemen\\\/\",\"url\":\"https:\\\/\\\/news.save.ch\\\/swissbau-mit-sicherheitsthemen\\\/\",\"name\":\"Swissbau mit Sicherheitsthemen - Save\",\"isPartOf\":{\"@id\":\"https:\\\/\\\/news.save.ch\\\/de\\\/#website\"},\"primaryImageOfPage\":{\"@id\":\"https:\\\/\\\/news.save.ch\\\/swissbau-mit-sicherheitsthemen\\\/#primaryimage\"},\"image\":{\"@id\":\"https:\\\/\\\/news.save.ch\\\/swissbau-mit-sicherheitsthemen\\\/#primaryimage\"},\"thumbnailUrl\":\"https:\\\/\\\/news.save.ch\\\/wp-content\\\/uploads\\\/2019\\\/08\\\/06_Bild_1_Swissbau-scaled-1-scaled.jpg\",\"datePublished\":\"2019-08-08T14:27:39+00:00\",\"description\":\"Die Swissbau 2020 hat ihr Themenspektrum erweitert \u2013 der Sicherheitskongress ist Teil davon. Die Themen sind bereits bekannt.\",\"breadcrumb\":{\"@id\":\"https:\\\/\\\/news.save.ch\\\/swissbau-mit-sicherheitsthemen\\\/#breadcrumb\"},\"inLanguage\":\"it-IT\",\"potentialAction\":[{\"@type\":\"ReadAction\",\"target\":[\"https:\\\/\\\/news.save.ch\\\/swissbau-mit-sicherheitsthemen\\\/\"]}]},{\"@type\":\"ImageObject\",\"inLanguage\":\"it-IT\",\"@id\":\"https:\\\/\\\/news.save.ch\\\/swissbau-mit-sicherheitsthemen\\\/#primaryimage\",\"url\":\"https:\\\/\\\/news.save.ch\\\/wp-content\\\/uploads\\\/2019\\\/08\\\/06_Bild_1_Swissbau-scaled-1-scaled.jpg\",\"contentUrl\":\"https:\\\/\\\/news.save.ch\\\/wp-content\\\/uploads\\\/2019\\\/08\\\/06_Bild_1_Swissbau-scaled-1-scaled.jpg\",\"width\":1400,\"height\":934,\"caption\":\"Foto: R. Str\u00e4ssle\"},{\"@type\":\"BreadcrumbList\",\"@id\":\"https:\\\/\\\/news.save.ch\\\/swissbau-mit-sicherheitsthemen\\\/#breadcrumb\",\"itemListElement\":[{\"@type\":\"ListItem\",\"position\":1,\"name\":\"Home\",\"item\":\"https:\\\/\\\/news.save.ch\\\/de\\\/\"},{\"@type\":\"ListItem\",\"position\":2,\"name\":\"Swissbau mit Sicherheitsthemen\"}]},{\"@type\":\"WebSite\",\"@id\":\"https:\\\/\\\/news.save.ch\\\/de\\\/#website\",\"url\":\"https:\\\/\\\/news.save.ch\\\/de\\\/\",\"name\":\"Save\",\"description\":\"Schweizer Fachzeitschrift f\u00fcr Sicherheit\",\"publisher\":{\"@id\":\"https:\\\/\\\/news.save.ch\\\/de\\\/#organization\"},\"potentialAction\":[{\"@type\":\"SearchAction\",\"target\":{\"@type\":\"EntryPoint\",\"urlTemplate\":\"https:\\\/\\\/news.save.ch\\\/de\\\/?s={search_term_string}\"},\"query-input\":{\"@type\":\"PropertyValueSpecification\",\"valueRequired\":true,\"valueName\":\"search_term_string\"}}],\"inLanguage\":\"it-IT\"},{\"@type\":\"Organization\",\"@id\":\"https:\\\/\\\/news.save.ch\\\/de\\\/#organization\",\"name\":\"Sicherheitsforum\",\"url\":\"https:\\\/\\\/news.save.ch\\\/de\\\/\",\"logo\":{\"@type\":\"ImageObject\",\"inLanguage\":\"it-IT\",\"@id\":\"https:\\\/\\\/news.save.ch\\\/de\\\/#\\\/schema\\\/logo\\\/image\\\/\",\"url\":\"https:\\\/\\\/news.save.ch\\\/wp-content\\\/uploads\\\/2022\\\/06\\\/Logo_SF_2012.png\",\"contentUrl\":\"https:\\\/\\\/news.save.ch\\\/wp-content\\\/uploads\\\/2022\\\/06\\\/Logo_SF_2012.png\",\"width\":1100,\"height\":91,\"caption\":\"Sicherheitsforum\"},\"image\":{\"@id\":\"https:\\\/\\\/news.save.ch\\\/de\\\/#\\\/schema\\\/logo\\\/image\\\/\"}},{\"@type\":\"Person\",\"@id\":\"https:\\\/\\\/news.save.ch\\\/de\\\/#\\\/schema\\\/person\\\/d5022db048e0e2b9785c50e5b24da5aa\",\"name\":\"Roger Str\u00e4ssle\",\"image\":{\"@type\":\"ImageObject\",\"inLanguage\":\"it-IT\",\"@id\":\"https:\\\/\\\/secure.gravatar.com\\\/avatar\\\/862a5569d087de48e5856e32f45d719a03804c891d6deb8d4f71a660e79e4a47?s=96&d=mm&r=g\",\"url\":\"https:\\\/\\\/secure.gravatar.com\\\/avatar\\\/862a5569d087de48e5856e32f45d719a03804c891d6deb8d4f71a660e79e4a47?s=96&d=mm&r=g\",\"contentUrl\":\"https:\\\/\\\/secure.gravatar.com\\\/avatar\\\/862a5569d087de48e5856e32f45d719a03804c891d6deb8d4f71a660e79e4a47?s=96&d=mm&r=g\",\"caption\":\"Roger Str\u00e4ssle\"},\"url\":\"https:\\\/\\\/news.save.ch\\\/it\\\/author\\\/roger-straessle\\\/\"}]}<\/script>\n<!-- \/ Yoast SEO plugin. -->","yoast_head_json":{"title":"Swissbau con temi di sicurezza - Salva","description":"Swissbau 2020 ha ampliato la sua gamma di argomenti e il Congresso sulla sicurezza ne fa parte. Gli argomenti sono gi\u00e0 noti.","robots":{"index":"index","follow":"follow","max-snippet":"max-snippet:-1","max-image-preview":"max-image-preview:large","max-video-preview":"max-video-preview:-1"},"canonical":"https:\/\/news.save.ch\/it\/swissbau-mit-sicherheitsthemen\/","og_locale":"it_IT","og_type":"article","og_title":"Swissbau mit Sicherheitsthemen - Save","og_description":"Die Swissbau 2020 hat ihr Themenspektrum erweitert \u2013 der Sicherheitskongress ist Teil davon. Die Themen sind bereits bekannt.","og_url":"https:\/\/news.save.ch\/it\/swissbau-mit-sicherheitsthemen\/","og_site_name":"Save","article_published_time":"2019-08-08T14:27:39+00:00","og_image":[{"width":1400,"height":934,"url":"https:\/\/news.save.ch\/wp-content\/uploads\/2019\/08\/06_Bild_1_Swissbau-scaled-1-scaled.jpg","type":"image\/jpeg"}],"author":"Roger Str\u00e4ssle","twitter_card":"summary_large_image","twitter_misc":{"Scritto da":"Roger Str\u00e4ssle","Tempo di lettura stimato":"1 minuto"},"schema":{"@context":"https:\/\/schema.org","@graph":[{"@type":"Article","@id":"https:\/\/news.save.ch\/swissbau-mit-sicherheitsthemen\/#article","isPartOf":{"@id":"https:\/\/news.save.ch\/swissbau-mit-sicherheitsthemen\/"},"author":{"name":"Roger Str\u00e4ssle","@id":"https:\/\/news.save.ch\/de\/#\/schema\/person\/d5022db048e0e2b9785c50e5b24da5aa"},"headline":"Swissbau mit Sicherheitsthemen","datePublished":"2019-08-08T14:27:39+00:00","mainEntityOfPage":{"@id":"https:\/\/news.save.ch\/swissbau-mit-sicherheitsthemen\/"},"wordCount":249,"commentCount":0,"publisher":{"@id":"https:\/\/news.save.ch\/de\/#organization"},"image":{"@id":"https:\/\/news.save.ch\/swissbau-mit-sicherheitsthemen\/#primaryimage"},"thumbnailUrl":"https:\/\/news.save.ch\/wp-content\/uploads\/2019\/08\/06_Bild_1_Swissbau-scaled-1-scaled.jpg","keywords":["Sicherheitsmesse","Veranstaltungen"],"articleSection":["ALLGEMEIN"],"inLanguage":"it-IT"},{"@type":"WebPage","@id":"https:\/\/news.save.ch\/swissbau-mit-sicherheitsthemen\/","url":"https:\/\/news.save.ch\/swissbau-mit-sicherheitsthemen\/","name":"Swissbau con temi di sicurezza - Salva","isPartOf":{"@id":"https:\/\/news.save.ch\/de\/#website"},"primaryImageOfPage":{"@id":"https:\/\/news.save.ch\/swissbau-mit-sicherheitsthemen\/#primaryimage"},"image":{"@id":"https:\/\/news.save.ch\/swissbau-mit-sicherheitsthemen\/#primaryimage"},"thumbnailUrl":"https:\/\/news.save.ch\/wp-content\/uploads\/2019\/08\/06_Bild_1_Swissbau-scaled-1-scaled.jpg","datePublished":"2019-08-08T14:27:39+00:00","description":"Swissbau 2020 ha ampliato la sua gamma di argomenti e il Congresso sulla sicurezza ne fa parte. Gli argomenti sono gi\u00e0 noti.","breadcrumb":{"@id":"https:\/\/news.save.ch\/swissbau-mit-sicherheitsthemen\/#breadcrumb"},"inLanguage":"it-IT","potentialAction":[{"@type":"ReadAction","target":["https:\/\/news.save.ch\/swissbau-mit-sicherheitsthemen\/"]}]},{"@type":"ImageObject","inLanguage":"it-IT","@id":"https:\/\/news.save.ch\/swissbau-mit-sicherheitsthemen\/#primaryimage","url":"https:\/\/news.save.ch\/wp-content\/uploads\/2019\/08\/06_Bild_1_Swissbau-scaled-1-scaled.jpg","contentUrl":"https:\/\/news.save.ch\/wp-content\/uploads\/2019\/08\/06_Bild_1_Swissbau-scaled-1-scaled.jpg","width":1400,"height":934,"caption":"Foto: R. Str\u00e4ssle"},{"@type":"BreadcrumbList","@id":"https:\/\/news.save.ch\/swissbau-mit-sicherheitsthemen\/#breadcrumb","itemListElement":[{"@type":"ListItem","position":1,"name":"Home","item":"https:\/\/news.save.ch\/de\/"},{"@type":"ListItem","position":2,"name":"Swissbau mit Sicherheitsthemen"}]},{"@type":"WebSite","@id":"https:\/\/news.save.ch\/de\/#website","url":"https:\/\/news.save.ch\/de\/","name":"Risparmiare","description":"Rivista svizzera specializzata in sicurezza","publisher":{"@id":"https:\/\/news.save.ch\/de\/#organization"},"potentialAction":[{"@type":"SearchAction","target":{"@type":"EntryPoint","urlTemplate":"https:\/\/news.save.ch\/de\/?s={search_term_string}"},"query-input":{"@type":"PropertyValueSpecification","valueRequired":true,"valueName":"search_term_string"}}],"inLanguage":"it-IT"},{"@type":"Organization","@id":"https:\/\/news.save.ch\/de\/#organization","name":"Forum sulla sicurezza","url":"https:\/\/news.save.ch\/de\/","logo":{"@type":"ImageObject","inLanguage":"it-IT","@id":"https:\/\/news.save.ch\/de\/#\/schema\/logo\/image\/","url":"https:\/\/news.save.ch\/wp-content\/uploads\/2022\/06\/Logo_SF_2012.png","contentUrl":"https:\/\/news.save.ch\/wp-content\/uploads\/2022\/06\/Logo_SF_2012.png","width":1100,"height":91,"caption":"Sicherheitsforum"},"image":{"@id":"https:\/\/news.save.ch\/de\/#\/schema\/logo\/image\/"}},{"@type":"Person","@id":"https:\/\/news.save.ch\/de\/#\/schema\/person\/d5022db048e0e2b9785c50e5b24da5aa","name":"Roger Str\u00e4ssle","image":{"@type":"ImageObject","inLanguage":"it-IT","@id":"https:\/\/secure.gravatar.com\/avatar\/862a5569d087de48e5856e32f45d719a03804c891d6deb8d4f71a660e79e4a47?s=96&d=mm&r=g","url":"https:\/\/secure.gravatar.com\/avatar\/862a5569d087de48e5856e32f45d719a03804c891d6deb8d4f71a660e79e4a47?s=96&d=mm&r=g","contentUrl":"https:\/\/secure.gravatar.com\/avatar\/862a5569d087de48e5856e32f45d719a03804c891d6deb8d4f71a660e79e4a47?s=96&d=mm&r=g","caption":"Roger Str\u00e4ssle"},"url":"https:\/\/news.save.ch\/it\/author\/roger-straessle\/"}]}},"_links":{"self":[{"href":"https:\/\/news.save.ch\/it\/wp-json\/wp\/v2\/posts\/8460","targetHints":{"allow":["GET"]}}],"collection":[{"href":"https:\/\/news.save.ch\/it\/wp-json\/wp\/v2\/posts"}],"about":[{"href":"https:\/\/news.save.ch\/it\/wp-json\/wp\/v2\/types\/post"}],"author":[{"embeddable":true,"href":"https:\/\/news.save.ch\/it\/wp-json\/wp\/v2\/users\/8"}],"replies":[{"embeddable":true,"href":"https:\/\/news.save.ch\/it\/wp-json\/wp\/v2\/comments?post=8460"}],"version-history":[{"count":0,"href":"https:\/\/news.save.ch\/it\/wp-json\/wp\/v2\/posts\/8460\/revisions"}],"wp:featuredmedia":[{"embeddable":true,"href":"https:\/\/news.save.ch\/it\/wp-json\/wp\/v2\/media\/8461"}],"wp:attachment":[{"href":"https:\/\/news.save.ch\/it\/wp-json\/wp\/v2\/media?parent=8460"}],"wp:term":[{"taxonomy":"category","embeddable":true,"href":"https:\/\/news.save.ch\/it\/wp-json\/wp\/v2\/categories?post=8460"},{"taxonomy":"post_tag","embeddable":true,"href":"https:\/\/news.save.ch\/it\/wp-json\/wp\/v2\/tags?post=8460"}],"curies":[{"name":"wp","href":"https:\/\/api.w.org\/{rel}","templated":true}]}}