{"id":8487,"date":"2022-02-03T09:39:48","date_gmt":"2022-02-03T08:39:48","guid":{"rendered":"https:\/\/news.save.ch\/?p=8487"},"modified":"2023-07-07T22:03:23","modified_gmt":"2023-07-07T20:03:23","slug":"bundesrat-genehmigt-praezisierung-von-arbeits-und-ruhezeitbestimmungen","status":null,"type":"post","link":"https:\/\/news.save.ch\/it\/bundesrat-genehmigt-praezisierung-von-arbeits-und-ruhezeitbestimmungen\/","title":{"rendered":"Il Consiglio federale approva il chiarimento delle disposizioni sull'orario di lavoro e sui periodi di riposo"},"content":{"rendered":"<figure id=\"attachment_8489\" aria-describedby=\"caption-attachment-8489\" style=\"width: 680px\" class=\"wp-caption alignnone\"><img loading=\"lazy\" decoding=\"async\" class=\"wp-image-8489 size-medium\" src=\"http:\/\/develop.safety-plus.ch\/wp-content\/uploads\/2022\/02\/Metzgerei_teaser_Depositphotos_319721082_S.jpg\" alt=\"Il Consiglio federale approva il chiarimento delle disposizioni sull&#039;orario di lavoro e sui periodi di riposo\" width=\"680\" height=\"454\" \/><figcaption id=\"caption-attachment-8489\" class=\"wp-caption-text\">\u00a9depositphotos<\/figcaption><\/figure>\n<p>Attraverso un gruppo di lavoro composto da rappresentanti degli organi esecutivi cantonali e del Seco, \u00e8 stato adottato e finalizzato nel 2021 un pacchetto di revisione sull'applicazione legale delle disposizioni in materia di orario di lavoro e di riposo. La revisione riguarda diversi articoli delle disposizioni sull'orario di lavoro e di riposo delle ordinanze 1 e 2 della legge sul lavoro (ArGV 1 e 2).<\/p>\n<p>L'attenzione si concentra su un'applicazione semplificata delle disposizioni di legge e sulla distribuzione delle competenze tra Confederazione e Cantoni nella concessione dei permessi di lavoro. Anche le responsabilit\u00e0 e le condizioni per l'autorizzazione al lavoro notturno e domenicale saranno adattate e armonizzate tra i Cantoni, al fine di semplificare il controllo dei Cantoni. Ad esempio, saranno ridefinite le disposizioni speciali per le panetterie e le macellerie che sono esenti dal lavoro notturno e domenicale. Ad esempio, vengono introdotti gli articoli 51a e 51b dell'ArGV 2, in base ai quali alcuni lavori di manutenzione e di assistenza invernale possono essere eseguiti di notte e di domenica senza autorizzazione.<\/p>\n<p>La modifica dell'ordinanza entrer\u00e0 in vigore il 1\u00b0 aprile 2022.<\/p>\n<p><em>Fonte: Consiglio federale<\/em><\/p>\n<p>&nbsp;<\/p>","protected":false},"excerpt":{"rendered":"<p>\u00dcber eine Arbeitsgruppe, bestehend aus Vertretern der kantonalen Vollzugsorgane und des Seco wurde ein Revisionspaket zur Rechtsanwendung von Arbeits- und Ruhezeitbestimmungen verabschiedet, und im Jahr 2021 finalisiert. Die Revision betrifft mehrere Artikel der Arbeits- und Ruhezeitbestimmungen der Verordnungen 1 und 2 zum Arbeitsgesetz (ArGV 1 und 2). Im Vordergrund steht eine vereinfachte Anwendung der Gesetzesbestimmungen [&hellip;]<\/p>\n","protected":false},"author":9,"featured_media":16516,"comment_status":"closed","ping_status":"closed","sticky":false,"template":"","format":"standard","meta":{"_acf_changed":false,"pgc_sgb_lightbox_settings":"","footnotes":""},"categories":[1,3314],"tags":[4892,4890,1679,168,4893,4891,145,4894],"class_list":["post-8487","post","type-post","status-publish","format-standard","has-post-thumbnail","hentry","category-allgemein","category-health-safety","tag-arbeits-und-ruhezeitbestimmungen","tag-arbeitsgruppe","tag-arbeitszeiten","tag-bundesrat","tag-nacht-und-sonntagsarbeit","tag-revisionspaket","tag-seco","tag-verordnungsaenderung"],"acf":[],"hkrextid":null,"publication":null,"issue":null,"workflow":null,"startPage":null,"spitzmarke":null,"_posts_by_tag_page_fields":{"widget_title":"","widget_tags":""},"_at_widget":"1","_yoast_wpseo_primary_category":"1","_yoast_wpseo_focuskw_text_input":null,"_yoast_wpseo_opengraph-image":null,"_yoast_wpseo_opengraph-description":null,"_yoast_wpseo_opengraph-title":null,"enclosure":null,"_yoast_wpseo_twitter-title":null,"_yoast_wpseo_twitter-description":null,"_yoast_wpseo_twitter-image":null,"_wp_old_slug":null,"_yoast_wpseo_title":null,"_yoast_wpseo_canonical":null,"yoast_head":"<!-- This site is optimized with the Yoast SEO plugin v27.5 - https:\/\/yoast.com\/product\/yoast-seo-wordpress\/ -->\n<title>Bundesrat genehmigt Pr\u00e4zisierung von Arbeits- und Ruhezeitbestimmungen - Save<\/title>\n<meta name=\"description\" content=\"Der Bundesrat hat am 2. Februar 2022 einer Verordnungs\u00e4nderung zur Pr\u00e4zisierung von Arbeits- und Ruhezeitbestimmungen genehmigt. Bei dem Hauptanliegen der breit abgest\u00fctzten Revision geht es darum, die Rechtsanwendung von Arbeits- und Ruhezeitbestimmungen zu vereinfachen und praktikabler zu machen.\u00a0\" \/>\n<meta name=\"robots\" content=\"index, follow, max-snippet:-1, max-image-preview:large, max-video-preview:-1\" \/>\n<link rel=\"canonical\" href=\"https:\/\/news.save.ch\/it\/bundesrat-genehmigt-praezisierung-von-arbeits-und-ruhezeitbestimmungen\/\" \/>\n<meta property=\"og:locale\" content=\"it_IT\" \/>\n<meta property=\"og:type\" content=\"article\" \/>\n<meta property=\"og:title\" content=\"Bundesrat genehmigt Pr\u00e4zisierung von Arbeits- und Ruhezeitbestimmungen - Save\" \/>\n<meta property=\"og:description\" content=\"Der Bundesrat hat am 2. Februar 2022 einer Verordnungs\u00e4nderung zur Pr\u00e4zisierung von Arbeits- und Ruhezeitbestimmungen genehmigt. Bei dem Hauptanliegen der breit abgest\u00fctzten Revision geht es darum, die Rechtsanwendung von Arbeits- und Ruhezeitbestimmungen zu vereinfachen und praktikabler zu machen.\u00a0\" \/>\n<meta property=\"og:url\" content=\"https:\/\/news.save.ch\/it\/bundesrat-genehmigt-praezisierung-von-arbeits-und-ruhezeitbestimmungen\/\" \/>\n<meta property=\"og:site_name\" content=\"Save\" \/>\n<meta property=\"article:published_time\" content=\"2022-02-03T08:39:48+00:00\" \/>\n<meta property=\"article:modified_time\" content=\"2023-07-07T20:03:23+00:00\" \/>\n<meta property=\"og:image\" content=\"https:\/\/news.save.ch\/wp-content\/uploads\/2022\/02\/Metzgerei_teaser_Depositphotos_319721082_S.jpg\" \/>\n\t<meta property=\"og:image:width\" content=\"999\" \/>\n\t<meta property=\"og:image:height\" content=\"667\" \/>\n\t<meta property=\"og:image:type\" content=\"image\/jpeg\" \/>\n<meta name=\"author\" content=\"Simon Gr\u00f6flin\" \/>\n<meta name=\"twitter:card\" content=\"summary_large_image\" \/>\n<meta name=\"twitter:label1\" content=\"Scritto da\" \/>\n\t<meta name=\"twitter:data1\" content=\"Simon Gr\u00f6flin\" \/>\n\t<meta name=\"twitter:label2\" content=\"Tempo di lettura stimato\" \/>\n\t<meta name=\"twitter:data2\" content=\"2 minuti\" \/>\n<script type=\"application\/ld+json\" class=\"yoast-schema-graph\">{\"@context\":\"https:\\\/\\\/schema.org\",\"@graph\":[{\"@type\":\"Article\",\"@id\":\"https:\\\/\\\/news.save.ch\\\/bundesrat-genehmigt-praezisierung-von-arbeits-und-ruhezeitbestimmungen\\\/#article\",\"isPartOf\":{\"@id\":\"https:\\\/\\\/news.save.ch\\\/bundesrat-genehmigt-praezisierung-von-arbeits-und-ruhezeitbestimmungen\\\/\"},\"author\":{\"name\":\"Simon Gr\u00f6flin\",\"@id\":\"https:\\\/\\\/news.save.ch\\\/de\\\/#\\\/schema\\\/person\\\/ad4ef21102fd6125312409ac57d5296d\"},\"headline\":\"Bundesrat genehmigt Pr\u00e4zisierung von Arbeits- und Ruhezeitbestimmungen\",\"datePublished\":\"2022-02-03T08:39:48+00:00\",\"dateModified\":\"2023-07-07T20:03:23+00:00\",\"mainEntityOfPage\":{\"@id\":\"https:\\\/\\\/news.save.ch\\\/bundesrat-genehmigt-praezisierung-von-arbeits-und-ruhezeitbestimmungen\\\/\"},\"wordCount\":163,\"publisher\":{\"@id\":\"https:\\\/\\\/news.save.ch\\\/de\\\/#organization\"},\"image\":{\"@id\":\"https:\\\/\\\/news.save.ch\\\/bundesrat-genehmigt-praezisierung-von-arbeits-und-ruhezeitbestimmungen\\\/#primaryimage\"},\"thumbnailUrl\":\"https:\\\/\\\/news.save.ch\\\/wp-content\\\/uploads\\\/2022\\\/02\\\/Metzgerei_teaser_Depositphotos_319721082_S.jpg\",\"keywords\":[\"Arbeits- und Ruhezeitbestimmungen\",\"Arbeitsgruppe\",\"Arbeitszeiten\",\"Bundesrat\",\"Nacht- und Sonntagsarbeit\",\"Revisionspaket\",\"Seco\",\"Verordnungs\u00e4nderung\"],\"articleSection\":[\"ALLGEMEIN\",\"HEALTH &amp; SAFETY\"],\"inLanguage\":\"it-IT\"},{\"@type\":\"WebPage\",\"@id\":\"https:\\\/\\\/news.save.ch\\\/bundesrat-genehmigt-praezisierung-von-arbeits-und-ruhezeitbestimmungen\\\/\",\"url\":\"https:\\\/\\\/news.save.ch\\\/bundesrat-genehmigt-praezisierung-von-arbeits-und-ruhezeitbestimmungen\\\/\",\"name\":\"Bundesrat genehmigt Pr\u00e4zisierung von Arbeits- und Ruhezeitbestimmungen - Save\",\"isPartOf\":{\"@id\":\"https:\\\/\\\/news.save.ch\\\/de\\\/#website\"},\"primaryImageOfPage\":{\"@id\":\"https:\\\/\\\/news.save.ch\\\/bundesrat-genehmigt-praezisierung-von-arbeits-und-ruhezeitbestimmungen\\\/#primaryimage\"},\"image\":{\"@id\":\"https:\\\/\\\/news.save.ch\\\/bundesrat-genehmigt-praezisierung-von-arbeits-und-ruhezeitbestimmungen\\\/#primaryimage\"},\"thumbnailUrl\":\"https:\\\/\\\/news.save.ch\\\/wp-content\\\/uploads\\\/2022\\\/02\\\/Metzgerei_teaser_Depositphotos_319721082_S.jpg\",\"datePublished\":\"2022-02-03T08:39:48+00:00\",\"dateModified\":\"2023-07-07T20:03:23+00:00\",\"description\":\"Der Bundesrat hat am 2. Februar 2022 einer Verordnungs\u00e4nderung zur Pr\u00e4zisierung von Arbeits- und Ruhezeitbestimmungen genehmigt. Bei dem Hauptanliegen der breit abgest\u00fctzten Revision geht es darum, die Rechtsanwendung von Arbeits- und Ruhezeitbestimmungen zu vereinfachen und praktikabler zu machen.\u00a0\",\"breadcrumb\":{\"@id\":\"https:\\\/\\\/news.save.ch\\\/bundesrat-genehmigt-praezisierung-von-arbeits-und-ruhezeitbestimmungen\\\/#breadcrumb\"},\"inLanguage\":\"it-IT\",\"potentialAction\":[{\"@type\":\"ReadAction\",\"target\":[\"https:\\\/\\\/news.save.ch\\\/bundesrat-genehmigt-praezisierung-von-arbeits-und-ruhezeitbestimmungen\\\/\"]}]},{\"@type\":\"ImageObject\",\"inLanguage\":\"it-IT\",\"@id\":\"https:\\\/\\\/news.save.ch\\\/bundesrat-genehmigt-praezisierung-von-arbeits-und-ruhezeitbestimmungen\\\/#primaryimage\",\"url\":\"https:\\\/\\\/news.save.ch\\\/wp-content\\\/uploads\\\/2022\\\/02\\\/Metzgerei_teaser_Depositphotos_319721082_S.jpg\",\"contentUrl\":\"https:\\\/\\\/news.save.ch\\\/wp-content\\\/uploads\\\/2022\\\/02\\\/Metzgerei_teaser_Depositphotos_319721082_S.jpg\",\"width\":999,\"height\":667,\"caption\":\"Male butcher boning fresh ham in a modern butcher shop with metal safety mesh glove\"},{\"@type\":\"BreadcrumbList\",\"@id\":\"https:\\\/\\\/news.save.ch\\\/bundesrat-genehmigt-praezisierung-von-arbeits-und-ruhezeitbestimmungen\\\/#breadcrumb\",\"itemListElement\":[{\"@type\":\"ListItem\",\"position\":1,\"name\":\"Home\",\"item\":\"https:\\\/\\\/news.save.ch\\\/de\\\/\"},{\"@type\":\"ListItem\",\"position\":2,\"name\":\"Bundesrat genehmigt Pr\u00e4zisierung von Arbeits- und Ruhezeitbestimmungen\"}]},{\"@type\":\"WebSite\",\"@id\":\"https:\\\/\\\/news.save.ch\\\/de\\\/#website\",\"url\":\"https:\\\/\\\/news.save.ch\\\/de\\\/\",\"name\":\"Save\",\"description\":\"Schweizer Fachzeitschrift f\u00fcr Sicherheit\",\"publisher\":{\"@id\":\"https:\\\/\\\/news.save.ch\\\/de\\\/#organization\"},\"potentialAction\":[{\"@type\":\"SearchAction\",\"target\":{\"@type\":\"EntryPoint\",\"urlTemplate\":\"https:\\\/\\\/news.save.ch\\\/de\\\/?s={search_term_string}\"},\"query-input\":{\"@type\":\"PropertyValueSpecification\",\"valueRequired\":true,\"valueName\":\"search_term_string\"}}],\"inLanguage\":\"it-IT\"},{\"@type\":\"Organization\",\"@id\":\"https:\\\/\\\/news.save.ch\\\/de\\\/#organization\",\"name\":\"Sicherheitsforum\",\"url\":\"https:\\\/\\\/news.save.ch\\\/de\\\/\",\"logo\":{\"@type\":\"ImageObject\",\"inLanguage\":\"it-IT\",\"@id\":\"https:\\\/\\\/news.save.ch\\\/de\\\/#\\\/schema\\\/logo\\\/image\\\/\",\"url\":\"https:\\\/\\\/news.save.ch\\\/wp-content\\\/uploads\\\/2022\\\/06\\\/Logo_SF_2012.png\",\"contentUrl\":\"https:\\\/\\\/news.save.ch\\\/wp-content\\\/uploads\\\/2022\\\/06\\\/Logo_SF_2012.png\",\"width\":1100,\"height\":91,\"caption\":\"Sicherheitsforum\"},\"image\":{\"@id\":\"https:\\\/\\\/news.save.ch\\\/de\\\/#\\\/schema\\\/logo\\\/image\\\/\"}},{\"@type\":\"Person\",\"@id\":\"https:\\\/\\\/news.save.ch\\\/de\\\/#\\\/schema\\\/person\\\/ad4ef21102fd6125312409ac57d5296d\",\"name\":\"Simon Gr\u00f6flin\",\"image\":{\"@type\":\"ImageObject\",\"inLanguage\":\"it-IT\",\"@id\":\"https:\\\/\\\/secure.gravatar.com\\\/avatar\\\/6ddceb80eb734354635539e0ea5140bb7c41e42de7c45c9a2ab9921b5d5c9a83?s=96&d=mm&r=g\",\"url\":\"https:\\\/\\\/secure.gravatar.com\\\/avatar\\\/6ddceb80eb734354635539e0ea5140bb7c41e42de7c45c9a2ab9921b5d5c9a83?s=96&d=mm&r=g\",\"contentUrl\":\"https:\\\/\\\/secure.gravatar.com\\\/avatar\\\/6ddceb80eb734354635539e0ea5140bb7c41e42de7c45c9a2ab9921b5d5c9a83?s=96&d=mm&r=g\",\"caption\":\"Simon Gr\u00f6flin\"},\"url\":\"https:\\\/\\\/news.save.ch\\\/it\\\/author\\\/simon-groeflin\\\/\"}]}<\/script>\n<!-- \/ Yoast SEO plugin. -->","yoast_head_json":{"title":"Il Consiglio federale approva il chiarimento delle disposizioni sull'orario di lavoro e sui periodi di riposo - Save","description":"Il 2 febbraio 2022, il Consiglio federale ha approvato una modifica dell'ordinanza per chiarire le disposizioni sull'orario di lavoro e sui periodi di riposo. L'obiettivo principale della revisione, ampiamente sostenuta, \u00e8 quello di semplificare l'applicazione legale delle disposizioni sull'orario di lavoro e sui periodi di riposo e di renderle pi\u00f9 praticabili.\u00a0","robots":{"index":"index","follow":"follow","max-snippet":"max-snippet:-1","max-image-preview":"max-image-preview:large","max-video-preview":"max-video-preview:-1"},"canonical":"https:\/\/news.save.ch\/it\/bundesrat-genehmigt-praezisierung-von-arbeits-und-ruhezeitbestimmungen\/","og_locale":"it_IT","og_type":"article","og_title":"Bundesrat genehmigt Pr\u00e4zisierung von Arbeits- und Ruhezeitbestimmungen - Save","og_description":"Der Bundesrat hat am 2. Februar 2022 einer Verordnungs\u00e4nderung zur Pr\u00e4zisierung von Arbeits- und Ruhezeitbestimmungen genehmigt. Bei dem Hauptanliegen der breit abgest\u00fctzten Revision geht es darum, die Rechtsanwendung von Arbeits- und Ruhezeitbestimmungen zu vereinfachen und praktikabler zu machen.\u00a0","og_url":"https:\/\/news.save.ch\/it\/bundesrat-genehmigt-praezisierung-von-arbeits-und-ruhezeitbestimmungen\/","og_site_name":"Save","article_published_time":"2022-02-03T08:39:48+00:00","article_modified_time":"2023-07-07T20:03:23+00:00","og_image":[{"width":999,"height":667,"url":"https:\/\/news.save.ch\/wp-content\/uploads\/2022\/02\/Metzgerei_teaser_Depositphotos_319721082_S.jpg","type":"image\/jpeg"}],"author":"Simon Gr\u00f6flin","twitter_card":"summary_large_image","twitter_misc":{"Scritto da":"Simon Gr\u00f6flin","Tempo di lettura stimato":"2 minuti"},"schema":{"@context":"https:\/\/schema.org","@graph":[{"@type":"Article","@id":"https:\/\/news.save.ch\/bundesrat-genehmigt-praezisierung-von-arbeits-und-ruhezeitbestimmungen\/#article","isPartOf":{"@id":"https:\/\/news.save.ch\/bundesrat-genehmigt-praezisierung-von-arbeits-und-ruhezeitbestimmungen\/"},"author":{"name":"Simon Gr\u00f6flin","@id":"https:\/\/news.save.ch\/de\/#\/schema\/person\/ad4ef21102fd6125312409ac57d5296d"},"headline":"Bundesrat genehmigt Pr\u00e4zisierung von Arbeits- und Ruhezeitbestimmungen","datePublished":"2022-02-03T08:39:48+00:00","dateModified":"2023-07-07T20:03:23+00:00","mainEntityOfPage":{"@id":"https:\/\/news.save.ch\/bundesrat-genehmigt-praezisierung-von-arbeits-und-ruhezeitbestimmungen\/"},"wordCount":163,"publisher":{"@id":"https:\/\/news.save.ch\/de\/#organization"},"image":{"@id":"https:\/\/news.save.ch\/bundesrat-genehmigt-praezisierung-von-arbeits-und-ruhezeitbestimmungen\/#primaryimage"},"thumbnailUrl":"https:\/\/news.save.ch\/wp-content\/uploads\/2022\/02\/Metzgerei_teaser_Depositphotos_319721082_S.jpg","keywords":["Arbeits- und Ruhezeitbestimmungen","Arbeitsgruppe","Arbeitszeiten","Bundesrat","Nacht- und Sonntagsarbeit","Revisionspaket","Seco","Verordnungs\u00e4nderung"],"articleSection":["ALLGEMEIN","HEALTH &amp; SAFETY"],"inLanguage":"it-IT"},{"@type":"WebPage","@id":"https:\/\/news.save.ch\/bundesrat-genehmigt-praezisierung-von-arbeits-und-ruhezeitbestimmungen\/","url":"https:\/\/news.save.ch\/bundesrat-genehmigt-praezisierung-von-arbeits-und-ruhezeitbestimmungen\/","name":"Il Consiglio federale approva il chiarimento delle disposizioni sull'orario di lavoro e sui periodi di riposo - Save","isPartOf":{"@id":"https:\/\/news.save.ch\/de\/#website"},"primaryImageOfPage":{"@id":"https:\/\/news.save.ch\/bundesrat-genehmigt-praezisierung-von-arbeits-und-ruhezeitbestimmungen\/#primaryimage"},"image":{"@id":"https:\/\/news.save.ch\/bundesrat-genehmigt-praezisierung-von-arbeits-und-ruhezeitbestimmungen\/#primaryimage"},"thumbnailUrl":"https:\/\/news.save.ch\/wp-content\/uploads\/2022\/02\/Metzgerei_teaser_Depositphotos_319721082_S.jpg","datePublished":"2022-02-03T08:39:48+00:00","dateModified":"2023-07-07T20:03:23+00:00","description":"Il 2 febbraio 2022, il Consiglio federale ha approvato una modifica dell'ordinanza per chiarire le disposizioni sull'orario di lavoro e sui periodi di riposo. L'obiettivo principale della revisione, ampiamente sostenuta, \u00e8 quello di semplificare l'applicazione legale delle disposizioni sull'orario di lavoro e sui periodi di riposo e di renderle pi\u00f9 praticabili.\u00a0","breadcrumb":{"@id":"https:\/\/news.save.ch\/bundesrat-genehmigt-praezisierung-von-arbeits-und-ruhezeitbestimmungen\/#breadcrumb"},"inLanguage":"it-IT","potentialAction":[{"@type":"ReadAction","target":["https:\/\/news.save.ch\/bundesrat-genehmigt-praezisierung-von-arbeits-und-ruhezeitbestimmungen\/"]}]},{"@type":"ImageObject","inLanguage":"it-IT","@id":"https:\/\/news.save.ch\/bundesrat-genehmigt-praezisierung-von-arbeits-und-ruhezeitbestimmungen\/#primaryimage","url":"https:\/\/news.save.ch\/wp-content\/uploads\/2022\/02\/Metzgerei_teaser_Depositphotos_319721082_S.jpg","contentUrl":"https:\/\/news.save.ch\/wp-content\/uploads\/2022\/02\/Metzgerei_teaser_Depositphotos_319721082_S.jpg","width":999,"height":667,"caption":"Male butcher boning fresh ham in a modern butcher shop with metal safety mesh glove"},{"@type":"BreadcrumbList","@id":"https:\/\/news.save.ch\/bundesrat-genehmigt-praezisierung-von-arbeits-und-ruhezeitbestimmungen\/#breadcrumb","itemListElement":[{"@type":"ListItem","position":1,"name":"Home","item":"https:\/\/news.save.ch\/de\/"},{"@type":"ListItem","position":2,"name":"Bundesrat genehmigt Pr\u00e4zisierung von Arbeits- und Ruhezeitbestimmungen"}]},{"@type":"WebSite","@id":"https:\/\/news.save.ch\/de\/#website","url":"https:\/\/news.save.ch\/de\/","name":"Risparmiare","description":"Rivista svizzera specializzata in sicurezza","publisher":{"@id":"https:\/\/news.save.ch\/de\/#organization"},"potentialAction":[{"@type":"SearchAction","target":{"@type":"EntryPoint","urlTemplate":"https:\/\/news.save.ch\/de\/?s={search_term_string}"},"query-input":{"@type":"PropertyValueSpecification","valueRequired":true,"valueName":"search_term_string"}}],"inLanguage":"it-IT"},{"@type":"Organization","@id":"https:\/\/news.save.ch\/de\/#organization","name":"Forum sulla sicurezza","url":"https:\/\/news.save.ch\/de\/","logo":{"@type":"ImageObject","inLanguage":"it-IT","@id":"https:\/\/news.save.ch\/de\/#\/schema\/logo\/image\/","url":"https:\/\/news.save.ch\/wp-content\/uploads\/2022\/06\/Logo_SF_2012.png","contentUrl":"https:\/\/news.save.ch\/wp-content\/uploads\/2022\/06\/Logo_SF_2012.png","width":1100,"height":91,"caption":"Sicherheitsforum"},"image":{"@id":"https:\/\/news.save.ch\/de\/#\/schema\/logo\/image\/"}},{"@type":"Person","@id":"https:\/\/news.save.ch\/de\/#\/schema\/person\/ad4ef21102fd6125312409ac57d5296d","name":"Simon Gr\u00f6flin","image":{"@type":"ImageObject","inLanguage":"it-IT","@id":"https:\/\/secure.gravatar.com\/avatar\/6ddceb80eb734354635539e0ea5140bb7c41e42de7c45c9a2ab9921b5d5c9a83?s=96&d=mm&r=g","url":"https:\/\/secure.gravatar.com\/avatar\/6ddceb80eb734354635539e0ea5140bb7c41e42de7c45c9a2ab9921b5d5c9a83?s=96&d=mm&r=g","contentUrl":"https:\/\/secure.gravatar.com\/avatar\/6ddceb80eb734354635539e0ea5140bb7c41e42de7c45c9a2ab9921b5d5c9a83?s=96&d=mm&r=g","caption":"Simon Gr\u00f6flin"},"url":"https:\/\/news.save.ch\/it\/author\/simon-groeflin\/"}]}},"_links":{"self":[{"href":"https:\/\/news.save.ch\/it\/wp-json\/wp\/v2\/posts\/8487","targetHints":{"allow":["GET"]}}],"collection":[{"href":"https:\/\/news.save.ch\/it\/wp-json\/wp\/v2\/posts"}],"about":[{"href":"https:\/\/news.save.ch\/it\/wp-json\/wp\/v2\/types\/post"}],"author":[{"embeddable":true,"href":"https:\/\/news.save.ch\/it\/wp-json\/wp\/v2\/users\/9"}],"replies":[{"embeddable":true,"href":"https:\/\/news.save.ch\/it\/wp-json\/wp\/v2\/comments?post=8487"}],"version-history":[{"count":2,"href":"https:\/\/news.save.ch\/it\/wp-json\/wp\/v2\/posts\/8487\/revisions"}],"predecessor-version":[{"id":20611,"href":"https:\/\/news.save.ch\/it\/wp-json\/wp\/v2\/posts\/8487\/revisions\/20611"}],"wp:featuredmedia":[{"embeddable":true,"href":"https:\/\/news.save.ch\/it\/wp-json\/wp\/v2\/media\/16516"}],"wp:attachment":[{"href":"https:\/\/news.save.ch\/it\/wp-json\/wp\/v2\/media?parent=8487"}],"wp:term":[{"taxonomy":"category","embeddable":true,"href":"https:\/\/news.save.ch\/it\/wp-json\/wp\/v2\/categories?post=8487"},{"taxonomy":"post_tag","embeddable":true,"href":"https:\/\/news.save.ch\/it\/wp-json\/wp\/v2\/tags?post=8487"}],"curies":[{"name":"wp","href":"https:\/\/api.w.org\/{rel}","templated":true}]}}