{"id":8605,"date":"2019-08-21T13:35:06","date_gmt":"2019-08-21T11:35:06","guid":{"rendered":"https:\/\/news.save.ch\/?p=8605"},"modified":"2023-03-14T08:59:59","modified_gmt":"2023-03-14T07:59:59","slug":"sbb-unfall-sust-plaediert-fuer-neues-tuerschliesssystem","status":null,"type":"post","link":"https:\/\/news.save.ch\/it\/sbb-unfall-sust-plaediert-fuer-neues-tuerschliesssystem\/","title":{"rendered":"Incidente alle FFS: le FFS chiedono un nuovo sistema di chiusura delle porte"},"content":{"rendered":"<figure id=\"attachment_8606\" aria-describedby=\"caption-attachment-8606\" style=\"width: 680px\" class=\"wp-caption alignleft\"><img loading=\"lazy\" decoding=\"async\" class=\"size-medium wp-image-8606\" src=\"https:\/\/news.save.ch\/wp-content\/uploads\/2019\/08\/SBB_Fehler.jpg\" alt=\"\" width=\"680\" height=\"658\" srcset=\"https:\/\/news.save.ch\/wp-content\/uploads\/2019\/08\/SBB_Fehler.jpg 749w, https:\/\/news.save.ch\/wp-content\/uploads\/2019\/08\/SBB_Fehler-310x300.jpg 310w\" sizes=\"auto, (max-width: 680px) 100vw, 680px\" \/><figcaption id=\"caption-attachment-8606\" class=\"wp-caption-text\">Durante due esami approfonditi presso il centro di riparazione FFS di Altstetten, \u00e8 stato scoperto che un capocorda del contatto elettrico del pressostato era completamente allentato.<br \/>Fonte: Relazione intermedia Sust<\/figcaption><\/figure>\n<p>Come gi\u00e0 noto, il 4 agosto 2019 il capotreno Bruno R. (54 anni) \u00e8 rimasto intrappolato e trascinato nella stazione di Baden durante il processo di chiusura delle porte (cfr. rapporto <a href=\"https:\/\/news.save.ch\/it\/8491-2\/\">qui<\/a>). Secondo il rapporto intermedio del Sust, la protezione anti-trappola della porta 4 della quintultima carrozza del tipo EW IV non ha funzionato.<\/p>\n<p>Il rapporto intermedio del Sust afferma: \"Sono stati rilevati due malfunzionamenti nel sistema anti-trappola. L'allentamento del collegamento (vedi foto) al pressostato della porta 4 ha fatto s\u00ec che la forza di chiusura della porta non venisse ridotta in caso di urto con un ostacolo. La protezione anti-trappola non era quindi efficace. Il sensore \"Porta chiusa 98%\" deve disattivare la funzione antitrappola poco prima della chiusura definitiva della porta. Poich\u00e9 questo sensore non risponde sempre nella stessa posizione, la funzione antitrappola non pu\u00f2 garantire il funzionamento previsto. Pertanto, non si pu\u00f2 escludere che la funzione antitrappola non venga disattivata poco prima della chiusura definitiva della porta, ma prima\".<\/p>\n<p><strong>Raccomandazione di sicurezza Sust <\/strong><\/p>\n<p>Nella sua relazione intermedia, il Sust raccomanda di sostituire l'attuale sistema di disattivazione della protezione antipizzicamento dei carri unitari IV con un sistema affidabile.<\/p>\n<p>L'ente investigativo parla anche di un deficit di sicurezza: \"Le persone o gli oggetti intrappolati nelle porte devono essere individuati con un alto grado di certezza. L'attuale sistema EW IV, con il collegamento in parallelo di due finecorsa delle porte, non soddisfa questo requisito. La porta pu\u00f2 essere segnalata al macchinista come chiusa, anche se non \u00e8 completamente chiusa. Questo genera incertezza nell'equipaggio della locomotiva e pu\u00f2 causare incidenti\". Per questo motivo, Sust chiede che il sistema di finecorsa delle porte dell'EW IV venga adattato in modo che la spia rossa indichi al macchinista lo stato corretto delle porte.<\/p>\n<p>Secondo Sust, i risultati attuali non sono conclusivi e richiedono ulteriori indagini approfondite.<\/p>\n<p><strong>Unione: la colpa non \u00e8 della vittima dell'incidente<\/strong><\/p>\n<p>Che cosa dice il Sindacato dei lavoratori dei trasporti (SEV) della relazione intermedia del Sust? Secondo il SEV, il rapporto mostrava chiaramente che i difetti tecnici erano la causa del tragico incidente del capotreno, cio\u00e8 che la colpa non era della vittima dell'incidente.<\/p>\n<p>Il sindacato chiede alle FFS di ritirare dal servizio i vagoni del tipo EW IV sui quali il sistema anti-trappola non funziona. In una seconda fase, come descritto nella relazione intermedia Sust, l'attuale sistema di commutazione inattiva della protezione anti-trappola dovrebbe essere sostituito da uno affidabile. Inoltre, le FFS dovrebbero impiegare altro personale qualificato per la manutenzione.<\/p>\n<p><em>La relazione intermedia dettagliata dell'autorit\u00e0 investigativa sulla sicurezza pu\u00f2 essere <a href=\"https:\/\/www.sust.admin.ch\/inhalte\/BS\/2019080401_ZB_Baden.pdf\">qui<\/a> si trova qui. <\/em><\/p>","protected":false},"excerpt":{"rendered":"<p>Wie bereits bekannt, wurde der Zugchef Bruno R. (54) am 4. August 2019 im Bahnhof Baden w\u00e4hrend des T\u00fcrschliessungsprozesses eingeklemmt und mitgeschleift (vgl. Bericht hier). Laut Sust-Zwischenbericht hat der Einklemmschutz der T\u00fcre 4 im f\u00fcnftletzten Wagen des Typs EW IV nicht funktioniert. Im Sust-Zwischenbericht heisst es dazu: \u00abBeim Einklemmschutz wurden zwei Fehlfunktionen festgestellt. Die lose [&hellip;]<\/p>\n","protected":false},"author":8,"featured_media":8606,"comment_status":"open","ping_status":"open","sticky":false,"template":"","format":"standard","meta":{"_acf_changed":false,"pgc_sgb_lightbox_settings":"","footnotes":""},"categories":[3312],"tags":[521,530],"class_list":["post-8605","post","type-post","status-publish","format-standard","has-post-thumbnail","hentry","category-sicherheit","tag-sbb","tag-tuerschliesssystem"],"acf":[],"hkrextid":null,"publication":null,"issue":null,"workflow":null,"startPage":null,"spitzmarke":null,"_posts_by_tag_page_fields":{"widget_title":"","widget_tags":""},"_at_widget":"1","_yoast_wpseo_primary_category":"3303","_yoast_wpseo_focuskw_text_input":"SBB-Unfall","_yoast_wpseo_opengraph-image":null,"_yoast_wpseo_opengraph-description":null,"_yoast_wpseo_opengraph-title":null,"enclosure":null,"_yoast_wpseo_twitter-title":null,"_yoast_wpseo_twitter-description":null,"_yoast_wpseo_twitter-image":null,"_wp_old_slug":null,"_yoast_wpseo_title":null,"_yoast_wpseo_canonical":null,"yoast_head":"<!-- This site is optimized with the Yoast SEO plugin v27.4 - https:\/\/yoast.com\/product\/yoast-seo-wordpress\/ -->\n<title>SBB-Unfall: Sust pl\u00e4diert f\u00fcr neues T\u00fcrschliesssystem - Save<\/title>\n<meta name=\"description\" content=\"Heute hat die Sust einen Zwischenbericht zum t\u00f6dlichen SBB-Unfall in Baden ver\u00f6ffentlicht. Zwei Fehlfunktionen beim T\u00fcrschliesssystem wurden festgestellt.\" \/>\n<meta name=\"robots\" content=\"index, follow, max-snippet:-1, max-image-preview:large, max-video-preview:-1\" \/>\n<link rel=\"canonical\" href=\"https:\/\/news.save.ch\/it\/sbb-unfall-sust-plaediert-fuer-neues-tuerschliesssystem\/\" \/>\n<meta property=\"og:locale\" content=\"it_IT\" \/>\n<meta property=\"og:type\" content=\"article\" \/>\n<meta property=\"og:title\" content=\"SBB-Unfall: Sust pl\u00e4diert f\u00fcr neues T\u00fcrschliesssystem - Save\" \/>\n<meta property=\"og:description\" content=\"Heute hat die Sust einen Zwischenbericht zum t\u00f6dlichen SBB-Unfall in Baden ver\u00f6ffentlicht. Zwei Fehlfunktionen beim T\u00fcrschliesssystem wurden festgestellt.\" \/>\n<meta property=\"og:url\" content=\"https:\/\/news.save.ch\/it\/sbb-unfall-sust-plaediert-fuer-neues-tuerschliesssystem\/\" \/>\n<meta property=\"og:site_name\" content=\"Save\" \/>\n<meta property=\"article:published_time\" content=\"2019-08-21T11:35:06+00:00\" \/>\n<meta property=\"article:modified_time\" content=\"2023-03-14T07:59:59+00:00\" \/>\n<meta property=\"og:image\" content=\"https:\/\/news.save.ch\/wp-content\/uploads\/2019\/08\/SBB_Fehler.jpg\" \/>\n\t<meta property=\"og:image:width\" content=\"749\" \/>\n\t<meta property=\"og:image:height\" content=\"725\" \/>\n\t<meta property=\"og:image:type\" content=\"image\/jpeg\" \/>\n<meta name=\"author\" content=\"Roger Str\u00e4ssle\" \/>\n<meta name=\"twitter:card\" content=\"summary_large_image\" \/>\n<meta name=\"twitter:label1\" content=\"Scritto da\" \/>\n\t<meta name=\"twitter:data1\" content=\"Roger Str\u00e4ssle\" \/>\n\t<meta name=\"twitter:label2\" content=\"Tempo di lettura stimato\" \/>\n\t<meta name=\"twitter:data2\" content=\"2 minuti\" \/>\n<script type=\"application\/ld+json\" class=\"yoast-schema-graph\">{\"@context\":\"https:\\\/\\\/schema.org\",\"@graph\":[{\"@type\":\"Article\",\"@id\":\"https:\\\/\\\/news.save.ch\\\/sbb-unfall-sust-plaediert-fuer-neues-tuerschliesssystem\\\/#article\",\"isPartOf\":{\"@id\":\"https:\\\/\\\/news.save.ch\\\/sbb-unfall-sust-plaediert-fuer-neues-tuerschliesssystem\\\/\"},\"author\":{\"name\":\"Roger Str\u00e4ssle\",\"@id\":\"https:\\\/\\\/news.save.ch\\\/de\\\/#\\\/schema\\\/person\\\/d5022db048e0e2b9785c50e5b24da5aa\"},\"headline\":\"SBB-Unfall: Sust pl\u00e4diert f\u00fcr neues T\u00fcrschliesssystem\",\"datePublished\":\"2019-08-21T11:35:06+00:00\",\"dateModified\":\"2023-03-14T07:59:59+00:00\",\"mainEntityOfPage\":{\"@id\":\"https:\\\/\\\/news.save.ch\\\/sbb-unfall-sust-plaediert-fuer-neues-tuerschliesssystem\\\/\"},\"wordCount\":439,\"commentCount\":0,\"publisher\":{\"@id\":\"https:\\\/\\\/news.save.ch\\\/de\\\/#organization\"},\"image\":{\"@id\":\"https:\\\/\\\/news.save.ch\\\/sbb-unfall-sust-plaediert-fuer-neues-tuerschliesssystem\\\/#primaryimage\"},\"thumbnailUrl\":\"https:\\\/\\\/news.save.ch\\\/wp-content\\\/uploads\\\/2019\\\/08\\\/SBB_Fehler.jpg\",\"keywords\":[\"SBB\",\"T\u00fcrschliesssystem\"],\"articleSection\":[\"SICHERHEIT\"],\"inLanguage\":\"it-IT\"},{\"@type\":\"WebPage\",\"@id\":\"https:\\\/\\\/news.save.ch\\\/sbb-unfall-sust-plaediert-fuer-neues-tuerschliesssystem\\\/\",\"url\":\"https:\\\/\\\/news.save.ch\\\/sbb-unfall-sust-plaediert-fuer-neues-tuerschliesssystem\\\/\",\"name\":\"SBB-Unfall: Sust pl\u00e4diert f\u00fcr neues T\u00fcrschliesssystem - Save\",\"isPartOf\":{\"@id\":\"https:\\\/\\\/news.save.ch\\\/de\\\/#website\"},\"primaryImageOfPage\":{\"@id\":\"https:\\\/\\\/news.save.ch\\\/sbb-unfall-sust-plaediert-fuer-neues-tuerschliesssystem\\\/#primaryimage\"},\"image\":{\"@id\":\"https:\\\/\\\/news.save.ch\\\/sbb-unfall-sust-plaediert-fuer-neues-tuerschliesssystem\\\/#primaryimage\"},\"thumbnailUrl\":\"https:\\\/\\\/news.save.ch\\\/wp-content\\\/uploads\\\/2019\\\/08\\\/SBB_Fehler.jpg\",\"datePublished\":\"2019-08-21T11:35:06+00:00\",\"dateModified\":\"2023-03-14T07:59:59+00:00\",\"description\":\"Heute hat die Sust einen Zwischenbericht zum t\u00f6dlichen SBB-Unfall in Baden ver\u00f6ffentlicht. Zwei Fehlfunktionen beim T\u00fcrschliesssystem wurden festgestellt.\",\"breadcrumb\":{\"@id\":\"https:\\\/\\\/news.save.ch\\\/sbb-unfall-sust-plaediert-fuer-neues-tuerschliesssystem\\\/#breadcrumb\"},\"inLanguage\":\"it-IT\",\"potentialAction\":[{\"@type\":\"ReadAction\",\"target\":[\"https:\\\/\\\/news.save.ch\\\/sbb-unfall-sust-plaediert-fuer-neues-tuerschliesssystem\\\/\"]}]},{\"@type\":\"ImageObject\",\"inLanguage\":\"it-IT\",\"@id\":\"https:\\\/\\\/news.save.ch\\\/sbb-unfall-sust-plaediert-fuer-neues-tuerschliesssystem\\\/#primaryimage\",\"url\":\"https:\\\/\\\/news.save.ch\\\/wp-content\\\/uploads\\\/2019\\\/08\\\/SBB_Fehler.jpg\",\"contentUrl\":\"https:\\\/\\\/news.save.ch\\\/wp-content\\\/uploads\\\/2019\\\/08\\\/SBB_Fehler.jpg\",\"width\":749,\"height\":725,\"caption\":\"(1) Bei zwei vertieften Untersuchungen im SBB-Reparaturzentrum in Altstetten wurde festgestellt, dass am Druckwellenschalter eine Anschlussfahne des elektrischen Kontaktes komplett lose war. Quelle: Sust-Zwischenbericht\"},{\"@type\":\"BreadcrumbList\",\"@id\":\"https:\\\/\\\/news.save.ch\\\/sbb-unfall-sust-plaediert-fuer-neues-tuerschliesssystem\\\/#breadcrumb\",\"itemListElement\":[{\"@type\":\"ListItem\",\"position\":1,\"name\":\"Home\",\"item\":\"https:\\\/\\\/news.save.ch\\\/de\\\/\"},{\"@type\":\"ListItem\",\"position\":2,\"name\":\"SBB-Unfall: Sust pl\u00e4diert f\u00fcr neues T\u00fcrschliesssystem\"}]},{\"@type\":\"WebSite\",\"@id\":\"https:\\\/\\\/news.save.ch\\\/de\\\/#website\",\"url\":\"https:\\\/\\\/news.save.ch\\\/de\\\/\",\"name\":\"Save\",\"description\":\"Schweizer Fachzeitschrift f\u00fcr Sicherheit\",\"publisher\":{\"@id\":\"https:\\\/\\\/news.save.ch\\\/de\\\/#organization\"},\"potentialAction\":[{\"@type\":\"SearchAction\",\"target\":{\"@type\":\"EntryPoint\",\"urlTemplate\":\"https:\\\/\\\/news.save.ch\\\/de\\\/?s={search_term_string}\"},\"query-input\":{\"@type\":\"PropertyValueSpecification\",\"valueRequired\":true,\"valueName\":\"search_term_string\"}}],\"inLanguage\":\"it-IT\"},{\"@type\":\"Organization\",\"@id\":\"https:\\\/\\\/news.save.ch\\\/de\\\/#organization\",\"name\":\"Sicherheitsforum\",\"url\":\"https:\\\/\\\/news.save.ch\\\/de\\\/\",\"logo\":{\"@type\":\"ImageObject\",\"inLanguage\":\"it-IT\",\"@id\":\"https:\\\/\\\/news.save.ch\\\/de\\\/#\\\/schema\\\/logo\\\/image\\\/\",\"url\":\"https:\\\/\\\/news.save.ch\\\/wp-content\\\/uploads\\\/2022\\\/06\\\/Logo_SF_2012.png\",\"contentUrl\":\"https:\\\/\\\/news.save.ch\\\/wp-content\\\/uploads\\\/2022\\\/06\\\/Logo_SF_2012.png\",\"width\":1100,\"height\":91,\"caption\":\"Sicherheitsforum\"},\"image\":{\"@id\":\"https:\\\/\\\/news.save.ch\\\/de\\\/#\\\/schema\\\/logo\\\/image\\\/\"}},{\"@type\":\"Person\",\"@id\":\"https:\\\/\\\/news.save.ch\\\/de\\\/#\\\/schema\\\/person\\\/d5022db048e0e2b9785c50e5b24da5aa\",\"name\":\"Roger Str\u00e4ssle\",\"image\":{\"@type\":\"ImageObject\",\"inLanguage\":\"it-IT\",\"@id\":\"https:\\\/\\\/secure.gravatar.com\\\/avatar\\\/862a5569d087de48e5856e32f45d719a03804c891d6deb8d4f71a660e79e4a47?s=96&d=mm&r=g\",\"url\":\"https:\\\/\\\/secure.gravatar.com\\\/avatar\\\/862a5569d087de48e5856e32f45d719a03804c891d6deb8d4f71a660e79e4a47?s=96&d=mm&r=g\",\"contentUrl\":\"https:\\\/\\\/secure.gravatar.com\\\/avatar\\\/862a5569d087de48e5856e32f45d719a03804c891d6deb8d4f71a660e79e4a47?s=96&d=mm&r=g\",\"caption\":\"Roger Str\u00e4ssle\"},\"url\":\"https:\\\/\\\/news.save.ch\\\/it\\\/author\\\/roger-straessle\\\/\"}]}<\/script>\n<!-- \/ Yoast SEO plugin. -->","yoast_head_json":{"title":"Incidente alle FFS: la Sust chiede un nuovo sistema di chiusura delle porte - Save","description":"Oggi la Sust ha pubblicato un rapporto intermedio sull'incidente mortale delle FFS a Baden. Sono stati riscontrati due malfunzionamenti nel sistema di chiusura delle porte.","robots":{"index":"index","follow":"follow","max-snippet":"max-snippet:-1","max-image-preview":"max-image-preview:large","max-video-preview":"max-video-preview:-1"},"canonical":"https:\/\/news.save.ch\/it\/sbb-unfall-sust-plaediert-fuer-neues-tuerschliesssystem\/","og_locale":"it_IT","og_type":"article","og_title":"SBB-Unfall: Sust pl\u00e4diert f\u00fcr neues T\u00fcrschliesssystem - Save","og_description":"Heute hat die Sust einen Zwischenbericht zum t\u00f6dlichen SBB-Unfall in Baden ver\u00f6ffentlicht. Zwei Fehlfunktionen beim T\u00fcrschliesssystem wurden festgestellt.","og_url":"https:\/\/news.save.ch\/it\/sbb-unfall-sust-plaediert-fuer-neues-tuerschliesssystem\/","og_site_name":"Save","article_published_time":"2019-08-21T11:35:06+00:00","article_modified_time":"2023-03-14T07:59:59+00:00","og_image":[{"width":749,"height":725,"url":"https:\/\/news.save.ch\/wp-content\/uploads\/2019\/08\/SBB_Fehler.jpg","type":"image\/jpeg"}],"author":"Roger Str\u00e4ssle","twitter_card":"summary_large_image","twitter_misc":{"Scritto da":"Roger Str\u00e4ssle","Tempo di lettura stimato":"2 minuti"},"schema":{"@context":"https:\/\/schema.org","@graph":[{"@type":"Article","@id":"https:\/\/news.save.ch\/sbb-unfall-sust-plaediert-fuer-neues-tuerschliesssystem\/#article","isPartOf":{"@id":"https:\/\/news.save.ch\/sbb-unfall-sust-plaediert-fuer-neues-tuerschliesssystem\/"},"author":{"name":"Roger Str\u00e4ssle","@id":"https:\/\/news.save.ch\/de\/#\/schema\/person\/d5022db048e0e2b9785c50e5b24da5aa"},"headline":"SBB-Unfall: Sust pl\u00e4diert f\u00fcr neues T\u00fcrschliesssystem","datePublished":"2019-08-21T11:35:06+00:00","dateModified":"2023-03-14T07:59:59+00:00","mainEntityOfPage":{"@id":"https:\/\/news.save.ch\/sbb-unfall-sust-plaediert-fuer-neues-tuerschliesssystem\/"},"wordCount":439,"commentCount":0,"publisher":{"@id":"https:\/\/news.save.ch\/de\/#organization"},"image":{"@id":"https:\/\/news.save.ch\/sbb-unfall-sust-plaediert-fuer-neues-tuerschliesssystem\/#primaryimage"},"thumbnailUrl":"https:\/\/news.save.ch\/wp-content\/uploads\/2019\/08\/SBB_Fehler.jpg","keywords":["SBB","T\u00fcrschliesssystem"],"articleSection":["SICHERHEIT"],"inLanguage":"it-IT"},{"@type":"WebPage","@id":"https:\/\/news.save.ch\/sbb-unfall-sust-plaediert-fuer-neues-tuerschliesssystem\/","url":"https:\/\/news.save.ch\/sbb-unfall-sust-plaediert-fuer-neues-tuerschliesssystem\/","name":"Incidente alle FFS: la Sust chiede un nuovo sistema di chiusura delle porte - Save","isPartOf":{"@id":"https:\/\/news.save.ch\/de\/#website"},"primaryImageOfPage":{"@id":"https:\/\/news.save.ch\/sbb-unfall-sust-plaediert-fuer-neues-tuerschliesssystem\/#primaryimage"},"image":{"@id":"https:\/\/news.save.ch\/sbb-unfall-sust-plaediert-fuer-neues-tuerschliesssystem\/#primaryimage"},"thumbnailUrl":"https:\/\/news.save.ch\/wp-content\/uploads\/2019\/08\/SBB_Fehler.jpg","datePublished":"2019-08-21T11:35:06+00:00","dateModified":"2023-03-14T07:59:59+00:00","description":"Oggi la Sust ha pubblicato un rapporto intermedio sull'incidente mortale delle FFS a Baden. Sono stati riscontrati due malfunzionamenti nel sistema di chiusura delle porte.","breadcrumb":{"@id":"https:\/\/news.save.ch\/sbb-unfall-sust-plaediert-fuer-neues-tuerschliesssystem\/#breadcrumb"},"inLanguage":"it-IT","potentialAction":[{"@type":"ReadAction","target":["https:\/\/news.save.ch\/sbb-unfall-sust-plaediert-fuer-neues-tuerschliesssystem\/"]}]},{"@type":"ImageObject","inLanguage":"it-IT","@id":"https:\/\/news.save.ch\/sbb-unfall-sust-plaediert-fuer-neues-tuerschliesssystem\/#primaryimage","url":"https:\/\/news.save.ch\/wp-content\/uploads\/2019\/08\/SBB_Fehler.jpg","contentUrl":"https:\/\/news.save.ch\/wp-content\/uploads\/2019\/08\/SBB_Fehler.jpg","width":749,"height":725,"caption":"(1) Bei zwei vertieften Untersuchungen im SBB-Reparaturzentrum in Altstetten wurde festgestellt, dass am Druckwellenschalter eine Anschlussfahne des elektrischen Kontaktes komplett lose war. Quelle: Sust-Zwischenbericht"},{"@type":"BreadcrumbList","@id":"https:\/\/news.save.ch\/sbb-unfall-sust-plaediert-fuer-neues-tuerschliesssystem\/#breadcrumb","itemListElement":[{"@type":"ListItem","position":1,"name":"Home","item":"https:\/\/news.save.ch\/de\/"},{"@type":"ListItem","position":2,"name":"SBB-Unfall: Sust pl\u00e4diert f\u00fcr neues T\u00fcrschliesssystem"}]},{"@type":"WebSite","@id":"https:\/\/news.save.ch\/de\/#website","url":"https:\/\/news.save.ch\/de\/","name":"Risparmiare","description":"Rivista svizzera specializzata in sicurezza","publisher":{"@id":"https:\/\/news.save.ch\/de\/#organization"},"potentialAction":[{"@type":"SearchAction","target":{"@type":"EntryPoint","urlTemplate":"https:\/\/news.save.ch\/de\/?s={search_term_string}"},"query-input":{"@type":"PropertyValueSpecification","valueRequired":true,"valueName":"search_term_string"}}],"inLanguage":"it-IT"},{"@type":"Organization","@id":"https:\/\/news.save.ch\/de\/#organization","name":"Forum sulla sicurezza","url":"https:\/\/news.save.ch\/de\/","logo":{"@type":"ImageObject","inLanguage":"it-IT","@id":"https:\/\/news.save.ch\/de\/#\/schema\/logo\/image\/","url":"https:\/\/news.save.ch\/wp-content\/uploads\/2022\/06\/Logo_SF_2012.png","contentUrl":"https:\/\/news.save.ch\/wp-content\/uploads\/2022\/06\/Logo_SF_2012.png","width":1100,"height":91,"caption":"Sicherheitsforum"},"image":{"@id":"https:\/\/news.save.ch\/de\/#\/schema\/logo\/image\/"}},{"@type":"Person","@id":"https:\/\/news.save.ch\/de\/#\/schema\/person\/d5022db048e0e2b9785c50e5b24da5aa","name":"Roger Str\u00e4ssle","image":{"@type":"ImageObject","inLanguage":"it-IT","@id":"https:\/\/secure.gravatar.com\/avatar\/862a5569d087de48e5856e32f45d719a03804c891d6deb8d4f71a660e79e4a47?s=96&d=mm&r=g","url":"https:\/\/secure.gravatar.com\/avatar\/862a5569d087de48e5856e32f45d719a03804c891d6deb8d4f71a660e79e4a47?s=96&d=mm&r=g","contentUrl":"https:\/\/secure.gravatar.com\/avatar\/862a5569d087de48e5856e32f45d719a03804c891d6deb8d4f71a660e79e4a47?s=96&d=mm&r=g","caption":"Roger Str\u00e4ssle"},"url":"https:\/\/news.save.ch\/it\/author\/roger-straessle\/"}]}},"_links":{"self":[{"href":"https:\/\/news.save.ch\/it\/wp-json\/wp\/v2\/posts\/8605","targetHints":{"allow":["GET"]}}],"collection":[{"href":"https:\/\/news.save.ch\/it\/wp-json\/wp\/v2\/posts"}],"about":[{"href":"https:\/\/news.save.ch\/it\/wp-json\/wp\/v2\/types\/post"}],"author":[{"embeddable":true,"href":"https:\/\/news.save.ch\/it\/wp-json\/wp\/v2\/users\/8"}],"replies":[{"embeddable":true,"href":"https:\/\/news.save.ch\/it\/wp-json\/wp\/v2\/comments?post=8605"}],"version-history":[{"count":1,"href":"https:\/\/news.save.ch\/it\/wp-json\/wp\/v2\/posts\/8605\/revisions"}],"predecessor-version":[{"id":17978,"href":"https:\/\/news.save.ch\/it\/wp-json\/wp\/v2\/posts\/8605\/revisions\/17978"}],"wp:featuredmedia":[{"embeddable":true,"href":"https:\/\/news.save.ch\/it\/wp-json\/wp\/v2\/media\/8606"}],"wp:attachment":[{"href":"https:\/\/news.save.ch\/it\/wp-json\/wp\/v2\/media?parent=8605"}],"wp:term":[{"taxonomy":"category","embeddable":true,"href":"https:\/\/news.save.ch\/it\/wp-json\/wp\/v2\/categories?post=8605"},{"taxonomy":"post_tag","embeddable":true,"href":"https:\/\/news.save.ch\/it\/wp-json\/wp\/v2\/tags?post=8605"}],"curies":[{"name":"wp","href":"https:\/\/api.w.org\/{rel}","templated":true}]}}