{"id":8624,"date":"2019-08-23T12:06:29","date_gmt":"2019-08-23T10:06:29","guid":{"rendered":"https:\/\/news.save.ch\/?p=8624"},"modified":"2023-03-14T08:59:59","modified_gmt":"2023-03-14T07:59:59","slug":"sbb-zugtueren-bav-ordnet-massnahmen-an","status":null,"type":"post","link":"https:\/\/news.save.ch\/it\/sbb-zugtueren-bav-ordnet-massnahmen-an\/","title":{"rendered":"Porte dei treni FFS: BAV ordina misure"},"content":{"rendered":"<figure id=\"attachment_8625\" aria-describedby=\"caption-attachment-8625\" style=\"width: 680px\" class=\"wp-caption aligncenter\"><img loading=\"lazy\" decoding=\"async\" class=\"size-medium wp-image-8625\" src=\"https:\/\/news.save.ch\/wp-content\/uploads\/2019\/08\/SBB_2-1.jpg\" alt=\"\" width=\"680\" height=\"453\" \/><figcaption id=\"caption-attachment-8625\" class=\"wp-caption-text\">\u00a9 SBB CFF FFS<\/figcaption><\/figure>\n<p>L'Autorit\u00e0 svizzera per le indagini sulla sicurezza (Sust) ha aperto un'inchiesta sul tragico incidente avvenuto a Baden all'inizio di agosto, in cui un addetto alle FFS \u00e8 rimasto intrappolato nella porta di una carrozza EW IV ed \u00e8 morto. Mercoled\u00ec, il <a href=\"https:\/\/news.save.ch\/it\/8491-2\/\">Rapporto intermedio <\/a>\u00e8 stato pubblicato. \u00c8 indirizzata all'Ufficio federale dei trasporti (UFT) e contiene due raccomandazioni. L'UFT attua le due raccomandazioni della Sust nei confronti delle FFS come segue (decreto dell'UFT cfr. <a href=\"https:\/\/www.newsd.admin.ch\/newsd\/message\/attachments\/58141.pdf\">qui<\/a>):<\/p>\n<ul>\n<li>Nella sua indagine, Sust afferma che il circuito parallelo esistente per le porte dell'EW IV pu\u00f2 far s\u00ec che le porte vengano segnalate al macchinista come chiuse, anche se non \u00e8 cos\u00ec. Il Sust raccomanda all'UFT di chiedere alle FFS di adeguare questo sistema. L'UFT chiede alle FFS di adattare questo sistema entro la fine di ottobre, in modo da indicare al macchinista lo stato corretto delle porte.<\/li>\n<li>Sust osserva che la protezione anti-trappola sulle porte dell'EW IV non funziona in modo affidabile. Raccomanda all'UFT di ordinare alle FFS di sostituire l'attuale sistema con uno pi\u00f9 affidabile. L'UFT chiede alle FFS di illustrare entro la fine di ottobre le modalit\u00e0 di sostituzione del comando delle porte dell'EW IV, con una procedura e un calendario.<\/li>\n<li>Fino all'attuazione di queste due misure, le FFS devono esaminare e attuare misure operative alternative.<\/li>\n<li>Inoltre, deve verificare che il processo di autorizzazione non presenti rischi.<\/li>\n<\/ul>\n<p><strong>Oltre 300 difetti<\/strong><\/p>\n<p>Dopo l'incidente, le FFS hanno individuato pi\u00f9 di 300 difetti durante un'ispezione speciale delle porte dell'EW-IV. I difetti rilevati hanno diversi gradi di rilevanza per la sicurezza, ma il tasso di difetti \u00e8 comunque elevato. L'UFT si chiede perch\u00e9 le FFS non abbiano scoperto questi difetti nell'ambito della manutenzione ordinaria e dei controlli. Oltre alle misure raccomandate dalla SUST, l'UFT chiede quindi alle FFS di far controllare l'organizzazione e i processi di manutenzione dei veicoli da una societ\u00e0 esterna. Entro la fine di ottobre, le FFS devono presentare all'UFT un capitolato e un calendario per questo audit esterno. Inoltre, le FFS devono verificare l'esistenza di rischi analoghi in flotte di carri comparabili.<\/p>\n<p><em>Fonte: <a href=\"https:\/\/www.bav.admin.ch\/bav\/de\/home.html\">BAV<\/a><\/em><\/p>","protected":false},"excerpt":{"rendered":"<p>Zum tragischen Unfall von Anfang August in Baden, bei dem ein SBB-Zugbegleiter in der T\u00fcre eines Wagens des Typs EW IV eingeklemmt wurde und ums Leben kam, hat die Schweizerische Sicherheitsuntersuchungsstelle (Sust) eine Untersuchung eingeleitet. Am Mittwoch ist der Zwischenbericht erschienen. Er richtet sich an das Bundesamt f\u00fcr Verkehr (BAV) und enth\u00e4lt zwei Empfehlungen. Das [&hellip;]<\/p>\n","protected":false},"author":8,"featured_media":8625,"comment_status":"open","ping_status":"open","sticky":false,"template":"","format":"standard","meta":{"_acf_changed":false,"pgc_sgb_lightbox_settings":"","footnotes":""},"categories":[3312],"tags":[521,330],"class_list":["post-8624","post","type-post","status-publish","format-standard","has-post-thumbnail","hentry","category-sicherheit","tag-sbb","tag-tuersystem"],"acf":[],"hkrextid":null,"publication":null,"issue":null,"workflow":null,"startPage":null,"spitzmarke":null,"_posts_by_tag_page_fields":{"widget_title":"","widget_tags":""},"_at_widget":"1","_yoast_wpseo_primary_category":"3303","_yoast_wpseo_focuskw_text_input":"SBB-Zugt\u00fcren","_yoast_wpseo_opengraph-image":null,"_yoast_wpseo_opengraph-description":null,"_yoast_wpseo_opengraph-title":null,"enclosure":null,"_yoast_wpseo_twitter-title":null,"_yoast_wpseo_twitter-description":null,"_yoast_wpseo_twitter-image":null,"_wp_old_slug":null,"_yoast_wpseo_title":null,"_yoast_wpseo_canonical":null,"yoast_head":"<!-- This site is optimized with the Yoast SEO plugin v27.5 - https:\/\/yoast.com\/product\/yoast-seo-wordpress\/ -->\n<title>SBB-Zugt\u00fcren: BAV ordnet Massnahmen an - Save<\/title>\n<meta name=\"description\" content=\"SBB-Zugt\u00fcren: Das Bundesamt f\u00fcr Verkehr ordnet Massnahmen an, die die Bundesbahnen umsetzen m\u00fcssen.\" \/>\n<meta name=\"robots\" content=\"index, follow, max-snippet:-1, max-image-preview:large, max-video-preview:-1\" \/>\n<link rel=\"canonical\" href=\"https:\/\/news.save.ch\/it\/sbb-zugtueren-bav-ordnet-massnahmen-an\/\" \/>\n<meta property=\"og:locale\" content=\"it_IT\" \/>\n<meta property=\"og:type\" content=\"article\" \/>\n<meta property=\"og:title\" content=\"SBB-Zugt\u00fcren: BAV ordnet Massnahmen an - Save\" \/>\n<meta property=\"og:description\" content=\"SBB-Zugt\u00fcren: Das Bundesamt f\u00fcr Verkehr ordnet Massnahmen an, die die Bundesbahnen umsetzen m\u00fcssen.\" \/>\n<meta property=\"og:url\" content=\"https:\/\/news.save.ch\/it\/sbb-zugtueren-bav-ordnet-massnahmen-an\/\" \/>\n<meta property=\"og:site_name\" content=\"Save\" \/>\n<meta property=\"article:published_time\" content=\"2019-08-23T10:06:29+00:00\" \/>\n<meta property=\"article:modified_time\" content=\"2023-03-14T07:59:59+00:00\" \/>\n<meta property=\"og:image\" content=\"https:\/\/news.save.ch\/wp-content\/uploads\/2019\/08\/SBB_2-1-scaled.jpg\" \/>\n\t<meta property=\"og:image:width\" content=\"1400\" \/>\n\t<meta property=\"og:image:height\" content=\"933\" \/>\n\t<meta property=\"og:image:type\" content=\"image\/jpeg\" \/>\n<meta name=\"author\" content=\"Roger Str\u00e4ssle\" \/>\n<meta name=\"twitter:card\" content=\"summary_large_image\" \/>\n<meta name=\"twitter:label1\" content=\"Scritto da\" \/>\n\t<meta name=\"twitter:data1\" content=\"Roger Str\u00e4ssle\" \/>\n\t<meta name=\"twitter:label2\" content=\"Tempo di lettura stimato\" \/>\n\t<meta name=\"twitter:data2\" content=\"2 minuti\" \/>\n<script type=\"application\/ld+json\" class=\"yoast-schema-graph\">{\"@context\":\"https:\\\/\\\/schema.org\",\"@graph\":[{\"@type\":\"Article\",\"@id\":\"https:\\\/\\\/news.save.ch\\\/sbb-zugtueren-bav-ordnet-massnahmen-an\\\/#article\",\"isPartOf\":{\"@id\":\"https:\\\/\\\/news.save.ch\\\/sbb-zugtueren-bav-ordnet-massnahmen-an\\\/\"},\"author\":{\"name\":\"Roger Str\u00e4ssle\",\"@id\":\"https:\\\/\\\/news.save.ch\\\/de\\\/#\\\/schema\\\/person\\\/d5022db048e0e2b9785c50e5b24da5aa\"},\"headline\":\"SBB-Zugt\u00fcren: BAV ordnet Massnahmen an\",\"datePublished\":\"2019-08-23T10:06:29+00:00\",\"dateModified\":\"2023-03-14T07:59:59+00:00\",\"mainEntityOfPage\":{\"@id\":\"https:\\\/\\\/news.save.ch\\\/sbb-zugtueren-bav-ordnet-massnahmen-an\\\/\"},\"wordCount\":385,\"commentCount\":0,\"publisher\":{\"@id\":\"https:\\\/\\\/news.save.ch\\\/de\\\/#organization\"},\"image\":{\"@id\":\"https:\\\/\\\/news.save.ch\\\/sbb-zugtueren-bav-ordnet-massnahmen-an\\\/#primaryimage\"},\"thumbnailUrl\":\"https:\\\/\\\/news.save.ch\\\/wp-content\\\/uploads\\\/2019\\\/08\\\/SBB_2-1-scaled.jpg\",\"keywords\":[\"SBB\",\"T\u00fcrsystem\"],\"articleSection\":[\"SICHERHEIT\"],\"inLanguage\":\"it-IT\"},{\"@type\":\"WebPage\",\"@id\":\"https:\\\/\\\/news.save.ch\\\/sbb-zugtueren-bav-ordnet-massnahmen-an\\\/\",\"url\":\"https:\\\/\\\/news.save.ch\\\/sbb-zugtueren-bav-ordnet-massnahmen-an\\\/\",\"name\":\"SBB-Zugt\u00fcren: BAV ordnet Massnahmen an - Save\",\"isPartOf\":{\"@id\":\"https:\\\/\\\/news.save.ch\\\/de\\\/#website\"},\"primaryImageOfPage\":{\"@id\":\"https:\\\/\\\/news.save.ch\\\/sbb-zugtueren-bav-ordnet-massnahmen-an\\\/#primaryimage\"},\"image\":{\"@id\":\"https:\\\/\\\/news.save.ch\\\/sbb-zugtueren-bav-ordnet-massnahmen-an\\\/#primaryimage\"},\"thumbnailUrl\":\"https:\\\/\\\/news.save.ch\\\/wp-content\\\/uploads\\\/2019\\\/08\\\/SBB_2-1-scaled.jpg\",\"datePublished\":\"2019-08-23T10:06:29+00:00\",\"dateModified\":\"2023-03-14T07:59:59+00:00\",\"description\":\"SBB-Zugt\u00fcren: Das Bundesamt f\u00fcr Verkehr ordnet Massnahmen an, die die Bundesbahnen umsetzen m\u00fcssen.\",\"breadcrumb\":{\"@id\":\"https:\\\/\\\/news.save.ch\\\/sbb-zugtueren-bav-ordnet-massnahmen-an\\\/#breadcrumb\"},\"inLanguage\":\"it-IT\",\"potentialAction\":[{\"@type\":\"ReadAction\",\"target\":[\"https:\\\/\\\/news.save.ch\\\/sbb-zugtueren-bav-ordnet-massnahmen-an\\\/\"]}]},{\"@type\":\"ImageObject\",\"inLanguage\":\"it-IT\",\"@id\":\"https:\\\/\\\/news.save.ch\\\/sbb-zugtueren-bav-ordnet-massnahmen-an\\\/#primaryimage\",\"url\":\"https:\\\/\\\/news.save.ch\\\/wp-content\\\/uploads\\\/2019\\\/08\\\/SBB_2-1-scaled.jpg\",\"contentUrl\":\"https:\\\/\\\/news.save.ch\\\/wp-content\\\/uploads\\\/2019\\\/08\\\/SBB_2-1-scaled.jpg\",\"width\":1400,\"height\":933,\"caption\":\"\u00a9 SBB CFF FFS\"},{\"@type\":\"BreadcrumbList\",\"@id\":\"https:\\\/\\\/news.save.ch\\\/sbb-zugtueren-bav-ordnet-massnahmen-an\\\/#breadcrumb\",\"itemListElement\":[{\"@type\":\"ListItem\",\"position\":1,\"name\":\"Home\",\"item\":\"https:\\\/\\\/news.save.ch\\\/de\\\/\"},{\"@type\":\"ListItem\",\"position\":2,\"name\":\"SBB-Zugt\u00fcren: BAV ordnet Massnahmen an\"}]},{\"@type\":\"WebSite\",\"@id\":\"https:\\\/\\\/news.save.ch\\\/de\\\/#website\",\"url\":\"https:\\\/\\\/news.save.ch\\\/de\\\/\",\"name\":\"Save\",\"description\":\"Schweizer Fachzeitschrift f\u00fcr Sicherheit\",\"publisher\":{\"@id\":\"https:\\\/\\\/news.save.ch\\\/de\\\/#organization\"},\"potentialAction\":[{\"@type\":\"SearchAction\",\"target\":{\"@type\":\"EntryPoint\",\"urlTemplate\":\"https:\\\/\\\/news.save.ch\\\/de\\\/?s={search_term_string}\"},\"query-input\":{\"@type\":\"PropertyValueSpecification\",\"valueRequired\":true,\"valueName\":\"search_term_string\"}}],\"inLanguage\":\"it-IT\"},{\"@type\":\"Organization\",\"@id\":\"https:\\\/\\\/news.save.ch\\\/de\\\/#organization\",\"name\":\"Sicherheitsforum\",\"url\":\"https:\\\/\\\/news.save.ch\\\/de\\\/\",\"logo\":{\"@type\":\"ImageObject\",\"inLanguage\":\"it-IT\",\"@id\":\"https:\\\/\\\/news.save.ch\\\/de\\\/#\\\/schema\\\/logo\\\/image\\\/\",\"url\":\"https:\\\/\\\/news.save.ch\\\/wp-content\\\/uploads\\\/2022\\\/06\\\/Logo_SF_2012.png\",\"contentUrl\":\"https:\\\/\\\/news.save.ch\\\/wp-content\\\/uploads\\\/2022\\\/06\\\/Logo_SF_2012.png\",\"width\":1100,\"height\":91,\"caption\":\"Sicherheitsforum\"},\"image\":{\"@id\":\"https:\\\/\\\/news.save.ch\\\/de\\\/#\\\/schema\\\/logo\\\/image\\\/\"}},{\"@type\":\"Person\",\"@id\":\"https:\\\/\\\/news.save.ch\\\/de\\\/#\\\/schema\\\/person\\\/d5022db048e0e2b9785c50e5b24da5aa\",\"name\":\"Roger Str\u00e4ssle\",\"image\":{\"@type\":\"ImageObject\",\"inLanguage\":\"it-IT\",\"@id\":\"https:\\\/\\\/secure.gravatar.com\\\/avatar\\\/862a5569d087de48e5856e32f45d719a03804c891d6deb8d4f71a660e79e4a47?s=96&d=mm&r=g\",\"url\":\"https:\\\/\\\/secure.gravatar.com\\\/avatar\\\/862a5569d087de48e5856e32f45d719a03804c891d6deb8d4f71a660e79e4a47?s=96&d=mm&r=g\",\"contentUrl\":\"https:\\\/\\\/secure.gravatar.com\\\/avatar\\\/862a5569d087de48e5856e32f45d719a03804c891d6deb8d4f71a660e79e4a47?s=96&d=mm&r=g\",\"caption\":\"Roger Str\u00e4ssle\"},\"url\":\"https:\\\/\\\/news.save.ch\\\/it\\\/author\\\/roger-straessle\\\/\"}]}<\/script>\n<!-- \/ Yoast SEO plugin. -->","yoast_head_json":{"title":"Porte dei treni FFS: BAV ordina misure - Save","description":"Porte dei treni FFS: l'Ufficio federale dei trasporti ordina misure che le ferrovie federali devono attuare.","robots":{"index":"index","follow":"follow","max-snippet":"max-snippet:-1","max-image-preview":"max-image-preview:large","max-video-preview":"max-video-preview:-1"},"canonical":"https:\/\/news.save.ch\/it\/sbb-zugtueren-bav-ordnet-massnahmen-an\/","og_locale":"it_IT","og_type":"article","og_title":"SBB-Zugt\u00fcren: BAV ordnet Massnahmen an - Save","og_description":"SBB-Zugt\u00fcren: Das Bundesamt f\u00fcr Verkehr ordnet Massnahmen an, die die Bundesbahnen umsetzen m\u00fcssen.","og_url":"https:\/\/news.save.ch\/it\/sbb-zugtueren-bav-ordnet-massnahmen-an\/","og_site_name":"Save","article_published_time":"2019-08-23T10:06:29+00:00","article_modified_time":"2023-03-14T07:59:59+00:00","og_image":[{"width":1400,"height":933,"url":"https:\/\/news.save.ch\/wp-content\/uploads\/2019\/08\/SBB_2-1-scaled.jpg","type":"image\/jpeg"}],"author":"Roger Str\u00e4ssle","twitter_card":"summary_large_image","twitter_misc":{"Scritto da":"Roger Str\u00e4ssle","Tempo di lettura stimato":"2 minuti"},"schema":{"@context":"https:\/\/schema.org","@graph":[{"@type":"Article","@id":"https:\/\/news.save.ch\/sbb-zugtueren-bav-ordnet-massnahmen-an\/#article","isPartOf":{"@id":"https:\/\/news.save.ch\/sbb-zugtueren-bav-ordnet-massnahmen-an\/"},"author":{"name":"Roger Str\u00e4ssle","@id":"https:\/\/news.save.ch\/de\/#\/schema\/person\/d5022db048e0e2b9785c50e5b24da5aa"},"headline":"SBB-Zugt\u00fcren: BAV ordnet Massnahmen an","datePublished":"2019-08-23T10:06:29+00:00","dateModified":"2023-03-14T07:59:59+00:00","mainEntityOfPage":{"@id":"https:\/\/news.save.ch\/sbb-zugtueren-bav-ordnet-massnahmen-an\/"},"wordCount":385,"commentCount":0,"publisher":{"@id":"https:\/\/news.save.ch\/de\/#organization"},"image":{"@id":"https:\/\/news.save.ch\/sbb-zugtueren-bav-ordnet-massnahmen-an\/#primaryimage"},"thumbnailUrl":"https:\/\/news.save.ch\/wp-content\/uploads\/2019\/08\/SBB_2-1-scaled.jpg","keywords":["SBB","T\u00fcrsystem"],"articleSection":["SICHERHEIT"],"inLanguage":"it-IT"},{"@type":"WebPage","@id":"https:\/\/news.save.ch\/sbb-zugtueren-bav-ordnet-massnahmen-an\/","url":"https:\/\/news.save.ch\/sbb-zugtueren-bav-ordnet-massnahmen-an\/","name":"Porte dei treni FFS: BAV ordina misure - Save","isPartOf":{"@id":"https:\/\/news.save.ch\/de\/#website"},"primaryImageOfPage":{"@id":"https:\/\/news.save.ch\/sbb-zugtueren-bav-ordnet-massnahmen-an\/#primaryimage"},"image":{"@id":"https:\/\/news.save.ch\/sbb-zugtueren-bav-ordnet-massnahmen-an\/#primaryimage"},"thumbnailUrl":"https:\/\/news.save.ch\/wp-content\/uploads\/2019\/08\/SBB_2-1-scaled.jpg","datePublished":"2019-08-23T10:06:29+00:00","dateModified":"2023-03-14T07:59:59+00:00","description":"Porte dei treni FFS: l'Ufficio federale dei trasporti ordina misure che le ferrovie federali devono attuare.","breadcrumb":{"@id":"https:\/\/news.save.ch\/sbb-zugtueren-bav-ordnet-massnahmen-an\/#breadcrumb"},"inLanguage":"it-IT","potentialAction":[{"@type":"ReadAction","target":["https:\/\/news.save.ch\/sbb-zugtueren-bav-ordnet-massnahmen-an\/"]}]},{"@type":"ImageObject","inLanguage":"it-IT","@id":"https:\/\/news.save.ch\/sbb-zugtueren-bav-ordnet-massnahmen-an\/#primaryimage","url":"https:\/\/news.save.ch\/wp-content\/uploads\/2019\/08\/SBB_2-1-scaled.jpg","contentUrl":"https:\/\/news.save.ch\/wp-content\/uploads\/2019\/08\/SBB_2-1-scaled.jpg","width":1400,"height":933,"caption":"\u00a9 SBB CFF FFS"},{"@type":"BreadcrumbList","@id":"https:\/\/news.save.ch\/sbb-zugtueren-bav-ordnet-massnahmen-an\/#breadcrumb","itemListElement":[{"@type":"ListItem","position":1,"name":"Home","item":"https:\/\/news.save.ch\/de\/"},{"@type":"ListItem","position":2,"name":"SBB-Zugt\u00fcren: BAV ordnet Massnahmen an"}]},{"@type":"WebSite","@id":"https:\/\/news.save.ch\/de\/#website","url":"https:\/\/news.save.ch\/de\/","name":"Risparmiare","description":"Rivista svizzera specializzata in sicurezza","publisher":{"@id":"https:\/\/news.save.ch\/de\/#organization"},"potentialAction":[{"@type":"SearchAction","target":{"@type":"EntryPoint","urlTemplate":"https:\/\/news.save.ch\/de\/?s={search_term_string}"},"query-input":{"@type":"PropertyValueSpecification","valueRequired":true,"valueName":"search_term_string"}}],"inLanguage":"it-IT"},{"@type":"Organization","@id":"https:\/\/news.save.ch\/de\/#organization","name":"Forum sulla sicurezza","url":"https:\/\/news.save.ch\/de\/","logo":{"@type":"ImageObject","inLanguage":"it-IT","@id":"https:\/\/news.save.ch\/de\/#\/schema\/logo\/image\/","url":"https:\/\/news.save.ch\/wp-content\/uploads\/2022\/06\/Logo_SF_2012.png","contentUrl":"https:\/\/news.save.ch\/wp-content\/uploads\/2022\/06\/Logo_SF_2012.png","width":1100,"height":91,"caption":"Sicherheitsforum"},"image":{"@id":"https:\/\/news.save.ch\/de\/#\/schema\/logo\/image\/"}},{"@type":"Person","@id":"https:\/\/news.save.ch\/de\/#\/schema\/person\/d5022db048e0e2b9785c50e5b24da5aa","name":"Roger Str\u00e4ssle","image":{"@type":"ImageObject","inLanguage":"it-IT","@id":"https:\/\/secure.gravatar.com\/avatar\/862a5569d087de48e5856e32f45d719a03804c891d6deb8d4f71a660e79e4a47?s=96&d=mm&r=g","url":"https:\/\/secure.gravatar.com\/avatar\/862a5569d087de48e5856e32f45d719a03804c891d6deb8d4f71a660e79e4a47?s=96&d=mm&r=g","contentUrl":"https:\/\/secure.gravatar.com\/avatar\/862a5569d087de48e5856e32f45d719a03804c891d6deb8d4f71a660e79e4a47?s=96&d=mm&r=g","caption":"Roger Str\u00e4ssle"},"url":"https:\/\/news.save.ch\/it\/author\/roger-straessle\/"}]}},"_links":{"self":[{"href":"https:\/\/news.save.ch\/it\/wp-json\/wp\/v2\/posts\/8624","targetHints":{"allow":["GET"]}}],"collection":[{"href":"https:\/\/news.save.ch\/it\/wp-json\/wp\/v2\/posts"}],"about":[{"href":"https:\/\/news.save.ch\/it\/wp-json\/wp\/v2\/types\/post"}],"author":[{"embeddable":true,"href":"https:\/\/news.save.ch\/it\/wp-json\/wp\/v2\/users\/8"}],"replies":[{"embeddable":true,"href":"https:\/\/news.save.ch\/it\/wp-json\/wp\/v2\/comments?post=8624"}],"version-history":[{"count":1,"href":"https:\/\/news.save.ch\/it\/wp-json\/wp\/v2\/posts\/8624\/revisions"}],"predecessor-version":[{"id":17977,"href":"https:\/\/news.save.ch\/it\/wp-json\/wp\/v2\/posts\/8624\/revisions\/17977"}],"wp:featuredmedia":[{"embeddable":true,"href":"https:\/\/news.save.ch\/it\/wp-json\/wp\/v2\/media\/8625"}],"wp:attachment":[{"href":"https:\/\/news.save.ch\/it\/wp-json\/wp\/v2\/media?parent=8624"}],"wp:term":[{"taxonomy":"category","embeddable":true,"href":"https:\/\/news.save.ch\/it\/wp-json\/wp\/v2\/categories?post=8624"},{"taxonomy":"post_tag","embeddable":true,"href":"https:\/\/news.save.ch\/it\/wp-json\/wp\/v2\/tags?post=8624"}],"curies":[{"name":"wp","href":"https:\/\/api.w.org\/{rel}","templated":true}]}}