{"id":8662,"date":"2019-09-16T11:00:22","date_gmt":"2019-09-16T09:00:22","guid":{"rendered":"https:\/\/news.save.ch\/?p=8662"},"modified":"2023-03-14T08:59:19","modified_gmt":"2023-03-14T07:59:19","slug":"weshalb-viele-videokameras-ihren-zweck-nicht-erfuellen","status":null,"type":"post","link":"https:\/\/news.save.ch\/it\/weshalb-viele-videokameras-ihren-zweck-nicht-erfuellen\/","title":{"rendered":"Perch\u00e9 molte videocamere non raggiungono il loro scopo"},"content":{"rendered":"<figure id=\"attachment_8663\" aria-describedby=\"caption-attachment-8663\" style=\"width: 680px\" class=\"wp-caption aligncenter\"><img loading=\"lazy\" decoding=\"async\" class=\"size-medium wp-image-8663\" src=\"https:\/\/news.save.ch\/wp-content\/uploads\/2019\/09\/Bild-1-Bewegungsunschaerfe-und-Komprimierung-im-Videobild.jpg\" alt=\"\" width=\"680\" height=\"383\" srcset=\"https:\/\/news.save.ch\/wp-content\/uploads\/2019\/09\/Bild-1-Bewegungsunschaerfe-und-Komprimierung-im-Videobild.jpg 1356w, https:\/\/news.save.ch\/wp-content\/uploads\/2019\/09\/Bild-1-Bewegungsunschaerfe-und-Komprimierung-im-Videobild-375x211.jpg 375w\" sizes=\"auto, (max-width: 680px) 100vw, 680px\" \/><figcaption id=\"caption-attachment-8663\" class=\"wp-caption-text\">La sfocatura dell'immagine diventa qui evidente con il movimento in diretto confronto con lo sfondo. Immagine: Ronald Bachofner<\/figcaption><\/figure>\n<p>Una videocamera \u00e8 montata su una parete di fronte a un negozio. Ma cosa registra in realt\u00e0? I dintorni, la strada o l'area di ingresso? Per quale scopo \u00e8 stato installato? Se questi punti non sono definiti con precisione, spesso la telecamera non riesce a raggiungere il suo scopo. \"Alla fine si tratta di una telecamera qualsiasi che guarda in qualsiasi direzione e in qualsiasi luogo e registra qualsiasi cosa. \u00c8 cos\u00ec che si crea un prodotto casuale. E purtroppo ho la sensazione di avere spesso a che fare con prodotti casuali\", spiega Roland Bachofner, esperto di immagini forensi presso l'Istituto Forense di Zurigo.<\/p>\n<p><strong>La mancanza di conoscenze impedisce un adattamento ottimale<\/strong><\/p>\n<p>L'Image forensics esamina il materiale delle immagini alla ricerca di tutto ci\u00f2 che pu\u00f2 essere misurato sull'uomo. Ci\u00f2 include il riconoscimento facciale, la misurazione della massa corporea, il confronto dei vestiti o l'analisi dei dettagli del movimento. Se la fotocamera \u00e8 impostata o regolata in modo errato, potrebbe non essere possibile catturare chiaramente tutti questi dettagli e quindi le immagini non possono essere utilizzate. Secondo Bachofner, la risoluzione della fotocamera non \u00e8 decisiva, come spesso si pensa. Ci\u00f2 che conta \u00e8 la densit\u00e0 di pixel nell'obiettivo di protezione. Ci\u00f2 significa che la densit\u00e0 di pixel deve essere massima nel punto da monitorare, ad esempio all'ingresso di un negozio o davanti alla vetrina di un museo. La risoluzione \u00e8 sempre la stessa sull'intera immagine, ma la densit\u00e0 cambia con l'aumentare della distanza. L'utente pu\u00f2 regolare con precisione questo aspetto tramite la lunghezza focale.<\/p>\n<p>\"La mia esperienza \u00e8 che i sistemi di ripresa stanno migliorando sempre di pi\u00f9 e sono in grado di catturare situazioni e persone in modo affidabile e dettagliato. Tuttavia, le notevoli carenze derivano soprattutto dalla gestione durante il funzionamento. Molto spesso i sistemi di videosorveglianza non vengono utilizzati appieno a causa della mancanza di conoscenze sulle opzioni di impostazione ottimali, mancando cos\u00ec completamente l'obiettivo\", continua Bachofner.<\/p>\n<p><strong>Anche la tecnologia delle telecamere \u00e8 fondamentale<\/strong><\/p>\n<p>Contrasto, sensibilit\u00e0 alla luce, comportamento al rumore e riproduzione del colore sono elementi essenziali di una buona immagine video, ma richiedono anche un'enorme potenza di calcolo.<\/p>\n<p>Spesso gli utenti non conoscono nel dettaglio i sistemi di telecamere e la tecnologia che ne \u00e8 alla base e quindi non sanno esattamente per cosa devono essere utilizzati. La gente si fida del fatto che la fotocamera possa fare \"quello\". \"Troppo piccolo, troppo lontano o troppo scuro: queste sono le mie risposte standard alle domande sugli oggetti nelle immagini\", conferma Bachofner. Pertanto, quando si monta e si imposta una telecamera, l'utente deve chiedersi innanzitutto che cosa si vuole registrare. A tal fine, \u00e8 necessario definire alcuni requisiti. Per ogni scopo applicativo e per ogni obiettivo di protezione, \u00e8 quindi necessario verificare attentamente le seguenti propriet\u00e0:<\/p>\n<ul>\n<li>Livello di dettaglio<\/li>\n<li>Angolo di ripresa<\/li>\n<li>Comportamento di contrasto<\/li>\n<li>Sensibilit\u00e0 alla luce<\/li>\n<li>Comportamento al rumore<\/li>\n<li>Solidit\u00e0 del colore<\/li>\n<li>Valutabilit\u00e0 forense<\/li>\n<li>Evitare la sfocatura del movimento<\/li>\n<\/ul>\n<p>Solo quando questi punti sono definiti con precisione, le telecamere possono essere utilizzate e le loro immagini video sono utilizzabili. Se le prestazioni di una telecamera vengono sfruttate in modo ottimale, ci\u00f2 non solo facilita il lavoro di un funzionario della polizia scientifica, ma supporta anche l'operatore, la polizia o altre istituzioni pubbliche. Solo in questo modo le videocamere svolgono la loro funzione (protettiva).<\/p>\n<p><em>Fonte: <a href=\"https:\/\/www.axis.com\">Asse<\/a>, Relazioni pubbliche Schwartz<\/em><\/p>\n<p>&nbsp;<\/p>","protected":false},"excerpt":{"rendered":"<p>Eine Videokamera ist an einer Hauswand vor einem Laden montiert. Doch was zeichnet diese eigentlich auf? Die Umgebung, die Strasse oder den Eingangsbereich? F\u00fcr welchen Zweck wurde sie installiert? Wenn diese Punkte nicht exakt definiert sind, verfehlt die Kamera oft ihren Nutzen. \u201eDann ist das letztlich nur irgendeine Kamera, die an irgendeinem Platz in irgendeine [&hellip;]<\/p>\n","protected":false},"author":8,"featured_media":8663,"comment_status":"open","ping_status":"open","sticky":false,"template":"","format":"standard","meta":{"_acf_changed":false,"pgc_sgb_lightbox_settings":"","footnotes":""},"categories":[3312],"tags":[89,78],"class_list":["post-8662","post","type-post","status-publish","format-standard","has-post-thumbnail","hentry","category-sicherheit","tag-videoanlagen","tag-videoueberwachung"],"acf":[],"hkrextid":null,"publication":null,"issue":null,"workflow":null,"startPage":null,"spitzmarke":null,"_posts_by_tag_page_fields":{"widget_title":"","widget_tags":""},"_at_widget":"1","_yoast_wpseo_primary_category":"529","_yoast_wpseo_focuskw_text_input":"Videokameras","_yoast_wpseo_opengraph-image":null,"_yoast_wpseo_opengraph-description":null,"_yoast_wpseo_opengraph-title":null,"enclosure":null,"_yoast_wpseo_twitter-title":null,"_yoast_wpseo_twitter-description":null,"_yoast_wpseo_twitter-image":null,"_wp_old_slug":null,"_yoast_wpseo_title":null,"_yoast_wpseo_canonical":null,"yoast_head":"<!-- This site is optimized with the Yoast SEO plugin v27.5 - https:\/\/yoast.com\/product\/yoast-seo-wordpress\/ -->\n<title>Weshalb viele Videokameras ihren Zweck nicht erf\u00fcllen - Save<\/title>\n<meta name=\"description\" content=\"Die Videotechnik kann Situationen und Menschen detailliert aufzeichnen, auch bei schlechten Lichtverh\u00e4ltnissen. Doch viele Kameras verfehlen den Zweck.\" \/>\n<meta name=\"robots\" content=\"index, follow, max-snippet:-1, max-image-preview:large, max-video-preview:-1\" \/>\n<link rel=\"canonical\" href=\"https:\/\/news.save.ch\/it\/weshalb-viele-videokameras-ihren-zweck-nicht-erfuellen\/\" \/>\n<meta property=\"og:locale\" content=\"it_IT\" \/>\n<meta property=\"og:type\" content=\"article\" \/>\n<meta property=\"og:title\" content=\"Weshalb viele Videokameras ihren Zweck nicht erf\u00fcllen - Save\" \/>\n<meta property=\"og:description\" content=\"Die Videotechnik kann Situationen und Menschen detailliert aufzeichnen, auch bei schlechten Lichtverh\u00e4ltnissen. Doch viele Kameras verfehlen den Zweck.\" \/>\n<meta property=\"og:url\" content=\"https:\/\/news.save.ch\/it\/weshalb-viele-videokameras-ihren-zweck-nicht-erfuellen\/\" \/>\n<meta property=\"og:site_name\" content=\"Save\" \/>\n<meta property=\"article:published_time\" content=\"2019-09-16T09:00:22+00:00\" \/>\n<meta property=\"article:modified_time\" content=\"2023-03-14T07:59:19+00:00\" \/>\n<meta property=\"og:image\" content=\"https:\/\/news.save.ch\/wp-content\/uploads\/2019\/09\/Bild-1-Bewegungsunschaerfe-und-Komprimierung-im-Videobild.jpg\" \/>\n\t<meta property=\"og:image:width\" content=\"1356\" \/>\n\t<meta property=\"og:image:height\" content=\"763\" \/>\n\t<meta property=\"og:image:type\" content=\"image\/jpeg\" \/>\n<meta name=\"author\" content=\"Roger Str\u00e4ssle\" \/>\n<meta name=\"twitter:card\" content=\"summary_large_image\" \/>\n<meta name=\"twitter:label1\" content=\"Scritto da\" \/>\n\t<meta name=\"twitter:data1\" content=\"Roger Str\u00e4ssle\" \/>\n\t<meta name=\"twitter:label2\" content=\"Tempo di lettura stimato\" \/>\n\t<meta name=\"twitter:data2\" content=\"3 minuti\" \/>\n<script type=\"application\/ld+json\" class=\"yoast-schema-graph\">{\"@context\":\"https:\\\/\\\/schema.org\",\"@graph\":[{\"@type\":\"Article\",\"@id\":\"https:\\\/\\\/news.save.ch\\\/weshalb-viele-videokameras-ihren-zweck-nicht-erfuellen\\\/#article\",\"isPartOf\":{\"@id\":\"https:\\\/\\\/news.save.ch\\\/weshalb-viele-videokameras-ihren-zweck-nicht-erfuellen\\\/\"},\"author\":{\"name\":\"Roger Str\u00e4ssle\",\"@id\":\"https:\\\/\\\/news.save.ch\\\/de\\\/#\\\/schema\\\/person\\\/d5022db048e0e2b9785c50e5b24da5aa\"},\"headline\":\"Weshalb viele Videokameras ihren Zweck nicht erf\u00fcllen\",\"datePublished\":\"2019-09-16T09:00:22+00:00\",\"dateModified\":\"2023-03-14T07:59:19+00:00\",\"mainEntityOfPage\":{\"@id\":\"https:\\\/\\\/news.save.ch\\\/weshalb-viele-videokameras-ihren-zweck-nicht-erfuellen\\\/\"},\"wordCount\":521,\"commentCount\":0,\"publisher\":{\"@id\":\"https:\\\/\\\/news.save.ch\\\/de\\\/#organization\"},\"image\":{\"@id\":\"https:\\\/\\\/news.save.ch\\\/weshalb-viele-videokameras-ihren-zweck-nicht-erfuellen\\\/#primaryimage\"},\"thumbnailUrl\":\"https:\\\/\\\/news.save.ch\\\/wp-content\\\/uploads\\\/2019\\\/09\\\/Bild-1-Bewegungsunschaerfe-und-Komprimierung-im-Videobild.jpg\",\"keywords\":[\"Videoanlagen\",\"Video\u00fcberwachung\"],\"articleSection\":[\"SICHERHEIT\"],\"inLanguage\":\"it-IT\"},{\"@type\":\"WebPage\",\"@id\":\"https:\\\/\\\/news.save.ch\\\/weshalb-viele-videokameras-ihren-zweck-nicht-erfuellen\\\/\",\"url\":\"https:\\\/\\\/news.save.ch\\\/weshalb-viele-videokameras-ihren-zweck-nicht-erfuellen\\\/\",\"name\":\"Weshalb viele Videokameras ihren Zweck nicht erf\u00fcllen - Save\",\"isPartOf\":{\"@id\":\"https:\\\/\\\/news.save.ch\\\/de\\\/#website\"},\"primaryImageOfPage\":{\"@id\":\"https:\\\/\\\/news.save.ch\\\/weshalb-viele-videokameras-ihren-zweck-nicht-erfuellen\\\/#primaryimage\"},\"image\":{\"@id\":\"https:\\\/\\\/news.save.ch\\\/weshalb-viele-videokameras-ihren-zweck-nicht-erfuellen\\\/#primaryimage\"},\"thumbnailUrl\":\"https:\\\/\\\/news.save.ch\\\/wp-content\\\/uploads\\\/2019\\\/09\\\/Bild-1-Bewegungsunschaerfe-und-Komprimierung-im-Videobild.jpg\",\"datePublished\":\"2019-09-16T09:00:22+00:00\",\"dateModified\":\"2023-03-14T07:59:19+00:00\",\"description\":\"Die Videotechnik kann Situationen und Menschen detailliert aufzeichnen, auch bei schlechten Lichtverh\u00e4ltnissen. Doch viele Kameras verfehlen den Zweck.\",\"breadcrumb\":{\"@id\":\"https:\\\/\\\/news.save.ch\\\/weshalb-viele-videokameras-ihren-zweck-nicht-erfuellen\\\/#breadcrumb\"},\"inLanguage\":\"it-IT\",\"potentialAction\":[{\"@type\":\"ReadAction\",\"target\":[\"https:\\\/\\\/news.save.ch\\\/weshalb-viele-videokameras-ihren-zweck-nicht-erfuellen\\\/\"]}]},{\"@type\":\"ImageObject\",\"inLanguage\":\"it-IT\",\"@id\":\"https:\\\/\\\/news.save.ch\\\/weshalb-viele-videokameras-ihren-zweck-nicht-erfuellen\\\/#primaryimage\",\"url\":\"https:\\\/\\\/news.save.ch\\\/wp-content\\\/uploads\\\/2019\\\/09\\\/Bild-1-Bewegungsunschaerfe-und-Komprimierung-im-Videobild.jpg\",\"contentUrl\":\"https:\\\/\\\/news.save.ch\\\/wp-content\\\/uploads\\\/2019\\\/09\\\/Bild-1-Bewegungsunschaerfe-und-Komprimierung-im-Videobild.jpg\",\"width\":1356,\"height\":763,\"caption\":\"Die Unsch\u00e4rfe im Bild wird hier deutlich bei Bewegung im direkten Vergleich mit dem Hintergrund. Bilder: Ronald Bachofner\"},{\"@type\":\"BreadcrumbList\",\"@id\":\"https:\\\/\\\/news.save.ch\\\/weshalb-viele-videokameras-ihren-zweck-nicht-erfuellen\\\/#breadcrumb\",\"itemListElement\":[{\"@type\":\"ListItem\",\"position\":1,\"name\":\"Home\",\"item\":\"https:\\\/\\\/news.save.ch\\\/de\\\/\"},{\"@type\":\"ListItem\",\"position\":2,\"name\":\"Weshalb viele Videokameras ihren Zweck nicht erf\u00fcllen\"}]},{\"@type\":\"WebSite\",\"@id\":\"https:\\\/\\\/news.save.ch\\\/de\\\/#website\",\"url\":\"https:\\\/\\\/news.save.ch\\\/de\\\/\",\"name\":\"Save\",\"description\":\"Schweizer Fachzeitschrift f\u00fcr Sicherheit\",\"publisher\":{\"@id\":\"https:\\\/\\\/news.save.ch\\\/de\\\/#organization\"},\"potentialAction\":[{\"@type\":\"SearchAction\",\"target\":{\"@type\":\"EntryPoint\",\"urlTemplate\":\"https:\\\/\\\/news.save.ch\\\/de\\\/?s={search_term_string}\"},\"query-input\":{\"@type\":\"PropertyValueSpecification\",\"valueRequired\":true,\"valueName\":\"search_term_string\"}}],\"inLanguage\":\"it-IT\"},{\"@type\":\"Organization\",\"@id\":\"https:\\\/\\\/news.save.ch\\\/de\\\/#organization\",\"name\":\"Sicherheitsforum\",\"url\":\"https:\\\/\\\/news.save.ch\\\/de\\\/\",\"logo\":{\"@type\":\"ImageObject\",\"inLanguage\":\"it-IT\",\"@id\":\"https:\\\/\\\/news.save.ch\\\/de\\\/#\\\/schema\\\/logo\\\/image\\\/\",\"url\":\"https:\\\/\\\/news.save.ch\\\/wp-content\\\/uploads\\\/2022\\\/06\\\/Logo_SF_2012.png\",\"contentUrl\":\"https:\\\/\\\/news.save.ch\\\/wp-content\\\/uploads\\\/2022\\\/06\\\/Logo_SF_2012.png\",\"width\":1100,\"height\":91,\"caption\":\"Sicherheitsforum\"},\"image\":{\"@id\":\"https:\\\/\\\/news.save.ch\\\/de\\\/#\\\/schema\\\/logo\\\/image\\\/\"}},{\"@type\":\"Person\",\"@id\":\"https:\\\/\\\/news.save.ch\\\/de\\\/#\\\/schema\\\/person\\\/d5022db048e0e2b9785c50e5b24da5aa\",\"name\":\"Roger Str\u00e4ssle\",\"image\":{\"@type\":\"ImageObject\",\"inLanguage\":\"it-IT\",\"@id\":\"https:\\\/\\\/secure.gravatar.com\\\/avatar\\\/862a5569d087de48e5856e32f45d719a03804c891d6deb8d4f71a660e79e4a47?s=96&d=mm&r=g\",\"url\":\"https:\\\/\\\/secure.gravatar.com\\\/avatar\\\/862a5569d087de48e5856e32f45d719a03804c891d6deb8d4f71a660e79e4a47?s=96&d=mm&r=g\",\"contentUrl\":\"https:\\\/\\\/secure.gravatar.com\\\/avatar\\\/862a5569d087de48e5856e32f45d719a03804c891d6deb8d4f71a660e79e4a47?s=96&d=mm&r=g\",\"caption\":\"Roger Str\u00e4ssle\"},\"url\":\"https:\\\/\\\/news.save.ch\\\/it\\\/author\\\/roger-straessle\\\/\"}]}<\/script>\n<!-- \/ Yoast SEO plugin. -->","yoast_head_json":{"title":"Perch\u00e9 molte videocamere non servono allo scopo - Save","description":"La tecnologia video pu\u00f2 registrare situazioni e persone in modo dettagliato, anche in condizioni di scarsa illuminazione. Ma molte fotocamere mancano il bersaglio.","robots":{"index":"index","follow":"follow","max-snippet":"max-snippet:-1","max-image-preview":"max-image-preview:large","max-video-preview":"max-video-preview:-1"},"canonical":"https:\/\/news.save.ch\/it\/weshalb-viele-videokameras-ihren-zweck-nicht-erfuellen\/","og_locale":"it_IT","og_type":"article","og_title":"Weshalb viele Videokameras ihren Zweck nicht erf\u00fcllen - Save","og_description":"Die Videotechnik kann Situationen und Menschen detailliert aufzeichnen, auch bei schlechten Lichtverh\u00e4ltnissen. Doch viele Kameras verfehlen den Zweck.","og_url":"https:\/\/news.save.ch\/it\/weshalb-viele-videokameras-ihren-zweck-nicht-erfuellen\/","og_site_name":"Save","article_published_time":"2019-09-16T09:00:22+00:00","article_modified_time":"2023-03-14T07:59:19+00:00","og_image":[{"width":1356,"height":763,"url":"https:\/\/news.save.ch\/wp-content\/uploads\/2019\/09\/Bild-1-Bewegungsunschaerfe-und-Komprimierung-im-Videobild.jpg","type":"image\/jpeg"}],"author":"Roger Str\u00e4ssle","twitter_card":"summary_large_image","twitter_misc":{"Scritto da":"Roger Str\u00e4ssle","Tempo di lettura stimato":"3 minuti"},"schema":{"@context":"https:\/\/schema.org","@graph":[{"@type":"Article","@id":"https:\/\/news.save.ch\/weshalb-viele-videokameras-ihren-zweck-nicht-erfuellen\/#article","isPartOf":{"@id":"https:\/\/news.save.ch\/weshalb-viele-videokameras-ihren-zweck-nicht-erfuellen\/"},"author":{"name":"Roger Str\u00e4ssle","@id":"https:\/\/news.save.ch\/de\/#\/schema\/person\/d5022db048e0e2b9785c50e5b24da5aa"},"headline":"Weshalb viele Videokameras ihren Zweck nicht erf\u00fcllen","datePublished":"2019-09-16T09:00:22+00:00","dateModified":"2023-03-14T07:59:19+00:00","mainEntityOfPage":{"@id":"https:\/\/news.save.ch\/weshalb-viele-videokameras-ihren-zweck-nicht-erfuellen\/"},"wordCount":521,"commentCount":0,"publisher":{"@id":"https:\/\/news.save.ch\/de\/#organization"},"image":{"@id":"https:\/\/news.save.ch\/weshalb-viele-videokameras-ihren-zweck-nicht-erfuellen\/#primaryimage"},"thumbnailUrl":"https:\/\/news.save.ch\/wp-content\/uploads\/2019\/09\/Bild-1-Bewegungsunschaerfe-und-Komprimierung-im-Videobild.jpg","keywords":["Videoanlagen","Video\u00fcberwachung"],"articleSection":["SICHERHEIT"],"inLanguage":"it-IT"},{"@type":"WebPage","@id":"https:\/\/news.save.ch\/weshalb-viele-videokameras-ihren-zweck-nicht-erfuellen\/","url":"https:\/\/news.save.ch\/weshalb-viele-videokameras-ihren-zweck-nicht-erfuellen\/","name":"Perch\u00e9 molte videocamere non servono allo scopo - Save","isPartOf":{"@id":"https:\/\/news.save.ch\/de\/#website"},"primaryImageOfPage":{"@id":"https:\/\/news.save.ch\/weshalb-viele-videokameras-ihren-zweck-nicht-erfuellen\/#primaryimage"},"image":{"@id":"https:\/\/news.save.ch\/weshalb-viele-videokameras-ihren-zweck-nicht-erfuellen\/#primaryimage"},"thumbnailUrl":"https:\/\/news.save.ch\/wp-content\/uploads\/2019\/09\/Bild-1-Bewegungsunschaerfe-und-Komprimierung-im-Videobild.jpg","datePublished":"2019-09-16T09:00:22+00:00","dateModified":"2023-03-14T07:59:19+00:00","description":"La tecnologia video pu\u00f2 registrare situazioni e persone in modo dettagliato, anche in condizioni di scarsa illuminazione. Ma molte fotocamere mancano il bersaglio.","breadcrumb":{"@id":"https:\/\/news.save.ch\/weshalb-viele-videokameras-ihren-zweck-nicht-erfuellen\/#breadcrumb"},"inLanguage":"it-IT","potentialAction":[{"@type":"ReadAction","target":["https:\/\/news.save.ch\/weshalb-viele-videokameras-ihren-zweck-nicht-erfuellen\/"]}]},{"@type":"ImageObject","inLanguage":"it-IT","@id":"https:\/\/news.save.ch\/weshalb-viele-videokameras-ihren-zweck-nicht-erfuellen\/#primaryimage","url":"https:\/\/news.save.ch\/wp-content\/uploads\/2019\/09\/Bild-1-Bewegungsunschaerfe-und-Komprimierung-im-Videobild.jpg","contentUrl":"https:\/\/news.save.ch\/wp-content\/uploads\/2019\/09\/Bild-1-Bewegungsunschaerfe-und-Komprimierung-im-Videobild.jpg","width":1356,"height":763,"caption":"Die Unsch\u00e4rfe im Bild wird hier deutlich bei Bewegung im direkten Vergleich mit dem Hintergrund. Bilder: Ronald Bachofner"},{"@type":"BreadcrumbList","@id":"https:\/\/news.save.ch\/weshalb-viele-videokameras-ihren-zweck-nicht-erfuellen\/#breadcrumb","itemListElement":[{"@type":"ListItem","position":1,"name":"Home","item":"https:\/\/news.save.ch\/de\/"},{"@type":"ListItem","position":2,"name":"Weshalb viele Videokameras ihren Zweck nicht erf\u00fcllen"}]},{"@type":"WebSite","@id":"https:\/\/news.save.ch\/de\/#website","url":"https:\/\/news.save.ch\/de\/","name":"Risparmiare","description":"Rivista svizzera specializzata in sicurezza","publisher":{"@id":"https:\/\/news.save.ch\/de\/#organization"},"potentialAction":[{"@type":"SearchAction","target":{"@type":"EntryPoint","urlTemplate":"https:\/\/news.save.ch\/de\/?s={search_term_string}"},"query-input":{"@type":"PropertyValueSpecification","valueRequired":true,"valueName":"search_term_string"}}],"inLanguage":"it-IT"},{"@type":"Organization","@id":"https:\/\/news.save.ch\/de\/#organization","name":"Forum sulla sicurezza","url":"https:\/\/news.save.ch\/de\/","logo":{"@type":"ImageObject","inLanguage":"it-IT","@id":"https:\/\/news.save.ch\/de\/#\/schema\/logo\/image\/","url":"https:\/\/news.save.ch\/wp-content\/uploads\/2022\/06\/Logo_SF_2012.png","contentUrl":"https:\/\/news.save.ch\/wp-content\/uploads\/2022\/06\/Logo_SF_2012.png","width":1100,"height":91,"caption":"Sicherheitsforum"},"image":{"@id":"https:\/\/news.save.ch\/de\/#\/schema\/logo\/image\/"}},{"@type":"Person","@id":"https:\/\/news.save.ch\/de\/#\/schema\/person\/d5022db048e0e2b9785c50e5b24da5aa","name":"Roger Str\u00e4ssle","image":{"@type":"ImageObject","inLanguage":"it-IT","@id":"https:\/\/secure.gravatar.com\/avatar\/862a5569d087de48e5856e32f45d719a03804c891d6deb8d4f71a660e79e4a47?s=96&d=mm&r=g","url":"https:\/\/secure.gravatar.com\/avatar\/862a5569d087de48e5856e32f45d719a03804c891d6deb8d4f71a660e79e4a47?s=96&d=mm&r=g","contentUrl":"https:\/\/secure.gravatar.com\/avatar\/862a5569d087de48e5856e32f45d719a03804c891d6deb8d4f71a660e79e4a47?s=96&d=mm&r=g","caption":"Roger Str\u00e4ssle"},"url":"https:\/\/news.save.ch\/it\/author\/roger-straessle\/"}]}},"_links":{"self":[{"href":"https:\/\/news.save.ch\/it\/wp-json\/wp\/v2\/posts\/8662","targetHints":{"allow":["GET"]}}],"collection":[{"href":"https:\/\/news.save.ch\/it\/wp-json\/wp\/v2\/posts"}],"about":[{"href":"https:\/\/news.save.ch\/it\/wp-json\/wp\/v2\/types\/post"}],"author":[{"embeddable":true,"href":"https:\/\/news.save.ch\/it\/wp-json\/wp\/v2\/users\/8"}],"replies":[{"embeddable":true,"href":"https:\/\/news.save.ch\/it\/wp-json\/wp\/v2\/comments?post=8662"}],"version-history":[{"count":1,"href":"https:\/\/news.save.ch\/it\/wp-json\/wp\/v2\/posts\/8662\/revisions"}],"predecessor-version":[{"id":17917,"href":"https:\/\/news.save.ch\/it\/wp-json\/wp\/v2\/posts\/8662\/revisions\/17917"}],"wp:featuredmedia":[{"embeddable":true,"href":"https:\/\/news.save.ch\/it\/wp-json\/wp\/v2\/media\/8663"}],"wp:attachment":[{"href":"https:\/\/news.save.ch\/it\/wp-json\/wp\/v2\/media?parent=8662"}],"wp:term":[{"taxonomy":"category","embeddable":true,"href":"https:\/\/news.save.ch\/it\/wp-json\/wp\/v2\/categories?post=8662"},{"taxonomy":"post_tag","embeddable":true,"href":"https:\/\/news.save.ch\/it\/wp-json\/wp\/v2\/tags?post=8662"}],"curies":[{"name":"wp","href":"https:\/\/api.w.org\/{rel}","templated":true}]}}