{"id":8697,"date":"2019-09-27T06:20:39","date_gmt":"2019-09-27T04:20:39","guid":{"rendered":"https:\/\/news.save.ch\/?p=8697"},"modified":"2019-09-27T06:20:39","modified_gmt":"2019-09-27T04:20:39","slug":"gas-die-unsichtbare-gefahr","status":null,"type":"post","link":"https:\/\/news.save.ch\/it\/gas-die-unsichtbare-gefahr\/","title":{"rendered":"Il gas: il pericolo invisibile"},"content":{"rendered":"<figure id=\"attachment_8698\" aria-describedby=\"caption-attachment-8698\" style=\"width: 680px\" class=\"wp-caption aligncenter\"><img loading=\"lazy\" decoding=\"async\" class=\"wp-image-8698 size-medium\" src=\"https:\/\/news.save.ch\/wp-content\/uploads\/2019\/09\/Gas_Symposium.jpg\" alt=\"Rilevamento di gas\" width=\"680\" height=\"453\" \/><figcaption id=\"caption-attachment-8698\" class=\"wp-caption-text\">depositphotos, vision.si<\/figcaption><\/figure>\n<p>&nbsp;<\/p>\n<p>In diverse aziende si lavora quotidianamente con gas, solventi o altre sostanze pericolose. Se il gas fuoriesce per errore o viene rilasciato, nel peggiore dei casi pu\u00f2 avere conseguenze devastanti per l'uomo e gli animali. Pertanto, qualsiasi incidente deve essere evitato nel miglior modo possibile; sono necessarie misure preventive complete.<\/p>\n<p>Al Gas Symposium del 6 novembre a Zofingen, il programma vi condurr\u00e0 nel mondo del rilevamento dei gas, pianificando i principi e le tecnologie; verranno affrontate le sfide e i possibili ostacoli, nonch\u00e9 i requisiti legali o gli esperimenti dal vivo.<\/p>\n<p><strong>A chi si rivolge?<\/strong><\/p>\n<p>Il simposio sul rilevamento dei gas si rivolge a responsabili della sicurezza, funzionari tecnici, ingegneri di processo, progettisti di servizi elettrici per edifici, gestori del rischio, funzionari chimici e vigili del fuoco o chimici.<\/p>\n<p><a href=\"https:\/\/www.sicher-ses.ch\/de\/aktuell\/symposium-gasdetektion-schweiz-2019\"><em>Programma dettagliato qui<\/em><\/a><\/p>","protected":false},"excerpt":{"rendered":"<p>&nbsp; In verschiedenen Unternehmen wird t\u00e4glich mit Gasen, L\u00f6sungsmitteln oder anderen Gefahrenstoffen gearbeitet. Tritt Gas irrt\u00fcmlich aus oder wird freigesetzt, kann es im schlimmsten Fall verheerende Folgen f\u00fcr Mensch und Tier haben. Allf\u00e4llige Ereignisse m\u00fcssen also bestm\u00f6glich vermieden werden, n\u00f6tig sind umfassende pr\u00e4ventive Massnahmen. Am Gas-Symposium vom 6. November in Zofingen f\u00fchrt das Programm durch [&hellip;]<\/p>\n","protected":false},"author":8,"featured_media":8698,"comment_status":"open","ping_status":"open","sticky":false,"template":"","format":"standard","meta":{"_acf_changed":false,"pgc_sgb_lightbox_settings":"","footnotes":""},"categories":[1],"tags":[320],"class_list":["post-8697","post","type-post","status-publish","format-standard","has-post-thumbnail","hentry","category-allgemein","tag-gas"],"acf":[],"hkrextid":null,"publication":null,"issue":null,"workflow":null,"startPage":null,"spitzmarke":null,"_posts_by_tag_page_fields":{"widget_title":"","widget_tags":""},"_at_widget":"1","_yoast_wpseo_primary_category":"1","_yoast_wpseo_focuskw_text_input":"Gasdetektion","_yoast_wpseo_opengraph-image":null,"_yoast_wpseo_opengraph-description":null,"_yoast_wpseo_opengraph-title":null,"enclosure":null,"_yoast_wpseo_twitter-title":null,"_yoast_wpseo_twitter-description":null,"_yoast_wpseo_twitter-image":null,"_wp_old_slug":null,"_yoast_wpseo_title":null,"_yoast_wpseo_canonical":null,"yoast_head":"<!-- This site is optimized with the Yoast SEO plugin v27.5 - https:\/\/yoast.com\/product\/yoast-seo-wordpress\/ -->\n<title>Gas \u2013 die unsichtbare Gefahr - Save<\/title>\n<meta name=\"description\" content=\"Der Verband Schweizerischer Errichter von Sicherheitsanlagen (SES) f\u00fchrt am 6. November sein erstes Symposium zum Thema Gasdetektion durch.\" \/>\n<meta name=\"robots\" content=\"index, follow, max-snippet:-1, max-image-preview:large, max-video-preview:-1\" \/>\n<link rel=\"canonical\" href=\"https:\/\/news.save.ch\/it\/gas-die-unsichtbare-gefahr\/\" \/>\n<meta property=\"og:locale\" content=\"it_IT\" \/>\n<meta property=\"og:type\" content=\"article\" \/>\n<meta property=\"og:title\" content=\"Gas \u2013 die unsichtbare Gefahr - Save\" \/>\n<meta property=\"og:description\" content=\"Der Verband Schweizerischer Errichter von Sicherheitsanlagen (SES) f\u00fchrt am 6. November sein erstes Symposium zum Thema Gasdetektion durch.\" \/>\n<meta property=\"og:url\" content=\"https:\/\/news.save.ch\/it\/gas-die-unsichtbare-gefahr\/\" \/>\n<meta property=\"og:site_name\" content=\"Save\" \/>\n<meta property=\"article:published_time\" content=\"2019-09-27T04:20:39+00:00\" \/>\n<meta property=\"og:image\" content=\"https:\/\/news.save.ch\/wp-content\/uploads\/2019\/09\/Gas_Symposium-scaled.jpg\" \/>\n\t<meta property=\"og:image:width\" content=\"1400\" \/>\n\t<meta property=\"og:image:height\" content=\"932\" \/>\n\t<meta property=\"og:image:type\" content=\"image\/jpeg\" \/>\n<meta name=\"author\" content=\"Roger Str\u00e4ssle\" \/>\n<meta name=\"twitter:card\" content=\"summary_large_image\" \/>\n<meta name=\"twitter:label1\" content=\"Scritto da\" \/>\n\t<meta name=\"twitter:data1\" content=\"Roger Str\u00e4ssle\" \/>\n\t<meta name=\"twitter:label2\" content=\"Tempo di lettura stimato\" \/>\n\t<meta name=\"twitter:data2\" content=\"1 minuto\" \/>\n<script type=\"application\/ld+json\" class=\"yoast-schema-graph\">{\"@context\":\"https:\\\/\\\/schema.org\",\"@graph\":[{\"@type\":\"Article\",\"@id\":\"https:\\\/\\\/news.save.ch\\\/gas-die-unsichtbare-gefahr\\\/#article\",\"isPartOf\":{\"@id\":\"https:\\\/\\\/news.save.ch\\\/gas-die-unsichtbare-gefahr\\\/\"},\"author\":{\"name\":\"Roger Str\u00e4ssle\",\"@id\":\"https:\\\/\\\/news.save.ch\\\/de\\\/#\\\/schema\\\/person\\\/d5022db048e0e2b9785c50e5b24da5aa\"},\"headline\":\"Gas \u2013 die unsichtbare Gefahr\",\"datePublished\":\"2019-09-27T04:20:39+00:00\",\"mainEntityOfPage\":{\"@id\":\"https:\\\/\\\/news.save.ch\\\/gas-die-unsichtbare-gefahr\\\/\"},\"wordCount\":125,\"commentCount\":0,\"publisher\":{\"@id\":\"https:\\\/\\\/news.save.ch\\\/de\\\/#organization\"},\"image\":{\"@id\":\"https:\\\/\\\/news.save.ch\\\/gas-die-unsichtbare-gefahr\\\/#primaryimage\"},\"thumbnailUrl\":\"https:\\\/\\\/news.save.ch\\\/wp-content\\\/uploads\\\/2019\\\/09\\\/Gas_Symposium-scaled.jpg\",\"keywords\":[\"Gas\"],\"articleSection\":[\"ALLGEMEIN\"],\"inLanguage\":\"it-IT\"},{\"@type\":\"WebPage\",\"@id\":\"https:\\\/\\\/news.save.ch\\\/gas-die-unsichtbare-gefahr\\\/\",\"url\":\"https:\\\/\\\/news.save.ch\\\/gas-die-unsichtbare-gefahr\\\/\",\"name\":\"Gas \u2013 die unsichtbare Gefahr - Save\",\"isPartOf\":{\"@id\":\"https:\\\/\\\/news.save.ch\\\/de\\\/#website\"},\"primaryImageOfPage\":{\"@id\":\"https:\\\/\\\/news.save.ch\\\/gas-die-unsichtbare-gefahr\\\/#primaryimage\"},\"image\":{\"@id\":\"https:\\\/\\\/news.save.ch\\\/gas-die-unsichtbare-gefahr\\\/#primaryimage\"},\"thumbnailUrl\":\"https:\\\/\\\/news.save.ch\\\/wp-content\\\/uploads\\\/2019\\\/09\\\/Gas_Symposium-scaled.jpg\",\"datePublished\":\"2019-09-27T04:20:39+00:00\",\"description\":\"Der Verband Schweizerischer Errichter von Sicherheitsanlagen (SES) f\u00fchrt am 6. November sein erstes Symposium zum Thema Gasdetektion durch.\",\"breadcrumb\":{\"@id\":\"https:\\\/\\\/news.save.ch\\\/gas-die-unsichtbare-gefahr\\\/#breadcrumb\"},\"inLanguage\":\"it-IT\",\"potentialAction\":[{\"@type\":\"ReadAction\",\"target\":[\"https:\\\/\\\/news.save.ch\\\/gas-die-unsichtbare-gefahr\\\/\"]}]},{\"@type\":\"ImageObject\",\"inLanguage\":\"it-IT\",\"@id\":\"https:\\\/\\\/news.save.ch\\\/gas-die-unsichtbare-gefahr\\\/#primaryimage\",\"url\":\"https:\\\/\\\/news.save.ch\\\/wp-content\\\/uploads\\\/2019\\\/09\\\/Gas_Symposium-scaled.jpg\",\"contentUrl\":\"https:\\\/\\\/news.save.ch\\\/wp-content\\\/uploads\\\/2019\\\/09\\\/Gas_Symposium-scaled.jpg\",\"width\":1400,\"height\":932,\"caption\":\"depositphotos, vision.si\"},{\"@type\":\"BreadcrumbList\",\"@id\":\"https:\\\/\\\/news.save.ch\\\/gas-die-unsichtbare-gefahr\\\/#breadcrumb\",\"itemListElement\":[{\"@type\":\"ListItem\",\"position\":1,\"name\":\"Home\",\"item\":\"https:\\\/\\\/news.save.ch\\\/de\\\/\"},{\"@type\":\"ListItem\",\"position\":2,\"name\":\"Gas \u2013 die unsichtbare Gefahr\"}]},{\"@type\":\"WebSite\",\"@id\":\"https:\\\/\\\/news.save.ch\\\/de\\\/#website\",\"url\":\"https:\\\/\\\/news.save.ch\\\/de\\\/\",\"name\":\"Save\",\"description\":\"Schweizer Fachzeitschrift f\u00fcr Sicherheit\",\"publisher\":{\"@id\":\"https:\\\/\\\/news.save.ch\\\/de\\\/#organization\"},\"potentialAction\":[{\"@type\":\"SearchAction\",\"target\":{\"@type\":\"EntryPoint\",\"urlTemplate\":\"https:\\\/\\\/news.save.ch\\\/de\\\/?s={search_term_string}\"},\"query-input\":{\"@type\":\"PropertyValueSpecification\",\"valueRequired\":true,\"valueName\":\"search_term_string\"}}],\"inLanguage\":\"it-IT\"},{\"@type\":\"Organization\",\"@id\":\"https:\\\/\\\/news.save.ch\\\/de\\\/#organization\",\"name\":\"Sicherheitsforum\",\"url\":\"https:\\\/\\\/news.save.ch\\\/de\\\/\",\"logo\":{\"@type\":\"ImageObject\",\"inLanguage\":\"it-IT\",\"@id\":\"https:\\\/\\\/news.save.ch\\\/de\\\/#\\\/schema\\\/logo\\\/image\\\/\",\"url\":\"https:\\\/\\\/news.save.ch\\\/wp-content\\\/uploads\\\/2022\\\/06\\\/Logo_SF_2012.png\",\"contentUrl\":\"https:\\\/\\\/news.save.ch\\\/wp-content\\\/uploads\\\/2022\\\/06\\\/Logo_SF_2012.png\",\"width\":1100,\"height\":91,\"caption\":\"Sicherheitsforum\"},\"image\":{\"@id\":\"https:\\\/\\\/news.save.ch\\\/de\\\/#\\\/schema\\\/logo\\\/image\\\/\"}},{\"@type\":\"Person\",\"@id\":\"https:\\\/\\\/news.save.ch\\\/de\\\/#\\\/schema\\\/person\\\/d5022db048e0e2b9785c50e5b24da5aa\",\"name\":\"Roger Str\u00e4ssle\",\"image\":{\"@type\":\"ImageObject\",\"inLanguage\":\"it-IT\",\"@id\":\"https:\\\/\\\/secure.gravatar.com\\\/avatar\\\/862a5569d087de48e5856e32f45d719a03804c891d6deb8d4f71a660e79e4a47?s=96&d=mm&r=g\",\"url\":\"https:\\\/\\\/secure.gravatar.com\\\/avatar\\\/862a5569d087de48e5856e32f45d719a03804c891d6deb8d4f71a660e79e4a47?s=96&d=mm&r=g\",\"contentUrl\":\"https:\\\/\\\/secure.gravatar.com\\\/avatar\\\/862a5569d087de48e5856e32f45d719a03804c891d6deb8d4f71a660e79e4a47?s=96&d=mm&r=g\",\"caption\":\"Roger Str\u00e4ssle\"},\"url\":\"https:\\\/\\\/news.save.ch\\\/it\\\/author\\\/roger-straessle\\\/\"}]}<\/script>\n<!-- \/ Yoast SEO plugin. -->","yoast_head_json":{"title":"Il gas: il pericolo invisibile - Save","description":"L'Associazione svizzera degli installatori di sistemi di sicurezza (SES) terr\u00e0 il 6 novembre il suo primo simposio sul rilevamento dei gas.","robots":{"index":"index","follow":"follow","max-snippet":"max-snippet:-1","max-image-preview":"max-image-preview:large","max-video-preview":"max-video-preview:-1"},"canonical":"https:\/\/news.save.ch\/it\/gas-die-unsichtbare-gefahr\/","og_locale":"it_IT","og_type":"article","og_title":"Gas \u2013 die unsichtbare Gefahr - Save","og_description":"Der Verband Schweizerischer Errichter von Sicherheitsanlagen (SES) f\u00fchrt am 6. November sein erstes Symposium zum Thema Gasdetektion durch.","og_url":"https:\/\/news.save.ch\/it\/gas-die-unsichtbare-gefahr\/","og_site_name":"Save","article_published_time":"2019-09-27T04:20:39+00:00","og_image":[{"width":1400,"height":932,"url":"https:\/\/news.save.ch\/wp-content\/uploads\/2019\/09\/Gas_Symposium-scaled.jpg","type":"image\/jpeg"}],"author":"Roger Str\u00e4ssle","twitter_card":"summary_large_image","twitter_misc":{"Scritto da":"Roger Str\u00e4ssle","Tempo di lettura stimato":"1 minuto"},"schema":{"@context":"https:\/\/schema.org","@graph":[{"@type":"Article","@id":"https:\/\/news.save.ch\/gas-die-unsichtbare-gefahr\/#article","isPartOf":{"@id":"https:\/\/news.save.ch\/gas-die-unsichtbare-gefahr\/"},"author":{"name":"Roger Str\u00e4ssle","@id":"https:\/\/news.save.ch\/de\/#\/schema\/person\/d5022db048e0e2b9785c50e5b24da5aa"},"headline":"Gas \u2013 die unsichtbare Gefahr","datePublished":"2019-09-27T04:20:39+00:00","mainEntityOfPage":{"@id":"https:\/\/news.save.ch\/gas-die-unsichtbare-gefahr\/"},"wordCount":125,"commentCount":0,"publisher":{"@id":"https:\/\/news.save.ch\/de\/#organization"},"image":{"@id":"https:\/\/news.save.ch\/gas-die-unsichtbare-gefahr\/#primaryimage"},"thumbnailUrl":"https:\/\/news.save.ch\/wp-content\/uploads\/2019\/09\/Gas_Symposium-scaled.jpg","keywords":["Gas"],"articleSection":["ALLGEMEIN"],"inLanguage":"it-IT"},{"@type":"WebPage","@id":"https:\/\/news.save.ch\/gas-die-unsichtbare-gefahr\/","url":"https:\/\/news.save.ch\/gas-die-unsichtbare-gefahr\/","name":"Il gas: il pericolo invisibile - Save","isPartOf":{"@id":"https:\/\/news.save.ch\/de\/#website"},"primaryImageOfPage":{"@id":"https:\/\/news.save.ch\/gas-die-unsichtbare-gefahr\/#primaryimage"},"image":{"@id":"https:\/\/news.save.ch\/gas-die-unsichtbare-gefahr\/#primaryimage"},"thumbnailUrl":"https:\/\/news.save.ch\/wp-content\/uploads\/2019\/09\/Gas_Symposium-scaled.jpg","datePublished":"2019-09-27T04:20:39+00:00","description":"L'Associazione svizzera degli installatori di sistemi di sicurezza (SES) terr\u00e0 il 6 novembre il suo primo simposio sul rilevamento dei gas.","breadcrumb":{"@id":"https:\/\/news.save.ch\/gas-die-unsichtbare-gefahr\/#breadcrumb"},"inLanguage":"it-IT","potentialAction":[{"@type":"ReadAction","target":["https:\/\/news.save.ch\/gas-die-unsichtbare-gefahr\/"]}]},{"@type":"ImageObject","inLanguage":"it-IT","@id":"https:\/\/news.save.ch\/gas-die-unsichtbare-gefahr\/#primaryimage","url":"https:\/\/news.save.ch\/wp-content\/uploads\/2019\/09\/Gas_Symposium-scaled.jpg","contentUrl":"https:\/\/news.save.ch\/wp-content\/uploads\/2019\/09\/Gas_Symposium-scaled.jpg","width":1400,"height":932,"caption":"depositphotos, vision.si"},{"@type":"BreadcrumbList","@id":"https:\/\/news.save.ch\/gas-die-unsichtbare-gefahr\/#breadcrumb","itemListElement":[{"@type":"ListItem","position":1,"name":"Home","item":"https:\/\/news.save.ch\/de\/"},{"@type":"ListItem","position":2,"name":"Gas \u2013 die unsichtbare Gefahr"}]},{"@type":"WebSite","@id":"https:\/\/news.save.ch\/de\/#website","url":"https:\/\/news.save.ch\/de\/","name":"Risparmiare","description":"Rivista svizzera specializzata in sicurezza","publisher":{"@id":"https:\/\/news.save.ch\/de\/#organization"},"potentialAction":[{"@type":"SearchAction","target":{"@type":"EntryPoint","urlTemplate":"https:\/\/news.save.ch\/de\/?s={search_term_string}"},"query-input":{"@type":"PropertyValueSpecification","valueRequired":true,"valueName":"search_term_string"}}],"inLanguage":"it-IT"},{"@type":"Organization","@id":"https:\/\/news.save.ch\/de\/#organization","name":"Forum sulla sicurezza","url":"https:\/\/news.save.ch\/de\/","logo":{"@type":"ImageObject","inLanguage":"it-IT","@id":"https:\/\/news.save.ch\/de\/#\/schema\/logo\/image\/","url":"https:\/\/news.save.ch\/wp-content\/uploads\/2022\/06\/Logo_SF_2012.png","contentUrl":"https:\/\/news.save.ch\/wp-content\/uploads\/2022\/06\/Logo_SF_2012.png","width":1100,"height":91,"caption":"Sicherheitsforum"},"image":{"@id":"https:\/\/news.save.ch\/de\/#\/schema\/logo\/image\/"}},{"@type":"Person","@id":"https:\/\/news.save.ch\/de\/#\/schema\/person\/d5022db048e0e2b9785c50e5b24da5aa","name":"Roger Str\u00e4ssle","image":{"@type":"ImageObject","inLanguage":"it-IT","@id":"https:\/\/secure.gravatar.com\/avatar\/862a5569d087de48e5856e32f45d719a03804c891d6deb8d4f71a660e79e4a47?s=96&d=mm&r=g","url":"https:\/\/secure.gravatar.com\/avatar\/862a5569d087de48e5856e32f45d719a03804c891d6deb8d4f71a660e79e4a47?s=96&d=mm&r=g","contentUrl":"https:\/\/secure.gravatar.com\/avatar\/862a5569d087de48e5856e32f45d719a03804c891d6deb8d4f71a660e79e4a47?s=96&d=mm&r=g","caption":"Roger Str\u00e4ssle"},"url":"https:\/\/news.save.ch\/it\/author\/roger-straessle\/"}]}},"_links":{"self":[{"href":"https:\/\/news.save.ch\/it\/wp-json\/wp\/v2\/posts\/8697","targetHints":{"allow":["GET"]}}],"collection":[{"href":"https:\/\/news.save.ch\/it\/wp-json\/wp\/v2\/posts"}],"about":[{"href":"https:\/\/news.save.ch\/it\/wp-json\/wp\/v2\/types\/post"}],"author":[{"embeddable":true,"href":"https:\/\/news.save.ch\/it\/wp-json\/wp\/v2\/users\/8"}],"replies":[{"embeddable":true,"href":"https:\/\/news.save.ch\/it\/wp-json\/wp\/v2\/comments?post=8697"}],"version-history":[{"count":0,"href":"https:\/\/news.save.ch\/it\/wp-json\/wp\/v2\/posts\/8697\/revisions"}],"wp:featuredmedia":[{"embeddable":true,"href":"https:\/\/news.save.ch\/it\/wp-json\/wp\/v2\/media\/8698"}],"wp:attachment":[{"href":"https:\/\/news.save.ch\/it\/wp-json\/wp\/v2\/media?parent=8697"}],"wp:term":[{"taxonomy":"category","embeddable":true,"href":"https:\/\/news.save.ch\/it\/wp-json\/wp\/v2\/categories?post=8697"},{"taxonomy":"post_tag","embeddable":true,"href":"https:\/\/news.save.ch\/it\/wp-json\/wp\/v2\/tags?post=8697"}],"curies":[{"name":"wp","href":"https:\/\/api.w.org\/{rel}","templated":true}]}}