{"id":8732,"date":"2019-09-26T17:39:24","date_gmt":"2019-09-26T15:39:24","guid":{"rendered":"https:\/\/news.save.ch\/?p=8732"},"modified":"2019-09-26T17:39:24","modified_gmt":"2019-09-26T15:39:24","slug":"dna-strafverfolgung-will-weitere-dna-merkmale-nutzen","status":null,"type":"post","link":"https:\/\/news.save.ch\/it\/dna-strafverfolgung-will-weitere-dna-merkmale-nutzen\/","title":{"rendered":"Le forze dell'ordine vogliono usare pi\u00f9 caratteristiche del DNA"},"content":{"rendered":"<p>&nbsp;<\/p>\n<figure id=\"attachment_8733\" aria-describedby=\"caption-attachment-8733\" style=\"width: 680px\" class=\"wp-caption aligncenter\"><img loading=\"lazy\" decoding=\"async\" class=\"wp-image-8733 size-medium\" src=\"https:\/\/news.save.ch\/wp-content\/uploads\/2019\/09\/Depositphotos_60843281_l-2015.jpg\" alt=\"IL DNA\" width=\"680\" height=\"453\" \/><figcaption id=\"caption-attachment-8733\" class=\"wp-caption-text\">\u00a9 depositphotos, paulistano<\/figcaption><\/figure>\n<p>Se sulla scena del crimine si trovano tracce biologiche come capelli, sangue, ecc. possono essere utilizzate per creare un profilo del DNA. Con la cosiddetta fenotipizzazione, \u00e8 ora possibile leggere le caratteristiche esteriori di una persona da una traccia di DNA, come scrive l'Ufficio federale di polizia (Fedpol). In futuro, vuole essere in grado di utilizzare queste nuove possibilit\u00e0 per colmare una lacuna investigativa. Oggi, solo il sesso di una persona pu\u00f2 essere determinato da una traccia di DNA. Ora le autorit\u00e0 di polizia vogliono anche determinare il colore degli occhi, dei capelli e della pelle, l'origine biogeografica e l'et\u00e0, in quanto ci\u00f2 fornisce informazioni preziose per le indagini e le ricerche. Secondo la Fedpol, questo, insieme alle dichiarazioni dei testimoni o alle valutazioni dei dati digitali, fornirebbe un quadro pi\u00f9 chiaro della persona ricercata.<\/p>\n<p><strong>Le caratteristiche non devono essere inserite nella banca dati del DNA<\/strong><\/p>\n<p>Secondo la Fedpol, il metodo dovrebbe essere utilizzato solo per i crimini, cio\u00e8 per i reati punibili con una pena detentiva di tre anni o pi\u00f9 (ad esempio, stupro, omicidio, rapina aggravata, presa di ostaggi). La procedura non \u00e8 disponibile per reati come i danni alla propriet\u00e0. Il risultato dell'analisi della fenotipizzazione pu\u00f2 essere utilizzato solo per l'indagine di un caso concreto e attuale. Non deve essere conservato nella banca dati del DNA, si legge espressamente. Il Consiglio federale ha recentemente inviato in consultazione il progetto di modifica della legge sul profilo del DNA. Il <a href=\"https:\/\/www.ejpd.admin.ch\/ejpd\/de\/home\/aktuell\/news\/2019\/2019-08-28.html\">legge rivista<\/a> Secondo le informazioni, la legge specifica quando altre caratteristiche esterne di una persona possono essere esaminate sulla base di una traccia di DNA, oltre al sesso della persona. Inoltre, la legge semplifica i periodi di cancellazione dei profili del DNA e regolamenta esplicitamente il confronto di una traccia con un riferimento di parentela. La consultazione durer\u00e0 fino al 30 novembre 2019.<\/p>\n<p>&nbsp;<\/p>\n<p>&nbsp;<\/p>\n<p>&nbsp;<\/p>\n<p>&nbsp;<\/p>","protected":false},"excerpt":{"rendered":"<p>&nbsp; Falls am Tatort biologisches Spurenmaterial wie Haare, Blut usw. sichergestellt werden kann, l\u00e4sst sich daraus ein DNA-Profil erstellen. Mit der sogenannten Ph\u00e4notypisierung ist es heute m\u00f6glich, aus einer DNA-Spur \u00e4usserlich sichtbare Merkmale einer Person herauszulesen, wie das Bundesamt f\u00fcr Polizei (Fedpol) schreibt. Diese neuen M\u00f6glichkeiten will man k\u00fcnftig nutzen k\u00f6nnen, um damit eine ermittlungstechnische [&hellip;]<\/p>\n","protected":false},"author":8,"featured_media":8733,"comment_status":"open","ping_status":"open","sticky":false,"template":"","format":"standard","meta":{"_acf_changed":false,"pgc_sgb_lightbox_settings":"","footnotes":""},"categories":[1],"tags":[536,537],"class_list":["post-8732","post","type-post","status-publish","format-standard","has-post-thumbnail","hentry","category-allgemein","tag-dna-profil","tag-strafverfolgung"],"acf":[],"hkrextid":null,"publication":null,"issue":null,"workflow":null,"startPage":null,"spitzmarke":null,"_posts_by_tag_page_fields":{"widget_title":"","widget_tags":""},"_at_widget":"1","_yoast_wpseo_primary_category":"1","_yoast_wpseo_focuskw_text_input":"DNA","_yoast_wpseo_opengraph-image":null,"_yoast_wpseo_opengraph-description":null,"_yoast_wpseo_opengraph-title":null,"enclosure":null,"_yoast_wpseo_twitter-title":null,"_yoast_wpseo_twitter-description":null,"_yoast_wpseo_twitter-image":null,"_wp_old_slug":null,"_yoast_wpseo_title":null,"_yoast_wpseo_canonical":null,"yoast_head":"<!-- This site is optimized with the Yoast SEO plugin v27.5 - https:\/\/yoast.com\/product\/yoast-seo-wordpress\/ -->\n<title>Strafverfolgung will weitere DNA-Merkmale nutzen - Save<\/title>\n<meta name=\"description\" content=\"Die Strafverfolgung soll k\u00fcnftig mehr Informationen aus einer DNA-Spur herauslesen d\u00fcrfen. Die entsprechende Gesetzes\u00e4nderung ist in Vernehmlassung.\" \/>\n<meta name=\"robots\" content=\"index, follow, max-snippet:-1, max-image-preview:large, max-video-preview:-1\" \/>\n<link rel=\"canonical\" href=\"https:\/\/news.save.ch\/it\/dna-strafverfolgung-will-weitere-dna-merkmale-nutzen\/\" \/>\n<meta property=\"og:locale\" content=\"it_IT\" \/>\n<meta property=\"og:type\" content=\"article\" \/>\n<meta property=\"og:title\" content=\"Strafverfolgung will weitere DNA-Merkmale nutzen - Save\" \/>\n<meta property=\"og:description\" content=\"Die Strafverfolgung soll k\u00fcnftig mehr Informationen aus einer DNA-Spur herauslesen d\u00fcrfen. Die entsprechende Gesetzes\u00e4nderung ist in Vernehmlassung.\" \/>\n<meta property=\"og:url\" content=\"https:\/\/news.save.ch\/it\/dna-strafverfolgung-will-weitere-dna-merkmale-nutzen\/\" \/>\n<meta property=\"og:site_name\" content=\"Save\" \/>\n<meta property=\"article:published_time\" content=\"2019-09-26T15:39:24+00:00\" \/>\n<meta property=\"og:image\" content=\"https:\/\/news.save.ch\/wp-content\/uploads\/2019\/09\/Depositphotos_60843281_l-2015-scaled.jpg\" \/>\n\t<meta property=\"og:image:width\" content=\"1400\" \/>\n\t<meta property=\"og:image:height\" content=\"932\" \/>\n\t<meta property=\"og:image:type\" content=\"image\/jpeg\" \/>\n<meta name=\"author\" content=\"Roger Str\u00e4ssle\" \/>\n<meta name=\"twitter:card\" content=\"summary_large_image\" \/>\n<meta name=\"twitter:label1\" content=\"Scritto da\" \/>\n\t<meta name=\"twitter:data1\" content=\"Roger Str\u00e4ssle\" \/>\n\t<meta name=\"twitter:label2\" content=\"Tempo di lettura stimato\" \/>\n\t<meta name=\"twitter:data2\" content=\"1 minuto\" \/>\n<script type=\"application\/ld+json\" class=\"yoast-schema-graph\">{\"@context\":\"https:\\\/\\\/schema.org\",\"@graph\":[{\"@type\":\"Article\",\"@id\":\"https:\\\/\\\/news.save.ch\\\/dna-strafverfolgung-will-weitere-dna-merkmale-nutzen\\\/#article\",\"isPartOf\":{\"@id\":\"https:\\\/\\\/news.save.ch\\\/dna-strafverfolgung-will-weitere-dna-merkmale-nutzen\\\/\"},\"author\":{\"name\":\"Roger Str\u00e4ssle\",\"@id\":\"https:\\\/\\\/news.save.ch\\\/de\\\/#\\\/schema\\\/person\\\/d5022db048e0e2b9785c50e5b24da5aa\"},\"headline\":\"Strafverfolgung will weitere DNA-Merkmale nutzen\",\"datePublished\":\"2019-09-26T15:39:24+00:00\",\"mainEntityOfPage\":{\"@id\":\"https:\\\/\\\/news.save.ch\\\/dna-strafverfolgung-will-weitere-dna-merkmale-nutzen\\\/\"},\"wordCount\":298,\"commentCount\":0,\"publisher\":{\"@id\":\"https:\\\/\\\/news.save.ch\\\/de\\\/#organization\"},\"image\":{\"@id\":\"https:\\\/\\\/news.save.ch\\\/dna-strafverfolgung-will-weitere-dna-merkmale-nutzen\\\/#primaryimage\"},\"thumbnailUrl\":\"https:\\\/\\\/news.save.ch\\\/wp-content\\\/uploads\\\/2019\\\/09\\\/Depositphotos_60843281_l-2015-scaled.jpg\",\"keywords\":[\"DNA-Profil\",\"Strafverfolgung\"],\"articleSection\":[\"ALLGEMEIN\"],\"inLanguage\":\"it-IT\"},{\"@type\":\"WebPage\",\"@id\":\"https:\\\/\\\/news.save.ch\\\/dna-strafverfolgung-will-weitere-dna-merkmale-nutzen\\\/\",\"url\":\"https:\\\/\\\/news.save.ch\\\/dna-strafverfolgung-will-weitere-dna-merkmale-nutzen\\\/\",\"name\":\"Strafverfolgung will weitere DNA-Merkmale nutzen - Save\",\"isPartOf\":{\"@id\":\"https:\\\/\\\/news.save.ch\\\/de\\\/#website\"},\"primaryImageOfPage\":{\"@id\":\"https:\\\/\\\/news.save.ch\\\/dna-strafverfolgung-will-weitere-dna-merkmale-nutzen\\\/#primaryimage\"},\"image\":{\"@id\":\"https:\\\/\\\/news.save.ch\\\/dna-strafverfolgung-will-weitere-dna-merkmale-nutzen\\\/#primaryimage\"},\"thumbnailUrl\":\"https:\\\/\\\/news.save.ch\\\/wp-content\\\/uploads\\\/2019\\\/09\\\/Depositphotos_60843281_l-2015-scaled.jpg\",\"datePublished\":\"2019-09-26T15:39:24+00:00\",\"description\":\"Die Strafverfolgung soll k\u00fcnftig mehr Informationen aus einer DNA-Spur herauslesen d\u00fcrfen. Die entsprechende Gesetzes\u00e4nderung ist in Vernehmlassung.\",\"breadcrumb\":{\"@id\":\"https:\\\/\\\/news.save.ch\\\/dna-strafverfolgung-will-weitere-dna-merkmale-nutzen\\\/#breadcrumb\"},\"inLanguage\":\"it-IT\",\"potentialAction\":[{\"@type\":\"ReadAction\",\"target\":[\"https:\\\/\\\/news.save.ch\\\/dna-strafverfolgung-will-weitere-dna-merkmale-nutzen\\\/\"]}]},{\"@type\":\"ImageObject\",\"inLanguage\":\"it-IT\",\"@id\":\"https:\\\/\\\/news.save.ch\\\/dna-strafverfolgung-will-weitere-dna-merkmale-nutzen\\\/#primaryimage\",\"url\":\"https:\\\/\\\/news.save.ch\\\/wp-content\\\/uploads\\\/2019\\\/09\\\/Depositphotos_60843281_l-2015-scaled.jpg\",\"contentUrl\":\"https:\\\/\\\/news.save.ch\\\/wp-content\\\/uploads\\\/2019\\\/09\\\/Depositphotos_60843281_l-2015-scaled.jpg\",\"width\":1400,\"height\":932,\"caption\":\"\u00a9 depositphotos, paulistano\"},{\"@type\":\"BreadcrumbList\",\"@id\":\"https:\\\/\\\/news.save.ch\\\/dna-strafverfolgung-will-weitere-dna-merkmale-nutzen\\\/#breadcrumb\",\"itemListElement\":[{\"@type\":\"ListItem\",\"position\":1,\"name\":\"Home\",\"item\":\"https:\\\/\\\/news.save.ch\\\/de\\\/\"},{\"@type\":\"ListItem\",\"position\":2,\"name\":\"Strafverfolgung will weitere DNA-Merkmale nutzen\"}]},{\"@type\":\"WebSite\",\"@id\":\"https:\\\/\\\/news.save.ch\\\/de\\\/#website\",\"url\":\"https:\\\/\\\/news.save.ch\\\/de\\\/\",\"name\":\"Save\",\"description\":\"Schweizer Fachzeitschrift f\u00fcr Sicherheit\",\"publisher\":{\"@id\":\"https:\\\/\\\/news.save.ch\\\/de\\\/#organization\"},\"potentialAction\":[{\"@type\":\"SearchAction\",\"target\":{\"@type\":\"EntryPoint\",\"urlTemplate\":\"https:\\\/\\\/news.save.ch\\\/de\\\/?s={search_term_string}\"},\"query-input\":{\"@type\":\"PropertyValueSpecification\",\"valueRequired\":true,\"valueName\":\"search_term_string\"}}],\"inLanguage\":\"it-IT\"},{\"@type\":\"Organization\",\"@id\":\"https:\\\/\\\/news.save.ch\\\/de\\\/#organization\",\"name\":\"Sicherheitsforum\",\"url\":\"https:\\\/\\\/news.save.ch\\\/de\\\/\",\"logo\":{\"@type\":\"ImageObject\",\"inLanguage\":\"it-IT\",\"@id\":\"https:\\\/\\\/news.save.ch\\\/de\\\/#\\\/schema\\\/logo\\\/image\\\/\",\"url\":\"https:\\\/\\\/news.save.ch\\\/wp-content\\\/uploads\\\/2022\\\/06\\\/Logo_SF_2012.png\",\"contentUrl\":\"https:\\\/\\\/news.save.ch\\\/wp-content\\\/uploads\\\/2022\\\/06\\\/Logo_SF_2012.png\",\"width\":1100,\"height\":91,\"caption\":\"Sicherheitsforum\"},\"image\":{\"@id\":\"https:\\\/\\\/news.save.ch\\\/de\\\/#\\\/schema\\\/logo\\\/image\\\/\"}},{\"@type\":\"Person\",\"@id\":\"https:\\\/\\\/news.save.ch\\\/de\\\/#\\\/schema\\\/person\\\/d5022db048e0e2b9785c50e5b24da5aa\",\"name\":\"Roger Str\u00e4ssle\",\"image\":{\"@type\":\"ImageObject\",\"inLanguage\":\"it-IT\",\"@id\":\"https:\\\/\\\/secure.gravatar.com\\\/avatar\\\/862a5569d087de48e5856e32f45d719a03804c891d6deb8d4f71a660e79e4a47?s=96&d=mm&r=g\",\"url\":\"https:\\\/\\\/secure.gravatar.com\\\/avatar\\\/862a5569d087de48e5856e32f45d719a03804c891d6deb8d4f71a660e79e4a47?s=96&d=mm&r=g\",\"contentUrl\":\"https:\\\/\\\/secure.gravatar.com\\\/avatar\\\/862a5569d087de48e5856e32f45d719a03804c891d6deb8d4f71a660e79e4a47?s=96&d=mm&r=g\",\"caption\":\"Roger Str\u00e4ssle\"},\"url\":\"https:\\\/\\\/news.save.ch\\\/it\\\/author\\\/roger-straessle\\\/\"}]}<\/script>\n<!-- \/ Yoast SEO plugin. -->","yoast_head_json":{"title":"Le forze dell'ordine vogliono utilizzare pi\u00f9 tratti di DNA - Save","description":"In futuro, le forze dell'ordine potranno estrarre pi\u00f9 informazioni da una traccia di DNA. La corrispondente modifica della legge \u00e8 attualmente in fase di consultazione.","robots":{"index":"index","follow":"follow","max-snippet":"max-snippet:-1","max-image-preview":"max-image-preview:large","max-video-preview":"max-video-preview:-1"},"canonical":"https:\/\/news.save.ch\/it\/dna-strafverfolgung-will-weitere-dna-merkmale-nutzen\/","og_locale":"it_IT","og_type":"article","og_title":"Strafverfolgung will weitere DNA-Merkmale nutzen - Save","og_description":"Die Strafverfolgung soll k\u00fcnftig mehr Informationen aus einer DNA-Spur herauslesen d\u00fcrfen. Die entsprechende Gesetzes\u00e4nderung ist in Vernehmlassung.","og_url":"https:\/\/news.save.ch\/it\/dna-strafverfolgung-will-weitere-dna-merkmale-nutzen\/","og_site_name":"Save","article_published_time":"2019-09-26T15:39:24+00:00","og_image":[{"width":1400,"height":932,"url":"https:\/\/news.save.ch\/wp-content\/uploads\/2019\/09\/Depositphotos_60843281_l-2015-scaled.jpg","type":"image\/jpeg"}],"author":"Roger Str\u00e4ssle","twitter_card":"summary_large_image","twitter_misc":{"Scritto da":"Roger Str\u00e4ssle","Tempo di lettura stimato":"1 minuto"},"schema":{"@context":"https:\/\/schema.org","@graph":[{"@type":"Article","@id":"https:\/\/news.save.ch\/dna-strafverfolgung-will-weitere-dna-merkmale-nutzen\/#article","isPartOf":{"@id":"https:\/\/news.save.ch\/dna-strafverfolgung-will-weitere-dna-merkmale-nutzen\/"},"author":{"name":"Roger Str\u00e4ssle","@id":"https:\/\/news.save.ch\/de\/#\/schema\/person\/d5022db048e0e2b9785c50e5b24da5aa"},"headline":"Strafverfolgung will weitere DNA-Merkmale nutzen","datePublished":"2019-09-26T15:39:24+00:00","mainEntityOfPage":{"@id":"https:\/\/news.save.ch\/dna-strafverfolgung-will-weitere-dna-merkmale-nutzen\/"},"wordCount":298,"commentCount":0,"publisher":{"@id":"https:\/\/news.save.ch\/de\/#organization"},"image":{"@id":"https:\/\/news.save.ch\/dna-strafverfolgung-will-weitere-dna-merkmale-nutzen\/#primaryimage"},"thumbnailUrl":"https:\/\/news.save.ch\/wp-content\/uploads\/2019\/09\/Depositphotos_60843281_l-2015-scaled.jpg","keywords":["DNA-Profil","Strafverfolgung"],"articleSection":["ALLGEMEIN"],"inLanguage":"it-IT"},{"@type":"WebPage","@id":"https:\/\/news.save.ch\/dna-strafverfolgung-will-weitere-dna-merkmale-nutzen\/","url":"https:\/\/news.save.ch\/dna-strafverfolgung-will-weitere-dna-merkmale-nutzen\/","name":"Le forze dell'ordine vogliono utilizzare pi\u00f9 tratti di DNA - Save","isPartOf":{"@id":"https:\/\/news.save.ch\/de\/#website"},"primaryImageOfPage":{"@id":"https:\/\/news.save.ch\/dna-strafverfolgung-will-weitere-dna-merkmale-nutzen\/#primaryimage"},"image":{"@id":"https:\/\/news.save.ch\/dna-strafverfolgung-will-weitere-dna-merkmale-nutzen\/#primaryimage"},"thumbnailUrl":"https:\/\/news.save.ch\/wp-content\/uploads\/2019\/09\/Depositphotos_60843281_l-2015-scaled.jpg","datePublished":"2019-09-26T15:39:24+00:00","description":"In futuro, le forze dell'ordine potranno estrarre pi\u00f9 informazioni da una traccia di DNA. La corrispondente modifica della legge \u00e8 attualmente in fase di consultazione.","breadcrumb":{"@id":"https:\/\/news.save.ch\/dna-strafverfolgung-will-weitere-dna-merkmale-nutzen\/#breadcrumb"},"inLanguage":"it-IT","potentialAction":[{"@type":"ReadAction","target":["https:\/\/news.save.ch\/dna-strafverfolgung-will-weitere-dna-merkmale-nutzen\/"]}]},{"@type":"ImageObject","inLanguage":"it-IT","@id":"https:\/\/news.save.ch\/dna-strafverfolgung-will-weitere-dna-merkmale-nutzen\/#primaryimage","url":"https:\/\/news.save.ch\/wp-content\/uploads\/2019\/09\/Depositphotos_60843281_l-2015-scaled.jpg","contentUrl":"https:\/\/news.save.ch\/wp-content\/uploads\/2019\/09\/Depositphotos_60843281_l-2015-scaled.jpg","width":1400,"height":932,"caption":"\u00a9 depositphotos, paulistano"},{"@type":"BreadcrumbList","@id":"https:\/\/news.save.ch\/dna-strafverfolgung-will-weitere-dna-merkmale-nutzen\/#breadcrumb","itemListElement":[{"@type":"ListItem","position":1,"name":"Home","item":"https:\/\/news.save.ch\/de\/"},{"@type":"ListItem","position":2,"name":"Strafverfolgung will weitere DNA-Merkmale nutzen"}]},{"@type":"WebSite","@id":"https:\/\/news.save.ch\/de\/#website","url":"https:\/\/news.save.ch\/de\/","name":"Risparmiare","description":"Rivista svizzera specializzata in sicurezza","publisher":{"@id":"https:\/\/news.save.ch\/de\/#organization"},"potentialAction":[{"@type":"SearchAction","target":{"@type":"EntryPoint","urlTemplate":"https:\/\/news.save.ch\/de\/?s={search_term_string}"},"query-input":{"@type":"PropertyValueSpecification","valueRequired":true,"valueName":"search_term_string"}}],"inLanguage":"it-IT"},{"@type":"Organization","@id":"https:\/\/news.save.ch\/de\/#organization","name":"Forum sulla sicurezza","url":"https:\/\/news.save.ch\/de\/","logo":{"@type":"ImageObject","inLanguage":"it-IT","@id":"https:\/\/news.save.ch\/de\/#\/schema\/logo\/image\/","url":"https:\/\/news.save.ch\/wp-content\/uploads\/2022\/06\/Logo_SF_2012.png","contentUrl":"https:\/\/news.save.ch\/wp-content\/uploads\/2022\/06\/Logo_SF_2012.png","width":1100,"height":91,"caption":"Sicherheitsforum"},"image":{"@id":"https:\/\/news.save.ch\/de\/#\/schema\/logo\/image\/"}},{"@type":"Person","@id":"https:\/\/news.save.ch\/de\/#\/schema\/person\/d5022db048e0e2b9785c50e5b24da5aa","name":"Roger Str\u00e4ssle","image":{"@type":"ImageObject","inLanguage":"it-IT","@id":"https:\/\/secure.gravatar.com\/avatar\/862a5569d087de48e5856e32f45d719a03804c891d6deb8d4f71a660e79e4a47?s=96&d=mm&r=g","url":"https:\/\/secure.gravatar.com\/avatar\/862a5569d087de48e5856e32f45d719a03804c891d6deb8d4f71a660e79e4a47?s=96&d=mm&r=g","contentUrl":"https:\/\/secure.gravatar.com\/avatar\/862a5569d087de48e5856e32f45d719a03804c891d6deb8d4f71a660e79e4a47?s=96&d=mm&r=g","caption":"Roger Str\u00e4ssle"},"url":"https:\/\/news.save.ch\/it\/author\/roger-straessle\/"}]}},"_links":{"self":[{"href":"https:\/\/news.save.ch\/it\/wp-json\/wp\/v2\/posts\/8732","targetHints":{"allow":["GET"]}}],"collection":[{"href":"https:\/\/news.save.ch\/it\/wp-json\/wp\/v2\/posts"}],"about":[{"href":"https:\/\/news.save.ch\/it\/wp-json\/wp\/v2\/types\/post"}],"author":[{"embeddable":true,"href":"https:\/\/news.save.ch\/it\/wp-json\/wp\/v2\/users\/8"}],"replies":[{"embeddable":true,"href":"https:\/\/news.save.ch\/it\/wp-json\/wp\/v2\/comments?post=8732"}],"version-history":[{"count":0,"href":"https:\/\/news.save.ch\/it\/wp-json\/wp\/v2\/posts\/8732\/revisions"}],"wp:featuredmedia":[{"embeddable":true,"href":"https:\/\/news.save.ch\/it\/wp-json\/wp\/v2\/media\/8733"}],"wp:attachment":[{"href":"https:\/\/news.save.ch\/it\/wp-json\/wp\/v2\/media?parent=8732"}],"wp:term":[{"taxonomy":"category","embeddable":true,"href":"https:\/\/news.save.ch\/it\/wp-json\/wp\/v2\/categories?post=8732"},{"taxonomy":"post_tag","embeddable":true,"href":"https:\/\/news.save.ch\/it\/wp-json\/wp\/v2\/tags?post=8732"}],"curies":[{"name":"wp","href":"https:\/\/api.w.org\/{rel}","templated":true}]}}