{"id":8777,"date":"2019-10-03T13:15:54","date_gmt":"2019-10-03T11:15:54","guid":{"rendered":"https:\/\/news.save.ch\/?p=8777"},"modified":"2019-10-03T13:15:54","modified_gmt":"2019-10-03T11:15:54","slug":"securitas-verstaerkt-mit-uebernahme-praesenz-in-der-westschweiz","status":null,"type":"post","link":"https:\/\/news.save.ch\/it\/securitas-verstaerkt-mit-uebernahme-praesenz-in-der-westschweiz\/","title":{"rendered":"Securitas rafforza la sua presenza nella Svizzera occidentale con un'acquisizione"},"content":{"rendered":"<figure id=\"attachment_8778\" aria-describedby=\"caption-attachment-8778\" style=\"width: 680px\" class=\"wp-caption aligncenter\"><img loading=\"lazy\" decoding=\"async\" class=\"wp-image-8778 size-medium\" src=\"https:\/\/news.save.ch\/wp-content\/uploads\/2019\/10\/Depositphotos_151248194_l-2015.jpg\" alt=\"Acquisizione\" width=\"680\" height=\"454\" \/><figcaption id=\"caption-attachment-8778\" class=\"wp-caption-text\">\u00a9 depositphotos, DmitryPoch<\/figcaption><\/figure>\n<p>Dal punto di vista di Jean-Pierre Grangier, fondatore di <a href=\"https:\/\/www.etrinex.com\/\">Etrinex<\/a>L'acquisizione \u00e8 una pietra miliare nello sviluppo dell'azienda, che \u00e8 cresciuta costantemente dalla sua fondazione nel 2001 e oggi impiega 11 persone. \"Il collegamento con un gruppo di aziende forti era necessario per garantire il successo e l'ulteriore sviluppo della nostra azienda\", afferma Grangier. Il fondatore dell'azienda si ritira dall'attivit\u00e0 operativa per dedicarsi a un ruolo di consulenza per l'azienda.<\/p>\n<p>Pierre Comte, che assumer\u00e0 la presidenza del Consiglio di amministrazione e la direzione operativa, aggiunge: \"Collaborando con il Gruppo Securitas, Etrinex SA offrir\u00e0 ai propri clienti e dipendenti una soluzione sostenibile. Allo stesso tempo, l'azienda beneficer\u00e0 di sinergie in termini di supporto amministrativo, in termini di performance e reputazione, e guider\u00e0 il suo ulteriore sviluppo.\"<\/p>\n<p><strong>\u00a0<\/strong><strong>Nelle mani della famiglia<\/strong><\/p>\n<p>Il Gruppo Securitas far\u00e0 tutto il possibile per garantire che l'azienda di Bulle possa continuare a svilupparsi come societ\u00e0 indipendente con il supporto di Securitas\", afferma Armin Berchtold, CEO del Gruppo Securitas. Ci\u00f2 che distingue le due aziende svizzere a conduzione familiare \u00e8 certamente l'eccellente reputazione di cui entrambe godono. Entrambi si basano su valori umani, in modo da poter guardare al futuro comune con fiducia, aggiunge Berchtold.<\/p>\n<p><em>Fonte: <a href=\"https:\/\/www.securitas.ch\/ueber-uns\/die-securitas-gruppe.html\">Gruppo Securitas<\/a><\/em><\/p>\n<p>&nbsp;<\/p>\n<p>&nbsp;<\/p>","protected":false},"excerpt":{"rendered":"<p>Aus der Warte von Jean-Pierre Grangier, Gr\u00fcnder von Etrinex, handelt es sich bei der\u00a0\u00dcbernahme um einen Meilenstein in der Entwicklung der Firma, die seit ihrem Entstehen im Jahr 2001 stetig gewachsen ist und heute 11 Mitarbeitende besch\u00e4ftigt. \u00abDie Verbindung mit einer starken Unternehmensgruppe wurde n\u00f6tig, um den Erfolg und die Weiterentwicklung unserer Firma zu sichern\u00bb, [&hellip;]<\/p>\n","protected":false},"author":8,"featured_media":8778,"comment_status":"open","ping_status":"open","sticky":false,"template":"","format":"standard","meta":{"_acf_changed":false,"pgc_sgb_lightbox_settings":"","footnotes":""},"categories":[1],"tags":[79],"class_list":["post-8777","post","type-post","status-publish","format-standard","has-post-thumbnail","hentry","category-allgemein","tag-uebernahme"],"acf":[],"hkrextid":null,"publication":null,"issue":null,"workflow":null,"startPage":null,"spitzmarke":null,"_posts_by_tag_page_fields":{"widget_title":"","widget_tags":""},"_at_widget":"1","_yoast_wpseo_primary_category":"1","_yoast_wpseo_focuskw_text_input":"\u00dcbernahme","_yoast_wpseo_opengraph-image":null,"_yoast_wpseo_opengraph-description":null,"_yoast_wpseo_opengraph-title":null,"enclosure":null,"_yoast_wpseo_twitter-title":null,"_yoast_wpseo_twitter-description":null,"_yoast_wpseo_twitter-image":null,"_wp_old_slug":null,"_yoast_wpseo_title":null,"_yoast_wpseo_canonical":null,"yoast_head":"<!-- This site is optimized with the Yoast SEO plugin v27.5 - https:\/\/yoast.com\/product\/yoast-seo-wordpress\/ -->\n<title>Securitas verst\u00e4rkt mit \u00dcbernahme ihre Pr\u00e4senz in der Westschweiz - Save<\/title>\n<meta name=\"description\" content=\"Die Securitas Gruppe hat das Sicherheitsunternehmen Etrinex SA in Bulle \u00fcbernommen. Das Unternehmen ist in der ganzen Westschweiz aktiv.\" \/>\n<meta name=\"robots\" content=\"index, follow, max-snippet:-1, max-image-preview:large, max-video-preview:-1\" \/>\n<link rel=\"canonical\" href=\"https:\/\/news.save.ch\/it\/securitas-verstaerkt-mit-uebernahme-praesenz-in-der-westschweiz\/\" \/>\n<meta property=\"og:locale\" content=\"it_IT\" \/>\n<meta property=\"og:type\" content=\"article\" \/>\n<meta property=\"og:title\" content=\"Securitas verst\u00e4rkt mit \u00dcbernahme ihre Pr\u00e4senz in der Westschweiz - Save\" \/>\n<meta property=\"og:description\" content=\"Die Securitas Gruppe hat das Sicherheitsunternehmen Etrinex SA in Bulle \u00fcbernommen. Das Unternehmen ist in der ganzen Westschweiz aktiv.\" \/>\n<meta property=\"og:url\" content=\"https:\/\/news.save.ch\/it\/securitas-verstaerkt-mit-uebernahme-praesenz-in-der-westschweiz\/\" \/>\n<meta property=\"og:site_name\" content=\"Save\" \/>\n<meta property=\"article:published_time\" content=\"2019-10-03T11:15:54+00:00\" \/>\n<meta property=\"og:image\" content=\"https:\/\/news.save.ch\/wp-content\/uploads\/2019\/10\/Depositphotos_151248194_l-2015-scaled.jpg\" \/>\n\t<meta property=\"og:image:width\" content=\"1400\" \/>\n\t<meta property=\"og:image:height\" content=\"935\" \/>\n\t<meta property=\"og:image:type\" content=\"image\/jpeg\" \/>\n<meta name=\"author\" content=\"Roger Str\u00e4ssle\" \/>\n<meta name=\"twitter:card\" content=\"summary_large_image\" \/>\n<meta name=\"twitter:label1\" content=\"Scritto da\" \/>\n\t<meta name=\"twitter:data1\" content=\"Roger Str\u00e4ssle\" \/>\n\t<meta name=\"twitter:label2\" content=\"Tempo di lettura stimato\" \/>\n\t<meta name=\"twitter:data2\" content=\"1 minuto\" \/>\n<script type=\"application\/ld+json\" class=\"yoast-schema-graph\">{\"@context\":\"https:\\\/\\\/schema.org\",\"@graph\":[{\"@type\":\"Article\",\"@id\":\"https:\\\/\\\/news.save.ch\\\/securitas-verstaerkt-mit-uebernahme-praesenz-in-der-westschweiz\\\/#article\",\"isPartOf\":{\"@id\":\"https:\\\/\\\/news.save.ch\\\/securitas-verstaerkt-mit-uebernahme-praesenz-in-der-westschweiz\\\/\"},\"author\":{\"name\":\"Roger Str\u00e4ssle\",\"@id\":\"https:\\\/\\\/news.save.ch\\\/de\\\/#\\\/schema\\\/person\\\/d5022db048e0e2b9785c50e5b24da5aa\"},\"headline\":\"Securitas verst\u00e4rkt mit \u00dcbernahme ihre Pr\u00e4senz in der Westschweiz\",\"datePublished\":\"2019-10-03T11:15:54+00:00\",\"mainEntityOfPage\":{\"@id\":\"https:\\\/\\\/news.save.ch\\\/securitas-verstaerkt-mit-uebernahme-praesenz-in-der-westschweiz\\\/\"},\"wordCount\":234,\"commentCount\":0,\"publisher\":{\"@id\":\"https:\\\/\\\/news.save.ch\\\/de\\\/#organization\"},\"image\":{\"@id\":\"https:\\\/\\\/news.save.ch\\\/securitas-verstaerkt-mit-uebernahme-praesenz-in-der-westschweiz\\\/#primaryimage\"},\"thumbnailUrl\":\"https:\\\/\\\/news.save.ch\\\/wp-content\\\/uploads\\\/2019\\\/10\\\/Depositphotos_151248194_l-2015-scaled.jpg\",\"keywords\":[\"\u00dcbernahme\"],\"articleSection\":[\"ALLGEMEIN\"],\"inLanguage\":\"it-IT\"},{\"@type\":\"WebPage\",\"@id\":\"https:\\\/\\\/news.save.ch\\\/securitas-verstaerkt-mit-uebernahme-praesenz-in-der-westschweiz\\\/\",\"url\":\"https:\\\/\\\/news.save.ch\\\/securitas-verstaerkt-mit-uebernahme-praesenz-in-der-westschweiz\\\/\",\"name\":\"Securitas verst\u00e4rkt mit \u00dcbernahme ihre Pr\u00e4senz in der Westschweiz - Save\",\"isPartOf\":{\"@id\":\"https:\\\/\\\/news.save.ch\\\/de\\\/#website\"},\"primaryImageOfPage\":{\"@id\":\"https:\\\/\\\/news.save.ch\\\/securitas-verstaerkt-mit-uebernahme-praesenz-in-der-westschweiz\\\/#primaryimage\"},\"image\":{\"@id\":\"https:\\\/\\\/news.save.ch\\\/securitas-verstaerkt-mit-uebernahme-praesenz-in-der-westschweiz\\\/#primaryimage\"},\"thumbnailUrl\":\"https:\\\/\\\/news.save.ch\\\/wp-content\\\/uploads\\\/2019\\\/10\\\/Depositphotos_151248194_l-2015-scaled.jpg\",\"datePublished\":\"2019-10-03T11:15:54+00:00\",\"description\":\"Die Securitas Gruppe hat das Sicherheitsunternehmen Etrinex SA in Bulle \u00fcbernommen. Das Unternehmen ist in der ganzen Westschweiz aktiv.\",\"breadcrumb\":{\"@id\":\"https:\\\/\\\/news.save.ch\\\/securitas-verstaerkt-mit-uebernahme-praesenz-in-der-westschweiz\\\/#breadcrumb\"},\"inLanguage\":\"it-IT\",\"potentialAction\":[{\"@type\":\"ReadAction\",\"target\":[\"https:\\\/\\\/news.save.ch\\\/securitas-verstaerkt-mit-uebernahme-praesenz-in-der-westschweiz\\\/\"]}]},{\"@type\":\"ImageObject\",\"inLanguage\":\"it-IT\",\"@id\":\"https:\\\/\\\/news.save.ch\\\/securitas-verstaerkt-mit-uebernahme-praesenz-in-der-westschweiz\\\/#primaryimage\",\"url\":\"https:\\\/\\\/news.save.ch\\\/wp-content\\\/uploads\\\/2019\\\/10\\\/Depositphotos_151248194_l-2015-scaled.jpg\",\"contentUrl\":\"https:\\\/\\\/news.save.ch\\\/wp-content\\\/uploads\\\/2019\\\/10\\\/Depositphotos_151248194_l-2015-scaled.jpg\",\"width\":1400,\"height\":935,\"caption\":\"\u00a9 depositphotos, DmitryPoch\"},{\"@type\":\"BreadcrumbList\",\"@id\":\"https:\\\/\\\/news.save.ch\\\/securitas-verstaerkt-mit-uebernahme-praesenz-in-der-westschweiz\\\/#breadcrumb\",\"itemListElement\":[{\"@type\":\"ListItem\",\"position\":1,\"name\":\"Home\",\"item\":\"https:\\\/\\\/news.save.ch\\\/de\\\/\"},{\"@type\":\"ListItem\",\"position\":2,\"name\":\"Securitas verst\u00e4rkt mit \u00dcbernahme ihre Pr\u00e4senz in der Westschweiz\"}]},{\"@type\":\"WebSite\",\"@id\":\"https:\\\/\\\/news.save.ch\\\/de\\\/#website\",\"url\":\"https:\\\/\\\/news.save.ch\\\/de\\\/\",\"name\":\"Save\",\"description\":\"Schweizer Fachzeitschrift f\u00fcr Sicherheit\",\"publisher\":{\"@id\":\"https:\\\/\\\/news.save.ch\\\/de\\\/#organization\"},\"potentialAction\":[{\"@type\":\"SearchAction\",\"target\":{\"@type\":\"EntryPoint\",\"urlTemplate\":\"https:\\\/\\\/news.save.ch\\\/de\\\/?s={search_term_string}\"},\"query-input\":{\"@type\":\"PropertyValueSpecification\",\"valueRequired\":true,\"valueName\":\"search_term_string\"}}],\"inLanguage\":\"it-IT\"},{\"@type\":\"Organization\",\"@id\":\"https:\\\/\\\/news.save.ch\\\/de\\\/#organization\",\"name\":\"Sicherheitsforum\",\"url\":\"https:\\\/\\\/news.save.ch\\\/de\\\/\",\"logo\":{\"@type\":\"ImageObject\",\"inLanguage\":\"it-IT\",\"@id\":\"https:\\\/\\\/news.save.ch\\\/de\\\/#\\\/schema\\\/logo\\\/image\\\/\",\"url\":\"https:\\\/\\\/news.save.ch\\\/wp-content\\\/uploads\\\/2022\\\/06\\\/Logo_SF_2012.png\",\"contentUrl\":\"https:\\\/\\\/news.save.ch\\\/wp-content\\\/uploads\\\/2022\\\/06\\\/Logo_SF_2012.png\",\"width\":1100,\"height\":91,\"caption\":\"Sicherheitsforum\"},\"image\":{\"@id\":\"https:\\\/\\\/news.save.ch\\\/de\\\/#\\\/schema\\\/logo\\\/image\\\/\"}},{\"@type\":\"Person\",\"@id\":\"https:\\\/\\\/news.save.ch\\\/de\\\/#\\\/schema\\\/person\\\/d5022db048e0e2b9785c50e5b24da5aa\",\"name\":\"Roger Str\u00e4ssle\",\"image\":{\"@type\":\"ImageObject\",\"inLanguage\":\"it-IT\",\"@id\":\"https:\\\/\\\/secure.gravatar.com\\\/avatar\\\/862a5569d087de48e5856e32f45d719a03804c891d6deb8d4f71a660e79e4a47?s=96&d=mm&r=g\",\"url\":\"https:\\\/\\\/secure.gravatar.com\\\/avatar\\\/862a5569d087de48e5856e32f45d719a03804c891d6deb8d4f71a660e79e4a47?s=96&d=mm&r=g\",\"contentUrl\":\"https:\\\/\\\/secure.gravatar.com\\\/avatar\\\/862a5569d087de48e5856e32f45d719a03804c891d6deb8d4f71a660e79e4a47?s=96&d=mm&r=g\",\"caption\":\"Roger Str\u00e4ssle\"},\"url\":\"https:\\\/\\\/news.save.ch\\\/it\\\/author\\\/roger-straessle\\\/\"}]}<\/script>\n<!-- \/ Yoast SEO plugin. -->","yoast_head_json":{"title":"Securitas rafforza la sua presenza nella Svizzera occidentale con l'acquisizione - Save","description":"Il Gruppo Securitas ha rilevato la societ\u00e0 di sicurezza Etrinex SA di Bulle. L'azienda \u00e8 attiva in tutta la Svizzera francese.","robots":{"index":"index","follow":"follow","max-snippet":"max-snippet:-1","max-image-preview":"max-image-preview:large","max-video-preview":"max-video-preview:-1"},"canonical":"https:\/\/news.save.ch\/it\/securitas-verstaerkt-mit-uebernahme-praesenz-in-der-westschweiz\/","og_locale":"it_IT","og_type":"article","og_title":"Securitas verst\u00e4rkt mit \u00dcbernahme ihre Pr\u00e4senz in der Westschweiz - Save","og_description":"Die Securitas Gruppe hat das Sicherheitsunternehmen Etrinex SA in Bulle \u00fcbernommen. Das Unternehmen ist in der ganzen Westschweiz aktiv.","og_url":"https:\/\/news.save.ch\/it\/securitas-verstaerkt-mit-uebernahme-praesenz-in-der-westschweiz\/","og_site_name":"Save","article_published_time":"2019-10-03T11:15:54+00:00","og_image":[{"width":1400,"height":935,"url":"https:\/\/news.save.ch\/wp-content\/uploads\/2019\/10\/Depositphotos_151248194_l-2015-scaled.jpg","type":"image\/jpeg"}],"author":"Roger Str\u00e4ssle","twitter_card":"summary_large_image","twitter_misc":{"Scritto da":"Roger Str\u00e4ssle","Tempo di lettura stimato":"1 minuto"},"schema":{"@context":"https:\/\/schema.org","@graph":[{"@type":"Article","@id":"https:\/\/news.save.ch\/securitas-verstaerkt-mit-uebernahme-praesenz-in-der-westschweiz\/#article","isPartOf":{"@id":"https:\/\/news.save.ch\/securitas-verstaerkt-mit-uebernahme-praesenz-in-der-westschweiz\/"},"author":{"name":"Roger Str\u00e4ssle","@id":"https:\/\/news.save.ch\/de\/#\/schema\/person\/d5022db048e0e2b9785c50e5b24da5aa"},"headline":"Securitas verst\u00e4rkt mit \u00dcbernahme ihre Pr\u00e4senz in der Westschweiz","datePublished":"2019-10-03T11:15:54+00:00","mainEntityOfPage":{"@id":"https:\/\/news.save.ch\/securitas-verstaerkt-mit-uebernahme-praesenz-in-der-westschweiz\/"},"wordCount":234,"commentCount":0,"publisher":{"@id":"https:\/\/news.save.ch\/de\/#organization"},"image":{"@id":"https:\/\/news.save.ch\/securitas-verstaerkt-mit-uebernahme-praesenz-in-der-westschweiz\/#primaryimage"},"thumbnailUrl":"https:\/\/news.save.ch\/wp-content\/uploads\/2019\/10\/Depositphotos_151248194_l-2015-scaled.jpg","keywords":["\u00dcbernahme"],"articleSection":["ALLGEMEIN"],"inLanguage":"it-IT"},{"@type":"WebPage","@id":"https:\/\/news.save.ch\/securitas-verstaerkt-mit-uebernahme-praesenz-in-der-westschweiz\/","url":"https:\/\/news.save.ch\/securitas-verstaerkt-mit-uebernahme-praesenz-in-der-westschweiz\/","name":"Securitas rafforza la sua presenza nella Svizzera occidentale con l'acquisizione - Save","isPartOf":{"@id":"https:\/\/news.save.ch\/de\/#website"},"primaryImageOfPage":{"@id":"https:\/\/news.save.ch\/securitas-verstaerkt-mit-uebernahme-praesenz-in-der-westschweiz\/#primaryimage"},"image":{"@id":"https:\/\/news.save.ch\/securitas-verstaerkt-mit-uebernahme-praesenz-in-der-westschweiz\/#primaryimage"},"thumbnailUrl":"https:\/\/news.save.ch\/wp-content\/uploads\/2019\/10\/Depositphotos_151248194_l-2015-scaled.jpg","datePublished":"2019-10-03T11:15:54+00:00","description":"Il Gruppo Securitas ha rilevato la societ\u00e0 di sicurezza Etrinex SA di Bulle. L'azienda \u00e8 attiva in tutta la Svizzera francese.","breadcrumb":{"@id":"https:\/\/news.save.ch\/securitas-verstaerkt-mit-uebernahme-praesenz-in-der-westschweiz\/#breadcrumb"},"inLanguage":"it-IT","potentialAction":[{"@type":"ReadAction","target":["https:\/\/news.save.ch\/securitas-verstaerkt-mit-uebernahme-praesenz-in-der-westschweiz\/"]}]},{"@type":"ImageObject","inLanguage":"it-IT","@id":"https:\/\/news.save.ch\/securitas-verstaerkt-mit-uebernahme-praesenz-in-der-westschweiz\/#primaryimage","url":"https:\/\/news.save.ch\/wp-content\/uploads\/2019\/10\/Depositphotos_151248194_l-2015-scaled.jpg","contentUrl":"https:\/\/news.save.ch\/wp-content\/uploads\/2019\/10\/Depositphotos_151248194_l-2015-scaled.jpg","width":1400,"height":935,"caption":"\u00a9 depositphotos, DmitryPoch"},{"@type":"BreadcrumbList","@id":"https:\/\/news.save.ch\/securitas-verstaerkt-mit-uebernahme-praesenz-in-der-westschweiz\/#breadcrumb","itemListElement":[{"@type":"ListItem","position":1,"name":"Home","item":"https:\/\/news.save.ch\/de\/"},{"@type":"ListItem","position":2,"name":"Securitas verst\u00e4rkt mit \u00dcbernahme ihre Pr\u00e4senz in der Westschweiz"}]},{"@type":"WebSite","@id":"https:\/\/news.save.ch\/de\/#website","url":"https:\/\/news.save.ch\/de\/","name":"Risparmiare","description":"Rivista svizzera specializzata in sicurezza","publisher":{"@id":"https:\/\/news.save.ch\/de\/#organization"},"potentialAction":[{"@type":"SearchAction","target":{"@type":"EntryPoint","urlTemplate":"https:\/\/news.save.ch\/de\/?s={search_term_string}"},"query-input":{"@type":"PropertyValueSpecification","valueRequired":true,"valueName":"search_term_string"}}],"inLanguage":"it-IT"},{"@type":"Organization","@id":"https:\/\/news.save.ch\/de\/#organization","name":"Forum sulla sicurezza","url":"https:\/\/news.save.ch\/de\/","logo":{"@type":"ImageObject","inLanguage":"it-IT","@id":"https:\/\/news.save.ch\/de\/#\/schema\/logo\/image\/","url":"https:\/\/news.save.ch\/wp-content\/uploads\/2022\/06\/Logo_SF_2012.png","contentUrl":"https:\/\/news.save.ch\/wp-content\/uploads\/2022\/06\/Logo_SF_2012.png","width":1100,"height":91,"caption":"Sicherheitsforum"},"image":{"@id":"https:\/\/news.save.ch\/de\/#\/schema\/logo\/image\/"}},{"@type":"Person","@id":"https:\/\/news.save.ch\/de\/#\/schema\/person\/d5022db048e0e2b9785c50e5b24da5aa","name":"Roger Str\u00e4ssle","image":{"@type":"ImageObject","inLanguage":"it-IT","@id":"https:\/\/secure.gravatar.com\/avatar\/862a5569d087de48e5856e32f45d719a03804c891d6deb8d4f71a660e79e4a47?s=96&d=mm&r=g","url":"https:\/\/secure.gravatar.com\/avatar\/862a5569d087de48e5856e32f45d719a03804c891d6deb8d4f71a660e79e4a47?s=96&d=mm&r=g","contentUrl":"https:\/\/secure.gravatar.com\/avatar\/862a5569d087de48e5856e32f45d719a03804c891d6deb8d4f71a660e79e4a47?s=96&d=mm&r=g","caption":"Roger Str\u00e4ssle"},"url":"https:\/\/news.save.ch\/it\/author\/roger-straessle\/"}]}},"_links":{"self":[{"href":"https:\/\/news.save.ch\/it\/wp-json\/wp\/v2\/posts\/8777","targetHints":{"allow":["GET"]}}],"collection":[{"href":"https:\/\/news.save.ch\/it\/wp-json\/wp\/v2\/posts"}],"about":[{"href":"https:\/\/news.save.ch\/it\/wp-json\/wp\/v2\/types\/post"}],"author":[{"embeddable":true,"href":"https:\/\/news.save.ch\/it\/wp-json\/wp\/v2\/users\/8"}],"replies":[{"embeddable":true,"href":"https:\/\/news.save.ch\/it\/wp-json\/wp\/v2\/comments?post=8777"}],"version-history":[{"count":0,"href":"https:\/\/news.save.ch\/it\/wp-json\/wp\/v2\/posts\/8777\/revisions"}],"wp:featuredmedia":[{"embeddable":true,"href":"https:\/\/news.save.ch\/it\/wp-json\/wp\/v2\/media\/8778"}],"wp:attachment":[{"href":"https:\/\/news.save.ch\/it\/wp-json\/wp\/v2\/media?parent=8777"}],"wp:term":[{"taxonomy":"category","embeddable":true,"href":"https:\/\/news.save.ch\/it\/wp-json\/wp\/v2\/categories?post=8777"},{"taxonomy":"post_tag","embeddable":true,"href":"https:\/\/news.save.ch\/it\/wp-json\/wp\/v2\/tags?post=8777"}],"curies":[{"name":"wp","href":"https:\/\/api.w.org\/{rel}","templated":true}]}}