{"id":8794,"date":"2022-04-06T09:05:09","date_gmt":"2022-04-06T07:05:09","guid":{"rendered":"https:\/\/news.save.ch\/?p=8794"},"modified":"2023-07-01T09:11:11","modified_gmt":"2023-07-01T07:11:11","slug":"patienten-unzufrieden-mit-gesundheits-apps","status":null,"type":"post","link":"https:\/\/news.save.ch\/it\/patienten-unzufrieden-mit-gesundheits-apps\/","title":{"rendered":"I pazienti sono insoddisfatti delle app per la salute"},"content":{"rendered":"<figure id=\"attachment_8797\" aria-describedby=\"caption-attachment-8797\" style=\"width: 680px\" class=\"wp-caption alignnone\"><img loading=\"lazy\" decoding=\"async\" class=\"wp-image-8797 size-medium\" src=\"https:\/\/news.save.ch\/wp-content\/uploads\/2022\/04\/Gesundheit_teaser-680x403.jpg\" alt=\"Applicazioni per la salute\" width=\"680\" height=\"403\" srcset=\"https:\/\/news.save.ch\/wp-content\/uploads\/2022\/04\/Gesundheit_teaser-680x403.jpg 680w, https:\/\/news.save.ch\/wp-content\/uploads\/2022\/04\/Gesundheit_teaser-768x455.jpg 768w, https:\/\/news.save.ch\/wp-content\/uploads\/2022\/04\/Gesundheit_teaser-18x12.jpg 18w, https:\/\/news.save.ch\/wp-content\/uploads\/2022\/04\/Gesundheit_teaser-375x222.jpg 375w, https:\/\/news.save.ch\/wp-content\/uploads\/2022\/04\/Gesundheit_teaser-591x350.jpg 591w, https:\/\/news.save.ch\/wp-content\/uploads\/2022\/04\/Gesundheit_teaser.jpg 804w\" sizes=\"auto, (max-width: 680px) 100vw, 680px\" \/><figcaption id=\"caption-attachment-8797\" class=\"wp-caption-text\">Immagine: Pixabay<\/figcaption><\/figure>\n<p>Da ottobre 2020, i medici possono prescrivere le app su ricetta. La Germania \u00e8 il primo Paese al mondo in cui i costi sono coperti dalle assicurazioni sanitarie obbligatorie (GKV). Alla fine di dicembre 2021, la Techniker Krankenkasse (TK) aveva ricevuto 19.025 prescrizioni di app per la salute (Diga). Le app pi\u00f9 frequentemente prescritte erano per il mal di schiena (3.947), l'acufene (3.450) e l'emicrania (2.524). Sono soprattutto le donne (66,5%) a utilizzare le app.<\/p>\n<p>Il prezzo medio della Diga era di 329 euro nell'ottobre 2020. Nel frattempo, quattro produttori di app hanno aumentato nuovamente i prezzi nel primo anno. Nel marzo 2022, il prezzo medio era gi\u00e0 di 456 euro. \"Vediamo che le app del rimborso SHI costano improvvisamente molto di pi\u00f9 di prima\", sottolinea il presidente del consiglio di amministrazione di TK Jens Baas.<\/p>\n<h2>Solo pochi medici a bordo<\/h2>\n<p>Il rapporto mostra che le app non sono ancora arrivate negli studi medici. Finora solo il 4% di tutti i medici ha rilasciato prescrizioni per Diga (in numeri assoluti, solo 7.000 su 180.000 medici). Colpisce il fatto che a Berlino - dove si trova anche la maggior parte dei produttori di Diga - il tasso di prescrizione sia il pi\u00f9 alto (2.136 prescrizioni, che corrispondono a 2,3 prescrizioni ogni 1.000 assicurati).<\/p>\n<p>Fonte: <a href=\"https:\/\/www.pressetext.com\/news\/patienten-unzufrieden-mit-gesundheits-apps.html\" target=\"_blank\" rel=\"noopener\">Presstext.com\u00a0<\/a><\/p>","protected":false},"excerpt":{"rendered":"<p>Seit Oktober 2020 k\u00f6nnen \u00c4rzte Apps auf Rezept verschreiben. Deutschland ist weltweit das erste Land, in dem die Kosten daf\u00fcr von den gesetzlichen Krankenversicherungen (GKV) \u00fcbernommen werden. Bis Ende Dezember 2021 sind bei der Techniker Krankenkasse (TK) 19&#8217;025 Verordnungen f\u00fcr Gesundheits-Apps (Diga) eingegangen. Am h\u00e4ufigsten verschrieben wurden Apps gegen R\u00fcckenschmerzen (3&#8217;947), Tinnitus (3&#8217;450) und Migr\u00e4ne [&hellip;]<\/p>\n","protected":false},"author":9,"featured_media":8797,"comment_status":"closed","ping_status":"closed","sticky":false,"template":"","format":"standard","meta":{"_acf_changed":false,"pgc_sgb_lightbox_settings":"","footnotes":""},"categories":[1,3314],"tags":[442,4662,4661,4658,149,2403,4659,4660],"class_list":["post-8794","post","type-post","status-publish","format-standard","has-post-thumbnail","hentry","category-allgemein","category-health-safety","tag-apps","tag-aerzte","tag-durchschnittspreis","tag-gesundheits-apps","tag-gesundheitsschutz","tag-krankenkasse","tag-rezept","tag-techniker-krankenkasse-tk"],"acf":[],"hkrextid":null,"publication":null,"issue":null,"workflow":null,"startPage":null,"spitzmarke":null,"_posts_by_tag_page_fields":{"widget_title":"","widget_tags":""},"_at_widget":"1","_yoast_wpseo_primary_category":"1","_yoast_wpseo_focuskw_text_input":null,"_yoast_wpseo_opengraph-image":null,"_yoast_wpseo_opengraph-description":null,"_yoast_wpseo_opengraph-title":null,"enclosure":null,"_yoast_wpseo_twitter-title":null,"_yoast_wpseo_twitter-description":null,"_yoast_wpseo_twitter-image":null,"_wp_old_slug":null,"_yoast_wpseo_title":null,"_yoast_wpseo_canonical":null,"yoast_head":"<!-- This site is optimized with the Yoast SEO plugin v27.4 - https:\/\/yoast.com\/product\/yoast-seo-wordpress\/ -->\n<title>Patienten unzufrieden mit Gesundheits-Apps - Save<\/title>\n<meta name=\"description\" content=\"Gut jeder dritte Deutsche (37 Prozent) nutzt Gesundheits-Apps (DiGA) t\u00e4glich, doch von ihrer Wirksamkeit sind nur 19 Prozent vollst\u00e4ndig \u00fcberzeugt. Zu dem Schluss kommt der am Mittwoch, vorgestellte \u00abDiga-Report\u00bb der Techniker Krankenkasse (TK).\u00a0\" \/>\n<meta name=\"robots\" content=\"index, follow, max-snippet:-1, max-image-preview:large, max-video-preview:-1\" \/>\n<link rel=\"canonical\" href=\"https:\/\/news.save.ch\/it\/patienten-unzufrieden-mit-gesundheits-apps\/\" \/>\n<meta property=\"og:locale\" content=\"it_IT\" \/>\n<meta property=\"og:type\" content=\"article\" \/>\n<meta property=\"og:title\" content=\"Patienten unzufrieden mit Gesundheits-Apps - Save\" \/>\n<meta property=\"og:description\" content=\"Gut jeder dritte Deutsche (37 Prozent) nutzt Gesundheits-Apps (DiGA) t\u00e4glich, doch von ihrer Wirksamkeit sind nur 19 Prozent vollst\u00e4ndig \u00fcberzeugt. Zu dem Schluss kommt der am Mittwoch, vorgestellte \u00abDiga-Report\u00bb der Techniker Krankenkasse (TK).\u00a0\" \/>\n<meta property=\"og:url\" content=\"https:\/\/news.save.ch\/it\/patienten-unzufrieden-mit-gesundheits-apps\/\" \/>\n<meta property=\"og:site_name\" content=\"Save\" \/>\n<meta property=\"article:published_time\" content=\"2022-04-06T07:05:09+00:00\" \/>\n<meta property=\"article:modified_time\" content=\"2023-07-01T07:11:11+00:00\" \/>\n<meta property=\"og:image\" content=\"https:\/\/news.save.ch\/wp-content\/uploads\/2022\/04\/Gesundheit_teaser.jpg\" \/>\n\t<meta property=\"og:image:width\" content=\"804\" \/>\n\t<meta property=\"og:image:height\" content=\"476\" \/>\n\t<meta property=\"og:image:type\" content=\"image\/jpeg\" \/>\n<meta name=\"author\" content=\"Simon Gr\u00f6flin\" \/>\n<meta name=\"twitter:card\" content=\"summary_large_image\" \/>\n<meta name=\"twitter:label1\" content=\"Scritto da\" \/>\n\t<meta name=\"twitter:data1\" content=\"Simon Gr\u00f6flin\" \/>\n\t<meta name=\"twitter:label2\" content=\"Tempo di lettura stimato\" \/>\n\t<meta name=\"twitter:data2\" content=\"2 minuti\" \/>\n<script type=\"application\/ld+json\" class=\"yoast-schema-graph\">{\"@context\":\"https:\\\/\\\/schema.org\",\"@graph\":[{\"@type\":\"Article\",\"@id\":\"https:\\\/\\\/news.save.ch\\\/patienten-unzufrieden-mit-gesundheits-apps\\\/#article\",\"isPartOf\":{\"@id\":\"https:\\\/\\\/news.save.ch\\\/patienten-unzufrieden-mit-gesundheits-apps\\\/\"},\"author\":{\"name\":\"Simon Gr\u00f6flin\",\"@id\":\"https:\\\/\\\/news.save.ch\\\/de\\\/#\\\/schema\\\/person\\\/ad4ef21102fd6125312409ac57d5296d\"},\"headline\":\"Patienten unzufrieden mit Gesundheits-Apps\",\"datePublished\":\"2022-04-06T07:05:09+00:00\",\"dateModified\":\"2023-07-01T07:11:11+00:00\",\"mainEntityOfPage\":{\"@id\":\"https:\\\/\\\/news.save.ch\\\/patienten-unzufrieden-mit-gesundheits-apps\\\/\"},\"wordCount\":193,\"publisher\":{\"@id\":\"https:\\\/\\\/news.save.ch\\\/de\\\/#organization\"},\"image\":{\"@id\":\"https:\\\/\\\/news.save.ch\\\/patienten-unzufrieden-mit-gesundheits-apps\\\/#primaryimage\"},\"thumbnailUrl\":\"https:\\\/\\\/news.save.ch\\\/wp-content\\\/uploads\\\/2022\\\/04\\\/Gesundheit_teaser.jpg\",\"keywords\":[\"Apps\",\"\u00c4rzte\",\"Durchschnittspreis\",\"Gesundheits-Apps\",\"Gesundheitsschutz\",\"Krankenkasse\",\"Rezept\",\"Techniker Krankenkasse (TK)\"],\"articleSection\":[\"ALLGEMEIN\",\"HEALTH &amp; SAFETY\"],\"inLanguage\":\"it-IT\"},{\"@type\":\"WebPage\",\"@id\":\"https:\\\/\\\/news.save.ch\\\/patienten-unzufrieden-mit-gesundheits-apps\\\/\",\"url\":\"https:\\\/\\\/news.save.ch\\\/patienten-unzufrieden-mit-gesundheits-apps\\\/\",\"name\":\"Patienten unzufrieden mit Gesundheits-Apps - Save\",\"isPartOf\":{\"@id\":\"https:\\\/\\\/news.save.ch\\\/de\\\/#website\"},\"primaryImageOfPage\":{\"@id\":\"https:\\\/\\\/news.save.ch\\\/patienten-unzufrieden-mit-gesundheits-apps\\\/#primaryimage\"},\"image\":{\"@id\":\"https:\\\/\\\/news.save.ch\\\/patienten-unzufrieden-mit-gesundheits-apps\\\/#primaryimage\"},\"thumbnailUrl\":\"https:\\\/\\\/news.save.ch\\\/wp-content\\\/uploads\\\/2022\\\/04\\\/Gesundheit_teaser.jpg\",\"datePublished\":\"2022-04-06T07:05:09+00:00\",\"dateModified\":\"2023-07-01T07:11:11+00:00\",\"description\":\"Gut jeder dritte Deutsche (37 Prozent) nutzt Gesundheits-Apps (DiGA) t\u00e4glich, doch von ihrer Wirksamkeit sind nur 19 Prozent vollst\u00e4ndig \u00fcberzeugt. Zu dem Schluss kommt der am Mittwoch, vorgestellte \u00abDiga-Report\u00bb der Techniker Krankenkasse (TK).\u00a0\",\"breadcrumb\":{\"@id\":\"https:\\\/\\\/news.save.ch\\\/patienten-unzufrieden-mit-gesundheits-apps\\\/#breadcrumb\"},\"inLanguage\":\"it-IT\",\"potentialAction\":[{\"@type\":\"ReadAction\",\"target\":[\"https:\\\/\\\/news.save.ch\\\/patienten-unzufrieden-mit-gesundheits-apps\\\/\"]}]},{\"@type\":\"ImageObject\",\"inLanguage\":\"it-IT\",\"@id\":\"https:\\\/\\\/news.save.ch\\\/patienten-unzufrieden-mit-gesundheits-apps\\\/#primaryimage\",\"url\":\"https:\\\/\\\/news.save.ch\\\/wp-content\\\/uploads\\\/2022\\\/04\\\/Gesundheit_teaser.jpg\",\"contentUrl\":\"https:\\\/\\\/news.save.ch\\\/wp-content\\\/uploads\\\/2022\\\/04\\\/Gesundheit_teaser.jpg\",\"width\":804,\"height\":476,\"caption\":\"Patienten unzufrieden mit Gesundheits-Apps\"},{\"@type\":\"BreadcrumbList\",\"@id\":\"https:\\\/\\\/news.save.ch\\\/patienten-unzufrieden-mit-gesundheits-apps\\\/#breadcrumb\",\"itemListElement\":[{\"@type\":\"ListItem\",\"position\":1,\"name\":\"Home\",\"item\":\"https:\\\/\\\/news.save.ch\\\/de\\\/\"},{\"@type\":\"ListItem\",\"position\":2,\"name\":\"Patienten unzufrieden mit Gesundheits-Apps\"}]},{\"@type\":\"WebSite\",\"@id\":\"https:\\\/\\\/news.save.ch\\\/de\\\/#website\",\"url\":\"https:\\\/\\\/news.save.ch\\\/de\\\/\",\"name\":\"Save\",\"description\":\"Schweizer Fachzeitschrift f\u00fcr Sicherheit\",\"publisher\":{\"@id\":\"https:\\\/\\\/news.save.ch\\\/de\\\/#organization\"},\"potentialAction\":[{\"@type\":\"SearchAction\",\"target\":{\"@type\":\"EntryPoint\",\"urlTemplate\":\"https:\\\/\\\/news.save.ch\\\/de\\\/?s={search_term_string}\"},\"query-input\":{\"@type\":\"PropertyValueSpecification\",\"valueRequired\":true,\"valueName\":\"search_term_string\"}}],\"inLanguage\":\"it-IT\"},{\"@type\":\"Organization\",\"@id\":\"https:\\\/\\\/news.save.ch\\\/de\\\/#organization\",\"name\":\"Sicherheitsforum\",\"url\":\"https:\\\/\\\/news.save.ch\\\/de\\\/\",\"logo\":{\"@type\":\"ImageObject\",\"inLanguage\":\"it-IT\",\"@id\":\"https:\\\/\\\/news.save.ch\\\/de\\\/#\\\/schema\\\/logo\\\/image\\\/\",\"url\":\"https:\\\/\\\/news.save.ch\\\/wp-content\\\/uploads\\\/2022\\\/06\\\/Logo_SF_2012.png\",\"contentUrl\":\"https:\\\/\\\/news.save.ch\\\/wp-content\\\/uploads\\\/2022\\\/06\\\/Logo_SF_2012.png\",\"width\":1100,\"height\":91,\"caption\":\"Sicherheitsforum\"},\"image\":{\"@id\":\"https:\\\/\\\/news.save.ch\\\/de\\\/#\\\/schema\\\/logo\\\/image\\\/\"}},{\"@type\":\"Person\",\"@id\":\"https:\\\/\\\/news.save.ch\\\/de\\\/#\\\/schema\\\/person\\\/ad4ef21102fd6125312409ac57d5296d\",\"name\":\"Simon Gr\u00f6flin\",\"image\":{\"@type\":\"ImageObject\",\"inLanguage\":\"it-IT\",\"@id\":\"https:\\\/\\\/secure.gravatar.com\\\/avatar\\\/6ddceb80eb734354635539e0ea5140bb7c41e42de7c45c9a2ab9921b5d5c9a83?s=96&d=mm&r=g\",\"url\":\"https:\\\/\\\/secure.gravatar.com\\\/avatar\\\/6ddceb80eb734354635539e0ea5140bb7c41e42de7c45c9a2ab9921b5d5c9a83?s=96&d=mm&r=g\",\"contentUrl\":\"https:\\\/\\\/secure.gravatar.com\\\/avatar\\\/6ddceb80eb734354635539e0ea5140bb7c41e42de7c45c9a2ab9921b5d5c9a83?s=96&d=mm&r=g\",\"caption\":\"Simon Gr\u00f6flin\"},\"url\":\"https:\\\/\\\/news.save.ch\\\/it\\\/author\\\/simon-groeflin\\\/\"}]}<\/script>\n<!-- \/ Yoast SEO plugin. -->","yoast_head_json":{"title":"I pazienti sono insoddisfatti delle app per la salute - Save","description":"Un buon terzo dei tedeschi (37%) utilizza quotidianamente le app per la salute (DiGA), ma solo il 19% \u00e8 pienamente convinto della loro efficacia. Questa \u00e8 la conclusione del \"Rapporto Diga\" della Techniker Krankenkasse (TK) presentato mercoled\u00ec.\u00a0","robots":{"index":"index","follow":"follow","max-snippet":"max-snippet:-1","max-image-preview":"max-image-preview:large","max-video-preview":"max-video-preview:-1"},"canonical":"https:\/\/news.save.ch\/it\/patienten-unzufrieden-mit-gesundheits-apps\/","og_locale":"it_IT","og_type":"article","og_title":"Patienten unzufrieden mit Gesundheits-Apps - Save","og_description":"Gut jeder dritte Deutsche (37 Prozent) nutzt Gesundheits-Apps (DiGA) t\u00e4glich, doch von ihrer Wirksamkeit sind nur 19 Prozent vollst\u00e4ndig \u00fcberzeugt. Zu dem Schluss kommt der am Mittwoch, vorgestellte \u00abDiga-Report\u00bb der Techniker Krankenkasse (TK).\u00a0","og_url":"https:\/\/news.save.ch\/it\/patienten-unzufrieden-mit-gesundheits-apps\/","og_site_name":"Save","article_published_time":"2022-04-06T07:05:09+00:00","article_modified_time":"2023-07-01T07:11:11+00:00","og_image":[{"width":804,"height":476,"url":"https:\/\/news.save.ch\/wp-content\/uploads\/2022\/04\/Gesundheit_teaser.jpg","type":"image\/jpeg"}],"author":"Simon Gr\u00f6flin","twitter_card":"summary_large_image","twitter_misc":{"Scritto da":"Simon Gr\u00f6flin","Tempo di lettura stimato":"2 minuti"},"schema":{"@context":"https:\/\/schema.org","@graph":[{"@type":"Article","@id":"https:\/\/news.save.ch\/patienten-unzufrieden-mit-gesundheits-apps\/#article","isPartOf":{"@id":"https:\/\/news.save.ch\/patienten-unzufrieden-mit-gesundheits-apps\/"},"author":{"name":"Simon Gr\u00f6flin","@id":"https:\/\/news.save.ch\/de\/#\/schema\/person\/ad4ef21102fd6125312409ac57d5296d"},"headline":"Patienten unzufrieden mit Gesundheits-Apps","datePublished":"2022-04-06T07:05:09+00:00","dateModified":"2023-07-01T07:11:11+00:00","mainEntityOfPage":{"@id":"https:\/\/news.save.ch\/patienten-unzufrieden-mit-gesundheits-apps\/"},"wordCount":193,"publisher":{"@id":"https:\/\/news.save.ch\/de\/#organization"},"image":{"@id":"https:\/\/news.save.ch\/patienten-unzufrieden-mit-gesundheits-apps\/#primaryimage"},"thumbnailUrl":"https:\/\/news.save.ch\/wp-content\/uploads\/2022\/04\/Gesundheit_teaser.jpg","keywords":["Apps","\u00c4rzte","Durchschnittspreis","Gesundheits-Apps","Gesundheitsschutz","Krankenkasse","Rezept","Techniker Krankenkasse (TK)"],"articleSection":["ALLGEMEIN","HEALTH &amp; SAFETY"],"inLanguage":"it-IT"},{"@type":"WebPage","@id":"https:\/\/news.save.ch\/patienten-unzufrieden-mit-gesundheits-apps\/","url":"https:\/\/news.save.ch\/patienten-unzufrieden-mit-gesundheits-apps\/","name":"I pazienti sono insoddisfatti delle app per la salute - Save","isPartOf":{"@id":"https:\/\/news.save.ch\/de\/#website"},"primaryImageOfPage":{"@id":"https:\/\/news.save.ch\/patienten-unzufrieden-mit-gesundheits-apps\/#primaryimage"},"image":{"@id":"https:\/\/news.save.ch\/patienten-unzufrieden-mit-gesundheits-apps\/#primaryimage"},"thumbnailUrl":"https:\/\/news.save.ch\/wp-content\/uploads\/2022\/04\/Gesundheit_teaser.jpg","datePublished":"2022-04-06T07:05:09+00:00","dateModified":"2023-07-01T07:11:11+00:00","description":"Un buon terzo dei tedeschi (37%) utilizza quotidianamente le app per la salute (DiGA), ma solo il 19% \u00e8 pienamente convinto della loro efficacia. Questa \u00e8 la conclusione del \"Rapporto Diga\" della Techniker Krankenkasse (TK) presentato mercoled\u00ec.\u00a0","breadcrumb":{"@id":"https:\/\/news.save.ch\/patienten-unzufrieden-mit-gesundheits-apps\/#breadcrumb"},"inLanguage":"it-IT","potentialAction":[{"@type":"ReadAction","target":["https:\/\/news.save.ch\/patienten-unzufrieden-mit-gesundheits-apps\/"]}]},{"@type":"ImageObject","inLanguage":"it-IT","@id":"https:\/\/news.save.ch\/patienten-unzufrieden-mit-gesundheits-apps\/#primaryimage","url":"https:\/\/news.save.ch\/wp-content\/uploads\/2022\/04\/Gesundheit_teaser.jpg","contentUrl":"https:\/\/news.save.ch\/wp-content\/uploads\/2022\/04\/Gesundheit_teaser.jpg","width":804,"height":476,"caption":"Patienten unzufrieden mit Gesundheits-Apps"},{"@type":"BreadcrumbList","@id":"https:\/\/news.save.ch\/patienten-unzufrieden-mit-gesundheits-apps\/#breadcrumb","itemListElement":[{"@type":"ListItem","position":1,"name":"Home","item":"https:\/\/news.save.ch\/de\/"},{"@type":"ListItem","position":2,"name":"Patienten unzufrieden mit Gesundheits-Apps"}]},{"@type":"WebSite","@id":"https:\/\/news.save.ch\/de\/#website","url":"https:\/\/news.save.ch\/de\/","name":"Risparmiare","description":"Rivista svizzera specializzata in sicurezza","publisher":{"@id":"https:\/\/news.save.ch\/de\/#organization"},"potentialAction":[{"@type":"SearchAction","target":{"@type":"EntryPoint","urlTemplate":"https:\/\/news.save.ch\/de\/?s={search_term_string}"},"query-input":{"@type":"PropertyValueSpecification","valueRequired":true,"valueName":"search_term_string"}}],"inLanguage":"it-IT"},{"@type":"Organization","@id":"https:\/\/news.save.ch\/de\/#organization","name":"Forum sulla sicurezza","url":"https:\/\/news.save.ch\/de\/","logo":{"@type":"ImageObject","inLanguage":"it-IT","@id":"https:\/\/news.save.ch\/de\/#\/schema\/logo\/image\/","url":"https:\/\/news.save.ch\/wp-content\/uploads\/2022\/06\/Logo_SF_2012.png","contentUrl":"https:\/\/news.save.ch\/wp-content\/uploads\/2022\/06\/Logo_SF_2012.png","width":1100,"height":91,"caption":"Sicherheitsforum"},"image":{"@id":"https:\/\/news.save.ch\/de\/#\/schema\/logo\/image\/"}},{"@type":"Person","@id":"https:\/\/news.save.ch\/de\/#\/schema\/person\/ad4ef21102fd6125312409ac57d5296d","name":"Simon Gr\u00f6flin","image":{"@type":"ImageObject","inLanguage":"it-IT","@id":"https:\/\/secure.gravatar.com\/avatar\/6ddceb80eb734354635539e0ea5140bb7c41e42de7c45c9a2ab9921b5d5c9a83?s=96&d=mm&r=g","url":"https:\/\/secure.gravatar.com\/avatar\/6ddceb80eb734354635539e0ea5140bb7c41e42de7c45c9a2ab9921b5d5c9a83?s=96&d=mm&r=g","contentUrl":"https:\/\/secure.gravatar.com\/avatar\/6ddceb80eb734354635539e0ea5140bb7c41e42de7c45c9a2ab9921b5d5c9a83?s=96&d=mm&r=g","caption":"Simon Gr\u00f6flin"},"url":"https:\/\/news.save.ch\/it\/author\/simon-groeflin\/"}]}},"_links":{"self":[{"href":"https:\/\/news.save.ch\/it\/wp-json\/wp\/v2\/posts\/8794","targetHints":{"allow":["GET"]}}],"collection":[{"href":"https:\/\/news.save.ch\/it\/wp-json\/wp\/v2\/posts"}],"about":[{"href":"https:\/\/news.save.ch\/it\/wp-json\/wp\/v2\/types\/post"}],"author":[{"embeddable":true,"href":"https:\/\/news.save.ch\/it\/wp-json\/wp\/v2\/users\/9"}],"replies":[{"embeddable":true,"href":"https:\/\/news.save.ch\/it\/wp-json\/wp\/v2\/comments?post=8794"}],"version-history":[{"count":3,"href":"https:\/\/news.save.ch\/it\/wp-json\/wp\/v2\/posts\/8794\/revisions"}],"predecessor-version":[{"id":20437,"href":"https:\/\/news.save.ch\/it\/wp-json\/wp\/v2\/posts\/8794\/revisions\/20437"}],"wp:featuredmedia":[{"embeddable":true,"href":"https:\/\/news.save.ch\/it\/wp-json\/wp\/v2\/media\/8797"}],"wp:attachment":[{"href":"https:\/\/news.save.ch\/it\/wp-json\/wp\/v2\/media?parent=8794"}],"wp:term":[{"taxonomy":"category","embeddable":true,"href":"https:\/\/news.save.ch\/it\/wp-json\/wp\/v2\/categories?post=8794"},{"taxonomy":"post_tag","embeddable":true,"href":"https:\/\/news.save.ch\/it\/wp-json\/wp\/v2\/tags?post=8794"}],"curies":[{"name":"wp","href":"https:\/\/api.w.org\/{rel}","templated":true}]}}