{"id":8901,"date":"2019-10-21T13:30:14","date_gmt":"2019-10-21T11:30:14","guid":{"rendered":"https:\/\/news.save.ch\/?p=8901"},"modified":"2019-10-21T13:30:14","modified_gmt":"2019-10-21T11:30:14","slug":"probleme-mit-dem-bewacherregister","status":null,"type":"post","link":"https:\/\/news.save.ch\/it\/probleme-mit-dem-bewacherregister\/","title":{"rendered":"Problemi con il registro di guardia"},"content":{"rendered":"<figure id=\"attachment_8902\" aria-describedby=\"caption-attachment-8902\" style=\"width: 680px\" class=\"wp-caption aligncenter\"><img loading=\"lazy\" decoding=\"async\" class=\"size-medium wp-image-8902\" src=\"https:\/\/news.save.ch\/wp-content\/uploads\/2019\/10\/Bewacherregister.jpg\" alt=\"\" width=\"680\" height=\"510\" srcset=\"https:\/\/news.save.ch\/wp-content\/uploads\/2019\/10\/Bewacherregister.jpg 774w, https:\/\/news.save.ch\/wp-content\/uploads\/2019\/10\/Bewacherregister-375x281.jpg 375w\" sizes=\"auto, (max-width: 680px) 100vw, 680px\" \/><figcaption id=\"caption-attachment-8902\" class=\"wp-caption-text\">\u00a9 BDSW<\/figcaption><\/figure>\n<p>&nbsp;<\/p>\n<p>Il nuovo sistema nazionale <a href=\"https:\/\/news.save.ch\/it\/bewacherregister-wird-freigeschaltet\/\">Registro di guardia<\/a> avrebbe dovuto semplificare i processi, fornire maggiore trasparenza e ridurre la burocrazia nei controlli dei precedenti dei dipendenti delle societ\u00e0 di sicurezza private. \"A un quarto d'anno dal lancio ufficiale del registro, per\u00f2, la realt\u00e0 purtroppo appare completamente diversa. Il registro non \u00e8 completamente funzionante. La raccolta dei dati e la compilazione del registro sono state semplicemente spostate alle societ\u00e0 di sicurezza con una scadenza troppo ravvicinata. Molti rappresentanti delle autorit\u00e0 nei comuni non sono sufficientemente preparati per il loro compito. Al momento \u00e8 stato creato un mostro di burocrazia e un freno alla crescita per l'industria della sicurezza\", ha dichiarato il presidente del BDSW Gregor Lehnert, presidente dell'Associazione federale dell'industria della sicurezza (<a href=\"https:\/\/www.bdsw.de\/\">BDSW<\/a>) in occasione di un incontro con la stampa a Berlino.<\/p>\n<p>Finora i fornitori di servizi di sicurezza non hanno ricevuto l'autorizzazione per circa 75% dei circa 270.000 lavoratori della sicurezza o i lavoratori sono stati \"respinti\" per motivi inspiegabili. Nel frattempo, per\u00f2, tutte le societ\u00e0 di sicurezza devono utilizzare i loro lavoratori per garantire la sicurezza dei loro clienti. \"Purtroppo siamo ancora lontani da un registro di guardia veramente funzionale che corrisponda effettivamente alla funzione per cui \u00e8 stato concepito\", afferma Lehnert.<\/p>\n<p><strong>L'associazione \u00e8 ancora a favore di un registro<\/strong><\/p>\n<p>In linea di principio, l'associazione continua ad accogliere il registro. \"Nel lungo periodo, contribuir\u00e0 a ridurre la burocrazia e a rendere pi\u00f9 rapido il controllo dei precedenti di commercianti e dipendenti\", ha dichiarato Lehnert. Tuttavia, \u00e8 ora importante che uno sforzo congiunto del Ministero federale dell'Economia e dei L\u00e4nder modifichi la procedura e la situazione attualmente completamente destrutturata. \"Per trovare una soluzione globale al problema, proponiamo ancora una volta una tavola rotonda al Ministero federale dell'Economia, alla quale parteciperemo in qualsiasi momento\", ha dichiarato Lehnert.<\/p>\n<p>Attualmente, senza alcuna colpa, le nostre aziende associate spesso non sono in grado di soddisfare tutti i requisiti legali della legge sulla vigilanza a causa dell'inerzia dello Stato. Non \u00e8 possibile accettare nuovi ordini nonostante la grande richiesta di servizi di sicurezza. \"Sempre pi\u00f9 spesso le pecore nere entrano nel mercato e impiegano il loro personale senza l'autorizzazione delle autorit\u00e0. Le aziende di sicurezza affidabili e la trasparenza ne risentono. Questo fallimento governativo sta creando lacune nella sicurezza in Germania\", ha aggiunto Lehnert.<\/p>\n<p><strong>Documento sulle questioni chiave del BDSW<\/strong><\/p>\n<p>Secondo Lehnert, i problemi con il registro delle guardie non devono ritardare il lavoro sulla legge sui servizi di sicurezza prevista dalla Grande Coalizione. Il BDSW ha presentato i suoi punti chiave su questo tema qualche giorno fa. Il <a href=\"https:\/\/www.bdsw.de\/images\/aktuell\/2019\/DSD_03-2019_Beilage_BDSW_Eckpunktepapier.pdf\">Documento sulle questioni chiave<\/a> contiene le richieste e le proposte pi\u00f9 importanti dell'associazione. \"Siamo gli esperti e allo stesso tempo i diretti interessati dalla legge prevista. Con il nostro documento sui punti chiave, offriamo ai politici un supporto esperto in questo processo di riorganizzazione urgentemente necessario per migliorare le condizioni quadro per l'industria della sicurezza privata\", ha sottolineato Lehnert.<\/p>\n<p>Le future normative del settore devono concentrarsi sull'ulteriore aumento della sicurezza in Germania. La libert\u00e0 di commercio per i fornitori di servizi di sicurezza \u00e8 un approccio sbagliato. Il governo federale ha riconosciuto che il diritto commerciale non pu\u00f2 pi\u00f9 essere la base del nostro commercio. \"Con il nostro documento sui punti chiave, riprendiamo le dichiarazioni dell'accordo di coalizione e presentiamo i requisiti per una legge sui servizi di sicurezza da approvare prima della fine di questa legislatura\", ha concluso Lehnert.<\/p>\n<p><em>Comunicato stampa BDSW<\/em><\/p>\n<p><em>Un ulteriore articolo sull'argomento: <a href=\"https:\/\/news.save.ch\/it\/falsches-bewacherregister\/\">\"Registro di guardia falso\"<\/a><\/em><\/p>\n<p>&nbsp;<\/p>","protected":false},"excerpt":{"rendered":"<p>&nbsp; Das neue bundesweite Bewacherregister sollte Prozesse vereinfachen, f\u00fcr mehr Transparenz sowie B\u00fcrokratieabbau bei der Zuverl\u00e4ssigkeits\u00fcberpr\u00fcfung der Besch\u00e4ftigten der privaten Sicherheitsunternehmen sorgen. \u00abEin Vierteljahr nach dem offiziellen Start des Registers sieht die Realit\u00e4t aber leider v\u00f6llig anders aus. Das Register ist nicht voll funktionsf\u00e4hig. Datenerfassung und Bef\u00fcllung des Registers wurden mit einer viel zu kurzen [&hellip;]<\/p>\n","protected":false},"author":8,"featured_media":8902,"comment_status":"open","ping_status":"open","sticky":false,"template":"","format":"standard","meta":{"_acf_changed":false,"pgc_sgb_lightbox_settings":"","footnotes":""},"categories":[1],"tags":[563,103,522],"class_list":["post-8901","post","type-post","status-publish","format-standard","has-post-thumbnail","hentry","category-allgemein","tag-bewacherregister","tag-private-sicherheitsfirma","tag-sicherheitsdienstleistungen"],"acf":[],"hkrextid":null,"publication":null,"issue":null,"workflow":null,"startPage":null,"spitzmarke":null,"_posts_by_tag_page_fields":{"widget_title":"","widget_tags":""},"_at_widget":"1","_yoast_wpseo_primary_category":"1","_yoast_wpseo_focuskw_text_input":"Bewacherregister","_yoast_wpseo_opengraph-image":null,"_yoast_wpseo_opengraph-description":null,"_yoast_wpseo_opengraph-title":null,"enclosure":null,"_yoast_wpseo_twitter-title":null,"_yoast_wpseo_twitter-description":null,"_yoast_wpseo_twitter-image":null,"_wp_old_slug":null,"_yoast_wpseo_title":null,"_yoast_wpseo_canonical":null,"yoast_head":"<!-- This site is optimized with the Yoast SEO plugin v27.4 - https:\/\/yoast.com\/product\/yoast-seo-wordpress\/ -->\n<title>Probleme mit dem Bewacherregister - Save<\/title>\n<meta name=\"description\" content=\"Mit dem zentralen Bewacherregister in Deutschland, in dem alle privaten Sicherheitskr\u00e4fte eingetragen sind, gibt laut Sicherheitsverband BDSW Probleme.\" \/>\n<meta name=\"robots\" content=\"index, follow, max-snippet:-1, max-image-preview:large, max-video-preview:-1\" \/>\n<link rel=\"canonical\" href=\"https:\/\/news.save.ch\/it\/probleme-mit-dem-bewacherregister\/\" \/>\n<meta property=\"og:locale\" content=\"it_IT\" \/>\n<meta property=\"og:type\" content=\"article\" \/>\n<meta property=\"og:title\" content=\"Probleme mit dem Bewacherregister - Save\" \/>\n<meta property=\"og:description\" content=\"Mit dem zentralen Bewacherregister in Deutschland, in dem alle privaten Sicherheitskr\u00e4fte eingetragen sind, gibt laut Sicherheitsverband BDSW Probleme.\" \/>\n<meta property=\"og:url\" content=\"https:\/\/news.save.ch\/it\/probleme-mit-dem-bewacherregister\/\" \/>\n<meta property=\"og:site_name\" content=\"Save\" \/>\n<meta property=\"article:published_time\" content=\"2019-10-21T11:30:14+00:00\" \/>\n<meta property=\"og:image\" content=\"https:\/\/news.save.ch\/wp-content\/uploads\/2019\/10\/Bewacherregister.jpg\" \/>\n\t<meta property=\"og:image:width\" content=\"774\" \/>\n\t<meta property=\"og:image:height\" content=\"581\" \/>\n\t<meta property=\"og:image:type\" content=\"image\/jpeg\" \/>\n<meta name=\"author\" content=\"Roger Str\u00e4ssle\" \/>\n<meta name=\"twitter:card\" content=\"summary_large_image\" \/>\n<meta name=\"twitter:label1\" content=\"Scritto da\" \/>\n\t<meta name=\"twitter:data1\" content=\"Roger Str\u00e4ssle\" \/>\n\t<meta name=\"twitter:label2\" content=\"Tempo di lettura stimato\" \/>\n\t<meta name=\"twitter:data2\" content=\"3 minuti\" \/>\n<script type=\"application\/ld+json\" class=\"yoast-schema-graph\">{\"@context\":\"https:\\\/\\\/schema.org\",\"@graph\":[{\"@type\":\"Article\",\"@id\":\"https:\\\/\\\/news.save.ch\\\/probleme-mit-dem-bewacherregister\\\/#article\",\"isPartOf\":{\"@id\":\"https:\\\/\\\/news.save.ch\\\/probleme-mit-dem-bewacherregister\\\/\"},\"author\":{\"name\":\"Roger Str\u00e4ssle\",\"@id\":\"https:\\\/\\\/news.save.ch\\\/de\\\/#\\\/schema\\\/person\\\/d5022db048e0e2b9785c50e5b24da5aa\"},\"headline\":\"Probleme mit dem Bewacherregister\",\"datePublished\":\"2019-10-21T11:30:14+00:00\",\"mainEntityOfPage\":{\"@id\":\"https:\\\/\\\/news.save.ch\\\/probleme-mit-dem-bewacherregister\\\/\"},\"wordCount\":528,\"commentCount\":0,\"publisher\":{\"@id\":\"https:\\\/\\\/news.save.ch\\\/de\\\/#organization\"},\"image\":{\"@id\":\"https:\\\/\\\/news.save.ch\\\/probleme-mit-dem-bewacherregister\\\/#primaryimage\"},\"thumbnailUrl\":\"https:\\\/\\\/news.save.ch\\\/wp-content\\\/uploads\\\/2019\\\/10\\\/Bewacherregister.jpg\",\"keywords\":[\"Bewacherregister\",\"Private Sicherheitsfirma\",\"Sicherheitsdienstleistungen\"],\"articleSection\":[\"ALLGEMEIN\"],\"inLanguage\":\"it-IT\"},{\"@type\":\"WebPage\",\"@id\":\"https:\\\/\\\/news.save.ch\\\/probleme-mit-dem-bewacherregister\\\/\",\"url\":\"https:\\\/\\\/news.save.ch\\\/probleme-mit-dem-bewacherregister\\\/\",\"name\":\"Probleme mit dem Bewacherregister - Save\",\"isPartOf\":{\"@id\":\"https:\\\/\\\/news.save.ch\\\/de\\\/#website\"},\"primaryImageOfPage\":{\"@id\":\"https:\\\/\\\/news.save.ch\\\/probleme-mit-dem-bewacherregister\\\/#primaryimage\"},\"image\":{\"@id\":\"https:\\\/\\\/news.save.ch\\\/probleme-mit-dem-bewacherregister\\\/#primaryimage\"},\"thumbnailUrl\":\"https:\\\/\\\/news.save.ch\\\/wp-content\\\/uploads\\\/2019\\\/10\\\/Bewacherregister.jpg\",\"datePublished\":\"2019-10-21T11:30:14+00:00\",\"description\":\"Mit dem zentralen Bewacherregister in Deutschland, in dem alle privaten Sicherheitskr\u00e4fte eingetragen sind, gibt laut Sicherheitsverband BDSW Probleme.\",\"breadcrumb\":{\"@id\":\"https:\\\/\\\/news.save.ch\\\/probleme-mit-dem-bewacherregister\\\/#breadcrumb\"},\"inLanguage\":\"it-IT\",\"potentialAction\":[{\"@type\":\"ReadAction\",\"target\":[\"https:\\\/\\\/news.save.ch\\\/probleme-mit-dem-bewacherregister\\\/\"]}]},{\"@type\":\"ImageObject\",\"inLanguage\":\"it-IT\",\"@id\":\"https:\\\/\\\/news.save.ch\\\/probleme-mit-dem-bewacherregister\\\/#primaryimage\",\"url\":\"https:\\\/\\\/news.save.ch\\\/wp-content\\\/uploads\\\/2019\\\/10\\\/Bewacherregister.jpg\",\"contentUrl\":\"https:\\\/\\\/news.save.ch\\\/wp-content\\\/uploads\\\/2019\\\/10\\\/Bewacherregister.jpg\",\"width\":774,\"height\":581,\"caption\":\"\u00a9 BDSW\"},{\"@type\":\"BreadcrumbList\",\"@id\":\"https:\\\/\\\/news.save.ch\\\/probleme-mit-dem-bewacherregister\\\/#breadcrumb\",\"itemListElement\":[{\"@type\":\"ListItem\",\"position\":1,\"name\":\"Home\",\"item\":\"https:\\\/\\\/news.save.ch\\\/de\\\/\"},{\"@type\":\"ListItem\",\"position\":2,\"name\":\"Probleme mit dem Bewacherregister\"}]},{\"@type\":\"WebSite\",\"@id\":\"https:\\\/\\\/news.save.ch\\\/de\\\/#website\",\"url\":\"https:\\\/\\\/news.save.ch\\\/de\\\/\",\"name\":\"Save\",\"description\":\"Schweizer Fachzeitschrift f\u00fcr Sicherheit\",\"publisher\":{\"@id\":\"https:\\\/\\\/news.save.ch\\\/de\\\/#organization\"},\"potentialAction\":[{\"@type\":\"SearchAction\",\"target\":{\"@type\":\"EntryPoint\",\"urlTemplate\":\"https:\\\/\\\/news.save.ch\\\/de\\\/?s={search_term_string}\"},\"query-input\":{\"@type\":\"PropertyValueSpecification\",\"valueRequired\":true,\"valueName\":\"search_term_string\"}}],\"inLanguage\":\"it-IT\"},{\"@type\":\"Organization\",\"@id\":\"https:\\\/\\\/news.save.ch\\\/de\\\/#organization\",\"name\":\"Sicherheitsforum\",\"url\":\"https:\\\/\\\/news.save.ch\\\/de\\\/\",\"logo\":{\"@type\":\"ImageObject\",\"inLanguage\":\"it-IT\",\"@id\":\"https:\\\/\\\/news.save.ch\\\/de\\\/#\\\/schema\\\/logo\\\/image\\\/\",\"url\":\"https:\\\/\\\/news.save.ch\\\/wp-content\\\/uploads\\\/2022\\\/06\\\/Logo_SF_2012.png\",\"contentUrl\":\"https:\\\/\\\/news.save.ch\\\/wp-content\\\/uploads\\\/2022\\\/06\\\/Logo_SF_2012.png\",\"width\":1100,\"height\":91,\"caption\":\"Sicherheitsforum\"},\"image\":{\"@id\":\"https:\\\/\\\/news.save.ch\\\/de\\\/#\\\/schema\\\/logo\\\/image\\\/\"}},{\"@type\":\"Person\",\"@id\":\"https:\\\/\\\/news.save.ch\\\/de\\\/#\\\/schema\\\/person\\\/d5022db048e0e2b9785c50e5b24da5aa\",\"name\":\"Roger Str\u00e4ssle\",\"image\":{\"@type\":\"ImageObject\",\"inLanguage\":\"it-IT\",\"@id\":\"https:\\\/\\\/secure.gravatar.com\\\/avatar\\\/862a5569d087de48e5856e32f45d719a03804c891d6deb8d4f71a660e79e4a47?s=96&d=mm&r=g\",\"url\":\"https:\\\/\\\/secure.gravatar.com\\\/avatar\\\/862a5569d087de48e5856e32f45d719a03804c891d6deb8d4f71a660e79e4a47?s=96&d=mm&r=g\",\"contentUrl\":\"https:\\\/\\\/secure.gravatar.com\\\/avatar\\\/862a5569d087de48e5856e32f45d719a03804c891d6deb8d4f71a660e79e4a47?s=96&d=mm&r=g\",\"caption\":\"Roger Str\u00e4ssle\"},\"url\":\"https:\\\/\\\/news.save.ch\\\/it\\\/author\\\/roger-straessle\\\/\"}]}<\/script>\n<!-- \/ Yoast SEO plugin. -->","yoast_head_json":{"title":"Problemi con il registro di guardia - Salva","description":"Secondo l'associazione di sicurezza BDSW, in Germania ci sono problemi con il registro centrale delle guardie, in cui sono registrate tutte le guardie private.","robots":{"index":"index","follow":"follow","max-snippet":"max-snippet:-1","max-image-preview":"max-image-preview:large","max-video-preview":"max-video-preview:-1"},"canonical":"https:\/\/news.save.ch\/it\/probleme-mit-dem-bewacherregister\/","og_locale":"it_IT","og_type":"article","og_title":"Probleme mit dem Bewacherregister - Save","og_description":"Mit dem zentralen Bewacherregister in Deutschland, in dem alle privaten Sicherheitskr\u00e4fte eingetragen sind, gibt laut Sicherheitsverband BDSW Probleme.","og_url":"https:\/\/news.save.ch\/it\/probleme-mit-dem-bewacherregister\/","og_site_name":"Save","article_published_time":"2019-10-21T11:30:14+00:00","og_image":[{"width":774,"height":581,"url":"https:\/\/news.save.ch\/wp-content\/uploads\/2019\/10\/Bewacherregister.jpg","type":"image\/jpeg"}],"author":"Roger Str\u00e4ssle","twitter_card":"summary_large_image","twitter_misc":{"Scritto da":"Roger Str\u00e4ssle","Tempo di lettura stimato":"3 minuti"},"schema":{"@context":"https:\/\/schema.org","@graph":[{"@type":"Article","@id":"https:\/\/news.save.ch\/probleme-mit-dem-bewacherregister\/#article","isPartOf":{"@id":"https:\/\/news.save.ch\/probleme-mit-dem-bewacherregister\/"},"author":{"name":"Roger Str\u00e4ssle","@id":"https:\/\/news.save.ch\/de\/#\/schema\/person\/d5022db048e0e2b9785c50e5b24da5aa"},"headline":"Probleme mit dem Bewacherregister","datePublished":"2019-10-21T11:30:14+00:00","mainEntityOfPage":{"@id":"https:\/\/news.save.ch\/probleme-mit-dem-bewacherregister\/"},"wordCount":528,"commentCount":0,"publisher":{"@id":"https:\/\/news.save.ch\/de\/#organization"},"image":{"@id":"https:\/\/news.save.ch\/probleme-mit-dem-bewacherregister\/#primaryimage"},"thumbnailUrl":"https:\/\/news.save.ch\/wp-content\/uploads\/2019\/10\/Bewacherregister.jpg","keywords":["Bewacherregister","Private Sicherheitsfirma","Sicherheitsdienstleistungen"],"articleSection":["ALLGEMEIN"],"inLanguage":"it-IT"},{"@type":"WebPage","@id":"https:\/\/news.save.ch\/probleme-mit-dem-bewacherregister\/","url":"https:\/\/news.save.ch\/probleme-mit-dem-bewacherregister\/","name":"Problemi con il registro di guardia - Salva","isPartOf":{"@id":"https:\/\/news.save.ch\/de\/#website"},"primaryImageOfPage":{"@id":"https:\/\/news.save.ch\/probleme-mit-dem-bewacherregister\/#primaryimage"},"image":{"@id":"https:\/\/news.save.ch\/probleme-mit-dem-bewacherregister\/#primaryimage"},"thumbnailUrl":"https:\/\/news.save.ch\/wp-content\/uploads\/2019\/10\/Bewacherregister.jpg","datePublished":"2019-10-21T11:30:14+00:00","description":"Secondo l'associazione di sicurezza BDSW, in Germania ci sono problemi con il registro centrale delle guardie, in cui sono registrate tutte le guardie private.","breadcrumb":{"@id":"https:\/\/news.save.ch\/probleme-mit-dem-bewacherregister\/#breadcrumb"},"inLanguage":"it-IT","potentialAction":[{"@type":"ReadAction","target":["https:\/\/news.save.ch\/probleme-mit-dem-bewacherregister\/"]}]},{"@type":"ImageObject","inLanguage":"it-IT","@id":"https:\/\/news.save.ch\/probleme-mit-dem-bewacherregister\/#primaryimage","url":"https:\/\/news.save.ch\/wp-content\/uploads\/2019\/10\/Bewacherregister.jpg","contentUrl":"https:\/\/news.save.ch\/wp-content\/uploads\/2019\/10\/Bewacherregister.jpg","width":774,"height":581,"caption":"\u00a9 BDSW"},{"@type":"BreadcrumbList","@id":"https:\/\/news.save.ch\/probleme-mit-dem-bewacherregister\/#breadcrumb","itemListElement":[{"@type":"ListItem","position":1,"name":"Home","item":"https:\/\/news.save.ch\/de\/"},{"@type":"ListItem","position":2,"name":"Probleme mit dem Bewacherregister"}]},{"@type":"WebSite","@id":"https:\/\/news.save.ch\/de\/#website","url":"https:\/\/news.save.ch\/de\/","name":"Risparmiare","description":"Rivista svizzera specializzata in sicurezza","publisher":{"@id":"https:\/\/news.save.ch\/de\/#organization"},"potentialAction":[{"@type":"SearchAction","target":{"@type":"EntryPoint","urlTemplate":"https:\/\/news.save.ch\/de\/?s={search_term_string}"},"query-input":{"@type":"PropertyValueSpecification","valueRequired":true,"valueName":"search_term_string"}}],"inLanguage":"it-IT"},{"@type":"Organization","@id":"https:\/\/news.save.ch\/de\/#organization","name":"Forum sulla sicurezza","url":"https:\/\/news.save.ch\/de\/","logo":{"@type":"ImageObject","inLanguage":"it-IT","@id":"https:\/\/news.save.ch\/de\/#\/schema\/logo\/image\/","url":"https:\/\/news.save.ch\/wp-content\/uploads\/2022\/06\/Logo_SF_2012.png","contentUrl":"https:\/\/news.save.ch\/wp-content\/uploads\/2022\/06\/Logo_SF_2012.png","width":1100,"height":91,"caption":"Sicherheitsforum"},"image":{"@id":"https:\/\/news.save.ch\/de\/#\/schema\/logo\/image\/"}},{"@type":"Person","@id":"https:\/\/news.save.ch\/de\/#\/schema\/person\/d5022db048e0e2b9785c50e5b24da5aa","name":"Roger Str\u00e4ssle","image":{"@type":"ImageObject","inLanguage":"it-IT","@id":"https:\/\/secure.gravatar.com\/avatar\/862a5569d087de48e5856e32f45d719a03804c891d6deb8d4f71a660e79e4a47?s=96&d=mm&r=g","url":"https:\/\/secure.gravatar.com\/avatar\/862a5569d087de48e5856e32f45d719a03804c891d6deb8d4f71a660e79e4a47?s=96&d=mm&r=g","contentUrl":"https:\/\/secure.gravatar.com\/avatar\/862a5569d087de48e5856e32f45d719a03804c891d6deb8d4f71a660e79e4a47?s=96&d=mm&r=g","caption":"Roger Str\u00e4ssle"},"url":"https:\/\/news.save.ch\/it\/author\/roger-straessle\/"}]}},"_links":{"self":[{"href":"https:\/\/news.save.ch\/it\/wp-json\/wp\/v2\/posts\/8901","targetHints":{"allow":["GET"]}}],"collection":[{"href":"https:\/\/news.save.ch\/it\/wp-json\/wp\/v2\/posts"}],"about":[{"href":"https:\/\/news.save.ch\/it\/wp-json\/wp\/v2\/types\/post"}],"author":[{"embeddable":true,"href":"https:\/\/news.save.ch\/it\/wp-json\/wp\/v2\/users\/8"}],"replies":[{"embeddable":true,"href":"https:\/\/news.save.ch\/it\/wp-json\/wp\/v2\/comments?post=8901"}],"version-history":[{"count":0,"href":"https:\/\/news.save.ch\/it\/wp-json\/wp\/v2\/posts\/8901\/revisions"}],"wp:featuredmedia":[{"embeddable":true,"href":"https:\/\/news.save.ch\/it\/wp-json\/wp\/v2\/media\/8902"}],"wp:attachment":[{"href":"https:\/\/news.save.ch\/it\/wp-json\/wp\/v2\/media?parent=8901"}],"wp:term":[{"taxonomy":"category","embeddable":true,"href":"https:\/\/news.save.ch\/it\/wp-json\/wp\/v2\/categories?post=8901"},{"taxonomy":"post_tag","embeddable":true,"href":"https:\/\/news.save.ch\/it\/wp-json\/wp\/v2\/tags?post=8901"}],"curies":[{"name":"wp","href":"https:\/\/api.w.org\/{rel}","templated":true}]}}