{"id":8951,"date":"2019-11-01T14:21:45","date_gmt":"2019-11-01T13:21:45","guid":{"rendered":"https:\/\/news.save.ch\/?p=8951"},"modified":"2023-03-14T08:59:19","modified_gmt":"2023-03-14T07:59:19","slug":"was-sagen-befragte-zur-ueberwachung-im-privatbereich","status":null,"type":"post","link":"https:\/\/news.save.ch\/it\/was-sagen-befragte-zur-ueberwachung-im-privatbereich\/","title":{"rendered":"Sicurezza in casa: cosa dicono gli intervistati?"},"content":{"rendered":"<figure id=\"attachment_8952\" aria-describedby=\"caption-attachment-8952\" style=\"width: 680px\" class=\"wp-caption aligncenter\"><img loading=\"lazy\" decoding=\"async\" class=\"size-medium wp-image-8952\" src=\"https:\/\/news.save.ch\/wp-content\/uploads\/2019\/11\/Depositphotos_212538716_s-2019.jpg\" alt=\"\" width=\"680\" height=\"454\" srcset=\"https:\/\/news.save.ch\/wp-content\/uploads\/2019\/11\/Depositphotos_212538716_s-2019.jpg 1000w, https:\/\/news.save.ch\/wp-content\/uploads\/2019\/11\/Depositphotos_212538716_s-2019-375x250.jpg 375w\" sizes=\"auto, (max-width: 680px) 100vw, 680px\" \/><figcaption id=\"caption-attachment-8952\" class=\"wp-caption-text\">\u00a9 depositphotos, luckybusiness<\/figcaption><\/figure>\n<p>&nbsp;<\/p>\n<p>Le ragioni per cui si utilizza una telecamera di sorveglianza sono diverse: Secondo Homegate, il motivo pi\u00f9 frequentemente citato \u00e8 \"per proteggere le prove in caso di furto\" (buon 80%).<\/p>\n<p>Le persone che fanno visita ad amici o conoscenti non vogliono necessariamente essere monitorate tramite telecamera. Il sondaggio ha anche mostrato che pi\u00f9 di 50% degli intervistati considera immorale monitorare le persone nelle loro case private a loro insaputa. Un buon quarto \u00e8 dell'opinione che un eccesso di sorveglianza sia negativo in linea di principio, come scrive ancora Homegate. In Ticino, invece, un terzo dei partecipanti considererebbe la videosorveglianza dei bambini o degli animali domestici un vantaggio per la sicurezza.<\/p>\n<p><strong>Luce come protezione antieffrazione <\/strong><\/p>\n<p>Circa un terzo degli intervistati ha dichiarato che loro o i loro vicini avevano gi\u00e0 subito un furto con scasso. 16% degli intervistati della Svizzera francese ha gi\u00e0 vissuto questa esperienza una volta. Con solo 7%, questa percentuale \u00e8 significativamente pi\u00f9 bassa in Ticino. I ladri visitano spesso e volentieri le persone con pi\u00f9 di 55 anni (23%) e i nuclei familiari composti da pi\u00f9 persone e senza figli (16%), come emerge dal sondaggio.<\/p>\n<p>Come possono i residenti proteggersi dai ladri? \"Per quanto possibile, non diffondere tracce della propria assenza\" \u00e8 una misura frequentemente citata (38%). Al secondo posto, viene menzionato \"lasciare le luci accese\" o un timer (32%). La chiusura delle tapparelle \u00e8 menzionata al terzo posto (24%), seguita da un sistema di allarme (13%) e da un guardiano chiamato cane (10%).<\/p>\n<p>Sarebbe interessante sapere se i partecipanti al sondaggio, soprattutto quelli al primo posto, diffondono messaggi come \"Urr\u00e0, siamo in vacanza\" tramite Facebook e Co. quando sono assenti ...<\/p>\n<p><em>Disegno dello studio: <\/em>Secondo le informazioni, lo studio comprende un'analisi sistematica della situazione abitativa delle persone che vivono in Svizzera. A questo scopo sono state intervistate 1.294 persone di et\u00e0 compresa tra i 18 e i 74 anni nella Svizzera tedesca, francese e italiana.<em>\u00a0(rs)<\/em><\/p>\n<p><em>Fonte: Studio tematico svizzero Tamedia\/homegate.ch<\/em><\/p>\n<p>&nbsp;<\/p>","protected":false},"excerpt":{"rendered":"<p>&nbsp; Es gibt verschiedene Gr\u00fcnde, weshalb eine \u00dcberwachungskamera eingesetzt wird: Der h\u00e4ufigst genannte Grund sei \u00abdie Sicherung von Beweismaterial bei Diebst\u00e4hlen\u00bb (gut 80%), so Homegate. Wer Freunde oder Bekannte besucht, m\u00f6chte wom\u00f6glich nicht unbedingt via Kamera \u00fcberwacht werden. Die Umfrage hat denn auch gezeigt, dass \u00fcber 50% der Befragten eine \u00dcberwachung von Personen ohne deren [&hellip;]<\/p>\n","protected":false},"author":8,"featured_media":8952,"comment_status":"open","ping_status":"open","sticky":false,"template":"","format":"standard","meta":{"_acf_changed":false,"pgc_sgb_lightbox_settings":"","footnotes":""},"categories":[3312],"tags":[367,78],"class_list":["post-8951","post","type-post","status-publish","format-standard","has-post-thumbnail","hentry","category-sicherheit","tag-umfrage","tag-videoueberwachung"],"acf":[],"hkrextid":null,"publication":null,"issue":null,"workflow":null,"startPage":null,"spitzmarke":null,"_posts_by_tag_page_fields":{"widget_title":"","widget_tags":""},"_at_widget":"1","_yoast_wpseo_primary_category":"529","_yoast_wpseo_focuskw_text_input":"Home Security","_yoast_wpseo_opengraph-image":null,"_yoast_wpseo_opengraph-description":null,"_yoast_wpseo_opengraph-title":null,"enclosure":null,"_yoast_wpseo_twitter-title":null,"_yoast_wpseo_twitter-description":null,"_yoast_wpseo_twitter-image":null,"_wp_old_slug":null,"_yoast_wpseo_title":null,"_yoast_wpseo_canonical":null,"yoast_head":"<!-- This site is optimized with the Yoast SEO plugin v27.5 - https:\/\/yoast.com\/product\/yoast-seo-wordpress\/ -->\n<title>Sicherheit im eigenen Zuhause: Was sagen Befragte? - Save<\/title>\n<meta name=\"description\" content=\"Sicherheit im eigenen Zuhause: Video\u00fcberwachung gilt als unmoralisch. Das jedenfalls sagte eine Mehrheit in einer Umfrage.\" \/>\n<meta name=\"robots\" content=\"index, follow, max-snippet:-1, max-image-preview:large, max-video-preview:-1\" \/>\n<link rel=\"canonical\" href=\"https:\/\/news.save.ch\/it\/was-sagen-befragte-zur-ueberwachung-im-privatbereich\/\" \/>\n<meta property=\"og:locale\" content=\"it_IT\" \/>\n<meta property=\"og:type\" content=\"article\" \/>\n<meta property=\"og:title\" content=\"Sicherheit im eigenen Zuhause: Was sagen Befragte? - Save\" \/>\n<meta property=\"og:description\" content=\"Sicherheit im eigenen Zuhause: Video\u00fcberwachung gilt als unmoralisch. Das jedenfalls sagte eine Mehrheit in einer Umfrage.\" \/>\n<meta property=\"og:url\" content=\"https:\/\/news.save.ch\/it\/was-sagen-befragte-zur-ueberwachung-im-privatbereich\/\" \/>\n<meta property=\"og:site_name\" content=\"Save\" \/>\n<meta property=\"article:published_time\" content=\"2019-11-01T13:21:45+00:00\" \/>\n<meta property=\"article:modified_time\" content=\"2023-03-14T07:59:19+00:00\" \/>\n<meta property=\"og:image\" content=\"https:\/\/news.save.ch\/wp-content\/uploads\/2019\/11\/Depositphotos_212538716_s-2019.jpg\" \/>\n\t<meta property=\"og:image:width\" content=\"1000\" \/>\n\t<meta property=\"og:image:height\" content=\"667\" \/>\n\t<meta property=\"og:image:type\" content=\"image\/jpeg\" \/>\n<meta name=\"author\" content=\"Roger Str\u00e4ssle\" \/>\n<meta name=\"twitter:card\" content=\"summary_large_image\" \/>\n<meta name=\"twitter:label1\" content=\"Scritto da\" \/>\n\t<meta name=\"twitter:data1\" content=\"Roger Str\u00e4ssle\" \/>\n\t<meta name=\"twitter:label2\" content=\"Tempo di lettura stimato\" \/>\n\t<meta name=\"twitter:data2\" content=\"1 minuto\" \/>\n<script type=\"application\/ld+json\" class=\"yoast-schema-graph\">{\"@context\":\"https:\\\/\\\/schema.org\",\"@graph\":[{\"@type\":\"Article\",\"@id\":\"https:\\\/\\\/news.save.ch\\\/was-sagen-befragte-zur-ueberwachung-im-privatbereich\\\/#article\",\"isPartOf\":{\"@id\":\"https:\\\/\\\/news.save.ch\\\/was-sagen-befragte-zur-ueberwachung-im-privatbereich\\\/\"},\"author\":{\"name\":\"Roger Str\u00e4ssle\",\"@id\":\"https:\\\/\\\/news.save.ch\\\/de\\\/#\\\/schema\\\/person\\\/d5022db048e0e2b9785c50e5b24da5aa\"},\"headline\":\"Sicherheit im eigenen Zuhause: Was sagen Befragte?\",\"datePublished\":\"2019-11-01T13:21:45+00:00\",\"dateModified\":\"2023-03-14T07:59:19+00:00\",\"mainEntityOfPage\":{\"@id\":\"https:\\\/\\\/news.save.ch\\\/was-sagen-befragte-zur-ueberwachung-im-privatbereich\\\/\"},\"wordCount\":298,\"commentCount\":0,\"publisher\":{\"@id\":\"https:\\\/\\\/news.save.ch\\\/de\\\/#organization\"},\"image\":{\"@id\":\"https:\\\/\\\/news.save.ch\\\/was-sagen-befragte-zur-ueberwachung-im-privatbereich\\\/#primaryimage\"},\"thumbnailUrl\":\"https:\\\/\\\/news.save.ch\\\/wp-content\\\/uploads\\\/2019\\\/11\\\/Depositphotos_212538716_s-2019.jpg\",\"keywords\":[\"Umfrage\",\"Video\u00fcberwachung\"],\"articleSection\":[\"SICHERHEIT\"],\"inLanguage\":\"it-IT\"},{\"@type\":\"WebPage\",\"@id\":\"https:\\\/\\\/news.save.ch\\\/was-sagen-befragte-zur-ueberwachung-im-privatbereich\\\/\",\"url\":\"https:\\\/\\\/news.save.ch\\\/was-sagen-befragte-zur-ueberwachung-im-privatbereich\\\/\",\"name\":\"Sicherheit im eigenen Zuhause: Was sagen Befragte? - Save\",\"isPartOf\":{\"@id\":\"https:\\\/\\\/news.save.ch\\\/de\\\/#website\"},\"primaryImageOfPage\":{\"@id\":\"https:\\\/\\\/news.save.ch\\\/was-sagen-befragte-zur-ueberwachung-im-privatbereich\\\/#primaryimage\"},\"image\":{\"@id\":\"https:\\\/\\\/news.save.ch\\\/was-sagen-befragte-zur-ueberwachung-im-privatbereich\\\/#primaryimage\"},\"thumbnailUrl\":\"https:\\\/\\\/news.save.ch\\\/wp-content\\\/uploads\\\/2019\\\/11\\\/Depositphotos_212538716_s-2019.jpg\",\"datePublished\":\"2019-11-01T13:21:45+00:00\",\"dateModified\":\"2023-03-14T07:59:19+00:00\",\"description\":\"Sicherheit im eigenen Zuhause: Video\u00fcberwachung gilt als unmoralisch. Das jedenfalls sagte eine Mehrheit in einer Umfrage.\",\"breadcrumb\":{\"@id\":\"https:\\\/\\\/news.save.ch\\\/was-sagen-befragte-zur-ueberwachung-im-privatbereich\\\/#breadcrumb\"},\"inLanguage\":\"it-IT\",\"potentialAction\":[{\"@type\":\"ReadAction\",\"target\":[\"https:\\\/\\\/news.save.ch\\\/was-sagen-befragte-zur-ueberwachung-im-privatbereich\\\/\"]}]},{\"@type\":\"ImageObject\",\"inLanguage\":\"it-IT\",\"@id\":\"https:\\\/\\\/news.save.ch\\\/was-sagen-befragte-zur-ueberwachung-im-privatbereich\\\/#primaryimage\",\"url\":\"https:\\\/\\\/news.save.ch\\\/wp-content\\\/uploads\\\/2019\\\/11\\\/Depositphotos_212538716_s-2019.jpg\",\"contentUrl\":\"https:\\\/\\\/news.save.ch\\\/wp-content\\\/uploads\\\/2019\\\/11\\\/Depositphotos_212538716_s-2019.jpg\",\"width\":1000,\"height\":667,\"caption\":\"\u00a9 depositphotos, luckybusiness\"},{\"@type\":\"BreadcrumbList\",\"@id\":\"https:\\\/\\\/news.save.ch\\\/was-sagen-befragte-zur-ueberwachung-im-privatbereich\\\/#breadcrumb\",\"itemListElement\":[{\"@type\":\"ListItem\",\"position\":1,\"name\":\"Home\",\"item\":\"https:\\\/\\\/news.save.ch\\\/de\\\/\"},{\"@type\":\"ListItem\",\"position\":2,\"name\":\"Sicherheit im eigenen Zuhause: Was sagen Befragte?\"}]},{\"@type\":\"WebSite\",\"@id\":\"https:\\\/\\\/news.save.ch\\\/de\\\/#website\",\"url\":\"https:\\\/\\\/news.save.ch\\\/de\\\/\",\"name\":\"Save\",\"description\":\"Schweizer Fachzeitschrift f\u00fcr Sicherheit\",\"publisher\":{\"@id\":\"https:\\\/\\\/news.save.ch\\\/de\\\/#organization\"},\"potentialAction\":[{\"@type\":\"SearchAction\",\"target\":{\"@type\":\"EntryPoint\",\"urlTemplate\":\"https:\\\/\\\/news.save.ch\\\/de\\\/?s={search_term_string}\"},\"query-input\":{\"@type\":\"PropertyValueSpecification\",\"valueRequired\":true,\"valueName\":\"search_term_string\"}}],\"inLanguage\":\"it-IT\"},{\"@type\":\"Organization\",\"@id\":\"https:\\\/\\\/news.save.ch\\\/de\\\/#organization\",\"name\":\"Sicherheitsforum\",\"url\":\"https:\\\/\\\/news.save.ch\\\/de\\\/\",\"logo\":{\"@type\":\"ImageObject\",\"inLanguage\":\"it-IT\",\"@id\":\"https:\\\/\\\/news.save.ch\\\/de\\\/#\\\/schema\\\/logo\\\/image\\\/\",\"url\":\"https:\\\/\\\/news.save.ch\\\/wp-content\\\/uploads\\\/2022\\\/06\\\/Logo_SF_2012.png\",\"contentUrl\":\"https:\\\/\\\/news.save.ch\\\/wp-content\\\/uploads\\\/2022\\\/06\\\/Logo_SF_2012.png\",\"width\":1100,\"height\":91,\"caption\":\"Sicherheitsforum\"},\"image\":{\"@id\":\"https:\\\/\\\/news.save.ch\\\/de\\\/#\\\/schema\\\/logo\\\/image\\\/\"}},{\"@type\":\"Person\",\"@id\":\"https:\\\/\\\/news.save.ch\\\/de\\\/#\\\/schema\\\/person\\\/d5022db048e0e2b9785c50e5b24da5aa\",\"name\":\"Roger Str\u00e4ssle\",\"image\":{\"@type\":\"ImageObject\",\"inLanguage\":\"it-IT\",\"@id\":\"https:\\\/\\\/secure.gravatar.com\\\/avatar\\\/862a5569d087de48e5856e32f45d719a03804c891d6deb8d4f71a660e79e4a47?s=96&d=mm&r=g\",\"url\":\"https:\\\/\\\/secure.gravatar.com\\\/avatar\\\/862a5569d087de48e5856e32f45d719a03804c891d6deb8d4f71a660e79e4a47?s=96&d=mm&r=g\",\"contentUrl\":\"https:\\\/\\\/secure.gravatar.com\\\/avatar\\\/862a5569d087de48e5856e32f45d719a03804c891d6deb8d4f71a660e79e4a47?s=96&d=mm&r=g\",\"caption\":\"Roger Str\u00e4ssle\"},\"url\":\"https:\\\/\\\/news.save.ch\\\/it\\\/author\\\/roger-straessle\\\/\"}]}<\/script>\n<!-- \/ Yoast SEO plugin. -->","yoast_head_json":{"title":"Sicurezza domestica: cosa dicono gli intervistati? - Risparmi","description":"Sicurezza in casa: la videosorveglianza \u00e8 considerata immorale. Almeno questo \u00e8 quello che ha detto la maggioranza in un sondaggio.","robots":{"index":"index","follow":"follow","max-snippet":"max-snippet:-1","max-image-preview":"max-image-preview:large","max-video-preview":"max-video-preview:-1"},"canonical":"https:\/\/news.save.ch\/it\/was-sagen-befragte-zur-ueberwachung-im-privatbereich\/","og_locale":"it_IT","og_type":"article","og_title":"Sicherheit im eigenen Zuhause: Was sagen Befragte? - Save","og_description":"Sicherheit im eigenen Zuhause: Video\u00fcberwachung gilt als unmoralisch. Das jedenfalls sagte eine Mehrheit in einer Umfrage.","og_url":"https:\/\/news.save.ch\/it\/was-sagen-befragte-zur-ueberwachung-im-privatbereich\/","og_site_name":"Save","article_published_time":"2019-11-01T13:21:45+00:00","article_modified_time":"2023-03-14T07:59:19+00:00","og_image":[{"width":1000,"height":667,"url":"https:\/\/news.save.ch\/wp-content\/uploads\/2019\/11\/Depositphotos_212538716_s-2019.jpg","type":"image\/jpeg"}],"author":"Roger Str\u00e4ssle","twitter_card":"summary_large_image","twitter_misc":{"Scritto da":"Roger Str\u00e4ssle","Tempo di lettura stimato":"1 minuto"},"schema":{"@context":"https:\/\/schema.org","@graph":[{"@type":"Article","@id":"https:\/\/news.save.ch\/was-sagen-befragte-zur-ueberwachung-im-privatbereich\/#article","isPartOf":{"@id":"https:\/\/news.save.ch\/was-sagen-befragte-zur-ueberwachung-im-privatbereich\/"},"author":{"name":"Roger Str\u00e4ssle","@id":"https:\/\/news.save.ch\/de\/#\/schema\/person\/d5022db048e0e2b9785c50e5b24da5aa"},"headline":"Sicherheit im eigenen Zuhause: Was sagen Befragte?","datePublished":"2019-11-01T13:21:45+00:00","dateModified":"2023-03-14T07:59:19+00:00","mainEntityOfPage":{"@id":"https:\/\/news.save.ch\/was-sagen-befragte-zur-ueberwachung-im-privatbereich\/"},"wordCount":298,"commentCount":0,"publisher":{"@id":"https:\/\/news.save.ch\/de\/#organization"},"image":{"@id":"https:\/\/news.save.ch\/was-sagen-befragte-zur-ueberwachung-im-privatbereich\/#primaryimage"},"thumbnailUrl":"https:\/\/news.save.ch\/wp-content\/uploads\/2019\/11\/Depositphotos_212538716_s-2019.jpg","keywords":["Umfrage","Video\u00fcberwachung"],"articleSection":["SICHERHEIT"],"inLanguage":"it-IT"},{"@type":"WebPage","@id":"https:\/\/news.save.ch\/was-sagen-befragte-zur-ueberwachung-im-privatbereich\/","url":"https:\/\/news.save.ch\/was-sagen-befragte-zur-ueberwachung-im-privatbereich\/","name":"Sicurezza domestica: cosa dicono gli intervistati? - Risparmi","isPartOf":{"@id":"https:\/\/news.save.ch\/de\/#website"},"primaryImageOfPage":{"@id":"https:\/\/news.save.ch\/was-sagen-befragte-zur-ueberwachung-im-privatbereich\/#primaryimage"},"image":{"@id":"https:\/\/news.save.ch\/was-sagen-befragte-zur-ueberwachung-im-privatbereich\/#primaryimage"},"thumbnailUrl":"https:\/\/news.save.ch\/wp-content\/uploads\/2019\/11\/Depositphotos_212538716_s-2019.jpg","datePublished":"2019-11-01T13:21:45+00:00","dateModified":"2023-03-14T07:59:19+00:00","description":"Sicurezza in casa: la videosorveglianza \u00e8 considerata immorale. Almeno questo \u00e8 quello che ha detto la maggioranza in un sondaggio.","breadcrumb":{"@id":"https:\/\/news.save.ch\/was-sagen-befragte-zur-ueberwachung-im-privatbereich\/#breadcrumb"},"inLanguage":"it-IT","potentialAction":[{"@type":"ReadAction","target":["https:\/\/news.save.ch\/was-sagen-befragte-zur-ueberwachung-im-privatbereich\/"]}]},{"@type":"ImageObject","inLanguage":"it-IT","@id":"https:\/\/news.save.ch\/was-sagen-befragte-zur-ueberwachung-im-privatbereich\/#primaryimage","url":"https:\/\/news.save.ch\/wp-content\/uploads\/2019\/11\/Depositphotos_212538716_s-2019.jpg","contentUrl":"https:\/\/news.save.ch\/wp-content\/uploads\/2019\/11\/Depositphotos_212538716_s-2019.jpg","width":1000,"height":667,"caption":"\u00a9 depositphotos, luckybusiness"},{"@type":"BreadcrumbList","@id":"https:\/\/news.save.ch\/was-sagen-befragte-zur-ueberwachung-im-privatbereich\/#breadcrumb","itemListElement":[{"@type":"ListItem","position":1,"name":"Home","item":"https:\/\/news.save.ch\/de\/"},{"@type":"ListItem","position":2,"name":"Sicherheit im eigenen Zuhause: Was sagen Befragte?"}]},{"@type":"WebSite","@id":"https:\/\/news.save.ch\/de\/#website","url":"https:\/\/news.save.ch\/de\/","name":"Risparmiare","description":"Rivista svizzera specializzata in sicurezza","publisher":{"@id":"https:\/\/news.save.ch\/de\/#organization"},"potentialAction":[{"@type":"SearchAction","target":{"@type":"EntryPoint","urlTemplate":"https:\/\/news.save.ch\/de\/?s={search_term_string}"},"query-input":{"@type":"PropertyValueSpecification","valueRequired":true,"valueName":"search_term_string"}}],"inLanguage":"it-IT"},{"@type":"Organization","@id":"https:\/\/news.save.ch\/de\/#organization","name":"Forum sulla sicurezza","url":"https:\/\/news.save.ch\/de\/","logo":{"@type":"ImageObject","inLanguage":"it-IT","@id":"https:\/\/news.save.ch\/de\/#\/schema\/logo\/image\/","url":"https:\/\/news.save.ch\/wp-content\/uploads\/2022\/06\/Logo_SF_2012.png","contentUrl":"https:\/\/news.save.ch\/wp-content\/uploads\/2022\/06\/Logo_SF_2012.png","width":1100,"height":91,"caption":"Sicherheitsforum"},"image":{"@id":"https:\/\/news.save.ch\/de\/#\/schema\/logo\/image\/"}},{"@type":"Person","@id":"https:\/\/news.save.ch\/de\/#\/schema\/person\/d5022db048e0e2b9785c50e5b24da5aa","name":"Roger Str\u00e4ssle","image":{"@type":"ImageObject","inLanguage":"it-IT","@id":"https:\/\/secure.gravatar.com\/avatar\/862a5569d087de48e5856e32f45d719a03804c891d6deb8d4f71a660e79e4a47?s=96&d=mm&r=g","url":"https:\/\/secure.gravatar.com\/avatar\/862a5569d087de48e5856e32f45d719a03804c891d6deb8d4f71a660e79e4a47?s=96&d=mm&r=g","contentUrl":"https:\/\/secure.gravatar.com\/avatar\/862a5569d087de48e5856e32f45d719a03804c891d6deb8d4f71a660e79e4a47?s=96&d=mm&r=g","caption":"Roger Str\u00e4ssle"},"url":"https:\/\/news.save.ch\/it\/author\/roger-straessle\/"}]}},"_links":{"self":[{"href":"https:\/\/news.save.ch\/it\/wp-json\/wp\/v2\/posts\/8951","targetHints":{"allow":["GET"]}}],"collection":[{"href":"https:\/\/news.save.ch\/it\/wp-json\/wp\/v2\/posts"}],"about":[{"href":"https:\/\/news.save.ch\/it\/wp-json\/wp\/v2\/types\/post"}],"author":[{"embeddable":true,"href":"https:\/\/news.save.ch\/it\/wp-json\/wp\/v2\/users\/8"}],"replies":[{"embeddable":true,"href":"https:\/\/news.save.ch\/it\/wp-json\/wp\/v2\/comments?post=8951"}],"version-history":[{"count":1,"href":"https:\/\/news.save.ch\/it\/wp-json\/wp\/v2\/posts\/8951\/revisions"}],"predecessor-version":[{"id":17916,"href":"https:\/\/news.save.ch\/it\/wp-json\/wp\/v2\/posts\/8951\/revisions\/17916"}],"wp:featuredmedia":[{"embeddable":true,"href":"https:\/\/news.save.ch\/it\/wp-json\/wp\/v2\/media\/8952"}],"wp:attachment":[{"href":"https:\/\/news.save.ch\/it\/wp-json\/wp\/v2\/media?parent=8951"}],"wp:term":[{"taxonomy":"category","embeddable":true,"href":"https:\/\/news.save.ch\/it\/wp-json\/wp\/v2\/categories?post=8951"},{"taxonomy":"post_tag","embeddable":true,"href":"https:\/\/news.save.ch\/it\/wp-json\/wp\/v2\/tags?post=8951"}],"curies":[{"name":"wp","href":"https:\/\/api.w.org\/{rel}","templated":true}]}}