{"id":9153,"date":"2019-12-06T10:36:52","date_gmt":"2019-12-06T09:36:52","guid":{"rendered":"https:\/\/news.save.ch\/?p=9153"},"modified":"2019-12-06T10:36:52","modified_gmt":"2019-12-06T09:36:52","slug":"hurra-bestanden","status":null,"type":"post","link":"https:\/\/news.save.ch\/it\/hurra-bestanden\/","title":{"rendered":"Evviva, superato!"},"content":{"rendered":"<figure id=\"attachment_9165\" aria-describedby=\"caption-attachment-9165\" style=\"width: 680px\" class=\"wp-caption aligncenter\"><img loading=\"lazy\" decoding=\"async\" class=\"size-medium wp-image-9165\" src=\"https:\/\/news.save.ch\/wp-content\/uploads\/2019\/12\/korr-2-vssu-1-scaled-1.jpg\" alt=\"\" width=\"680\" height=\"453\" \/><figcaption id=\"caption-attachment-9165\" class=\"wp-caption-text\">Felici di ricevere i loro diplomi professionali, consegnati dalla VSSU: 264 donne e uomini del settore della sicurezza privata. Foto: R. Str\u00e4ssle<\/figcaption><\/figure>\n<p>Come sempre a dicembre, il Landhaus di Soletta viene \"preso d'assalto\" da donne e uomini del servizio di sicurezza privato: \u00c8 il giorno in cui il personale giovane dei fornitori di servizi di sicurezza privata riceve gli ambiti attestati professionali federali. 265 laureati possono essere molto soddisfatti della loro prestazione, in quanto sono tra coloro che hanno superato a pieni voti l'esame professionale nel 2019. Ora sono in possesso dell'attestato professionale e possono fregiarsi del titolo professionale di \"Specialista in sicurezza e sorveglianza\" o \"Specialista in protezione delle persone e dei beni\". Lo devono all'Associazione delle societ\u00e0 svizzere di servizi di sicurezza (<a href=\"https:\/\/www.vssu.org\/\">VSSU<\/a>), che offre questa formazione. Secondo l'associazione, quest'anno ben il 64% ha superato con successo l'esame professionale. Tuttavia, l'obiettivo del 70% non \u00e8 ancora stato raggiunto.<\/p>\n<p><strong>Sempre pi\u00f9 importante per la qualit\u00e0 della vita<\/strong><\/p>\n<p>Il vicepresidente della VSSU Charles Zaugg si \u00e8 congratulato con i professionisti premiati a Soletta, sottolineando che con la loro formazione hanno gettato le basi per il loro futuro professionale e contribuiranno cos\u00ec alla professionalizzazione della professione. Il loro lavoro stava acquistando importanza perch\u00e9 la sicurezza stava diventando sempre pi\u00f9 importante per la qualit\u00e0 della vita. Dopo il suo discorso, ha consegnato il diploma ai candidati vincitori in un contesto festoso e alla presenza di numerosi VIP del settore della sicurezza.<\/p>\n<p><strong>I migliori esami professionali\u00a0<\/strong><\/p>\n<p>I migliori diplomati dell'anno d'esame 2019 sono:<\/p>\n<ul>\n<li>Manuel Spreng Premio Esame professionale \"Guardia\": Nicolas Ihasz<\/li>\n<li>Premio Manuel Spreng Esame professionale \"Protezione personale\": Yehor Kyrylov<\/li>\n<li>Premio VSSU Esame professionale \"Eventi\": Marc Dentan<\/li>\n<\/ul>\n<p>La VSSU premia i migliori laureati degli esami professionali annuali e integra cos\u00ec il Premio Manuel Spreng, che la VSSU assegna a tutti i laureati. <a href=\"https:\/\/www.security-ligue.org\">Lega internazionale delle societ\u00e0 di vigilanza<\/a> premi. Quest'anno, Nicolas Ihasz si \u00e8 classificato con un voto di 5,3 e ha quindi vinto il premio VSSU del valore di 1000 franchi svizzeri. (<em>rs)<\/em><\/p>\n<p>&nbsp;<\/p>\n<figure id=\"attachment_9163\" aria-describedby=\"caption-attachment-9163\" style=\"width: 620px\" class=\"wp-caption alignleft\"><img loading=\"lazy\" decoding=\"async\" class=\"wp-image-9163\" src=\"https:\/\/news.save.ch\/wp-content\/uploads\/2019\/12\/Bild_2_IMG_1856_bearbeitet-1.jpg\" alt=\"\" width=\"620\" height=\"433\" \/><figcaption id=\"caption-attachment-9163\" class=\"wp-caption-text\">Brillante con il massimo dei voti: Nicolas Ihasz (a destra) in presenza del vicepresidente della VSSU Charles Zaugg. Foto: R. Str\u00e4ssle<\/figcaption><\/figure>\n<p>&nbsp;<\/p>","protected":false},"excerpt":{"rendered":"<p>Wie immer im Dezember wird das Landhaus in Solothurn von Frauen und M\u00e4nnern des privaten Sicherheitsdienstes \u00abgest\u00fcrmt\u00bb: Es ist der Tag, an dem die Nachwuchskr\u00e4fte der privaten Sicherheitsdienstleister die begehrten eidgen\u00f6ssischen Fachausweise erhalten. 265 Absolventinnen und Absolventen d\u00fcrfen mit ihrer Leistung sehr zufrieden sein, denn sie geh\u00f6ren zu denjenigen, die 2019 die Berufspr\u00fcfung mit Bravour [&hellip;]<\/p>\n","protected":false},"author":8,"featured_media":9163,"comment_status":"closed","ping_status":"closed","sticky":false,"template":"","format":"standard","meta":{"_acf_changed":false,"pgc_sgb_lightbox_settings":"","footnotes":""},"categories":[1],"tags":[592,66,331],"class_list":["post-9153","post","type-post","status-publish","format-standard","has-post-thumbnail","hentry","category-allgemein","tag-diplomfeier","tag-verbaende","tag-vssu"],"acf":[],"hkrextid":null,"publication":null,"issue":null,"workflow":null,"startPage":null,"spitzmarke":null,"_posts_by_tag_page_fields":{"widget_title":"","widget_tags":""},"_at_widget":"1","_yoast_wpseo_primary_category":"","_yoast_wpseo_focuskw_text_input":"VSSU","_yoast_wpseo_opengraph-image":null,"_yoast_wpseo_opengraph-description":null,"_yoast_wpseo_opengraph-title":null,"enclosure":null,"_yoast_wpseo_twitter-title":null,"_yoast_wpseo_twitter-description":null,"_yoast_wpseo_twitter-image":null,"_wp_old_slug":null,"_yoast_wpseo_title":"VSSU %%title%% %%page%% %%sep%% %%sitename%%","_yoast_wpseo_canonical":null,"yoast_head":"<!-- This site is optimized with the Yoast SEO plugin v27.5 - https:\/\/yoast.com\/product\/yoast-seo-wordpress\/ -->\n<title>VSSU Hurra, bestanden! - Save<\/title>\n<meta name=\"description\" content=\"Der Verband Schweizerischer Sicherheitsdienstleistungs-Unternehmen (VSSU) konnte 2019 erneut 264 Berufsleuten den eidgen\u00f6ssischen Fachausweis \u00fcberreichen.\" \/>\n<meta name=\"robots\" content=\"index, follow, max-snippet:-1, max-image-preview:large, max-video-preview:-1\" \/>\n<link rel=\"canonical\" href=\"https:\/\/news.save.ch\/it\/hurra-bestanden\/\" \/>\n<meta property=\"og:locale\" content=\"it_IT\" \/>\n<meta property=\"og:type\" content=\"article\" \/>\n<meta property=\"og:title\" content=\"VSSU Hurra, bestanden! - Save\" \/>\n<meta property=\"og:description\" content=\"Der Verband Schweizerischer Sicherheitsdienstleistungs-Unternehmen (VSSU) konnte 2019 erneut 264 Berufsleuten den eidgen\u00f6ssischen Fachausweis \u00fcberreichen.\" \/>\n<meta property=\"og:url\" content=\"https:\/\/news.save.ch\/it\/hurra-bestanden\/\" \/>\n<meta property=\"og:site_name\" content=\"Save\" \/>\n<meta property=\"article:published_time\" content=\"2019-12-06T09:36:52+00:00\" \/>\n<meta property=\"og:image\" content=\"https:\/\/news.save.ch\/wp-content\/uploads\/2019\/12\/Bild_2_IMG_1856_bearbeitet-1-scaled.jpg\" \/>\n\t<meta property=\"og:image:width\" content=\"1400\" \/>\n\t<meta property=\"og:image:height\" content=\"979\" \/>\n\t<meta property=\"og:image:type\" content=\"image\/jpeg\" \/>\n<meta name=\"author\" content=\"Roger Str\u00e4ssle\" \/>\n<meta name=\"twitter:card\" content=\"summary_large_image\" \/>\n<meta name=\"twitter:label1\" content=\"Scritto da\" \/>\n\t<meta name=\"twitter:data1\" content=\"Roger Str\u00e4ssle\" \/>\n\t<meta name=\"twitter:label2\" content=\"Tempo di lettura stimato\" \/>\n\t<meta name=\"twitter:data2\" content=\"2 minuti\" \/>\n<script type=\"application\/ld+json\" class=\"yoast-schema-graph\">{\"@context\":\"https:\\\/\\\/schema.org\",\"@graph\":[{\"@type\":\"Article\",\"@id\":\"https:\\\/\\\/news.save.ch\\\/hurra-bestanden\\\/#article\",\"isPartOf\":{\"@id\":\"https:\\\/\\\/news.save.ch\\\/hurra-bestanden\\\/\"},\"author\":{\"name\":\"Roger Str\u00e4ssle\",\"@id\":\"https:\\\/\\\/news.save.ch\\\/de\\\/#\\\/schema\\\/person\\\/d5022db048e0e2b9785c50e5b24da5aa\"},\"headline\":\"Hurra, bestanden!\",\"datePublished\":\"2019-12-06T09:36:52+00:00\",\"mainEntityOfPage\":{\"@id\":\"https:\\\/\\\/news.save.ch\\\/hurra-bestanden\\\/\"},\"wordCount\":357,\"publisher\":{\"@id\":\"https:\\\/\\\/news.save.ch\\\/de\\\/#organization\"},\"image\":{\"@id\":\"https:\\\/\\\/news.save.ch\\\/hurra-bestanden\\\/#primaryimage\"},\"thumbnailUrl\":\"https:\\\/\\\/news.save.ch\\\/wp-content\\\/uploads\\\/2019\\\/12\\\/Bild_2_IMG_1856_bearbeitet-1-scaled.jpg\",\"keywords\":[\"Diplomfeier\",\"Verb\u00e4nde\",\"VSSU\"],\"articleSection\":[\"ALLGEMEIN\"],\"inLanguage\":\"it-IT\"},{\"@type\":\"WebPage\",\"@id\":\"https:\\\/\\\/news.save.ch\\\/hurra-bestanden\\\/\",\"url\":\"https:\\\/\\\/news.save.ch\\\/hurra-bestanden\\\/\",\"name\":\"VSSU Hurra, bestanden! - Save\",\"isPartOf\":{\"@id\":\"https:\\\/\\\/news.save.ch\\\/de\\\/#website\"},\"primaryImageOfPage\":{\"@id\":\"https:\\\/\\\/news.save.ch\\\/hurra-bestanden\\\/#primaryimage\"},\"image\":{\"@id\":\"https:\\\/\\\/news.save.ch\\\/hurra-bestanden\\\/#primaryimage\"},\"thumbnailUrl\":\"https:\\\/\\\/news.save.ch\\\/wp-content\\\/uploads\\\/2019\\\/12\\\/Bild_2_IMG_1856_bearbeitet-1-scaled.jpg\",\"datePublished\":\"2019-12-06T09:36:52+00:00\",\"description\":\"Der Verband Schweizerischer Sicherheitsdienstleistungs-Unternehmen (VSSU) konnte 2019 erneut 264 Berufsleuten den eidgen\u00f6ssischen Fachausweis \u00fcberreichen.\",\"breadcrumb\":{\"@id\":\"https:\\\/\\\/news.save.ch\\\/hurra-bestanden\\\/#breadcrumb\"},\"inLanguage\":\"it-IT\",\"potentialAction\":[{\"@type\":\"ReadAction\",\"target\":[\"https:\\\/\\\/news.save.ch\\\/hurra-bestanden\\\/\"]}]},{\"@type\":\"ImageObject\",\"inLanguage\":\"it-IT\",\"@id\":\"https:\\\/\\\/news.save.ch\\\/hurra-bestanden\\\/#primaryimage\",\"url\":\"https:\\\/\\\/news.save.ch\\\/wp-content\\\/uploads\\\/2019\\\/12\\\/Bild_2_IMG_1856_bearbeitet-1-scaled.jpg\",\"contentUrl\":\"https:\\\/\\\/news.save.ch\\\/wp-content\\\/uploads\\\/2019\\\/12\\\/Bild_2_IMG_1856_bearbeitet-1-scaled.jpg\",\"width\":1400,\"height\":979,\"caption\":\"Brillierte mit Bestnote: Nicolas Ihasz (rechts) im Beisein von VSSU-Vizepr\u00e4sident Charles Zaugg.\u00a0Foto: R. Str\u00e4ssle\"},{\"@type\":\"BreadcrumbList\",\"@id\":\"https:\\\/\\\/news.save.ch\\\/hurra-bestanden\\\/#breadcrumb\",\"itemListElement\":[{\"@type\":\"ListItem\",\"position\":1,\"name\":\"Home\",\"item\":\"https:\\\/\\\/news.save.ch\\\/de\\\/\"},{\"@type\":\"ListItem\",\"position\":2,\"name\":\"Hurra, bestanden!\"}]},{\"@type\":\"WebSite\",\"@id\":\"https:\\\/\\\/news.save.ch\\\/de\\\/#website\",\"url\":\"https:\\\/\\\/news.save.ch\\\/de\\\/\",\"name\":\"Save\",\"description\":\"Schweizer Fachzeitschrift f\u00fcr Sicherheit\",\"publisher\":{\"@id\":\"https:\\\/\\\/news.save.ch\\\/de\\\/#organization\"},\"potentialAction\":[{\"@type\":\"SearchAction\",\"target\":{\"@type\":\"EntryPoint\",\"urlTemplate\":\"https:\\\/\\\/news.save.ch\\\/de\\\/?s={search_term_string}\"},\"query-input\":{\"@type\":\"PropertyValueSpecification\",\"valueRequired\":true,\"valueName\":\"search_term_string\"}}],\"inLanguage\":\"it-IT\"},{\"@type\":\"Organization\",\"@id\":\"https:\\\/\\\/news.save.ch\\\/de\\\/#organization\",\"name\":\"Sicherheitsforum\",\"url\":\"https:\\\/\\\/news.save.ch\\\/de\\\/\",\"logo\":{\"@type\":\"ImageObject\",\"inLanguage\":\"it-IT\",\"@id\":\"https:\\\/\\\/news.save.ch\\\/de\\\/#\\\/schema\\\/logo\\\/image\\\/\",\"url\":\"https:\\\/\\\/news.save.ch\\\/wp-content\\\/uploads\\\/2022\\\/06\\\/Logo_SF_2012.png\",\"contentUrl\":\"https:\\\/\\\/news.save.ch\\\/wp-content\\\/uploads\\\/2022\\\/06\\\/Logo_SF_2012.png\",\"width\":1100,\"height\":91,\"caption\":\"Sicherheitsforum\"},\"image\":{\"@id\":\"https:\\\/\\\/news.save.ch\\\/de\\\/#\\\/schema\\\/logo\\\/image\\\/\"}},{\"@type\":\"Person\",\"@id\":\"https:\\\/\\\/news.save.ch\\\/de\\\/#\\\/schema\\\/person\\\/d5022db048e0e2b9785c50e5b24da5aa\",\"name\":\"Roger Str\u00e4ssle\",\"image\":{\"@type\":\"ImageObject\",\"inLanguage\":\"it-IT\",\"@id\":\"https:\\\/\\\/secure.gravatar.com\\\/avatar\\\/862a5569d087de48e5856e32f45d719a03804c891d6deb8d4f71a660e79e4a47?s=96&d=mm&r=g\",\"url\":\"https:\\\/\\\/secure.gravatar.com\\\/avatar\\\/862a5569d087de48e5856e32f45d719a03804c891d6deb8d4f71a660e79e4a47?s=96&d=mm&r=g\",\"contentUrl\":\"https:\\\/\\\/secure.gravatar.com\\\/avatar\\\/862a5569d087de48e5856e32f45d719a03804c891d6deb8d4f71a660e79e4a47?s=96&d=mm&r=g\",\"caption\":\"Roger Str\u00e4ssle\"},\"url\":\"https:\\\/\\\/news.save.ch\\\/it\\\/author\\\/roger-straessle\\\/\"}]}<\/script>\n<!-- \/ Yoast SEO plugin. -->","yoast_head_json":{"title":"VSSU Evviva, superato! - Salva","description":"Anche nel 2019 l'Associazione delle aziende svizzere di servizi di sicurezza (VSSU) ha potuto consegnare a 264 professionisti l'Attestato federale di competenza.","robots":{"index":"index","follow":"follow","max-snippet":"max-snippet:-1","max-image-preview":"max-image-preview:large","max-video-preview":"max-video-preview:-1"},"canonical":"https:\/\/news.save.ch\/it\/hurra-bestanden\/","og_locale":"it_IT","og_type":"article","og_title":"VSSU Hurra, bestanden! - Save","og_description":"Der Verband Schweizerischer Sicherheitsdienstleistungs-Unternehmen (VSSU) konnte 2019 erneut 264 Berufsleuten den eidgen\u00f6ssischen Fachausweis \u00fcberreichen.","og_url":"https:\/\/news.save.ch\/it\/hurra-bestanden\/","og_site_name":"Save","article_published_time":"2019-12-06T09:36:52+00:00","og_image":[{"width":1400,"height":979,"url":"https:\/\/news.save.ch\/wp-content\/uploads\/2019\/12\/Bild_2_IMG_1856_bearbeitet-1-scaled.jpg","type":"image\/jpeg"}],"author":"Roger Str\u00e4ssle","twitter_card":"summary_large_image","twitter_misc":{"Scritto da":"Roger Str\u00e4ssle","Tempo di lettura stimato":"2 minuti"},"schema":{"@context":"https:\/\/schema.org","@graph":[{"@type":"Article","@id":"https:\/\/news.save.ch\/hurra-bestanden\/#article","isPartOf":{"@id":"https:\/\/news.save.ch\/hurra-bestanden\/"},"author":{"name":"Roger Str\u00e4ssle","@id":"https:\/\/news.save.ch\/de\/#\/schema\/person\/d5022db048e0e2b9785c50e5b24da5aa"},"headline":"Hurra, bestanden!","datePublished":"2019-12-06T09:36:52+00:00","mainEntityOfPage":{"@id":"https:\/\/news.save.ch\/hurra-bestanden\/"},"wordCount":357,"publisher":{"@id":"https:\/\/news.save.ch\/de\/#organization"},"image":{"@id":"https:\/\/news.save.ch\/hurra-bestanden\/#primaryimage"},"thumbnailUrl":"https:\/\/news.save.ch\/wp-content\/uploads\/2019\/12\/Bild_2_IMG_1856_bearbeitet-1-scaled.jpg","keywords":["Diplomfeier","Verb\u00e4nde","VSSU"],"articleSection":["ALLGEMEIN"],"inLanguage":"it-IT"},{"@type":"WebPage","@id":"https:\/\/news.save.ch\/hurra-bestanden\/","url":"https:\/\/news.save.ch\/hurra-bestanden\/","name":"VSSU Evviva, superato! - Salva","isPartOf":{"@id":"https:\/\/news.save.ch\/de\/#website"},"primaryImageOfPage":{"@id":"https:\/\/news.save.ch\/hurra-bestanden\/#primaryimage"},"image":{"@id":"https:\/\/news.save.ch\/hurra-bestanden\/#primaryimage"},"thumbnailUrl":"https:\/\/news.save.ch\/wp-content\/uploads\/2019\/12\/Bild_2_IMG_1856_bearbeitet-1-scaled.jpg","datePublished":"2019-12-06T09:36:52+00:00","description":"Anche nel 2019 l'Associazione delle aziende svizzere di servizi di sicurezza (VSSU) ha potuto consegnare a 264 professionisti l'Attestato federale di competenza.","breadcrumb":{"@id":"https:\/\/news.save.ch\/hurra-bestanden\/#breadcrumb"},"inLanguage":"it-IT","potentialAction":[{"@type":"ReadAction","target":["https:\/\/news.save.ch\/hurra-bestanden\/"]}]},{"@type":"ImageObject","inLanguage":"it-IT","@id":"https:\/\/news.save.ch\/hurra-bestanden\/#primaryimage","url":"https:\/\/news.save.ch\/wp-content\/uploads\/2019\/12\/Bild_2_IMG_1856_bearbeitet-1-scaled.jpg","contentUrl":"https:\/\/news.save.ch\/wp-content\/uploads\/2019\/12\/Bild_2_IMG_1856_bearbeitet-1-scaled.jpg","width":1400,"height":979,"caption":"Brillierte mit Bestnote: Nicolas Ihasz (rechts) im Beisein von VSSU-Vizepr\u00e4sident Charles Zaugg.\u00a0Foto: R. Str\u00e4ssle"},{"@type":"BreadcrumbList","@id":"https:\/\/news.save.ch\/hurra-bestanden\/#breadcrumb","itemListElement":[{"@type":"ListItem","position":1,"name":"Home","item":"https:\/\/news.save.ch\/de\/"},{"@type":"ListItem","position":2,"name":"Hurra, bestanden!"}]},{"@type":"WebSite","@id":"https:\/\/news.save.ch\/de\/#website","url":"https:\/\/news.save.ch\/de\/","name":"Risparmiare","description":"Rivista svizzera specializzata in sicurezza","publisher":{"@id":"https:\/\/news.save.ch\/de\/#organization"},"potentialAction":[{"@type":"SearchAction","target":{"@type":"EntryPoint","urlTemplate":"https:\/\/news.save.ch\/de\/?s={search_term_string}"},"query-input":{"@type":"PropertyValueSpecification","valueRequired":true,"valueName":"search_term_string"}}],"inLanguage":"it-IT"},{"@type":"Organization","@id":"https:\/\/news.save.ch\/de\/#organization","name":"Forum sulla sicurezza","url":"https:\/\/news.save.ch\/de\/","logo":{"@type":"ImageObject","inLanguage":"it-IT","@id":"https:\/\/news.save.ch\/de\/#\/schema\/logo\/image\/","url":"https:\/\/news.save.ch\/wp-content\/uploads\/2022\/06\/Logo_SF_2012.png","contentUrl":"https:\/\/news.save.ch\/wp-content\/uploads\/2022\/06\/Logo_SF_2012.png","width":1100,"height":91,"caption":"Sicherheitsforum"},"image":{"@id":"https:\/\/news.save.ch\/de\/#\/schema\/logo\/image\/"}},{"@type":"Person","@id":"https:\/\/news.save.ch\/de\/#\/schema\/person\/d5022db048e0e2b9785c50e5b24da5aa","name":"Roger Str\u00e4ssle","image":{"@type":"ImageObject","inLanguage":"it-IT","@id":"https:\/\/secure.gravatar.com\/avatar\/862a5569d087de48e5856e32f45d719a03804c891d6deb8d4f71a660e79e4a47?s=96&d=mm&r=g","url":"https:\/\/secure.gravatar.com\/avatar\/862a5569d087de48e5856e32f45d719a03804c891d6deb8d4f71a660e79e4a47?s=96&d=mm&r=g","contentUrl":"https:\/\/secure.gravatar.com\/avatar\/862a5569d087de48e5856e32f45d719a03804c891d6deb8d4f71a660e79e4a47?s=96&d=mm&r=g","caption":"Roger Str\u00e4ssle"},"url":"https:\/\/news.save.ch\/it\/author\/roger-straessle\/"}]}},"_links":{"self":[{"href":"https:\/\/news.save.ch\/it\/wp-json\/wp\/v2\/posts\/9153","targetHints":{"allow":["GET"]}}],"collection":[{"href":"https:\/\/news.save.ch\/it\/wp-json\/wp\/v2\/posts"}],"about":[{"href":"https:\/\/news.save.ch\/it\/wp-json\/wp\/v2\/types\/post"}],"author":[{"embeddable":true,"href":"https:\/\/news.save.ch\/it\/wp-json\/wp\/v2\/users\/8"}],"replies":[{"embeddable":true,"href":"https:\/\/news.save.ch\/it\/wp-json\/wp\/v2\/comments?post=9153"}],"version-history":[{"count":0,"href":"https:\/\/news.save.ch\/it\/wp-json\/wp\/v2\/posts\/9153\/revisions"}],"wp:featuredmedia":[{"embeddable":true,"href":"https:\/\/news.save.ch\/it\/wp-json\/wp\/v2\/media\/9163"}],"wp:attachment":[{"href":"https:\/\/news.save.ch\/it\/wp-json\/wp\/v2\/media?parent=9153"}],"wp:term":[{"taxonomy":"category","embeddable":true,"href":"https:\/\/news.save.ch\/it\/wp-json\/wp\/v2\/categories?post=9153"},{"taxonomy":"post_tag","embeddable":true,"href":"https:\/\/news.save.ch\/it\/wp-json\/wp\/v2\/tags?post=9153"}],"curies":[{"name":"wp","href":"https:\/\/api.w.org\/{rel}","templated":true}]}}