{"id":92,"date":"2015-04-03T13:48:04","date_gmt":"2015-04-03T11:48:04","guid":{"rendered":"https:\/\/dev.sicherheitsforum.ch\/?p=92"},"modified":"2015-04-03T13:48:04","modified_gmt":"2015-04-03T11:48:04","slug":"flugsicherung-neues-system","status":null,"type":"post","link":"https:\/\/news.save.ch\/it\/flugsicherung-neues-system\/","title":{"rendered":"Controllo del traffico aereo: nuovo sistema"},"content":{"rendered":"<figure id=\"attachment_93\" aria-describedby=\"caption-attachment-93\" style=\"width: 680px\" class=\"wp-caption alignnone\"><img loading=\"lazy\" decoding=\"async\" class=\"size-medium wp-image-93\" src=\"https:\/\/sicherheitsforum.ch\/wp-content\/uploads\/2016\/12\/551d897bb228c_Flug-1_sicherheitsforum.jpg\" alt=\"L&#039;8 e 9 aprile il traffico aereo da e per Zurigo subir\u00e0 dei ritardi.\" width=\"680\" height=\"907\" \/><figcaption id=\"caption-attachment-93\" class=\"wp-caption-text\">L'8 e 9 aprile il traffico aereo da e per Zurigo subir\u00e0 dei ritardi.<\/figcaption><\/figure>\n<p>Con l'introduzione del nuovo sistema, l'8 e il 9 aprile ci saranno riduzioni di capacit\u00e0 per motivi di sicurezza, scrive Skyguide. Ci\u00f2 comporter\u00e0 ritardi nel traffico aereo da e per Zurigo.<\/p>\n<p>Il nuovo sistema di dati dei piani di volo sostituisce il cosiddetto sistema TACO, in uso da oltre 22 anni e giunto al termine della sua vita utile. La nuova soluzione si basa su una tecnologia all'avanguardia e costituisce la base per lo sviluppo futuro dei sistemi di controllo del traffico aereo nella torre di controllo.<\/p>\n<p>Il nuovo sistema di dati dei piani di volo, denominato TRACE (ToweR Approach Coordination Equipment), aumenta l'efficienza dei servizi di controllo del traffico aereo e costituisce un elemento centrale delle operazioni aeroportuali. L'introduzione del nuovo sistema comporta la sostituzione di tutto l'hardware e il software precedentemente utilizzati. Diversi processi aeroportuali, come la gestione dei gate, il rifornimento degli aeromobili o i servizi di piazzale, dipendono direttamente o indirettamente dal sistema di dati dei piani di volo del controllo del traffico aereo.<\/p>\n<p>Secondo le informazioni fornite, il nuovo sistema di dati dei piani di volo soddisfa elevati standard di sicurezza ed \u00e8 stato testato e approvato dall'Ufficio federale dell'aviazione civile (UFAC), che ha accompagnato il processo di sviluppo e introduzione.<\/p>\n<p>&nbsp;<\/p>","protected":false},"excerpt":{"rendered":"<p>Mit der Einf\u00fchrung des neuen Systems werde\u00a0es am 8. und 9. April aus Sicherheitsgr\u00fcnden zu Kapazit\u00e4tsreduktionen kommen, schreibt Skyguide. Das werde zu Versp\u00e4tungen im Flugverkehr von und nach Z\u00fcrich f\u00fchren. Das neue Flugplandatensystem l\u00f6st das bestehende sogenannte TACO-System ab, das bereits seit \u00fcber 22 Jahren im Einsatz ist und ans Ende seiner Lebensdauer gelangt ist. [&hellip;]<\/p>\n","protected":false},"author":1,"featured_media":93,"comment_status":"open","ping_status":"open","sticky":false,"template":"","format":"standard","meta":{"_acf_changed":false,"pgc_sgb_lightbox_settings":"","footnotes":""},"categories":[1],"tags":[56,57,58,59,60],"class_list":["post-92","post","type-post","status-publish","format-standard","has-post-thumbnail","hentry","category-allgemein","tag-flughafen","tag-flugplandatensystem","tag-skyguide","tag-taco","tag-trace"],"acf":[],"hkrextid":null,"publication":null,"issue":null,"workflow":null,"startPage":null,"spitzmarke":null,"_posts_by_tag_page_fields":{"widget_title":"","widget_tags":""},"_at_widget":"1","_yoast_wpseo_primary_category":"1","_yoast_wpseo_focuskw_text_input":"Flugsicherung","_yoast_wpseo_opengraph-image":"https:\/\/news.save.ch\/wp-content\/uploads\/2016\/12\/551d897bb228c_Flug-1_sicherheitsforum.jpg","_yoast_wpseo_opengraph-description":"Skyguide f\u00fchrt in der Nacht vom 7. auf den 8. April ein neues elektronisches Flugplandaten- und Koordinationssystem im Kontrollturm des Flughafens Z\u00fcrich ein.","_yoast_wpseo_opengraph-title":"Flugsicherung","enclosure":null,"_yoast_wpseo_twitter-title":null,"_yoast_wpseo_twitter-description":null,"_yoast_wpseo_twitter-image":null,"_wp_old_slug":null,"_yoast_wpseo_title":null,"_yoast_wpseo_canonical":null,"yoast_head":"<!-- This site is optimized with the Yoast SEO plugin v27.5 - https:\/\/yoast.com\/product\/yoast-seo-wordpress\/ -->\n<title>Flugsicherung: neues System - Save<\/title>\n<meta name=\"description\" content=\"Skyguide f\u00fchrt in der Nacht vom 7-8. April ein neues elektronisches Flugplandaten- und Koordinationssystem im Kontrollturm des Flughafens Z\u00fcrich ein.\" \/>\n<meta name=\"robots\" content=\"index, follow, max-snippet:-1, max-image-preview:large, max-video-preview:-1\" \/>\n<link rel=\"canonical\" href=\"https:\/\/news.save.ch\/it\/flugsicherung-neues-system\/\" \/>\n<meta property=\"og:locale\" content=\"it_IT\" \/>\n<meta property=\"og:type\" content=\"article\" \/>\n<meta property=\"og:title\" content=\"Flugsicherung\" \/>\n<meta property=\"og:description\" content=\"Skyguide f\u00fchrt in der Nacht vom 7. auf den 8. April ein neues elektronisches Flugplandaten- und Koordinationssystem im Kontrollturm des Flughafens Z\u00fcrich ein.\" \/>\n<meta property=\"og:url\" content=\"https:\/\/news.save.ch\/it\/flugsicherung-neues-system\/\" \/>\n<meta property=\"og:site_name\" content=\"Save\" \/>\n<meta property=\"article:published_time\" content=\"2015-04-03T11:48:04+00:00\" \/>\n<meta property=\"og:image\" content=\"https:\/\/news.save.ch\/wp-content\/uploads\/2016\/12\/551d897bb228c_Flug-1_sicherheitsforum.jpg\" \/>\n<meta name=\"author\" content=\"admin\" \/>\n<meta name=\"twitter:card\" content=\"summary_large_image\" \/>\n<meta name=\"twitter:label1\" content=\"Scritto da\" \/>\n\t<meta name=\"twitter:data1\" content=\"admin\" \/>\n\t<meta name=\"twitter:label2\" content=\"Tempo di lettura stimato\" \/>\n\t<meta name=\"twitter:data2\" content=\"1 minuto\" \/>\n<script type=\"application\/ld+json\" class=\"yoast-schema-graph\">{\"@context\":\"https:\\\/\\\/schema.org\",\"@graph\":[{\"@type\":\"Article\",\"@id\":\"https:\\\/\\\/news.save.ch\\\/flugsicherung-neues-system\\\/#article\",\"isPartOf\":{\"@id\":\"https:\\\/\\\/news.save.ch\\\/flugsicherung-neues-system\\\/\"},\"author\":{\"name\":\"admin\",\"@id\":\"https:\\\/\\\/news.save.ch\\\/de\\\/#\\\/schema\\\/person\\\/d49e199490bad7c70d64b9ab51142f2b\"},\"headline\":\"Flugsicherung: neues System\",\"datePublished\":\"2015-04-03T11:48:04+00:00\",\"mainEntityOfPage\":{\"@id\":\"https:\\\/\\\/news.save.ch\\\/flugsicherung-neues-system\\\/\"},\"wordCount\":205,\"commentCount\":0,\"publisher\":{\"@id\":\"https:\\\/\\\/news.save.ch\\\/de\\\/#organization\"},\"image\":{\"@id\":\"https:\\\/\\\/news.save.ch\\\/flugsicherung-neues-system\\\/#primaryimage\"},\"thumbnailUrl\":\"https:\\\/\\\/news.save.ch\\\/wp-content\\\/uploads\\\/2016\\\/12\\\/551d897bb228c_Flug-1_sicherheitsforum-scaled-1-scaled.jpg\",\"keywords\":[\"Flughafen\",\"Flugplandatensystem\",\"Skyguide\",\"TACO\",\"TRACE\"],\"articleSection\":[\"ALLGEMEIN\"],\"inLanguage\":\"it-IT\"},{\"@type\":\"WebPage\",\"@id\":\"https:\\\/\\\/news.save.ch\\\/flugsicherung-neues-system\\\/\",\"url\":\"https:\\\/\\\/news.save.ch\\\/flugsicherung-neues-system\\\/\",\"name\":\"Flugsicherung: neues System - Save\",\"isPartOf\":{\"@id\":\"https:\\\/\\\/news.save.ch\\\/de\\\/#website\"},\"primaryImageOfPage\":{\"@id\":\"https:\\\/\\\/news.save.ch\\\/flugsicherung-neues-system\\\/#primaryimage\"},\"image\":{\"@id\":\"https:\\\/\\\/news.save.ch\\\/flugsicherung-neues-system\\\/#primaryimage\"},\"thumbnailUrl\":\"https:\\\/\\\/news.save.ch\\\/wp-content\\\/uploads\\\/2016\\\/12\\\/551d897bb228c_Flug-1_sicherheitsforum-scaled-1-scaled.jpg\",\"datePublished\":\"2015-04-03T11:48:04+00:00\",\"description\":\"Skyguide f\u00fchrt in der Nacht vom 7-8. April ein neues elektronisches Flugplandaten- und Koordinationssystem im Kontrollturm des Flughafens Z\u00fcrich ein.\",\"breadcrumb\":{\"@id\":\"https:\\\/\\\/news.save.ch\\\/flugsicherung-neues-system\\\/#breadcrumb\"},\"inLanguage\":\"it-IT\",\"potentialAction\":[{\"@type\":\"ReadAction\",\"target\":[\"https:\\\/\\\/news.save.ch\\\/flugsicherung-neues-system\\\/\"]}]},{\"@type\":\"ImageObject\",\"inLanguage\":\"it-IT\",\"@id\":\"https:\\\/\\\/news.save.ch\\\/flugsicherung-neues-system\\\/#primaryimage\",\"url\":\"https:\\\/\\\/news.save.ch\\\/wp-content\\\/uploads\\\/2016\\\/12\\\/551d897bb228c_Flug-1_sicherheitsforum-scaled-1-scaled.jpg\",\"contentUrl\":\"https:\\\/\\\/news.save.ch\\\/wp-content\\\/uploads\\\/2016\\\/12\\\/551d897bb228c_Flug-1_sicherheitsforum-scaled-1-scaled.jpg\",\"width\":1050,\"height\":1400,\"caption\":\"Am 8.\\\/9. April wird es im Flugverkehr von und nach Z\u00fcrich zu Versp\u00e4tungen kommen.\"},{\"@type\":\"BreadcrumbList\",\"@id\":\"https:\\\/\\\/news.save.ch\\\/flugsicherung-neues-system\\\/#breadcrumb\",\"itemListElement\":[{\"@type\":\"ListItem\",\"position\":1,\"name\":\"Home\",\"item\":\"https:\\\/\\\/news.save.ch\\\/de\\\/\"},{\"@type\":\"ListItem\",\"position\":2,\"name\":\"Flugsicherung: neues System\"}]},{\"@type\":\"WebSite\",\"@id\":\"https:\\\/\\\/news.save.ch\\\/de\\\/#website\",\"url\":\"https:\\\/\\\/news.save.ch\\\/de\\\/\",\"name\":\"Save\",\"description\":\"Schweizer Fachzeitschrift f\u00fcr Sicherheit\",\"publisher\":{\"@id\":\"https:\\\/\\\/news.save.ch\\\/de\\\/#organization\"},\"potentialAction\":[{\"@type\":\"SearchAction\",\"target\":{\"@type\":\"EntryPoint\",\"urlTemplate\":\"https:\\\/\\\/news.save.ch\\\/de\\\/?s={search_term_string}\"},\"query-input\":{\"@type\":\"PropertyValueSpecification\",\"valueRequired\":true,\"valueName\":\"search_term_string\"}}],\"inLanguage\":\"it-IT\"},{\"@type\":\"Organization\",\"@id\":\"https:\\\/\\\/news.save.ch\\\/de\\\/#organization\",\"name\":\"Sicherheitsforum\",\"url\":\"https:\\\/\\\/news.save.ch\\\/de\\\/\",\"logo\":{\"@type\":\"ImageObject\",\"inLanguage\":\"it-IT\",\"@id\":\"https:\\\/\\\/news.save.ch\\\/de\\\/#\\\/schema\\\/logo\\\/image\\\/\",\"url\":\"https:\\\/\\\/news.save.ch\\\/wp-content\\\/uploads\\\/2022\\\/06\\\/Logo_SF_2012.png\",\"contentUrl\":\"https:\\\/\\\/news.save.ch\\\/wp-content\\\/uploads\\\/2022\\\/06\\\/Logo_SF_2012.png\",\"width\":1100,\"height\":91,\"caption\":\"Sicherheitsforum\"},\"image\":{\"@id\":\"https:\\\/\\\/news.save.ch\\\/de\\\/#\\\/schema\\\/logo\\\/image\\\/\"}},{\"@type\":\"Person\",\"@id\":\"https:\\\/\\\/news.save.ch\\\/de\\\/#\\\/schema\\\/person\\\/d49e199490bad7c70d64b9ab51142f2b\",\"name\":\"admin\",\"image\":{\"@type\":\"ImageObject\",\"inLanguage\":\"it-IT\",\"@id\":\"https:\\\/\\\/secure.gravatar.com\\\/avatar\\\/ae2f4d718e6c49043e314ce431e7e645d646302a24a5ef5a8bc8e3f5a032e319?s=96&d=mm&r=g\",\"url\":\"https:\\\/\\\/secure.gravatar.com\\\/avatar\\\/ae2f4d718e6c49043e314ce431e7e645d646302a24a5ef5a8bc8e3f5a032e319?s=96&d=mm&r=g\",\"contentUrl\":\"https:\\\/\\\/secure.gravatar.com\\\/avatar\\\/ae2f4d718e6c49043e314ce431e7e645d646302a24a5ef5a8bc8e3f5a032e319?s=96&d=mm&r=g\",\"caption\":\"admin\"},\"sameAs\":[\"https:\\\/\\\/develop.organisator.galledia.ch\"],\"url\":\"https:\\\/\\\/news.save.ch\\\/it\\\/author\\\/admin\\\/\"}]}<\/script>\n<!-- \/ Yoast SEO plugin. -->","yoast_head_json":{"title":"Controllo del traffico aereo: nuovo sistema - Save","description":"Skyguide introduce un nuovo sistema elettronico di dati e coordinamento dei piani di volo nella torre di controllo dell'aeroporto di Zurigo nella notte tra il 7 e l'8 aprile.","robots":{"index":"index","follow":"follow","max-snippet":"max-snippet:-1","max-image-preview":"max-image-preview:large","max-video-preview":"max-video-preview:-1"},"canonical":"https:\/\/news.save.ch\/it\/flugsicherung-neues-system\/","og_locale":"it_IT","og_type":"article","og_title":"Flugsicherung","og_description":"Skyguide f\u00fchrt in der Nacht vom 7. auf den 8. April ein neues elektronisches Flugplandaten- und Koordinationssystem im Kontrollturm des Flughafens Z\u00fcrich ein.","og_url":"https:\/\/news.save.ch\/it\/flugsicherung-neues-system\/","og_site_name":"Save","article_published_time":"2015-04-03T11:48:04+00:00","og_image":[{"url":"https:\/\/news.save.ch\/wp-content\/uploads\/2016\/12\/551d897bb228c_Flug-1_sicherheitsforum.jpg","type":"","width":"","height":""}],"author":"admin","twitter_card":"summary_large_image","twitter_misc":{"Scritto da":"admin","Tempo di lettura stimato":"1 minuto"},"schema":{"@context":"https:\/\/schema.org","@graph":[{"@type":"Article","@id":"https:\/\/news.save.ch\/flugsicherung-neues-system\/#article","isPartOf":{"@id":"https:\/\/news.save.ch\/flugsicherung-neues-system\/"},"author":{"name":"admin","@id":"https:\/\/news.save.ch\/de\/#\/schema\/person\/d49e199490bad7c70d64b9ab51142f2b"},"headline":"Flugsicherung: neues System","datePublished":"2015-04-03T11:48:04+00:00","mainEntityOfPage":{"@id":"https:\/\/news.save.ch\/flugsicherung-neues-system\/"},"wordCount":205,"commentCount":0,"publisher":{"@id":"https:\/\/news.save.ch\/de\/#organization"},"image":{"@id":"https:\/\/news.save.ch\/flugsicherung-neues-system\/#primaryimage"},"thumbnailUrl":"https:\/\/news.save.ch\/wp-content\/uploads\/2016\/12\/551d897bb228c_Flug-1_sicherheitsforum-scaled-1-scaled.jpg","keywords":["Flughafen","Flugplandatensystem","Skyguide","TACO","TRACE"],"articleSection":["ALLGEMEIN"],"inLanguage":"it-IT"},{"@type":"WebPage","@id":"https:\/\/news.save.ch\/flugsicherung-neues-system\/","url":"https:\/\/news.save.ch\/flugsicherung-neues-system\/","name":"Controllo del traffico aereo: nuovo sistema - Save","isPartOf":{"@id":"https:\/\/news.save.ch\/de\/#website"},"primaryImageOfPage":{"@id":"https:\/\/news.save.ch\/flugsicherung-neues-system\/#primaryimage"},"image":{"@id":"https:\/\/news.save.ch\/flugsicherung-neues-system\/#primaryimage"},"thumbnailUrl":"https:\/\/news.save.ch\/wp-content\/uploads\/2016\/12\/551d897bb228c_Flug-1_sicherheitsforum-scaled-1-scaled.jpg","datePublished":"2015-04-03T11:48:04+00:00","description":"Skyguide introduce un nuovo sistema elettronico di dati e coordinamento dei piani di volo nella torre di controllo dell'aeroporto di Zurigo nella notte tra il 7 e l'8 aprile.","breadcrumb":{"@id":"https:\/\/news.save.ch\/flugsicherung-neues-system\/#breadcrumb"},"inLanguage":"it-IT","potentialAction":[{"@type":"ReadAction","target":["https:\/\/news.save.ch\/flugsicherung-neues-system\/"]}]},{"@type":"ImageObject","inLanguage":"it-IT","@id":"https:\/\/news.save.ch\/flugsicherung-neues-system\/#primaryimage","url":"https:\/\/news.save.ch\/wp-content\/uploads\/2016\/12\/551d897bb228c_Flug-1_sicherheitsforum-scaled-1-scaled.jpg","contentUrl":"https:\/\/news.save.ch\/wp-content\/uploads\/2016\/12\/551d897bb228c_Flug-1_sicherheitsforum-scaled-1-scaled.jpg","width":1050,"height":1400,"caption":"Am 8.\/9. April wird es im Flugverkehr von und nach Z\u00fcrich zu Versp\u00e4tungen kommen."},{"@type":"BreadcrumbList","@id":"https:\/\/news.save.ch\/flugsicherung-neues-system\/#breadcrumb","itemListElement":[{"@type":"ListItem","position":1,"name":"Home","item":"https:\/\/news.save.ch\/de\/"},{"@type":"ListItem","position":2,"name":"Flugsicherung: neues System"}]},{"@type":"WebSite","@id":"https:\/\/news.save.ch\/de\/#website","url":"https:\/\/news.save.ch\/de\/","name":"Risparmiare","description":"Rivista svizzera specializzata in sicurezza","publisher":{"@id":"https:\/\/news.save.ch\/de\/#organization"},"potentialAction":[{"@type":"SearchAction","target":{"@type":"EntryPoint","urlTemplate":"https:\/\/news.save.ch\/de\/?s={search_term_string}"},"query-input":{"@type":"PropertyValueSpecification","valueRequired":true,"valueName":"search_term_string"}}],"inLanguage":"it-IT"},{"@type":"Organization","@id":"https:\/\/news.save.ch\/de\/#organization","name":"Forum sulla sicurezza","url":"https:\/\/news.save.ch\/de\/","logo":{"@type":"ImageObject","inLanguage":"it-IT","@id":"https:\/\/news.save.ch\/de\/#\/schema\/logo\/image\/","url":"https:\/\/news.save.ch\/wp-content\/uploads\/2022\/06\/Logo_SF_2012.png","contentUrl":"https:\/\/news.save.ch\/wp-content\/uploads\/2022\/06\/Logo_SF_2012.png","width":1100,"height":91,"caption":"Sicherheitsforum"},"image":{"@id":"https:\/\/news.save.ch\/de\/#\/schema\/logo\/image\/"}},{"@type":"Person","@id":"https:\/\/news.save.ch\/de\/#\/schema\/person\/d49e199490bad7c70d64b9ab51142f2b","name":"amministratore","image":{"@type":"ImageObject","inLanguage":"it-IT","@id":"https:\/\/secure.gravatar.com\/avatar\/ae2f4d718e6c49043e314ce431e7e645d646302a24a5ef5a8bc8e3f5a032e319?s=96&d=mm&r=g","url":"https:\/\/secure.gravatar.com\/avatar\/ae2f4d718e6c49043e314ce431e7e645d646302a24a5ef5a8bc8e3f5a032e319?s=96&d=mm&r=g","contentUrl":"https:\/\/secure.gravatar.com\/avatar\/ae2f4d718e6c49043e314ce431e7e645d646302a24a5ef5a8bc8e3f5a032e319?s=96&d=mm&r=g","caption":"admin"},"sameAs":["https:\/\/develop.organisator.galledia.ch"],"url":"https:\/\/news.save.ch\/it\/author\/admin\/"}]}},"_links":{"self":[{"href":"https:\/\/news.save.ch\/it\/wp-json\/wp\/v2\/posts\/92","targetHints":{"allow":["GET"]}}],"collection":[{"href":"https:\/\/news.save.ch\/it\/wp-json\/wp\/v2\/posts"}],"about":[{"href":"https:\/\/news.save.ch\/it\/wp-json\/wp\/v2\/types\/post"}],"author":[{"embeddable":true,"href":"https:\/\/news.save.ch\/it\/wp-json\/wp\/v2\/users\/1"}],"replies":[{"embeddable":true,"href":"https:\/\/news.save.ch\/it\/wp-json\/wp\/v2\/comments?post=92"}],"version-history":[{"count":0,"href":"https:\/\/news.save.ch\/it\/wp-json\/wp\/v2\/posts\/92\/revisions"}],"wp:featuredmedia":[{"embeddable":true,"href":"https:\/\/news.save.ch\/it\/wp-json\/wp\/v2\/media\/93"}],"wp:attachment":[{"href":"https:\/\/news.save.ch\/it\/wp-json\/wp\/v2\/media?parent=92"}],"wp:term":[{"taxonomy":"category","embeddable":true,"href":"https:\/\/news.save.ch\/it\/wp-json\/wp\/v2\/categories?post=92"},{"taxonomy":"post_tag","embeddable":true,"href":"https:\/\/news.save.ch\/it\/wp-json\/wp\/v2\/tags?post=92"}],"curies":[{"name":"wp","href":"https:\/\/api.w.org\/{rel}","templated":true}]}}