{"id":9232,"date":"2022-06-22T10:02:26","date_gmt":"2022-06-22T08:02:26","guid":{"rendered":"https:\/\/news.save.ch\/?p=9232"},"modified":"2023-06-27T07:24:51","modified_gmt":"2023-06-27T05:24:51","slug":"massnahmen-gegen-diskriminierung","status":null,"type":"post","link":"https:\/\/news.save.ch\/it\/massnahmen-gegen-diskriminierung\/","title":{"rendered":"Misure contro la discriminazione"},"content":{"rendered":"<figure id=\"attachment_9235\" aria-describedby=\"caption-attachment-9235\" style=\"width: 680px\" class=\"wp-caption alignnone\"><img loading=\"lazy\" decoding=\"async\" class=\"wp-image-9235 size-medium\" src=\"https:\/\/news.save.ch\/wp-content\/uploads\/2022\/06\/LGBT_teaser.jpg\" alt=\"Discriminazione\" width=\"680\" height=\"453\" \/><figcaption id=\"caption-attachment-9235\" class=\"wp-caption-text\">Immagine: Pixabay<\/figcaption><\/figure>\n<p>La raccolta di dati sulla discriminazione sulla base dell'orientamento sessuale o dell'identit\u00e0 di genere \u00e8 molto complessa, come ha spiegato la Confederazione in una <a href=\"https:\/\/www.admin.ch\/gov\/de\/start\/dokumentation\/medienmitteilungen.msg-id-89358.html\" target=\"_blank\" rel=\"noopener\">Comunicazione<\/a> scrive. Secondo l'Agenzia europea per la sicurezza e la salute sul lavoro (EU-OSHA), anche i lavoratori lesbiche, gay, bisessuali, transgender e intersessuali (LGBT) continuano a subire molestie e mobbing sul lavoro (<a href=\"https:\/\/news.save.ch\/it\/psychosoziale-und-organisatorische-risiken-fuehren-zu-verschiedenen-krankheiten-bei-lgbti-arbeitnehmenden\/\" target=\"_blank\" rel=\"noopener\">Segnalato SAFETY-PLUS<\/a>). Le conseguenze comuni di una cattiva organizzazione del lavoro per le persone LGBT sono, ad esempio, una salute generalmente carente, ansia, stress e stanchezza.<\/p>\n<p>Nella comunicazione, il Consiglio federale scrive che, a causa della situazione dei dati sulla discriminazione delle persone LGBT, non vede ancora alcuna possibilit\u00e0 di migliorare lo studio con metodi quantitativi. Secondo il Consiglio federale, ci\u00f2 richiederebbe ulteriori risultati, che potrebbero essere ottenuti attraverso una ricerca qualitativa.<\/p>\n<p>Tuttavia, \u00e8 importante migliorare la situazione dei dati nell'ambito della \"Strategia di sviluppo sostenibile (SSS) 2030\" con varie misure. Inoltre, le vittime percepiscono la discriminazione in modo diverso. Inoltre, \u00e8 ancora difficile raccogliere dati rappresentativi a causa del piccolo gruppo di popolazione non omogeneo.<\/p>\n<h2>Misure della strategia \"Sviluppo sostenibile<\/h2>\n<p>Tuttavia, il Consiglio federale ha definito alcune misure nel progetto strategico \"Sviluppo sostenibile\" (SNE) 2030. Tra le altre cose, il Dipartimento federale dell'interno (DFI) \u00e8 stato incaricato di chiarire le responsabilit\u00e0 istituzionali della Confederazione e dei Cantoni, nonch\u00e9 il coordinamento della protezione contro la discriminazione.<\/p>\n<p>Il DFI deve anche scoprire se e in quali settori dell'assistenza sanitaria le persone LGBT sarebbero discriminate e redigere un rapporto corrispondente sulla situazione sanitaria delle persone LGBT. Inoltre, deve essere migliorata la raccolta dei dati sulla discriminazione penalmente rilevante, come i crimini d'odio.<\/p>\n<p><em>Fonte: EDI<\/em><\/p>","protected":false},"excerpt":{"rendered":"<p>Eine Erhebung von Daten zur Diskriminierung aufgrund der sexuellen Orientierung oder der Geschlechtsidentit\u00e4t sei sehr komplex, wie der Bund in einer Mitteilung schreibt. Lesbische, schwule, bi-, trans- und intersexuelle (LGBT) Arbeitskr\u00e4fte sind auch laut der Europ\u00e4ischen Agentur f\u00fcr Sicherheit und Gesundheitsschutz am Arbeitsplatz (EU-OSHA)\u00a0nach wie vor Bel\u00e4stigungen und Mobbing am Arbeitsplatz ausgesetzt (SAFETY-PLUS berichtete). H\u00e4ufige [&hellip;]<\/p>\n","protected":false},"author":9,"featured_media":9237,"comment_status":"closed","ping_status":"closed","sticky":false,"template":"","format":"standard","meta":{"_acf_changed":false,"pgc_sgb_lightbox_settings":"","footnotes":""},"categories":[1,3314],"tags":[787,363,1926,4409,2174,2463,2569,4410,4408],"class_list":["post-9232","post","type-post","status-publish","format-standard","has-post-thumbnail","hentry","category-allgemein","category-health-safety","tag-bund","tag-daten","tag-diskriminierung","tag-geschlechtsidentitaet","tag-gesundheitsschutz-am-arbeitsplatz","tag-lgbt","tag-mse","tag-quantitative-untersuchungen","tag-sexuelle-orientierung"],"acf":[],"hkrextid":null,"publication":null,"issue":null,"workflow":null,"startPage":null,"spitzmarke":null,"_posts_by_tag_page_fields":{"widget_title":"","widget_tags":""},"_at_widget":"1","_yoast_wpseo_primary_category":"1","_yoast_wpseo_focuskw_text_input":null,"_yoast_wpseo_opengraph-image":null,"_yoast_wpseo_opengraph-description":null,"_yoast_wpseo_opengraph-title":null,"enclosure":null,"_yoast_wpseo_twitter-title":null,"_yoast_wpseo_twitter-description":null,"_yoast_wpseo_twitter-image":null,"_wp_old_slug":null,"_yoast_wpseo_title":null,"_yoast_wpseo_canonical":null,"yoast_head":"<!-- This site is optimized with the Yoast SEO plugin v27.4 - https:\/\/yoast.com\/product\/yoast-seo-wordpress\/ -->\n<title>Massnahmen gegen Diskriminierung - Save<\/title>\n<meta name=\"description\" content=\"Laut einer Mitteilung des Bundes, seien quantitative Untersuchungen zu wenig geeignet, um Daten aufgrund einer Diskriminierung zur sexuellen Identit\u00e4t zu erheben. Dennoch sollen weiterhin Datengrundlagen verbessert werden.\" \/>\n<meta name=\"robots\" content=\"index, follow, max-snippet:-1, max-image-preview:large, max-video-preview:-1\" \/>\n<link rel=\"canonical\" href=\"https:\/\/news.save.ch\/it\/massnahmen-gegen-diskriminierung\/\" \/>\n<meta property=\"og:locale\" content=\"it_IT\" \/>\n<meta property=\"og:type\" content=\"article\" \/>\n<meta property=\"og:title\" content=\"Massnahmen gegen Diskriminierung - Save\" \/>\n<meta property=\"og:description\" content=\"Laut einer Mitteilung des Bundes, seien quantitative Untersuchungen zu wenig geeignet, um Daten aufgrund einer Diskriminierung zur sexuellen Identit\u00e4t zu erheben. Dennoch sollen weiterhin Datengrundlagen verbessert werden.\" \/>\n<meta property=\"og:url\" content=\"https:\/\/news.save.ch\/it\/massnahmen-gegen-diskriminierung\/\" \/>\n<meta property=\"og:site_name\" content=\"Save\" \/>\n<meta property=\"article:published_time\" content=\"2022-06-22T08:02:26+00:00\" \/>\n<meta property=\"article:modified_time\" content=\"2023-06-27T05:24:51+00:00\" \/>\n<meta property=\"og:image\" content=\"https:\/\/news.save.ch\/wp-content\/uploads\/2022\/06\/LGBT_teaser.jpg\" \/>\n\t<meta property=\"og:image:width\" content=\"960\" \/>\n\t<meta property=\"og:image:height\" content=\"640\" \/>\n\t<meta property=\"og:image:type\" content=\"image\/jpeg\" \/>\n<meta name=\"author\" content=\"Simon Gr\u00f6flin\" \/>\n<meta name=\"twitter:card\" content=\"summary_large_image\" \/>\n<meta name=\"twitter:label1\" content=\"Scritto da\" \/>\n\t<meta name=\"twitter:data1\" content=\"Simon Gr\u00f6flin\" \/>\n\t<meta name=\"twitter:label2\" content=\"Tempo di lettura stimato\" \/>\n\t<meta name=\"twitter:data2\" content=\"2 minuti\" \/>\n<script type=\"application\/ld+json\" class=\"yoast-schema-graph\">{\"@context\":\"https:\\\/\\\/schema.org\",\"@graph\":[{\"@type\":\"Article\",\"@id\":\"https:\\\/\\\/news.save.ch\\\/massnahmen-gegen-diskriminierung\\\/#article\",\"isPartOf\":{\"@id\":\"https:\\\/\\\/news.save.ch\\\/massnahmen-gegen-diskriminierung\\\/\"},\"author\":{\"name\":\"Simon Gr\u00f6flin\",\"@id\":\"https:\\\/\\\/news.save.ch\\\/de\\\/#\\\/schema\\\/person\\\/ad4ef21102fd6125312409ac57d5296d\"},\"headline\":\"Massnahmen gegen Diskriminierung\",\"datePublished\":\"2022-06-22T08:02:26+00:00\",\"dateModified\":\"2023-06-27T05:24:51+00:00\",\"mainEntityOfPage\":{\"@id\":\"https:\\\/\\\/news.save.ch\\\/massnahmen-gegen-diskriminierung\\\/\"},\"wordCount\":271,\"publisher\":{\"@id\":\"https:\\\/\\\/news.save.ch\\\/de\\\/#organization\"},\"image\":{\"@id\":\"https:\\\/\\\/news.save.ch\\\/massnahmen-gegen-diskriminierung\\\/#primaryimage\"},\"thumbnailUrl\":\"https:\\\/\\\/news.save.ch\\\/wp-content\\\/uploads\\\/2022\\\/06\\\/LGBT_teaser.jpg\",\"keywords\":[\"bund\",\"Daten\",\"Diskriminierung\",\"Geschlechtsidentit\u00e4t\",\"Gesundheitsschutz am Arbeitsplatz\",\"LGBT\",\"MSE\",\"quantitative Untersuchungen\",\"sexuelle Orientierung\"],\"articleSection\":[\"ALLGEMEIN\",\"HEALTH &amp; SAFETY\"],\"inLanguage\":\"it-IT\"},{\"@type\":\"WebPage\",\"@id\":\"https:\\\/\\\/news.save.ch\\\/massnahmen-gegen-diskriminierung\\\/\",\"url\":\"https:\\\/\\\/news.save.ch\\\/massnahmen-gegen-diskriminierung\\\/\",\"name\":\"Massnahmen gegen Diskriminierung - Save\",\"isPartOf\":{\"@id\":\"https:\\\/\\\/news.save.ch\\\/de\\\/#website\"},\"primaryImageOfPage\":{\"@id\":\"https:\\\/\\\/news.save.ch\\\/massnahmen-gegen-diskriminierung\\\/#primaryimage\"},\"image\":{\"@id\":\"https:\\\/\\\/news.save.ch\\\/massnahmen-gegen-diskriminierung\\\/#primaryimage\"},\"thumbnailUrl\":\"https:\\\/\\\/news.save.ch\\\/wp-content\\\/uploads\\\/2022\\\/06\\\/LGBT_teaser.jpg\",\"datePublished\":\"2022-06-22T08:02:26+00:00\",\"dateModified\":\"2023-06-27T05:24:51+00:00\",\"description\":\"Laut einer Mitteilung des Bundes, seien quantitative Untersuchungen zu wenig geeignet, um Daten aufgrund einer Diskriminierung zur sexuellen Identit\u00e4t zu erheben. Dennoch sollen weiterhin Datengrundlagen verbessert werden.\",\"breadcrumb\":{\"@id\":\"https:\\\/\\\/news.save.ch\\\/massnahmen-gegen-diskriminierung\\\/#breadcrumb\"},\"inLanguage\":\"it-IT\",\"potentialAction\":[{\"@type\":\"ReadAction\",\"target\":[\"https:\\\/\\\/news.save.ch\\\/massnahmen-gegen-diskriminierung\\\/\"]}]},{\"@type\":\"ImageObject\",\"inLanguage\":\"it-IT\",\"@id\":\"https:\\\/\\\/news.save.ch\\\/massnahmen-gegen-diskriminierung\\\/#primaryimage\",\"url\":\"https:\\\/\\\/news.save.ch\\\/wp-content\\\/uploads\\\/2022\\\/06\\\/LGBT_teaser.jpg\",\"contentUrl\":\"https:\\\/\\\/news.save.ch\\\/wp-content\\\/uploads\\\/2022\\\/06\\\/LGBT_teaser.jpg\",\"width\":960,\"height\":640,\"caption\":\"Diskriminierungsschutz am Arbeitsplatz\"},{\"@type\":\"BreadcrumbList\",\"@id\":\"https:\\\/\\\/news.save.ch\\\/massnahmen-gegen-diskriminierung\\\/#breadcrumb\",\"itemListElement\":[{\"@type\":\"ListItem\",\"position\":1,\"name\":\"Home\",\"item\":\"https:\\\/\\\/news.save.ch\\\/de\\\/\"},{\"@type\":\"ListItem\",\"position\":2,\"name\":\"Massnahmen gegen Diskriminierung\"}]},{\"@type\":\"WebSite\",\"@id\":\"https:\\\/\\\/news.save.ch\\\/de\\\/#website\",\"url\":\"https:\\\/\\\/news.save.ch\\\/de\\\/\",\"name\":\"Save\",\"description\":\"Schweizer Fachzeitschrift f\u00fcr Sicherheit\",\"publisher\":{\"@id\":\"https:\\\/\\\/news.save.ch\\\/de\\\/#organization\"},\"potentialAction\":[{\"@type\":\"SearchAction\",\"target\":{\"@type\":\"EntryPoint\",\"urlTemplate\":\"https:\\\/\\\/news.save.ch\\\/de\\\/?s={search_term_string}\"},\"query-input\":{\"@type\":\"PropertyValueSpecification\",\"valueRequired\":true,\"valueName\":\"search_term_string\"}}],\"inLanguage\":\"it-IT\"},{\"@type\":\"Organization\",\"@id\":\"https:\\\/\\\/news.save.ch\\\/de\\\/#organization\",\"name\":\"Sicherheitsforum\",\"url\":\"https:\\\/\\\/news.save.ch\\\/de\\\/\",\"logo\":{\"@type\":\"ImageObject\",\"inLanguage\":\"it-IT\",\"@id\":\"https:\\\/\\\/news.save.ch\\\/de\\\/#\\\/schema\\\/logo\\\/image\\\/\",\"url\":\"https:\\\/\\\/news.save.ch\\\/wp-content\\\/uploads\\\/2022\\\/06\\\/Logo_SF_2012.png\",\"contentUrl\":\"https:\\\/\\\/news.save.ch\\\/wp-content\\\/uploads\\\/2022\\\/06\\\/Logo_SF_2012.png\",\"width\":1100,\"height\":91,\"caption\":\"Sicherheitsforum\"},\"image\":{\"@id\":\"https:\\\/\\\/news.save.ch\\\/de\\\/#\\\/schema\\\/logo\\\/image\\\/\"}},{\"@type\":\"Person\",\"@id\":\"https:\\\/\\\/news.save.ch\\\/de\\\/#\\\/schema\\\/person\\\/ad4ef21102fd6125312409ac57d5296d\",\"name\":\"Simon Gr\u00f6flin\",\"image\":{\"@type\":\"ImageObject\",\"inLanguage\":\"it-IT\",\"@id\":\"https:\\\/\\\/secure.gravatar.com\\\/avatar\\\/6ddceb80eb734354635539e0ea5140bb7c41e42de7c45c9a2ab9921b5d5c9a83?s=96&d=mm&r=g\",\"url\":\"https:\\\/\\\/secure.gravatar.com\\\/avatar\\\/6ddceb80eb734354635539e0ea5140bb7c41e42de7c45c9a2ab9921b5d5c9a83?s=96&d=mm&r=g\",\"contentUrl\":\"https:\\\/\\\/secure.gravatar.com\\\/avatar\\\/6ddceb80eb734354635539e0ea5140bb7c41e42de7c45c9a2ab9921b5d5c9a83?s=96&d=mm&r=g\",\"caption\":\"Simon Gr\u00f6flin\"},\"url\":\"https:\\\/\\\/news.save.ch\\\/it\\\/author\\\/simon-groeflin\\\/\"}]}<\/script>\n<!-- \/ Yoast SEO plugin. -->","yoast_head_json":{"title":"Misure contro la discriminazione - Salva","description":"Secondo una comunicazione del governo federale, gli studi quantitativi non sono abbastanza adatti a raccogliere dati sulla discriminazione basata sull'identit\u00e0 sessuale. Tuttavia, la base dei dati deve essere migliorata.","robots":{"index":"index","follow":"follow","max-snippet":"max-snippet:-1","max-image-preview":"max-image-preview:large","max-video-preview":"max-video-preview:-1"},"canonical":"https:\/\/news.save.ch\/it\/massnahmen-gegen-diskriminierung\/","og_locale":"it_IT","og_type":"article","og_title":"Massnahmen gegen Diskriminierung - Save","og_description":"Laut einer Mitteilung des Bundes, seien quantitative Untersuchungen zu wenig geeignet, um Daten aufgrund einer Diskriminierung zur sexuellen Identit\u00e4t zu erheben. Dennoch sollen weiterhin Datengrundlagen verbessert werden.","og_url":"https:\/\/news.save.ch\/it\/massnahmen-gegen-diskriminierung\/","og_site_name":"Save","article_published_time":"2022-06-22T08:02:26+00:00","article_modified_time":"2023-06-27T05:24:51+00:00","og_image":[{"width":960,"height":640,"url":"https:\/\/news.save.ch\/wp-content\/uploads\/2022\/06\/LGBT_teaser.jpg","type":"image\/jpeg"}],"author":"Simon Gr\u00f6flin","twitter_card":"summary_large_image","twitter_misc":{"Scritto da":"Simon Gr\u00f6flin","Tempo di lettura stimato":"2 minuti"},"schema":{"@context":"https:\/\/schema.org","@graph":[{"@type":"Article","@id":"https:\/\/news.save.ch\/massnahmen-gegen-diskriminierung\/#article","isPartOf":{"@id":"https:\/\/news.save.ch\/massnahmen-gegen-diskriminierung\/"},"author":{"name":"Simon Gr\u00f6flin","@id":"https:\/\/news.save.ch\/de\/#\/schema\/person\/ad4ef21102fd6125312409ac57d5296d"},"headline":"Massnahmen gegen Diskriminierung","datePublished":"2022-06-22T08:02:26+00:00","dateModified":"2023-06-27T05:24:51+00:00","mainEntityOfPage":{"@id":"https:\/\/news.save.ch\/massnahmen-gegen-diskriminierung\/"},"wordCount":271,"publisher":{"@id":"https:\/\/news.save.ch\/de\/#organization"},"image":{"@id":"https:\/\/news.save.ch\/massnahmen-gegen-diskriminierung\/#primaryimage"},"thumbnailUrl":"https:\/\/news.save.ch\/wp-content\/uploads\/2022\/06\/LGBT_teaser.jpg","keywords":["bund","Daten","Diskriminierung","Geschlechtsidentit\u00e4t","Gesundheitsschutz am Arbeitsplatz","LGBT","MSE","quantitative Untersuchungen","sexuelle Orientierung"],"articleSection":["ALLGEMEIN","HEALTH &amp; SAFETY"],"inLanguage":"it-IT"},{"@type":"WebPage","@id":"https:\/\/news.save.ch\/massnahmen-gegen-diskriminierung\/","url":"https:\/\/news.save.ch\/massnahmen-gegen-diskriminierung\/","name":"Misure contro la discriminazione - Salva","isPartOf":{"@id":"https:\/\/news.save.ch\/de\/#website"},"primaryImageOfPage":{"@id":"https:\/\/news.save.ch\/massnahmen-gegen-diskriminierung\/#primaryimage"},"image":{"@id":"https:\/\/news.save.ch\/massnahmen-gegen-diskriminierung\/#primaryimage"},"thumbnailUrl":"https:\/\/news.save.ch\/wp-content\/uploads\/2022\/06\/LGBT_teaser.jpg","datePublished":"2022-06-22T08:02:26+00:00","dateModified":"2023-06-27T05:24:51+00:00","description":"Secondo una comunicazione del governo federale, gli studi quantitativi non sono abbastanza adatti a raccogliere dati sulla discriminazione basata sull'identit\u00e0 sessuale. Tuttavia, la base dei dati deve essere migliorata.","breadcrumb":{"@id":"https:\/\/news.save.ch\/massnahmen-gegen-diskriminierung\/#breadcrumb"},"inLanguage":"it-IT","potentialAction":[{"@type":"ReadAction","target":["https:\/\/news.save.ch\/massnahmen-gegen-diskriminierung\/"]}]},{"@type":"ImageObject","inLanguage":"it-IT","@id":"https:\/\/news.save.ch\/massnahmen-gegen-diskriminierung\/#primaryimage","url":"https:\/\/news.save.ch\/wp-content\/uploads\/2022\/06\/LGBT_teaser.jpg","contentUrl":"https:\/\/news.save.ch\/wp-content\/uploads\/2022\/06\/LGBT_teaser.jpg","width":960,"height":640,"caption":"Diskriminierungsschutz am Arbeitsplatz"},{"@type":"BreadcrumbList","@id":"https:\/\/news.save.ch\/massnahmen-gegen-diskriminierung\/#breadcrumb","itemListElement":[{"@type":"ListItem","position":1,"name":"Home","item":"https:\/\/news.save.ch\/de\/"},{"@type":"ListItem","position":2,"name":"Massnahmen gegen Diskriminierung"}]},{"@type":"WebSite","@id":"https:\/\/news.save.ch\/de\/#website","url":"https:\/\/news.save.ch\/de\/","name":"Risparmiare","description":"Rivista svizzera specializzata in sicurezza","publisher":{"@id":"https:\/\/news.save.ch\/de\/#organization"},"potentialAction":[{"@type":"SearchAction","target":{"@type":"EntryPoint","urlTemplate":"https:\/\/news.save.ch\/de\/?s={search_term_string}"},"query-input":{"@type":"PropertyValueSpecification","valueRequired":true,"valueName":"search_term_string"}}],"inLanguage":"it-IT"},{"@type":"Organization","@id":"https:\/\/news.save.ch\/de\/#organization","name":"Forum sulla sicurezza","url":"https:\/\/news.save.ch\/de\/","logo":{"@type":"ImageObject","inLanguage":"it-IT","@id":"https:\/\/news.save.ch\/de\/#\/schema\/logo\/image\/","url":"https:\/\/news.save.ch\/wp-content\/uploads\/2022\/06\/Logo_SF_2012.png","contentUrl":"https:\/\/news.save.ch\/wp-content\/uploads\/2022\/06\/Logo_SF_2012.png","width":1100,"height":91,"caption":"Sicherheitsforum"},"image":{"@id":"https:\/\/news.save.ch\/de\/#\/schema\/logo\/image\/"}},{"@type":"Person","@id":"https:\/\/news.save.ch\/de\/#\/schema\/person\/ad4ef21102fd6125312409ac57d5296d","name":"Simon Gr\u00f6flin","image":{"@type":"ImageObject","inLanguage":"it-IT","@id":"https:\/\/secure.gravatar.com\/avatar\/6ddceb80eb734354635539e0ea5140bb7c41e42de7c45c9a2ab9921b5d5c9a83?s=96&d=mm&r=g","url":"https:\/\/secure.gravatar.com\/avatar\/6ddceb80eb734354635539e0ea5140bb7c41e42de7c45c9a2ab9921b5d5c9a83?s=96&d=mm&r=g","contentUrl":"https:\/\/secure.gravatar.com\/avatar\/6ddceb80eb734354635539e0ea5140bb7c41e42de7c45c9a2ab9921b5d5c9a83?s=96&d=mm&r=g","caption":"Simon Gr\u00f6flin"},"url":"https:\/\/news.save.ch\/it\/author\/simon-groeflin\/"}]}},"_links":{"self":[{"href":"https:\/\/news.save.ch\/it\/wp-json\/wp\/v2\/posts\/9232","targetHints":{"allow":["GET"]}}],"collection":[{"href":"https:\/\/news.save.ch\/it\/wp-json\/wp\/v2\/posts"}],"about":[{"href":"https:\/\/news.save.ch\/it\/wp-json\/wp\/v2\/types\/post"}],"author":[{"embeddable":true,"href":"https:\/\/news.save.ch\/it\/wp-json\/wp\/v2\/users\/9"}],"replies":[{"embeddable":true,"href":"https:\/\/news.save.ch\/it\/wp-json\/wp\/v2\/comments?post=9232"}],"version-history":[{"count":3,"href":"https:\/\/news.save.ch\/it\/wp-json\/wp\/v2\/posts\/9232\/revisions"}],"predecessor-version":[{"id":20365,"href":"https:\/\/news.save.ch\/it\/wp-json\/wp\/v2\/posts\/9232\/revisions\/20365"}],"wp:featuredmedia":[{"embeddable":true,"href":"https:\/\/news.save.ch\/it\/wp-json\/wp\/v2\/media\/9237"}],"wp:attachment":[{"href":"https:\/\/news.save.ch\/it\/wp-json\/wp\/v2\/media?parent=9232"}],"wp:term":[{"taxonomy":"category","embeddable":true,"href":"https:\/\/news.save.ch\/it\/wp-json\/wp\/v2\/categories?post=9232"},{"taxonomy":"post_tag","embeddable":true,"href":"https:\/\/news.save.ch\/it\/wp-json\/wp\/v2\/tags?post=9232"}],"curies":[{"name":"wp","href":"https:\/\/api.w.org\/{rel}","templated":true}]}}