{"id":9269,"date":"2022-06-30T07:26:58","date_gmt":"2022-06-30T05:26:58","guid":{"rendered":"https:\/\/news.save.ch\/?p=9269"},"modified":"2023-06-27T07:41:43","modified_gmt":"2023-06-27T05:41:43","slug":"jaehrlich-wird-jeder-achte-lernende-opfer-eines-berufsunfalls","status":null,"type":"post","link":"https:\/\/news.save.ch\/it\/jaehrlich-wird-jeder-achte-lernende-opfer-eines-berufsunfalls\/","title":{"rendered":"Ogni anno, un apprendista su otto \u00e8 vittima di un infortunio sul lavoro"},"content":{"rendered":"<figure id=\"attachment_7587\" aria-describedby=\"caption-attachment-7587\" style=\"width: 680px\" class=\"wp-caption alignnone\"><img loading=\"lazy\" decoding=\"async\" class=\"wp-image-7587 size-medium\" src=\"https:\/\/news.save.ch\/wp-content\/uploads\/2021\/08\/Lehrzeit-680x510.jpeg\" alt=\"Studenti\" width=\"680\" height=\"510\" srcset=\"https:\/\/news.save.ch\/wp-content\/uploads\/2021\/08\/Lehrzeit-680x510.jpeg 680w, https:\/\/news.save.ch\/wp-content\/uploads\/2021\/08\/Lehrzeit-768x576.jpeg 768w, https:\/\/news.save.ch\/wp-content\/uploads\/2021\/08\/Lehrzeit-16x12.jpeg 16w, https:\/\/news.save.ch\/wp-content\/uploads\/2021\/08\/Lehrzeit-375x281.jpeg 375w, https:\/\/news.save.ch\/wp-content\/uploads\/2021\/08\/Lehrzeit-467x350.jpeg 467w, https:\/\/news.save.ch\/wp-content\/uploads\/2021\/08\/Lehrzeit.jpeg 960w\" sizes=\"auto, (max-width: 680px) 100vw, 680px\" \/><figcaption id=\"caption-attachment-7587\" class=\"wp-caption-text\">zVg<\/figcaption><\/figure>\n<p>Avvicinandomi, ho visto le lenzuola con sotto i due corpi senza vita\". \u00c8 cos\u00ec che Thomas Schwegler, amministratore delegato di una PMI, ricorda il giorno che non dimenticher\u00e0 mai. Un dipendente e un apprendista hanno perso la vita mentre svolgevano un lavoro che fa parte della vita quotidiana dell'azienda. \"Prima di questo incidente, non avrei mai potuto immaginare di trovarmi in una situazione simile. E non vorrei altro che qualcuno fosse stato l\u00ec a dire basta\".<\/p>\n<h2>Alto rischio<\/h2>\n<p>Ogni anno, un apprendista su otto \u00e8 vittima di un incidente sul lavoro. Due addirittura perdono la vita ogni anno. Il rischio di infortunio \u00e8 quasi doppio per gli apprendisti rispetto agli altri dipendenti. Diverse ragioni contribuiscono a questo fenomeno: Gli apprendisti sono nuovi al lavoro e nuovi all'azienda. Hanno meno esperienza e spesso sono pi\u00f9 imprudenti. Sopravvalutano le loro capacit\u00e0 e non osano fare domande. Inoltre, i supervisori non si comportano sempre in modo esemplare e danno poche istruzioni. Questo li rende ancora pi\u00f9 responsabili.<\/p>\n<h2>Distintivo di arresto come simbolo<\/h2>\n<p>I formatori professionali svolgono un ruolo centrale durante il periodo di apprendistato. Sono importanti confidenti e figure chiave per le questioni di sicurezza. La scheda di stop \u00e8 la base per un apprendistato sicuro. Viene compilata insieme agli apprendisti all'inizio del tirocinio. Simboleggia il diritto e il dovere di fermarsi in caso di pericolo. Gli apprendisti devono dire basta se viene violata una regola fondamentale, se l'incarico di lavoro non \u00e8 chiaro o se si sentono insicuri o sopraffatti.<\/p>\n<h2>Suggerimenti per dire basta<\/h2>\n<p>Non \u00e8 sempre facile dire basta e interrompere il lavoro quando c'\u00e8 un pericolo. Gli studenti hanno bisogno di molto coraggio e fiducia in se stessi per farlo. Pu\u00f2 essere utile che i giovani professionisti ne parlino con i loro supervisori o con i colleghi della scuola professionale. I suggerimenti dei colleghi sul tema del dire basta li incoraggiano a usarlo davvero nella pratica. I supervisori dovrebbero studiare in anticipo con i discenti come reagire se qualcuno reagisce negativamente al \"dire basta\". Se gli insegnanti di IFP incoraggiano costantemente i loro allievi a fare domande, questo rafforza la fiducia in se stessi dei giovani professionisti. Dopo tutto, sono ancora in formazione e possono affrontare le incertezze.<\/p>\n<h2>Dieci consigli per gli studenti<\/h2>\n<ul>\n<li>Rispetto le norme di sicurezza dell'azienda.<\/li>\n<li>Uso sempre i dispositivi di protezione individuale.<\/li>\n<li>Mi attengo alle regole fondamentali della mia professione.<\/li>\n<li>Lavoro con le attrezzature di lavoro solo quando sono stato istruito a farlo.<\/li>\n<li>Svolgo il lavoro in modo sistematico e pianifico il tempo necessario per farlo.<\/li>\n<li>Chiedo se qualcosa non \u00e8 chiaro.<\/li>\n<li>Non mi distraggo al lavoro.<\/li>\n<li>Vengo al lavoro riposato.<\/li>\n<li>Vengo al lavoro sobrio.<\/li>\n<li>Durante le lezioni di sport mi comporto in modo da non farmi male.<\/li>\n<\/ul>\n<p><em>Fonte: Suva<\/em><\/p>\n<p>&nbsp;<\/p>","protected":false},"excerpt":{"rendered":"<p>Als ich n\u00e4her kam, sah ich die Leint\u00fccher mit den zwei leblosen K\u00f6rpern darunter.\u00bb So erinnert sich Thomas Schwegler, Gesch\u00e4ftsf\u00fchrer eines KMU, an den Tag, den er niemals vergessen wird. Ein Mitarbeiter und ein Lernender kamen bei einer Arbeit ums Leben, die im Betrieb zum Alltag geh\u00f6rt. \u00abIch konnte mir vor diesem Unfall nie vorstellen, [&hellip;]<\/p>\n","protected":false},"author":9,"featured_media":7587,"comment_status":"closed","ping_status":"closed","sticky":false,"template":"","format":"standard","meta":{"_acf_changed":false,"pgc_sgb_lightbox_settings":"","footnotes":""},"categories":[3314],"tags":[1767,1781,2460,4390,4389,4391],"class_list":["post-9269","post","type-post","status-publish","format-standard","has-post-thumbnail","hentry","category-health-safety","tag-berufsunfall","tag-betriebsunfaelle","tag-lernende","tag-sicherheit-am-arbeitsplatz","tag-stopp-ausweis","tag-verantwortung-der-vorgesetzten"],"acf":[],"hkrextid":null,"publication":null,"issue":null,"workflow":null,"startPage":null,"spitzmarke":null,"_posts_by_tag_page_fields":{"widget_title":"","widget_tags":""},"_at_widget":"1","_yoast_wpseo_primary_category":"","_yoast_wpseo_focuskw_text_input":null,"_yoast_wpseo_opengraph-image":null,"_yoast_wpseo_opengraph-description":null,"_yoast_wpseo_opengraph-title":null,"enclosure":null,"_yoast_wpseo_twitter-title":null,"_yoast_wpseo_twitter-description":null,"_yoast_wpseo_twitter-image":null,"_wp_old_slug":null,"_yoast_wpseo_title":null,"_yoast_wpseo_canonical":null,"yoast_head":"<!-- This site is optimized with the Yoast SEO plugin v27.4 - https:\/\/yoast.com\/product\/yoast-seo-wordpress\/ -->\n<title>J\u00e4hrlich wird jeder achte Lernende Opfer eines Berufsunfalls - Save<\/title>\n<meta name=\"description\" content=\"25&#039;000 Lernende verunfallen j\u00e4hrlich in der Schweiz bei der Arbeit. Um diese Zahl zu senken, brauchen Lernende die Unterst\u00fctzung durch die Berufsbildenden und den Mut, Stopp zu sagen.\" \/>\n<meta name=\"robots\" content=\"index, follow, max-snippet:-1, max-image-preview:large, max-video-preview:-1\" \/>\n<link rel=\"canonical\" href=\"https:\/\/news.save.ch\/it\/jaehrlich-wird-jeder-achte-lernende-opfer-eines-berufsunfalls\/\" \/>\n<meta property=\"og:locale\" content=\"it_IT\" \/>\n<meta property=\"og:type\" content=\"article\" \/>\n<meta property=\"og:title\" content=\"J\u00e4hrlich wird jeder achte Lernende Opfer eines Berufsunfalls - Save\" \/>\n<meta property=\"og:description\" content=\"25&#039;000 Lernende verunfallen j\u00e4hrlich in der Schweiz bei der Arbeit. Um diese Zahl zu senken, brauchen Lernende die Unterst\u00fctzung durch die Berufsbildenden und den Mut, Stopp zu sagen.\" \/>\n<meta property=\"og:url\" content=\"https:\/\/news.save.ch\/it\/jaehrlich-wird-jeder-achte-lernende-opfer-eines-berufsunfalls\/\" \/>\n<meta property=\"og:site_name\" content=\"Save\" \/>\n<meta property=\"article:published_time\" content=\"2022-06-30T05:26:58+00:00\" \/>\n<meta property=\"article:modified_time\" content=\"2023-06-27T05:41:43+00:00\" \/>\n<meta property=\"og:image\" content=\"https:\/\/news.save.ch\/wp-content\/uploads\/2021\/08\/Lehrzeit.jpeg\" \/>\n\t<meta property=\"og:image:width\" content=\"960\" \/>\n\t<meta property=\"og:image:height\" content=\"720\" \/>\n\t<meta property=\"og:image:type\" content=\"image\/jpeg\" \/>\n<meta name=\"author\" content=\"Simon Gr\u00f6flin\" \/>\n<meta name=\"twitter:card\" content=\"summary_large_image\" \/>\n<meta name=\"twitter:label1\" content=\"Scritto da\" \/>\n\t<meta name=\"twitter:data1\" content=\"Simon Gr\u00f6flin\" \/>\n\t<meta name=\"twitter:label2\" content=\"Tempo di lettura stimato\" \/>\n\t<meta name=\"twitter:data2\" content=\"3 minuti\" \/>\n<script type=\"application\/ld+json\" class=\"yoast-schema-graph\">{\"@context\":\"https:\\\/\\\/schema.org\",\"@graph\":[{\"@type\":\"Article\",\"@id\":\"https:\\\/\\\/news.save.ch\\\/jaehrlich-wird-jeder-achte-lernende-opfer-eines-berufsunfalls\\\/#article\",\"isPartOf\":{\"@id\":\"https:\\\/\\\/news.save.ch\\\/jaehrlich-wird-jeder-achte-lernende-opfer-eines-berufsunfalls\\\/\"},\"author\":{\"name\":\"Simon Gr\u00f6flin\",\"@id\":\"https:\\\/\\\/news.save.ch\\\/de\\\/#\\\/schema\\\/person\\\/ad4ef21102fd6125312409ac57d5296d\"},\"headline\":\"J\u00e4hrlich wird jeder achte Lernende Opfer eines Berufsunfalls\",\"datePublished\":\"2022-06-30T05:26:58+00:00\",\"dateModified\":\"2023-06-27T05:41:43+00:00\",\"mainEntityOfPage\":{\"@id\":\"https:\\\/\\\/news.save.ch\\\/jaehrlich-wird-jeder-achte-lernende-opfer-eines-berufsunfalls\\\/\"},\"wordCount\":487,\"publisher\":{\"@id\":\"https:\\\/\\\/news.save.ch\\\/de\\\/#organization\"},\"image\":{\"@id\":\"https:\\\/\\\/news.save.ch\\\/jaehrlich-wird-jeder-achte-lernende-opfer-eines-berufsunfalls\\\/#primaryimage\"},\"thumbnailUrl\":\"https:\\\/\\\/news.save.ch\\\/wp-content\\\/uploads\\\/2021\\\/08\\\/Lehrzeit.jpeg\",\"keywords\":[\"Berufsunfall\",\"Betriebsunf\u00e4lle\",\"Lernende\",\"Sicherheit am Arbeitsplatz\",\"Stopp-Ausweis\",\"Verantwortung der Vorgesetzten\"],\"articleSection\":[\"HEALTH &amp; SAFETY\"],\"inLanguage\":\"it-IT\"},{\"@type\":\"WebPage\",\"@id\":\"https:\\\/\\\/news.save.ch\\\/jaehrlich-wird-jeder-achte-lernende-opfer-eines-berufsunfalls\\\/\",\"url\":\"https:\\\/\\\/news.save.ch\\\/jaehrlich-wird-jeder-achte-lernende-opfer-eines-berufsunfalls\\\/\",\"name\":\"J\u00e4hrlich wird jeder achte Lernende Opfer eines Berufsunfalls - Save\",\"isPartOf\":{\"@id\":\"https:\\\/\\\/news.save.ch\\\/de\\\/#website\"},\"primaryImageOfPage\":{\"@id\":\"https:\\\/\\\/news.save.ch\\\/jaehrlich-wird-jeder-achte-lernende-opfer-eines-berufsunfalls\\\/#primaryimage\"},\"image\":{\"@id\":\"https:\\\/\\\/news.save.ch\\\/jaehrlich-wird-jeder-achte-lernende-opfer-eines-berufsunfalls\\\/#primaryimage\"},\"thumbnailUrl\":\"https:\\\/\\\/news.save.ch\\\/wp-content\\\/uploads\\\/2021\\\/08\\\/Lehrzeit.jpeg\",\"datePublished\":\"2022-06-30T05:26:58+00:00\",\"dateModified\":\"2023-06-27T05:41:43+00:00\",\"description\":\"25'000 Lernende verunfallen j\u00e4hrlich in der Schweiz bei der Arbeit. Um diese Zahl zu senken, brauchen Lernende die Unterst\u00fctzung durch die Berufsbildenden und den Mut, Stopp zu sagen.\",\"breadcrumb\":{\"@id\":\"https:\\\/\\\/news.save.ch\\\/jaehrlich-wird-jeder-achte-lernende-opfer-eines-berufsunfalls\\\/#breadcrumb\"},\"inLanguage\":\"it-IT\",\"potentialAction\":[{\"@type\":\"ReadAction\",\"target\":[\"https:\\\/\\\/news.save.ch\\\/jaehrlich-wird-jeder-achte-lernende-opfer-eines-berufsunfalls\\\/\"]}]},{\"@type\":\"ImageObject\",\"inLanguage\":\"it-IT\",\"@id\":\"https:\\\/\\\/news.save.ch\\\/jaehrlich-wird-jeder-achte-lernende-opfer-eines-berufsunfalls\\\/#primaryimage\",\"url\":\"https:\\\/\\\/news.save.ch\\\/wp-content\\\/uploads\\\/2021\\\/08\\\/Lehrzeit.jpeg\",\"contentUrl\":\"https:\\\/\\\/news.save.ch\\\/wp-content\\\/uploads\\\/2021\\\/08\\\/Lehrzeit.jpeg\",\"width\":960,\"height\":720,\"caption\":\"zVg\"},{\"@type\":\"BreadcrumbList\",\"@id\":\"https:\\\/\\\/news.save.ch\\\/jaehrlich-wird-jeder-achte-lernende-opfer-eines-berufsunfalls\\\/#breadcrumb\",\"itemListElement\":[{\"@type\":\"ListItem\",\"position\":1,\"name\":\"Home\",\"item\":\"https:\\\/\\\/news.save.ch\\\/de\\\/\"},{\"@type\":\"ListItem\",\"position\":2,\"name\":\"J\u00e4hrlich wird jeder achte Lernende Opfer eines Berufsunfalls\"}]},{\"@type\":\"WebSite\",\"@id\":\"https:\\\/\\\/news.save.ch\\\/de\\\/#website\",\"url\":\"https:\\\/\\\/news.save.ch\\\/de\\\/\",\"name\":\"Save\",\"description\":\"Schweizer Fachzeitschrift f\u00fcr Sicherheit\",\"publisher\":{\"@id\":\"https:\\\/\\\/news.save.ch\\\/de\\\/#organization\"},\"potentialAction\":[{\"@type\":\"SearchAction\",\"target\":{\"@type\":\"EntryPoint\",\"urlTemplate\":\"https:\\\/\\\/news.save.ch\\\/de\\\/?s={search_term_string}\"},\"query-input\":{\"@type\":\"PropertyValueSpecification\",\"valueRequired\":true,\"valueName\":\"search_term_string\"}}],\"inLanguage\":\"it-IT\"},{\"@type\":\"Organization\",\"@id\":\"https:\\\/\\\/news.save.ch\\\/de\\\/#organization\",\"name\":\"Sicherheitsforum\",\"url\":\"https:\\\/\\\/news.save.ch\\\/de\\\/\",\"logo\":{\"@type\":\"ImageObject\",\"inLanguage\":\"it-IT\",\"@id\":\"https:\\\/\\\/news.save.ch\\\/de\\\/#\\\/schema\\\/logo\\\/image\\\/\",\"url\":\"https:\\\/\\\/news.save.ch\\\/wp-content\\\/uploads\\\/2022\\\/06\\\/Logo_SF_2012.png\",\"contentUrl\":\"https:\\\/\\\/news.save.ch\\\/wp-content\\\/uploads\\\/2022\\\/06\\\/Logo_SF_2012.png\",\"width\":1100,\"height\":91,\"caption\":\"Sicherheitsforum\"},\"image\":{\"@id\":\"https:\\\/\\\/news.save.ch\\\/de\\\/#\\\/schema\\\/logo\\\/image\\\/\"}},{\"@type\":\"Person\",\"@id\":\"https:\\\/\\\/news.save.ch\\\/de\\\/#\\\/schema\\\/person\\\/ad4ef21102fd6125312409ac57d5296d\",\"name\":\"Simon Gr\u00f6flin\",\"image\":{\"@type\":\"ImageObject\",\"inLanguage\":\"it-IT\",\"@id\":\"https:\\\/\\\/secure.gravatar.com\\\/avatar\\\/6ddceb80eb734354635539e0ea5140bb7c41e42de7c45c9a2ab9921b5d5c9a83?s=96&d=mm&r=g\",\"url\":\"https:\\\/\\\/secure.gravatar.com\\\/avatar\\\/6ddceb80eb734354635539e0ea5140bb7c41e42de7c45c9a2ab9921b5d5c9a83?s=96&d=mm&r=g\",\"contentUrl\":\"https:\\\/\\\/secure.gravatar.com\\\/avatar\\\/6ddceb80eb734354635539e0ea5140bb7c41e42de7c45c9a2ab9921b5d5c9a83?s=96&d=mm&r=g\",\"caption\":\"Simon Gr\u00f6flin\"},\"url\":\"https:\\\/\\\/news.save.ch\\\/it\\\/author\\\/simon-groeflin\\\/\"}]}<\/script>\n<!-- \/ Yoast SEO plugin. -->","yoast_head_json":{"title":"Ogni anno, un apprendista su otto \u00e8 vittima di un infortunio sul lavoro - Save","description":"Ogni anno in Svizzera 25.000 apprendisti subiscono incidenti sul lavoro. Per ridurre questo numero, gli apprendisti hanno bisogno del sostegno dei fornitori di formazione professionale e del coraggio di dire basta.","robots":{"index":"index","follow":"follow","max-snippet":"max-snippet:-1","max-image-preview":"max-image-preview:large","max-video-preview":"max-video-preview:-1"},"canonical":"https:\/\/news.save.ch\/it\/jaehrlich-wird-jeder-achte-lernende-opfer-eines-berufsunfalls\/","og_locale":"it_IT","og_type":"article","og_title":"J\u00e4hrlich wird jeder achte Lernende Opfer eines Berufsunfalls - Save","og_description":"25'000 Lernende verunfallen j\u00e4hrlich in der Schweiz bei der Arbeit. Um diese Zahl zu senken, brauchen Lernende die Unterst\u00fctzung durch die Berufsbildenden und den Mut, Stopp zu sagen.","og_url":"https:\/\/news.save.ch\/it\/jaehrlich-wird-jeder-achte-lernende-opfer-eines-berufsunfalls\/","og_site_name":"Save","article_published_time":"2022-06-30T05:26:58+00:00","article_modified_time":"2023-06-27T05:41:43+00:00","og_image":[{"width":960,"height":720,"url":"https:\/\/news.save.ch\/wp-content\/uploads\/2021\/08\/Lehrzeit.jpeg","type":"image\/jpeg"}],"author":"Simon Gr\u00f6flin","twitter_card":"summary_large_image","twitter_misc":{"Scritto da":"Simon Gr\u00f6flin","Tempo di lettura stimato":"3 minuti"},"schema":{"@context":"https:\/\/schema.org","@graph":[{"@type":"Article","@id":"https:\/\/news.save.ch\/jaehrlich-wird-jeder-achte-lernende-opfer-eines-berufsunfalls\/#article","isPartOf":{"@id":"https:\/\/news.save.ch\/jaehrlich-wird-jeder-achte-lernende-opfer-eines-berufsunfalls\/"},"author":{"name":"Simon Gr\u00f6flin","@id":"https:\/\/news.save.ch\/de\/#\/schema\/person\/ad4ef21102fd6125312409ac57d5296d"},"headline":"J\u00e4hrlich wird jeder achte Lernende Opfer eines Berufsunfalls","datePublished":"2022-06-30T05:26:58+00:00","dateModified":"2023-06-27T05:41:43+00:00","mainEntityOfPage":{"@id":"https:\/\/news.save.ch\/jaehrlich-wird-jeder-achte-lernende-opfer-eines-berufsunfalls\/"},"wordCount":487,"publisher":{"@id":"https:\/\/news.save.ch\/de\/#organization"},"image":{"@id":"https:\/\/news.save.ch\/jaehrlich-wird-jeder-achte-lernende-opfer-eines-berufsunfalls\/#primaryimage"},"thumbnailUrl":"https:\/\/news.save.ch\/wp-content\/uploads\/2021\/08\/Lehrzeit.jpeg","keywords":["Berufsunfall","Betriebsunf\u00e4lle","Lernende","Sicherheit am Arbeitsplatz","Stopp-Ausweis","Verantwortung der Vorgesetzten"],"articleSection":["HEALTH &amp; SAFETY"],"inLanguage":"it-IT"},{"@type":"WebPage","@id":"https:\/\/news.save.ch\/jaehrlich-wird-jeder-achte-lernende-opfer-eines-berufsunfalls\/","url":"https:\/\/news.save.ch\/jaehrlich-wird-jeder-achte-lernende-opfer-eines-berufsunfalls\/","name":"Ogni anno, un apprendista su otto \u00e8 vittima di un infortunio sul lavoro - Save","isPartOf":{"@id":"https:\/\/news.save.ch\/de\/#website"},"primaryImageOfPage":{"@id":"https:\/\/news.save.ch\/jaehrlich-wird-jeder-achte-lernende-opfer-eines-berufsunfalls\/#primaryimage"},"image":{"@id":"https:\/\/news.save.ch\/jaehrlich-wird-jeder-achte-lernende-opfer-eines-berufsunfalls\/#primaryimage"},"thumbnailUrl":"https:\/\/news.save.ch\/wp-content\/uploads\/2021\/08\/Lehrzeit.jpeg","datePublished":"2022-06-30T05:26:58+00:00","dateModified":"2023-06-27T05:41:43+00:00","description":"Ogni anno in Svizzera 25.000 apprendisti subiscono incidenti sul lavoro. Per ridurre questo numero, gli apprendisti hanno bisogno del sostegno dei fornitori di formazione professionale e del coraggio di dire basta.","breadcrumb":{"@id":"https:\/\/news.save.ch\/jaehrlich-wird-jeder-achte-lernende-opfer-eines-berufsunfalls\/#breadcrumb"},"inLanguage":"it-IT","potentialAction":[{"@type":"ReadAction","target":["https:\/\/news.save.ch\/jaehrlich-wird-jeder-achte-lernende-opfer-eines-berufsunfalls\/"]}]},{"@type":"ImageObject","inLanguage":"it-IT","@id":"https:\/\/news.save.ch\/jaehrlich-wird-jeder-achte-lernende-opfer-eines-berufsunfalls\/#primaryimage","url":"https:\/\/news.save.ch\/wp-content\/uploads\/2021\/08\/Lehrzeit.jpeg","contentUrl":"https:\/\/news.save.ch\/wp-content\/uploads\/2021\/08\/Lehrzeit.jpeg","width":960,"height":720,"caption":"zVg"},{"@type":"BreadcrumbList","@id":"https:\/\/news.save.ch\/jaehrlich-wird-jeder-achte-lernende-opfer-eines-berufsunfalls\/#breadcrumb","itemListElement":[{"@type":"ListItem","position":1,"name":"Home","item":"https:\/\/news.save.ch\/de\/"},{"@type":"ListItem","position":2,"name":"J\u00e4hrlich wird jeder achte Lernende Opfer eines Berufsunfalls"}]},{"@type":"WebSite","@id":"https:\/\/news.save.ch\/de\/#website","url":"https:\/\/news.save.ch\/de\/","name":"Risparmiare","description":"Rivista svizzera specializzata in sicurezza","publisher":{"@id":"https:\/\/news.save.ch\/de\/#organization"},"potentialAction":[{"@type":"SearchAction","target":{"@type":"EntryPoint","urlTemplate":"https:\/\/news.save.ch\/de\/?s={search_term_string}"},"query-input":{"@type":"PropertyValueSpecification","valueRequired":true,"valueName":"search_term_string"}}],"inLanguage":"it-IT"},{"@type":"Organization","@id":"https:\/\/news.save.ch\/de\/#organization","name":"Forum sulla sicurezza","url":"https:\/\/news.save.ch\/de\/","logo":{"@type":"ImageObject","inLanguage":"it-IT","@id":"https:\/\/news.save.ch\/de\/#\/schema\/logo\/image\/","url":"https:\/\/news.save.ch\/wp-content\/uploads\/2022\/06\/Logo_SF_2012.png","contentUrl":"https:\/\/news.save.ch\/wp-content\/uploads\/2022\/06\/Logo_SF_2012.png","width":1100,"height":91,"caption":"Sicherheitsforum"},"image":{"@id":"https:\/\/news.save.ch\/de\/#\/schema\/logo\/image\/"}},{"@type":"Person","@id":"https:\/\/news.save.ch\/de\/#\/schema\/person\/ad4ef21102fd6125312409ac57d5296d","name":"Simon Gr\u00f6flin","image":{"@type":"ImageObject","inLanguage":"it-IT","@id":"https:\/\/secure.gravatar.com\/avatar\/6ddceb80eb734354635539e0ea5140bb7c41e42de7c45c9a2ab9921b5d5c9a83?s=96&d=mm&r=g","url":"https:\/\/secure.gravatar.com\/avatar\/6ddceb80eb734354635539e0ea5140bb7c41e42de7c45c9a2ab9921b5d5c9a83?s=96&d=mm&r=g","contentUrl":"https:\/\/secure.gravatar.com\/avatar\/6ddceb80eb734354635539e0ea5140bb7c41e42de7c45c9a2ab9921b5d5c9a83?s=96&d=mm&r=g","caption":"Simon Gr\u00f6flin"},"url":"https:\/\/news.save.ch\/it\/author\/simon-groeflin\/"}]}},"_links":{"self":[{"href":"https:\/\/news.save.ch\/it\/wp-json\/wp\/v2\/posts\/9269","targetHints":{"allow":["GET"]}}],"collection":[{"href":"https:\/\/news.save.ch\/it\/wp-json\/wp\/v2\/posts"}],"about":[{"href":"https:\/\/news.save.ch\/it\/wp-json\/wp\/v2\/types\/post"}],"author":[{"embeddable":true,"href":"https:\/\/news.save.ch\/it\/wp-json\/wp\/v2\/users\/9"}],"replies":[{"embeddable":true,"href":"https:\/\/news.save.ch\/it\/wp-json\/wp\/v2\/comments?post=9269"}],"version-history":[{"count":4,"href":"https:\/\/news.save.ch\/it\/wp-json\/wp\/v2\/posts\/9269\/revisions"}],"predecessor-version":[{"id":20376,"href":"https:\/\/news.save.ch\/it\/wp-json\/wp\/v2\/posts\/9269\/revisions\/20376"}],"wp:featuredmedia":[{"embeddable":true,"href":"https:\/\/news.save.ch\/it\/wp-json\/wp\/v2\/media\/7587"}],"wp:attachment":[{"href":"https:\/\/news.save.ch\/it\/wp-json\/wp\/v2\/media?parent=9269"}],"wp:term":[{"taxonomy":"category","embeddable":true,"href":"https:\/\/news.save.ch\/it\/wp-json\/wp\/v2\/categories?post=9269"},{"taxonomy":"post_tag","embeddable":true,"href":"https:\/\/news.save.ch\/it\/wp-json\/wp\/v2\/tags?post=9269"}],"curies":[{"name":"wp","href":"https:\/\/api.w.org\/{rel}","templated":true}]}}