{"id":9379,"date":"2022-07-25T09:36:22","date_gmt":"2022-07-25T07:36:22","guid":{"rendered":"https:\/\/news.save.ch\/?p=9379"},"modified":"2023-06-20T16:26:23","modified_gmt":"2023-06-20T14:26:23","slug":"firma-geloescht-stromschlaggefahr-bei-bestimmten-led-leuchten","status":null,"type":"post","link":"https:\/\/news.save.ch\/it\/firma-geloescht-stromschlaggefahr-bei-bestimmten-led-leuchten\/","title":{"rendered":"Azienda eliminata: rischio di scosse elettriche con alcuni apparecchi di illuminazione a LED"},"content":{"rendered":"<figure id=\"attachment_9382\" aria-describedby=\"caption-attachment-9382\" style=\"width: 639px\" class=\"wp-caption alignnone\"><img loading=\"lazy\" decoding=\"async\" class=\"wp-image-9382 size-full\" src=\"https:\/\/news.save.ch\/wp-content\/uploads\/2022\/07\/Induled_teaser.jpg\" alt=\"Ispettorato federale degli impianti a corrente forte (ESTI)\" width=\"639\" height=\"455\" srcset=\"https:\/\/news.save.ch\/wp-content\/uploads\/2022\/07\/Induled_teaser.jpg 639w, https:\/\/news.save.ch\/wp-content\/uploads\/2022\/07\/Induled_teaser-18x12.jpg 18w, https:\/\/news.save.ch\/wp-content\/uploads\/2022\/07\/Induled_teaser-375x267.jpg 375w, https:\/\/news.save.ch\/wp-content\/uploads\/2022\/07\/Induled_teaser-492x350.jpg 492w\" sizes=\"auto, (max-width: 639px) 100vw, 639px\" \/><figcaption id=\"caption-attachment-9382\" class=\"wp-caption-text\">Immagine: zVg<\/figcaption><\/figure>\n<p>In un avviso di sicurezza, l'Ispettorato Federale Svizzero per gli Impianti a Corrente Forte (ESTI) informa di un possibile rischio di scossa elettrica per gli apparecchi di illuminazione \"LED T8\" e \"LED T5\" del distributore Induled GmbH. Sono interessati non solo gli apparecchi, ma anche i connettori, per cui non si pu\u00f2 escludere un rischio di scossa elettrica. ESTI non ha ricevuto informazioni dal distributore responsabile Induled GmbH. Nel frattempo, l'azienda \u00e8 stata ufficialmente cancellata.<\/p>\n<p>I seguenti prodotti sono interessati dal problema di sicurezza:<\/p>\n<p>Apparecchio LED, LED T8 integrato in striscia, Art. N. CP-T806-9WI-TW<\/p>\n<ul>\n<li>Apparecchio LED, LED T8 integrato in striscia, Art. N. CP-T812-18WI-TW<\/li>\n<li>Apparecchio LED, LED T8 integrato in striscia, Art. N. CP-T815-23WI-TW<\/li>\n<li>Apparecchio LED, LED T5 integrato in striscia, Art. N. CP-T506-9WI-TW<\/li>\n<li>Apparecchio LED, LED T5 integrato in striscia, Art. No. CP-T512-16WI-TW<\/li>\n<li>Apparecchio LED, LED T5 integrato in striscia, Art. N. CP-T512-18WI-TW<\/li>\n<li>Apparecchio LED, LED T5 integrato in striscia, Art. N. CP-T515-23WI-TW<\/li>\n<\/ul>\n<p>Anche i connettori associati sono interessati.<\/p>\n<p>I prodotti sono stati venduti fino alla fine del 2021, forse anche oltre, dalla societ\u00e0 Induled GmbH, Kirchgasse 4, Bassersdorf, ora scomparsa. I consumatori non dovrebbero pi\u00f9 utilizzare queste luci a LED e farle sostituire da un elettricista, avverte l'ESTI.<\/p>\n<p><em>Fonte: ESTI<\/em><\/p>","protected":false},"excerpt":{"rendered":"<p>Das Eidgen\u00f6ssische Starkstrominspektorat (ESTI) informiert in einer Sicherheitswarnung \u00fcber eine m\u00f6gliche Stromschlaggefahr der Leuchten \u00abLED T8\u00bb und \u00abLED T5\u00bb der Inverkehrbringerin Induled GmbH. Betroffen sind nicht nur die Leuchten, sondern auch die Verbindungsst\u00fccke, sodass eine Stromschlaggefahr nicht ausgeschlossen werden k\u00f6nne. Die Informationen durch die verantwortliche Inverkehrbringerin Induled GmbH hat das ESTI nicht erhalten. Inzwischen wurde [&hellip;]<\/p>\n","protected":false},"author":9,"featured_media":9382,"comment_status":"closed","ping_status":"closed","sticky":false,"template":"","format":"standard","meta":{"_acf_changed":false,"pgc_sgb_lightbox_settings":"","footnotes":""},"categories":[1,3314],"tags":[837,4302,4301,2915,3018],"class_list":["post-9379","post","type-post","status-publish","format-standard","has-post-thumbnail","hentry","category-allgemein","category-health-safety","tag-esti","tag-induled-gmbh","tag-led-leuchten","tag-sicherheitswarnung","tag-stromschlaggefahr"],"acf":[],"hkrextid":null,"publication":null,"issue":null,"workflow":null,"startPage":null,"spitzmarke":null,"_posts_by_tag_page_fields":{"widget_title":"","widget_tags":""},"_at_widget":"1","_yoast_wpseo_primary_category":"1","_yoast_wpseo_focuskw_text_input":null,"_yoast_wpseo_opengraph-image":null,"_yoast_wpseo_opengraph-description":null,"_yoast_wpseo_opengraph-title":null,"enclosure":null,"_yoast_wpseo_twitter-title":null,"_yoast_wpseo_twitter-description":null,"_yoast_wpseo_twitter-image":null,"_wp_old_slug":null,"_yoast_wpseo_title":null,"_yoast_wpseo_canonical":null,"yoast_head":"<!-- This site is optimized with the Yoast SEO plugin v27.4 - https:\/\/yoast.com\/product\/yoast-seo-wordpress\/ -->\n<title>Firma gel\u00f6scht: Stromschlaggefahr bei bestimmten LED-Leuchten - Save<\/title>\n<meta name=\"description\" content=\"Das Eidgen\u00f6ssische Starkstrominspektorat (ESTI) warnt vor einer m\u00f6glichen Stromschlaggefahr der Leuchten \u00abLED T8\u00bb und \u00abLED T5\u00bb der Marke \u00abInduled\u00bb. Die GmbH inzwischen von Amtes wegen gel\u00f6scht. Es sei davon auszugehen, dass potenziell gef\u00e4hrliche Exemplare installiert werden k\u00f6nnten.\" \/>\n<meta name=\"robots\" content=\"index, follow, max-snippet:-1, max-image-preview:large, max-video-preview:-1\" \/>\n<link rel=\"canonical\" href=\"https:\/\/news.save.ch\/it\/firma-geloescht-stromschlaggefahr-bei-bestimmten-led-leuchten\/\" \/>\n<meta property=\"og:locale\" content=\"it_IT\" \/>\n<meta property=\"og:type\" content=\"article\" \/>\n<meta property=\"og:title\" content=\"Firma gel\u00f6scht: Stromschlaggefahr bei bestimmten LED-Leuchten - Save\" \/>\n<meta property=\"og:description\" content=\"Das Eidgen\u00f6ssische Starkstrominspektorat (ESTI) warnt vor einer m\u00f6glichen Stromschlaggefahr der Leuchten \u00abLED T8\u00bb und \u00abLED T5\u00bb der Marke \u00abInduled\u00bb. Die GmbH inzwischen von Amtes wegen gel\u00f6scht. Es sei davon auszugehen, dass potenziell gef\u00e4hrliche Exemplare installiert werden k\u00f6nnten.\" \/>\n<meta property=\"og:url\" content=\"https:\/\/news.save.ch\/it\/firma-geloescht-stromschlaggefahr-bei-bestimmten-led-leuchten\/\" \/>\n<meta property=\"og:site_name\" content=\"Save\" \/>\n<meta property=\"article:published_time\" content=\"2022-07-25T07:36:22+00:00\" \/>\n<meta property=\"article:modified_time\" content=\"2023-06-20T14:26:23+00:00\" \/>\n<meta property=\"og:image\" content=\"https:\/\/news.save.ch\/wp-content\/uploads\/2022\/07\/Induled_teaser.jpg\" \/>\n\t<meta property=\"og:image:width\" content=\"639\" \/>\n\t<meta property=\"og:image:height\" content=\"455\" \/>\n\t<meta property=\"og:image:type\" content=\"image\/jpeg\" \/>\n<meta name=\"author\" content=\"Simon Gr\u00f6flin\" \/>\n<meta name=\"twitter:card\" content=\"summary_large_image\" \/>\n<meta name=\"twitter:label1\" content=\"Scritto da\" \/>\n\t<meta name=\"twitter:data1\" content=\"Simon Gr\u00f6flin\" \/>\n\t<meta name=\"twitter:label2\" content=\"Tempo di lettura stimato\" \/>\n\t<meta name=\"twitter:data2\" content=\"2 minuti\" \/>\n<script type=\"application\/ld+json\" class=\"yoast-schema-graph\">{\"@context\":\"https:\\\/\\\/schema.org\",\"@graph\":[{\"@type\":\"Article\",\"@id\":\"https:\\\/\\\/news.save.ch\\\/firma-geloescht-stromschlaggefahr-bei-bestimmten-led-leuchten\\\/#article\",\"isPartOf\":{\"@id\":\"https:\\\/\\\/news.save.ch\\\/firma-geloescht-stromschlaggefahr-bei-bestimmten-led-leuchten\\\/\"},\"author\":{\"name\":\"Simon Gr\u00f6flin\",\"@id\":\"https:\\\/\\\/news.save.ch\\\/de\\\/#\\\/schema\\\/person\\\/ad4ef21102fd6125312409ac57d5296d\"},\"headline\":\"Firma gel\u00f6scht: Stromschlaggefahr bei bestimmten LED-Leuchten\",\"datePublished\":\"2022-07-25T07:36:22+00:00\",\"dateModified\":\"2023-06-20T14:26:23+00:00\",\"mainEntityOfPage\":{\"@id\":\"https:\\\/\\\/news.save.ch\\\/firma-geloescht-stromschlaggefahr-bei-bestimmten-led-leuchten\\\/\"},\"wordCount\":224,\"publisher\":{\"@id\":\"https:\\\/\\\/news.save.ch\\\/de\\\/#organization\"},\"image\":{\"@id\":\"https:\\\/\\\/news.save.ch\\\/firma-geloescht-stromschlaggefahr-bei-bestimmten-led-leuchten\\\/#primaryimage\"},\"thumbnailUrl\":\"https:\\\/\\\/news.save.ch\\\/wp-content\\\/uploads\\\/2022\\\/07\\\/Induled_teaser.jpg\",\"keywords\":[\"ESTI\",\"Induled GmbH\",\"LED Leuchten\",\"Sicherheitswarnung\",\"Stromschlaggefahr\"],\"articleSection\":[\"ALLGEMEIN\",\"HEALTH &amp; SAFETY\"],\"inLanguage\":\"it-IT\"},{\"@type\":\"WebPage\",\"@id\":\"https:\\\/\\\/news.save.ch\\\/firma-geloescht-stromschlaggefahr-bei-bestimmten-led-leuchten\\\/\",\"url\":\"https:\\\/\\\/news.save.ch\\\/firma-geloescht-stromschlaggefahr-bei-bestimmten-led-leuchten\\\/\",\"name\":\"Firma gel\u00f6scht: Stromschlaggefahr bei bestimmten LED-Leuchten - Save\",\"isPartOf\":{\"@id\":\"https:\\\/\\\/news.save.ch\\\/de\\\/#website\"},\"primaryImageOfPage\":{\"@id\":\"https:\\\/\\\/news.save.ch\\\/firma-geloescht-stromschlaggefahr-bei-bestimmten-led-leuchten\\\/#primaryimage\"},\"image\":{\"@id\":\"https:\\\/\\\/news.save.ch\\\/firma-geloescht-stromschlaggefahr-bei-bestimmten-led-leuchten\\\/#primaryimage\"},\"thumbnailUrl\":\"https:\\\/\\\/news.save.ch\\\/wp-content\\\/uploads\\\/2022\\\/07\\\/Induled_teaser.jpg\",\"datePublished\":\"2022-07-25T07:36:22+00:00\",\"dateModified\":\"2023-06-20T14:26:23+00:00\",\"description\":\"Das Eidgen\u00f6ssische Starkstrominspektorat (ESTI) warnt vor einer m\u00f6glichen Stromschlaggefahr der Leuchten \u00abLED T8\u00bb und \u00abLED T5\u00bb der Marke \u00abInduled\u00bb. Die GmbH inzwischen von Amtes wegen gel\u00f6scht. Es sei davon auszugehen, dass potenziell gef\u00e4hrliche Exemplare installiert werden k\u00f6nnten.\",\"breadcrumb\":{\"@id\":\"https:\\\/\\\/news.save.ch\\\/firma-geloescht-stromschlaggefahr-bei-bestimmten-led-leuchten\\\/#breadcrumb\"},\"inLanguage\":\"it-IT\",\"potentialAction\":[{\"@type\":\"ReadAction\",\"target\":[\"https:\\\/\\\/news.save.ch\\\/firma-geloescht-stromschlaggefahr-bei-bestimmten-led-leuchten\\\/\"]}]},{\"@type\":\"ImageObject\",\"inLanguage\":\"it-IT\",\"@id\":\"https:\\\/\\\/news.save.ch\\\/firma-geloescht-stromschlaggefahr-bei-bestimmten-led-leuchten\\\/#primaryimage\",\"url\":\"https:\\\/\\\/news.save.ch\\\/wp-content\\\/uploads\\\/2022\\\/07\\\/Induled_teaser.jpg\",\"contentUrl\":\"https:\\\/\\\/news.save.ch\\\/wp-content\\\/uploads\\\/2022\\\/07\\\/Induled_teaser.jpg\",\"width\":639,\"height\":455},{\"@type\":\"BreadcrumbList\",\"@id\":\"https:\\\/\\\/news.save.ch\\\/firma-geloescht-stromschlaggefahr-bei-bestimmten-led-leuchten\\\/#breadcrumb\",\"itemListElement\":[{\"@type\":\"ListItem\",\"position\":1,\"name\":\"Home\",\"item\":\"https:\\\/\\\/news.save.ch\\\/de\\\/\"},{\"@type\":\"ListItem\",\"position\":2,\"name\":\"Firma gel\u00f6scht: Stromschlaggefahr bei bestimmten LED-Leuchten\"}]},{\"@type\":\"WebSite\",\"@id\":\"https:\\\/\\\/news.save.ch\\\/de\\\/#website\",\"url\":\"https:\\\/\\\/news.save.ch\\\/de\\\/\",\"name\":\"Save\",\"description\":\"Schweizer Fachzeitschrift f\u00fcr Sicherheit\",\"publisher\":{\"@id\":\"https:\\\/\\\/news.save.ch\\\/de\\\/#organization\"},\"potentialAction\":[{\"@type\":\"SearchAction\",\"target\":{\"@type\":\"EntryPoint\",\"urlTemplate\":\"https:\\\/\\\/news.save.ch\\\/de\\\/?s={search_term_string}\"},\"query-input\":{\"@type\":\"PropertyValueSpecification\",\"valueRequired\":true,\"valueName\":\"search_term_string\"}}],\"inLanguage\":\"it-IT\"},{\"@type\":\"Organization\",\"@id\":\"https:\\\/\\\/news.save.ch\\\/de\\\/#organization\",\"name\":\"Sicherheitsforum\",\"url\":\"https:\\\/\\\/news.save.ch\\\/de\\\/\",\"logo\":{\"@type\":\"ImageObject\",\"inLanguage\":\"it-IT\",\"@id\":\"https:\\\/\\\/news.save.ch\\\/de\\\/#\\\/schema\\\/logo\\\/image\\\/\",\"url\":\"https:\\\/\\\/news.save.ch\\\/wp-content\\\/uploads\\\/2022\\\/06\\\/Logo_SF_2012.png\",\"contentUrl\":\"https:\\\/\\\/news.save.ch\\\/wp-content\\\/uploads\\\/2022\\\/06\\\/Logo_SF_2012.png\",\"width\":1100,\"height\":91,\"caption\":\"Sicherheitsforum\"},\"image\":{\"@id\":\"https:\\\/\\\/news.save.ch\\\/de\\\/#\\\/schema\\\/logo\\\/image\\\/\"}},{\"@type\":\"Person\",\"@id\":\"https:\\\/\\\/news.save.ch\\\/de\\\/#\\\/schema\\\/person\\\/ad4ef21102fd6125312409ac57d5296d\",\"name\":\"Simon Gr\u00f6flin\",\"image\":{\"@type\":\"ImageObject\",\"inLanguage\":\"it-IT\",\"@id\":\"https:\\\/\\\/secure.gravatar.com\\\/avatar\\\/6ddceb80eb734354635539e0ea5140bb7c41e42de7c45c9a2ab9921b5d5c9a83?s=96&d=mm&r=g\",\"url\":\"https:\\\/\\\/secure.gravatar.com\\\/avatar\\\/6ddceb80eb734354635539e0ea5140bb7c41e42de7c45c9a2ab9921b5d5c9a83?s=96&d=mm&r=g\",\"contentUrl\":\"https:\\\/\\\/secure.gravatar.com\\\/avatar\\\/6ddceb80eb734354635539e0ea5140bb7c41e42de7c45c9a2ab9921b5d5c9a83?s=96&d=mm&r=g\",\"caption\":\"Simon Gr\u00f6flin\"},\"url\":\"https:\\\/\\\/news.save.ch\\\/it\\\/author\\\/simon-groeflin\\\/\"}]}<\/script>\n<!-- \/ Yoast SEO plugin. -->","yoast_head_json":{"title":"Azienda eliminata: rischio di scosse elettriche con alcuni apparecchi di illuminazione a LED - Salva","description":"L'Ispettorato federale svizzero per gli impianti a corrente forte (ESTI) segnala un possibile rischio di scossa elettrica per gli apparecchi \"LED T8\" e \"LED T5\" del marchio \"Induled\". La GmbH \u00e8 stata nel frattempo ufficialmente cancellata. Si presume che possano essere installati apparecchi potenzialmente pericolosi.","robots":{"index":"index","follow":"follow","max-snippet":"max-snippet:-1","max-image-preview":"max-image-preview:large","max-video-preview":"max-video-preview:-1"},"canonical":"https:\/\/news.save.ch\/it\/firma-geloescht-stromschlaggefahr-bei-bestimmten-led-leuchten\/","og_locale":"it_IT","og_type":"article","og_title":"Firma gel\u00f6scht: Stromschlaggefahr bei bestimmten LED-Leuchten - Save","og_description":"Das Eidgen\u00f6ssische Starkstrominspektorat (ESTI) warnt vor einer m\u00f6glichen Stromschlaggefahr der Leuchten \u00abLED T8\u00bb und \u00abLED T5\u00bb der Marke \u00abInduled\u00bb. Die GmbH inzwischen von Amtes wegen gel\u00f6scht. Es sei davon auszugehen, dass potenziell gef\u00e4hrliche Exemplare installiert werden k\u00f6nnten.","og_url":"https:\/\/news.save.ch\/it\/firma-geloescht-stromschlaggefahr-bei-bestimmten-led-leuchten\/","og_site_name":"Save","article_published_time":"2022-07-25T07:36:22+00:00","article_modified_time":"2023-06-20T14:26:23+00:00","og_image":[{"width":639,"height":455,"url":"https:\/\/news.save.ch\/wp-content\/uploads\/2022\/07\/Induled_teaser.jpg","type":"image\/jpeg"}],"author":"Simon Gr\u00f6flin","twitter_card":"summary_large_image","twitter_misc":{"Scritto da":"Simon Gr\u00f6flin","Tempo di lettura stimato":"2 minuti"},"schema":{"@context":"https:\/\/schema.org","@graph":[{"@type":"Article","@id":"https:\/\/news.save.ch\/firma-geloescht-stromschlaggefahr-bei-bestimmten-led-leuchten\/#article","isPartOf":{"@id":"https:\/\/news.save.ch\/firma-geloescht-stromschlaggefahr-bei-bestimmten-led-leuchten\/"},"author":{"name":"Simon Gr\u00f6flin","@id":"https:\/\/news.save.ch\/de\/#\/schema\/person\/ad4ef21102fd6125312409ac57d5296d"},"headline":"Firma gel\u00f6scht: Stromschlaggefahr bei bestimmten LED-Leuchten","datePublished":"2022-07-25T07:36:22+00:00","dateModified":"2023-06-20T14:26:23+00:00","mainEntityOfPage":{"@id":"https:\/\/news.save.ch\/firma-geloescht-stromschlaggefahr-bei-bestimmten-led-leuchten\/"},"wordCount":224,"publisher":{"@id":"https:\/\/news.save.ch\/de\/#organization"},"image":{"@id":"https:\/\/news.save.ch\/firma-geloescht-stromschlaggefahr-bei-bestimmten-led-leuchten\/#primaryimage"},"thumbnailUrl":"https:\/\/news.save.ch\/wp-content\/uploads\/2022\/07\/Induled_teaser.jpg","keywords":["ESTI","Induled GmbH","LED Leuchten","Sicherheitswarnung","Stromschlaggefahr"],"articleSection":["ALLGEMEIN","HEALTH &amp; SAFETY"],"inLanguage":"it-IT"},{"@type":"WebPage","@id":"https:\/\/news.save.ch\/firma-geloescht-stromschlaggefahr-bei-bestimmten-led-leuchten\/","url":"https:\/\/news.save.ch\/firma-geloescht-stromschlaggefahr-bei-bestimmten-led-leuchten\/","name":"Azienda eliminata: rischio di scosse elettriche con alcuni apparecchi di illuminazione a LED - Salva","isPartOf":{"@id":"https:\/\/news.save.ch\/de\/#website"},"primaryImageOfPage":{"@id":"https:\/\/news.save.ch\/firma-geloescht-stromschlaggefahr-bei-bestimmten-led-leuchten\/#primaryimage"},"image":{"@id":"https:\/\/news.save.ch\/firma-geloescht-stromschlaggefahr-bei-bestimmten-led-leuchten\/#primaryimage"},"thumbnailUrl":"https:\/\/news.save.ch\/wp-content\/uploads\/2022\/07\/Induled_teaser.jpg","datePublished":"2022-07-25T07:36:22+00:00","dateModified":"2023-06-20T14:26:23+00:00","description":"L'Ispettorato federale svizzero per gli impianti a corrente forte (ESTI) segnala un possibile rischio di scossa elettrica per gli apparecchi \"LED T8\" e \"LED T5\" del marchio \"Induled\". La GmbH \u00e8 stata nel frattempo ufficialmente cancellata. Si presume che possano essere installati apparecchi potenzialmente pericolosi.","breadcrumb":{"@id":"https:\/\/news.save.ch\/firma-geloescht-stromschlaggefahr-bei-bestimmten-led-leuchten\/#breadcrumb"},"inLanguage":"it-IT","potentialAction":[{"@type":"ReadAction","target":["https:\/\/news.save.ch\/firma-geloescht-stromschlaggefahr-bei-bestimmten-led-leuchten\/"]}]},{"@type":"ImageObject","inLanguage":"it-IT","@id":"https:\/\/news.save.ch\/firma-geloescht-stromschlaggefahr-bei-bestimmten-led-leuchten\/#primaryimage","url":"https:\/\/news.save.ch\/wp-content\/uploads\/2022\/07\/Induled_teaser.jpg","contentUrl":"https:\/\/news.save.ch\/wp-content\/uploads\/2022\/07\/Induled_teaser.jpg","width":639,"height":455},{"@type":"BreadcrumbList","@id":"https:\/\/news.save.ch\/firma-geloescht-stromschlaggefahr-bei-bestimmten-led-leuchten\/#breadcrumb","itemListElement":[{"@type":"ListItem","position":1,"name":"Home","item":"https:\/\/news.save.ch\/de\/"},{"@type":"ListItem","position":2,"name":"Firma gel\u00f6scht: Stromschlaggefahr bei bestimmten LED-Leuchten"}]},{"@type":"WebSite","@id":"https:\/\/news.save.ch\/de\/#website","url":"https:\/\/news.save.ch\/de\/","name":"Risparmiare","description":"Rivista svizzera specializzata in sicurezza","publisher":{"@id":"https:\/\/news.save.ch\/de\/#organization"},"potentialAction":[{"@type":"SearchAction","target":{"@type":"EntryPoint","urlTemplate":"https:\/\/news.save.ch\/de\/?s={search_term_string}"},"query-input":{"@type":"PropertyValueSpecification","valueRequired":true,"valueName":"search_term_string"}}],"inLanguage":"it-IT"},{"@type":"Organization","@id":"https:\/\/news.save.ch\/de\/#organization","name":"Forum sulla sicurezza","url":"https:\/\/news.save.ch\/de\/","logo":{"@type":"ImageObject","inLanguage":"it-IT","@id":"https:\/\/news.save.ch\/de\/#\/schema\/logo\/image\/","url":"https:\/\/news.save.ch\/wp-content\/uploads\/2022\/06\/Logo_SF_2012.png","contentUrl":"https:\/\/news.save.ch\/wp-content\/uploads\/2022\/06\/Logo_SF_2012.png","width":1100,"height":91,"caption":"Sicherheitsforum"},"image":{"@id":"https:\/\/news.save.ch\/de\/#\/schema\/logo\/image\/"}},{"@type":"Person","@id":"https:\/\/news.save.ch\/de\/#\/schema\/person\/ad4ef21102fd6125312409ac57d5296d","name":"Simon Gr\u00f6flin","image":{"@type":"ImageObject","inLanguage":"it-IT","@id":"https:\/\/secure.gravatar.com\/avatar\/6ddceb80eb734354635539e0ea5140bb7c41e42de7c45c9a2ab9921b5d5c9a83?s=96&d=mm&r=g","url":"https:\/\/secure.gravatar.com\/avatar\/6ddceb80eb734354635539e0ea5140bb7c41e42de7c45c9a2ab9921b5d5c9a83?s=96&d=mm&r=g","contentUrl":"https:\/\/secure.gravatar.com\/avatar\/6ddceb80eb734354635539e0ea5140bb7c41e42de7c45c9a2ab9921b5d5c9a83?s=96&d=mm&r=g","caption":"Simon Gr\u00f6flin"},"url":"https:\/\/news.save.ch\/it\/author\/simon-groeflin\/"}]}},"_links":{"self":[{"href":"https:\/\/news.save.ch\/it\/wp-json\/wp\/v2\/posts\/9379","targetHints":{"allow":["GET"]}}],"collection":[{"href":"https:\/\/news.save.ch\/it\/wp-json\/wp\/v2\/posts"}],"about":[{"href":"https:\/\/news.save.ch\/it\/wp-json\/wp\/v2\/types\/post"}],"author":[{"embeddable":true,"href":"https:\/\/news.save.ch\/it\/wp-json\/wp\/v2\/users\/9"}],"replies":[{"embeddable":true,"href":"https:\/\/news.save.ch\/it\/wp-json\/wp\/v2\/comments?post=9379"}],"version-history":[{"count":3,"href":"https:\/\/news.save.ch\/it\/wp-json\/wp\/v2\/posts\/9379\/revisions"}],"predecessor-version":[{"id":20100,"href":"https:\/\/news.save.ch\/it\/wp-json\/wp\/v2\/posts\/9379\/revisions\/20100"}],"wp:featuredmedia":[{"embeddable":true,"href":"https:\/\/news.save.ch\/it\/wp-json\/wp\/v2\/media\/9382"}],"wp:attachment":[{"href":"https:\/\/news.save.ch\/it\/wp-json\/wp\/v2\/media?parent=9379"}],"wp:term":[{"taxonomy":"category","embeddable":true,"href":"https:\/\/news.save.ch\/it\/wp-json\/wp\/v2\/categories?post=9379"},{"taxonomy":"post_tag","embeddable":true,"href":"https:\/\/news.save.ch\/it\/wp-json\/wp\/v2\/tags?post=9379"}],"curies":[{"name":"wp","href":"https:\/\/api.w.org\/{rel}","templated":true}]}}