{"id":9404,"date":"2020-01-29T13:20:08","date_gmt":"2020-01-29T12:20:08","guid":{"rendered":"https:\/\/news.save.ch\/?p=9404"},"modified":"2023-03-14T08:58:56","modified_gmt":"2023-03-14T07:58:56","slug":"pilotprojekt-fuer-mobile-kommunikation-in-krisenlagen","status":null,"type":"post","link":"https:\/\/news.save.ch\/it\/pilotprojekt-fuer-mobile-kommunikation-in-krisenlagen\/","title":{"rendered":"In modo che la polizia e i suoi colleghi possano comunicare in situazioni di crisi."},"content":{"rendered":"<figure id=\"attachment_7807\" aria-describedby=\"caption-attachment-7807\" style=\"width: 680px\" class=\"wp-caption aligncenter\"><img loading=\"lazy\" decoding=\"async\" class=\"wp-image-7807 size-medium\" src=\"https:\/\/news.save.ch\/wp-content\/uploads\/2019\/03\/11_zoneartisanale_RL-scaled-1.jpg\" alt=\"Comunicazione di sicurezza\" width=\"680\" height=\"383\" \/><figcaption id=\"caption-attachment-7807\" class=\"wp-caption-text\">Foto: iDEALP<\/figcaption><\/figure>\n<p>La polizia, i vigili del fuoco, il servizio ambulanze, i gestori di infrastrutture critiche e altre organizzazioni di protezione civile devono essere in grado di scambiare grandi quantit\u00e0 di dati in movimento. E questo vale anche quando le reti mobili esistenti sono sovraccariche o danneggiate, ad esempio in seguito a disastri naturali o a un attacco terroristico. Attualmente in Svizzera manca un sistema uniforme che garantisca la comunicazione di sicurezza a banda larga mobile per la Confederazione, i Cantoni e i terzi in tutte le situazioni, come ha recentemente annunciato il Consiglio federale.<\/p>\n<p>Su incarico del Dipartimento del Consigliere federale Amherd, l'Ufficio federale della protezione civile (UFPP) ha effettuato dei chiarimenti: Da questi \u00e8 emerso che un sistema di comunicazione di sicurezza mobile a banda larga (MSC) \u00e8 considerato urgente da tutte le agenzie coinvolte, compresi i cantoni interessati, e che c'\u00e8 un alto livello di disponibilit\u00e0 a collaborare, secondo la dichiarazione del Consiglio federale. Diverse organizzazioni stanno gi\u00e0 lavorando a soluzioni specifiche. Secondo la Confederazione, per giungere a una soluzione uniforme in tutta la Svizzera \u00e8 indispensabile un coordinamento degli approcci.<\/p>\n<p><strong>Progetto pilota per un sistema di comunicazione sulla sicurezza a livello svizzero <\/strong><\/p>\n<p>Con l'obiettivo di acquisire nuove conoscenze e scambiare esperienze, convalidare i risultati tecnici e concettuali e consolidare i vari requisiti dei futuri utenti, il Consiglio federale afferma che il Dipartimento della Difesa, sotto la guida dell'UFPP, realizzer\u00e0 un progetto pilota per un MSK a livello svizzero tra il 2020 e il 2023. Saranno coinvolte agenzie federali e cantonali, soprattutto nel settore del soccorso e della sicurezza. Tuttavia, sono coinvolti anche l'Ufficio federale di polizia, i servizi segreti federali e altri uffici federali, nonch\u00e9 i gestori interessati di infrastrutture critiche e gli operatori pubblici di telefonia mobile.<\/p>\n<p>Un MSK dovrebbe utilizzare le infrastrutture esistenti e pianificate degli operatori pubblici di telefonia mobile e delle organizzazioni partner della protezione civile, integrandole con elementi sicuri e resistenti alle crisi, in modo da garantire la comunicazione mobile dei dati per la Confederazione, i Cantoni e i terzi in ogni situazione.<\/p>\n<p><strong>Ulteriore guadagno in termini di sicurezza<\/strong><\/p>\n<p>Un sistema di comunicazione mobile di sicurezza a banda larga amplierebbe il sistema nazionale di rete dati sicura (SDVS) adottato dal Parlamento nel settembre 2019 e l'attuale sistema radio di sicurezza Polycom per includere la comunicazione sicura di dati mobili, sottolinea la Confederazione nel suo annuncio. Ci\u00f2 comporterebbe un ulteriore vantaggio in termini di sicurezza, in quanto i servizi di emergenza, in particolare, sarebbero in grado di svolgere meglio i loro compiti in caso di disastri o attacchi terroristici.<\/p>\n<p>Secondo il Consiglio federale, la regolamentazione delle responsabilit\u00e0 e la suddivisione dei compiti tra la Confederazione, i Cantoni e i gestori delle infrastrutture critiche, nonch\u00e9 la suddivisione dei costi per un futuro MSK a livello nazionale, sono esplicitamente presi in considerazione nella revisione totale della Legge federale sulla protezione civile e la difesa civile adottata dal Parlamento nel dicembre 2019. Inoltre, la revisione della legge sulle telecomunicazioni ha gi\u00e0 stabilito che le comunicazioni di sicurezza devono essere disponibili in tutte le situazioni.<\/p>\n<p>Il DDPS presenter\u00e0 al Consiglio federale, al pi\u00f9 tardi entro la fine del 2023, una proposta su come procedere, conclude il documento.<\/p>\n<p><em>Fonte: Confederazione<\/em><\/p>\n<p>&nbsp;<\/p>\n<p>&nbsp;<\/p>","protected":false},"excerpt":{"rendered":"<p>Polizei, Feuerwehr, Sanit\u00e4t, die Betreiber kritischer Infrastrukturen und weitere Organisationen des Bev\u00f6lkerungsschutzes m\u00fcssen gr\u00f6ssere Datenmengen mobil austauschen k\u00f6nnen. Und zwar auch dann, wenn die bestehenden Mobilfunknetze \u00fcberlastet oder besch\u00e4digt sind \u2013 beispielsweise nach Naturkatastrophen oder einem Terroranschlag. Ein einheitliches System, das die mobile breitbandige Sicherheitskommunikation f\u00fcr Bund, Kantone und Dritte in allen Lagen garantiert, fehlt [&hellip;]<\/p>\n","protected":false},"author":8,"featured_media":7807,"comment_status":"closed","ping_status":"closed","sticky":false,"template":"","format":"standard","meta":{"_acf_changed":false,"pgc_sgb_lightbox_settings":"","footnotes":""},"categories":[1,67,3312],"tags":[571,650,647,646,648,649],"class_list":["post-9404","post","type-post","status-publish","format-standard","has-post-thumbnail","hentry","category-allgemein","category-brandschutz","category-sicherheit","tag-bundesamt-fuer-bevoelkerungsschutz","tag-mobile-kommunikation","tag-mobilfunknetz","tag-msk","tag-sicherheitskommunikation","tag-sicherheitskommunikationssystem"],"acf":[],"hkrextid":null,"publication":null,"issue":null,"workflow":null,"startPage":null,"spitzmarke":null,"_posts_by_tag_page_fields":{"widget_title":"","widget_tags":""},"_at_widget":"1","_yoast_wpseo_primary_category":"1","_yoast_wpseo_focuskw_text_input":"Sicherheitskommunikation","_yoast_wpseo_opengraph-image":null,"_yoast_wpseo_opengraph-description":null,"_yoast_wpseo_opengraph-title":null,"enclosure":null,"_yoast_wpseo_twitter-title":null,"_yoast_wpseo_twitter-description":null,"_yoast_wpseo_twitter-image":null,"_wp_old_slug":null,"_yoast_wpseo_title":null,"_yoast_wpseo_canonical":null,"yoast_head":"<!-- This site is optimized with the Yoast SEO plugin v27.5 - https:\/\/yoast.com\/product\/yoast-seo-wordpress\/ -->\n<title>Damit Polizei &amp; Co. in Krisenlagen kommunzieren k\u00f6nnen - Save<\/title>\n<meta name=\"description\" content=\"Das Departement Amherd wird ein Pilotprojekt f\u00fcr ein mobiles breitbandiges Sicherheitskommunikationssystem durchzuf\u00fchren.\" \/>\n<meta name=\"robots\" content=\"index, follow, max-snippet:-1, max-image-preview:large, max-video-preview:-1\" \/>\n<link rel=\"canonical\" href=\"https:\/\/news.save.ch\/it\/pilotprojekt-fuer-mobile-kommunikation-in-krisenlagen\/\" \/>\n<meta property=\"og:locale\" content=\"it_IT\" \/>\n<meta property=\"og:type\" content=\"article\" \/>\n<meta property=\"og:title\" content=\"Damit Polizei &amp; Co. in Krisenlagen kommunzieren k\u00f6nnen - Save\" \/>\n<meta property=\"og:description\" content=\"Das Departement Amherd wird ein Pilotprojekt f\u00fcr ein mobiles breitbandiges Sicherheitskommunikationssystem durchzuf\u00fchren.\" \/>\n<meta property=\"og:url\" content=\"https:\/\/news.save.ch\/it\/pilotprojekt-fuer-mobile-kommunikation-in-krisenlagen\/\" \/>\n<meta property=\"og:site_name\" content=\"Save\" \/>\n<meta property=\"article:published_time\" content=\"2020-01-29T12:20:08+00:00\" \/>\n<meta property=\"article:modified_time\" content=\"2023-03-14T07:58:56+00:00\" \/>\n<meta property=\"og:image\" content=\"https:\/\/news.save.ch\/wp-content\/uploads\/2019\/03\/11_zoneartisanale_RL-scaled-1-scaled.jpg\" \/>\n\t<meta property=\"og:image:width\" content=\"1400\" \/>\n\t<meta property=\"og:image:height\" content=\"788\" \/>\n\t<meta property=\"og:image:type\" content=\"image\/jpeg\" \/>\n<meta name=\"author\" content=\"Roger Str\u00e4ssle\" \/>\n<meta name=\"twitter:card\" content=\"summary_large_image\" \/>\n<meta name=\"twitter:label1\" content=\"Scritto da\" \/>\n\t<meta name=\"twitter:data1\" content=\"Roger Str\u00e4ssle\" \/>\n\t<meta name=\"twitter:label2\" content=\"Tempo di lettura stimato\" \/>\n\t<meta name=\"twitter:data2\" content=\"2 minuti\" \/>\n<script type=\"application\/ld+json\" class=\"yoast-schema-graph\">{\"@context\":\"https:\\\/\\\/schema.org\",\"@graph\":[{\"@type\":\"Article\",\"@id\":\"https:\\\/\\\/news.save.ch\\\/pilotprojekt-fuer-mobile-kommunikation-in-krisenlagen\\\/#article\",\"isPartOf\":{\"@id\":\"https:\\\/\\\/news.save.ch\\\/pilotprojekt-fuer-mobile-kommunikation-in-krisenlagen\\\/\"},\"author\":{\"name\":\"Roger Str\u00e4ssle\",\"@id\":\"https:\\\/\\\/news.save.ch\\\/de\\\/#\\\/schema\\\/person\\\/d5022db048e0e2b9785c50e5b24da5aa\"},\"headline\":\"Damit Polizei &#038; Co. in Krisenlagen kommunzieren k\u00f6nnen\",\"datePublished\":\"2020-01-29T12:20:08+00:00\",\"dateModified\":\"2023-03-14T07:58:56+00:00\",\"mainEntityOfPage\":{\"@id\":\"https:\\\/\\\/news.save.ch\\\/pilotprojekt-fuer-mobile-kommunikation-in-krisenlagen\\\/\"},\"wordCount\":469,\"publisher\":{\"@id\":\"https:\\\/\\\/news.save.ch\\\/de\\\/#organization\"},\"image\":{\"@id\":\"https:\\\/\\\/news.save.ch\\\/pilotprojekt-fuer-mobile-kommunikation-in-krisenlagen\\\/#primaryimage\"},\"thumbnailUrl\":\"https:\\\/\\\/news.save.ch\\\/wp-content\\\/uploads\\\/2019\\\/03\\\/11_zoneartisanale_RL-scaled-1-scaled.jpg\",\"keywords\":[\"Bundesamt f\u00fcr Bev\u00f6lkerungsschutz\",\"mobile Kommunikation\",\"Mobilfunknetz\",\"MSK\",\"Sicherheitskommunikation\",\"Sicherheitskommunikationssystem\"],\"articleSection\":[\"ALLGEMEIN\",\"BRANDSCHUTZ\",\"SICHERHEIT\"],\"inLanguage\":\"it-IT\"},{\"@type\":\"WebPage\",\"@id\":\"https:\\\/\\\/news.save.ch\\\/pilotprojekt-fuer-mobile-kommunikation-in-krisenlagen\\\/\",\"url\":\"https:\\\/\\\/news.save.ch\\\/pilotprojekt-fuer-mobile-kommunikation-in-krisenlagen\\\/\",\"name\":\"Damit Polizei & Co. in Krisenlagen kommunzieren k\u00f6nnen - Save\",\"isPartOf\":{\"@id\":\"https:\\\/\\\/news.save.ch\\\/de\\\/#website\"},\"primaryImageOfPage\":{\"@id\":\"https:\\\/\\\/news.save.ch\\\/pilotprojekt-fuer-mobile-kommunikation-in-krisenlagen\\\/#primaryimage\"},\"image\":{\"@id\":\"https:\\\/\\\/news.save.ch\\\/pilotprojekt-fuer-mobile-kommunikation-in-krisenlagen\\\/#primaryimage\"},\"thumbnailUrl\":\"https:\\\/\\\/news.save.ch\\\/wp-content\\\/uploads\\\/2019\\\/03\\\/11_zoneartisanale_RL-scaled-1-scaled.jpg\",\"datePublished\":\"2020-01-29T12:20:08+00:00\",\"dateModified\":\"2023-03-14T07:58:56+00:00\",\"description\":\"Das Departement Amherd wird ein Pilotprojekt f\u00fcr ein mobiles breitbandiges Sicherheitskommunikationssystem durchzuf\u00fchren.\",\"breadcrumb\":{\"@id\":\"https:\\\/\\\/news.save.ch\\\/pilotprojekt-fuer-mobile-kommunikation-in-krisenlagen\\\/#breadcrumb\"},\"inLanguage\":\"it-IT\",\"potentialAction\":[{\"@type\":\"ReadAction\",\"target\":[\"https:\\\/\\\/news.save.ch\\\/pilotprojekt-fuer-mobile-kommunikation-in-krisenlagen\\\/\"]}]},{\"@type\":\"ImageObject\",\"inLanguage\":\"it-IT\",\"@id\":\"https:\\\/\\\/news.save.ch\\\/pilotprojekt-fuer-mobile-kommunikation-in-krisenlagen\\\/#primaryimage\",\"url\":\"https:\\\/\\\/news.save.ch\\\/wp-content\\\/uploads\\\/2019\\\/03\\\/11_zoneartisanale_RL-scaled-1-scaled.jpg\",\"contentUrl\":\"https:\\\/\\\/news.save.ch\\\/wp-content\\\/uploads\\\/2019\\\/03\\\/11_zoneartisanale_RL-scaled-1-scaled.jpg\",\"width\":1400,\"height\":788,\"caption\":\"Nach heftigen Gewittern am 2. Juli 2018 schwoll die Navisence stark an und besch\u00e4digte die Ufer an diversen Stellen in den Gemeinden Anniviers und Chippis VS. In unmittelbarer Ufern\u00e4he kam es zu massiven Geschiebeablagerungen. (Foto: iDEALP)\"},{\"@type\":\"BreadcrumbList\",\"@id\":\"https:\\\/\\\/news.save.ch\\\/pilotprojekt-fuer-mobile-kommunikation-in-krisenlagen\\\/#breadcrumb\",\"itemListElement\":[{\"@type\":\"ListItem\",\"position\":1,\"name\":\"Home\",\"item\":\"https:\\\/\\\/news.save.ch\\\/de\\\/\"},{\"@type\":\"ListItem\",\"position\":2,\"name\":\"Damit Polizei &#038; Co. in Krisenlagen kommunzieren k\u00f6nnen\"}]},{\"@type\":\"WebSite\",\"@id\":\"https:\\\/\\\/news.save.ch\\\/de\\\/#website\",\"url\":\"https:\\\/\\\/news.save.ch\\\/de\\\/\",\"name\":\"Save\",\"description\":\"Schweizer Fachzeitschrift f\u00fcr Sicherheit\",\"publisher\":{\"@id\":\"https:\\\/\\\/news.save.ch\\\/de\\\/#organization\"},\"potentialAction\":[{\"@type\":\"SearchAction\",\"target\":{\"@type\":\"EntryPoint\",\"urlTemplate\":\"https:\\\/\\\/news.save.ch\\\/de\\\/?s={search_term_string}\"},\"query-input\":{\"@type\":\"PropertyValueSpecification\",\"valueRequired\":true,\"valueName\":\"search_term_string\"}}],\"inLanguage\":\"it-IT\"},{\"@type\":\"Organization\",\"@id\":\"https:\\\/\\\/news.save.ch\\\/de\\\/#organization\",\"name\":\"Sicherheitsforum\",\"url\":\"https:\\\/\\\/news.save.ch\\\/de\\\/\",\"logo\":{\"@type\":\"ImageObject\",\"inLanguage\":\"it-IT\",\"@id\":\"https:\\\/\\\/news.save.ch\\\/de\\\/#\\\/schema\\\/logo\\\/image\\\/\",\"url\":\"https:\\\/\\\/news.save.ch\\\/wp-content\\\/uploads\\\/2022\\\/06\\\/Logo_SF_2012.png\",\"contentUrl\":\"https:\\\/\\\/news.save.ch\\\/wp-content\\\/uploads\\\/2022\\\/06\\\/Logo_SF_2012.png\",\"width\":1100,\"height\":91,\"caption\":\"Sicherheitsforum\"},\"image\":{\"@id\":\"https:\\\/\\\/news.save.ch\\\/de\\\/#\\\/schema\\\/logo\\\/image\\\/\"}},{\"@type\":\"Person\",\"@id\":\"https:\\\/\\\/news.save.ch\\\/de\\\/#\\\/schema\\\/person\\\/d5022db048e0e2b9785c50e5b24da5aa\",\"name\":\"Roger Str\u00e4ssle\",\"image\":{\"@type\":\"ImageObject\",\"inLanguage\":\"it-IT\",\"@id\":\"https:\\\/\\\/secure.gravatar.com\\\/avatar\\\/862a5569d087de48e5856e32f45d719a03804c891d6deb8d4f71a660e79e4a47?s=96&d=mm&r=g\",\"url\":\"https:\\\/\\\/secure.gravatar.com\\\/avatar\\\/862a5569d087de48e5856e32f45d719a03804c891d6deb8d4f71a660e79e4a47?s=96&d=mm&r=g\",\"contentUrl\":\"https:\\\/\\\/secure.gravatar.com\\\/avatar\\\/862a5569d087de48e5856e32f45d719a03804c891d6deb8d4f71a660e79e4a47?s=96&d=mm&r=g\",\"caption\":\"Roger Str\u00e4ssle\"},\"url\":\"https:\\\/\\\/news.save.ch\\\/it\\\/author\\\/roger-straessle\\\/\"}]}<\/script>\n<!-- \/ Yoast SEO plugin. -->","yoast_head_json":{"title":"Per consentire a polizia e colleghi di comunicare in situazioni di crisi - Salva","description":"Il Dipartimento di Amherd condurr\u00e0 un progetto pilota per un sistema di comunicazione mobile a banda larga per la sicurezza.","robots":{"index":"index","follow":"follow","max-snippet":"max-snippet:-1","max-image-preview":"max-image-preview:large","max-video-preview":"max-video-preview:-1"},"canonical":"https:\/\/news.save.ch\/it\/pilotprojekt-fuer-mobile-kommunikation-in-krisenlagen\/","og_locale":"it_IT","og_type":"article","og_title":"Damit Polizei & Co. in Krisenlagen kommunzieren k\u00f6nnen - Save","og_description":"Das Departement Amherd wird ein Pilotprojekt f\u00fcr ein mobiles breitbandiges Sicherheitskommunikationssystem durchzuf\u00fchren.","og_url":"https:\/\/news.save.ch\/it\/pilotprojekt-fuer-mobile-kommunikation-in-krisenlagen\/","og_site_name":"Save","article_published_time":"2020-01-29T12:20:08+00:00","article_modified_time":"2023-03-14T07:58:56+00:00","og_image":[{"width":1400,"height":788,"url":"https:\/\/news.save.ch\/wp-content\/uploads\/2019\/03\/11_zoneartisanale_RL-scaled-1-scaled.jpg","type":"image\/jpeg"}],"author":"Roger Str\u00e4ssle","twitter_card":"summary_large_image","twitter_misc":{"Scritto da":"Roger Str\u00e4ssle","Tempo di lettura stimato":"2 minuti"},"schema":{"@context":"https:\/\/schema.org","@graph":[{"@type":"Article","@id":"https:\/\/news.save.ch\/pilotprojekt-fuer-mobile-kommunikation-in-krisenlagen\/#article","isPartOf":{"@id":"https:\/\/news.save.ch\/pilotprojekt-fuer-mobile-kommunikation-in-krisenlagen\/"},"author":{"name":"Roger Str\u00e4ssle","@id":"https:\/\/news.save.ch\/de\/#\/schema\/person\/d5022db048e0e2b9785c50e5b24da5aa"},"headline":"Damit Polizei &#038; Co. in Krisenlagen kommunzieren k\u00f6nnen","datePublished":"2020-01-29T12:20:08+00:00","dateModified":"2023-03-14T07:58:56+00:00","mainEntityOfPage":{"@id":"https:\/\/news.save.ch\/pilotprojekt-fuer-mobile-kommunikation-in-krisenlagen\/"},"wordCount":469,"publisher":{"@id":"https:\/\/news.save.ch\/de\/#organization"},"image":{"@id":"https:\/\/news.save.ch\/pilotprojekt-fuer-mobile-kommunikation-in-krisenlagen\/#primaryimage"},"thumbnailUrl":"https:\/\/news.save.ch\/wp-content\/uploads\/2019\/03\/11_zoneartisanale_RL-scaled-1-scaled.jpg","keywords":["Bundesamt f\u00fcr Bev\u00f6lkerungsschutz","mobile Kommunikation","Mobilfunknetz","MSK","Sicherheitskommunikation","Sicherheitskommunikationssystem"],"articleSection":["ALLGEMEIN","BRANDSCHUTZ","SICHERHEIT"],"inLanguage":"it-IT"},{"@type":"WebPage","@id":"https:\/\/news.save.ch\/pilotprojekt-fuer-mobile-kommunikation-in-krisenlagen\/","url":"https:\/\/news.save.ch\/pilotprojekt-fuer-mobile-kommunikation-in-krisenlagen\/","name":"Per consentire a polizia e colleghi di comunicare in situazioni di crisi - Salva","isPartOf":{"@id":"https:\/\/news.save.ch\/de\/#website"},"primaryImageOfPage":{"@id":"https:\/\/news.save.ch\/pilotprojekt-fuer-mobile-kommunikation-in-krisenlagen\/#primaryimage"},"image":{"@id":"https:\/\/news.save.ch\/pilotprojekt-fuer-mobile-kommunikation-in-krisenlagen\/#primaryimage"},"thumbnailUrl":"https:\/\/news.save.ch\/wp-content\/uploads\/2019\/03\/11_zoneartisanale_RL-scaled-1-scaled.jpg","datePublished":"2020-01-29T12:20:08+00:00","dateModified":"2023-03-14T07:58:56+00:00","description":"Il Dipartimento di Amherd condurr\u00e0 un progetto pilota per un sistema di comunicazione mobile a banda larga per la sicurezza.","breadcrumb":{"@id":"https:\/\/news.save.ch\/pilotprojekt-fuer-mobile-kommunikation-in-krisenlagen\/#breadcrumb"},"inLanguage":"it-IT","potentialAction":[{"@type":"ReadAction","target":["https:\/\/news.save.ch\/pilotprojekt-fuer-mobile-kommunikation-in-krisenlagen\/"]}]},{"@type":"ImageObject","inLanguage":"it-IT","@id":"https:\/\/news.save.ch\/pilotprojekt-fuer-mobile-kommunikation-in-krisenlagen\/#primaryimage","url":"https:\/\/news.save.ch\/wp-content\/uploads\/2019\/03\/11_zoneartisanale_RL-scaled-1-scaled.jpg","contentUrl":"https:\/\/news.save.ch\/wp-content\/uploads\/2019\/03\/11_zoneartisanale_RL-scaled-1-scaled.jpg","width":1400,"height":788,"caption":"Nach heftigen Gewittern am 2. Juli 2018 schwoll die Navisence stark an und besch\u00e4digte die Ufer an diversen Stellen in den Gemeinden Anniviers und Chippis VS. In unmittelbarer Ufern\u00e4he kam es zu massiven Geschiebeablagerungen. (Foto: iDEALP)"},{"@type":"BreadcrumbList","@id":"https:\/\/news.save.ch\/pilotprojekt-fuer-mobile-kommunikation-in-krisenlagen\/#breadcrumb","itemListElement":[{"@type":"ListItem","position":1,"name":"Home","item":"https:\/\/news.save.ch\/de\/"},{"@type":"ListItem","position":2,"name":"Damit Polizei &#038; Co. in Krisenlagen kommunzieren k\u00f6nnen"}]},{"@type":"WebSite","@id":"https:\/\/news.save.ch\/de\/#website","url":"https:\/\/news.save.ch\/de\/","name":"Risparmiare","description":"Rivista svizzera specializzata in sicurezza","publisher":{"@id":"https:\/\/news.save.ch\/de\/#organization"},"potentialAction":[{"@type":"SearchAction","target":{"@type":"EntryPoint","urlTemplate":"https:\/\/news.save.ch\/de\/?s={search_term_string}"},"query-input":{"@type":"PropertyValueSpecification","valueRequired":true,"valueName":"search_term_string"}}],"inLanguage":"it-IT"},{"@type":"Organization","@id":"https:\/\/news.save.ch\/de\/#organization","name":"Forum sulla sicurezza","url":"https:\/\/news.save.ch\/de\/","logo":{"@type":"ImageObject","inLanguage":"it-IT","@id":"https:\/\/news.save.ch\/de\/#\/schema\/logo\/image\/","url":"https:\/\/news.save.ch\/wp-content\/uploads\/2022\/06\/Logo_SF_2012.png","contentUrl":"https:\/\/news.save.ch\/wp-content\/uploads\/2022\/06\/Logo_SF_2012.png","width":1100,"height":91,"caption":"Sicherheitsforum"},"image":{"@id":"https:\/\/news.save.ch\/de\/#\/schema\/logo\/image\/"}},{"@type":"Person","@id":"https:\/\/news.save.ch\/de\/#\/schema\/person\/d5022db048e0e2b9785c50e5b24da5aa","name":"Roger Str\u00e4ssle","image":{"@type":"ImageObject","inLanguage":"it-IT","@id":"https:\/\/secure.gravatar.com\/avatar\/862a5569d087de48e5856e32f45d719a03804c891d6deb8d4f71a660e79e4a47?s=96&d=mm&r=g","url":"https:\/\/secure.gravatar.com\/avatar\/862a5569d087de48e5856e32f45d719a03804c891d6deb8d4f71a660e79e4a47?s=96&d=mm&r=g","contentUrl":"https:\/\/secure.gravatar.com\/avatar\/862a5569d087de48e5856e32f45d719a03804c891d6deb8d4f71a660e79e4a47?s=96&d=mm&r=g","caption":"Roger Str\u00e4ssle"},"url":"https:\/\/news.save.ch\/it\/author\/roger-straessle\/"}]}},"_links":{"self":[{"href":"https:\/\/news.save.ch\/it\/wp-json\/wp\/v2\/posts\/9404","targetHints":{"allow":["GET"]}}],"collection":[{"href":"https:\/\/news.save.ch\/it\/wp-json\/wp\/v2\/posts"}],"about":[{"href":"https:\/\/news.save.ch\/it\/wp-json\/wp\/v2\/types\/post"}],"author":[{"embeddable":true,"href":"https:\/\/news.save.ch\/it\/wp-json\/wp\/v2\/users\/8"}],"replies":[{"embeddable":true,"href":"https:\/\/news.save.ch\/it\/wp-json\/wp\/v2\/comments?post=9404"}],"version-history":[{"count":1,"href":"https:\/\/news.save.ch\/it\/wp-json\/wp\/v2\/posts\/9404\/revisions"}],"predecessor-version":[{"id":17853,"href":"https:\/\/news.save.ch\/it\/wp-json\/wp\/v2\/posts\/9404\/revisions\/17853"}],"wp:featuredmedia":[{"embeddable":true,"href":"https:\/\/news.save.ch\/it\/wp-json\/wp\/v2\/media\/7807"}],"wp:attachment":[{"href":"https:\/\/news.save.ch\/it\/wp-json\/wp\/v2\/media?parent=9404"}],"wp:term":[{"taxonomy":"category","embeddable":true,"href":"https:\/\/news.save.ch\/it\/wp-json\/wp\/v2\/categories?post=9404"},{"taxonomy":"post_tag","embeddable":true,"href":"https:\/\/news.save.ch\/it\/wp-json\/wp\/v2\/tags?post=9404"}],"curies":[{"name":"wp","href":"https:\/\/api.w.org\/{rel}","templated":true}]}}