{"id":9424,"date":"2020-02-03T13:24:59","date_gmt":"2020-02-03T12:24:59","guid":{"rendered":"https:\/\/news.save.ch\/?p=9424"},"modified":"2020-02-03T13:24:59","modified_gmt":"2020-02-03T12:24:59","slug":"gesamtschweizerischer-sirenentest-2","status":null,"type":"post","link":"https:\/\/news.save.ch\/it\/gesamtschweizerischer-sirenentest-2\/","title":{"rendered":"Test delle sirene in tutta la Svizzera"},"content":{"rendered":"<figure id=\"attachment_9425\" aria-describedby=\"caption-attachment-9425\" style=\"width: 647px\" class=\"wp-caption aligncenter\"><img loading=\"lazy\" decoding=\"async\" class=\"wp-image-9425 size-full\" src=\"https:\/\/news.save.ch\/wp-content\/uploads\/2020\/02\/sirene_babs.jpg\" alt=\"Test della sirena, allerta\" width=\"647\" height=\"475\" srcset=\"https:\/\/news.save.ch\/wp-content\/uploads\/2020\/02\/sirene_babs.jpg 647w, https:\/\/news.save.ch\/wp-content\/uploads\/2020\/02\/sirene_babs-375x275.jpg 375w\" sizes=\"auto, (max-width: 647px) 100vw, 647px\" \/><figcaption id=\"caption-attachment-9425\" class=\"wp-caption-text\">\u00a9 FOCP<\/figcaption><\/figure>\n<p>&nbsp;<\/p>\n<p style=\"background: white; margin: 0cm 0cm 16.3pt 0cm;\"><span style=\"font-size: 13.0pt; font-family: 'Helvetica',sans-serif; color: #454545;\">In Svizzera sono in funzione circa 5.000 sirene fisse per l'allarme generale. Circa 600 di questi possono essere utilizzati contemporaneamente per l'allarme acqua. L'Ufficio federale della protezione civile (UFPP), in collaborazione con i Cantoni, i Comuni e i gestori delle dighe, assicura che le sirene siano aggiornate e funzionanti.<\/span><\/p>\n<p style=\"background: white; margin: 0cm 0cm 16.3pt 0cm;\"><b><span style=\"font-family: 'Helvetica',sans-serif; color: #454545;\"><strong><span style=\"font-family: 'Arial',sans-serif; color: black;\">Toni diversi<\/span><\/strong><\/span><\/b><\/p>\n<p style=\"background: white; box-sizing: border-box; font-variant-ligatures: normal; font-variant-caps: normal; orphans: 2; text-align: start; widows: 2; -webkit-text-stroke-width: 0px; text-decoration-style: initial; text-decoration-color: initial; word-spacing: 0px; margin: 0cm 0cm 16.3pt 0cm;\"><span style=\"font-size: 13.0pt; font-family: 'Helvetica',sans-serif; color: #454545;\">Il 5 febbraio 2020 verr\u00e0 testata in tutta la Svizzera la prontezza di funzionamento delle sirene - sia quelle dell'allarme generale che quelle dell'allarme idrico (cfr. <a href=\"https:\/\/news.save.ch\/it\/probleme-beim-wasseralarm\/\">Test Sirena 2019<\/a>). La popolazione non deve prendere alcuna misura.<\/span><\/p>\n<p style=\"background: white; margin: 0cm 0cm 16.3pt 0cm;\"><span style=\"font-size: 13.0pt; font-family: 'Helvetica',sans-serif; color: #454545;\">Il segnale d'allarme generale viene attivato alle 13.30: un suono regolare ascendente e discendente della durata di un minuto. Se necessario, il test della sirena pu\u00f2 essere proseguito fino alle 14:00. Parallelamente al primo suono dell'allarme generale, tutti i cantoni trasmetteranno anche un messaggio di allarme di prova attraverso i canali di Alertswiss.<\/span><\/p>\n<p style=\"background: white; box-sizing: border-box; font-variant-ligatures: normal; font-variant-caps: normal; orphans: 2; text-align: start; widows: 2; -webkit-text-stroke-width: 0px; text-decoration-style: initial; text-decoration-color: initial; word-spacing: 0px; margin: 0cm 0cm 16.3pt 0cm;\"><span style=\"font-size: 13.0pt; font-family: 'Helvetica',sans-serif; color: #454545;\">Dalle 14.15 alle 15.00 al massimo, il segnale di allarme idrico viene testato nelle zone vicine sotto le dighe. Consiste in dodici toni bassi e continui di 20 secondi ciascuno a intervalli di 10 secondi.<\/span><\/p>\n<p><strong><span style=\"font-family: 'Arial',sans-serif; color: black;\">Cosa si applica nel caso di un vero allarme a sirena?<\/span><\/strong><\/p>\n<p style=\"background: white; box-sizing: border-box; font-variant-ligatures: normal; font-variant-caps: normal; orphans: 2; text-align: start; widows: 2; -webkit-text-stroke-width: 0px; text-decoration-style: initial; text-decoration-color: initial; word-spacing: 0px; margin: 0cm 0cm 16.3pt 0cm;\"><span style=\"font-size: 13.0pt; font-family: 'Helvetica',sans-serif; color: #454545;\">Se l'allarme generale suona al di fuori di una prova di sirena annunciata, significa che esiste una possibilit\u00e0 di pericolo per la popolazione. In questo caso, la popolazione \u00e8 invitata ad ascoltare la radio o a informarsi attraverso i canali Alertswiss, a seguire le istruzioni delle autorit\u00e0 e a informare i vicini.<\/span><\/p>\n<p style=\"background: white; box-sizing: border-box; font-variant-ligatures: normal; font-variant-caps: normal; orphans: 2; text-align: start; widows: 2; -webkit-text-stroke-width: 0px; text-decoration-style: initial; text-decoration-color: initial; word-spacing: 0px; margin: 0cm 0cm 16.3pt 0cm;\"><span style=\"font-size: 13.0pt; font-family: 'Helvetica',sans-serif; color: #454545;\">L'allarme acqua significa che c'\u00e8 un pericolo immediato sotto una diga. In questo caso, la popolazione \u00e8 invitata a lasciare immediatamente l'area a rischio. Gli opuscoli informano in anticipo la popolazione delle aree colpite sull'allarme idrico in generale e soprattutto sulle possibilit\u00e0 di fuga disponibili in loco.<\/span><\/p>\n<p style=\"background: white; box-sizing: border-box; font-variant-ligatures: normal; font-variant-caps: normal; orphans: 2; text-align: start; widows: 2; -webkit-text-stroke-width: 0px; text-decoration-style: initial; text-decoration-color: initial; word-spacing: 0px; margin: 0cm 0cm 16.3pt 0cm;\"><span style=\"font-size: 13.0pt; font-family: 'Helvetica',sans-serif; color: #454545;\">Ulteriori consigli e raccomandazioni su come comportarsi sono disponibili sul sito web dell'UFPP, sul sito web di Alertswiss e nel televideo delle emittenti della SRG, alle pagine 680 e 681.<\/span><\/p>\n<p><strong><span style=\"font-family: 'Helvetica',sans-serif; color: black;\">Parte centrale di un sistema globale di allerta<\/span><\/strong><\/p>\n<p style=\"background: white; box-sizing: border-box; font-variant-ligatures: normal; font-variant-caps: normal; orphans: 2; text-align: start; widows: 2; -webkit-text-stroke-width: 0px; text-decoration-style: initial; text-decoration-color: initial; word-spacing: 0px; margin: 0cm 0cm 16.3pt 0cm;\"><span style=\"font-size: 13.0pt; font-family: 'Helvetica',sans-serif; color: #454545;\">Insieme ai Cantoni e ad altri partner, l'UFPP ha introdotto un sistema per il controllo remoto delle sirene con il nome di Polyalert. Tutte le sirene fisse sono collegate a questo sistema. Negli ultimi anni, Polyalert \u00e8 stato ulteriormente sviluppato fino a diventare un sistema centrale di allerta e informazione sugli eventi. L'app e il sito web di Alertswiss, le stazioni radio della SSR e gli account Twitter delle organizzazioni utenti sono direttamente collegati a Polyalert. Ci\u00f2 consente alle autorit\u00e0 di registrare, modificare e attivare messaggi su pi\u00f9 canali contemporaneamente.<\/span><\/p>\n<p style=\"background: white; box-sizing: border-box; font-variant-ligatures: normal; font-variant-caps: normal; orphans: 2; text-align: start; widows: 2; -webkit-text-stroke-width: 0px; text-decoration-style: initial; text-decoration-color: initial; word-spacing: 0px; margin: 0cm 0cm 16.3pt 0cm;\"><span style=\"font-size: 13.0pt; font-family: 'Helvetica',sans-serif; color: #454545;\">In generale, dopo un allarme a sirene spiegate, le informazioni vengono sempre fornite nei primi programmi delle catene di stazioni radio della SRG (SRF, RTS, RSI). Alertswiss amplia la gamma di strumenti nell'ambito della comunicazione di eventi: dopo un evento, \u00e8 possibile fornire ulteriori informazioni attraverso gli stessi canali e, grazie ai livelli di messaggio (allarme, avvertimento e informazione), \u00e8 possibile fornire informazioni in modo rapido e orientato ai gruppi target anche per eventi di minore entit\u00e0, come l'acqua potabile contaminata in un comune, senza far scattare contemporaneamente l'allarme di una sirena.<\/span><\/p>\n<p style=\"background: white; box-sizing: border-box; font-variant-ligatures: normal; font-variant-caps: normal; orphans: 2; text-align: start; widows: 2; -webkit-text-stroke-width: 0px; text-decoration-style: initial; text-decoration-color: initial; word-spacing: 0px; margin: 0cm 0cm 16.3pt 0cm;\"><span style=\"font-size: 13.0pt; font-family: 'Helvetica',sans-serif; color: #454545;\">L'applicazione Alertswiss \u00e8 disponibile gratuitamente per i sistemi Android e iOS. Pu\u00f2 essere scaricata dal Google Play Store e dall'Apple App Store.<\/span><\/p>\n<p style=\"background: white; margin: 0cm 0cm 16.3pt 0cm;\"><i><span style=\"font-size: 13.0pt; font-family: 'Helvetica',sans-serif; color: #454545;\">Comunicato stampa\/editore VBS<\/span><\/i><\/p>\n<p style=\"background: white; margin: 0cm 0cm 16.3pt 0cm;\"><i><span style=\"font-size: 13.0pt; font-family: 'Helvetica',sans-serif; color: #454545;\">Ulteriori informazioni di base <a href=\"file:\/\/\/C:\/Users\/strrog\/Downloads\/hintergrundinfo_alarmierung_de.pdf\">qui<\/a><\/span><\/i><\/p>","protected":false},"excerpt":{"rendered":"<p>&nbsp; In der Schweiz werden ca. 5&#8217;000 station\u00e4re Sirenen f\u00fcr den allgemeinen Alarm betrieben. Rund 600 davon k\u00f6nnen gleichzeitig f\u00fcr den Wasseralarm eingesetzt werden. Das Bundesamt f\u00fcr Bev\u00f6lkerungsschutz (BABS) sorgt in Zusammenarbeit mit Kantonen, Gemeinden und den Betreibern von Stauanlagen daf\u00fcr, dass die Sirenen auf dem neusten technischen Stand sind und betriebsbereit gehalten werden. Unterschiedliche [&hellip;]<\/p>\n","protected":false},"author":8,"featured_media":9425,"comment_status":"closed","ping_status":"closed","sticky":false,"template":"","format":"standard","meta":{"_acf_changed":false,"pgc_sgb_lightbox_settings":"","footnotes":""},"categories":[1],"tags":[151,663,666,571,74,75,664,665],"class_list":["post-9424","post","type-post","status-publish","format-standard","has-post-thumbnail","hentry","category-allgemein","tag-alarmierung","tag-alertswiss","tag-allgemeiner-alarm","tag-bundesamt-fuer-bevoelkerungsschutz","tag-sirenen","tag-sirenentest","tag-stauanlagen","tag-wasseralarm"],"acf":[],"hkrextid":null,"publication":null,"issue":null,"workflow":null,"startPage":null,"spitzmarke":null,"_posts_by_tag_page_fields":{"widget_title":"","widget_tags":""},"_at_widget":"1","_yoast_wpseo_primary_category":"1","_yoast_wpseo_focuskw_text_input":"Sirenentest","_yoast_wpseo_opengraph-image":null,"_yoast_wpseo_opengraph-description":null,"_yoast_wpseo_opengraph-title":null,"enclosure":null,"_yoast_wpseo_twitter-title":null,"_yoast_wpseo_twitter-description":null,"_yoast_wpseo_twitter-image":null,"_wp_old_slug":null,"_yoast_wpseo_title":null,"_yoast_wpseo_canonical":null,"yoast_head":"<!-- This site is optimized with the Yoast SEO plugin v27.4 - https:\/\/yoast.com\/product\/yoast-seo-wordpress\/ -->\n<title>Gesamtschweizerischer Sirenentest - Save<\/title>\n<meta name=\"description\" content=\"Am Mittwoch, 5. Februar 2020, findet in der ganzen Schweiz der j\u00e4hrliche Sirenentest statt; er wird zeigen, ob die Anlagen richtig funktionieren.\" \/>\n<meta name=\"robots\" content=\"index, follow, max-snippet:-1, max-image-preview:large, max-video-preview:-1\" \/>\n<link rel=\"canonical\" href=\"https:\/\/news.save.ch\/it\/gesamtschweizerischer-sirenentest-2\/\" \/>\n<meta property=\"og:locale\" content=\"it_IT\" \/>\n<meta property=\"og:type\" content=\"article\" \/>\n<meta property=\"og:title\" content=\"Gesamtschweizerischer Sirenentest - Save\" \/>\n<meta property=\"og:description\" content=\"Am Mittwoch, 5. Februar 2020, findet in der ganzen Schweiz der j\u00e4hrliche Sirenentest statt; er wird zeigen, ob die Anlagen richtig funktionieren.\" \/>\n<meta property=\"og:url\" content=\"https:\/\/news.save.ch\/it\/gesamtschweizerischer-sirenentest-2\/\" \/>\n<meta property=\"og:site_name\" content=\"Save\" \/>\n<meta property=\"article:published_time\" content=\"2020-02-03T12:24:59+00:00\" \/>\n<meta property=\"og:image\" content=\"https:\/\/news.save.ch\/wp-content\/uploads\/2020\/02\/sirene_babs.jpg\" \/>\n\t<meta property=\"og:image:width\" content=\"647\" \/>\n\t<meta property=\"og:image:height\" content=\"475\" \/>\n\t<meta property=\"og:image:type\" content=\"image\/jpeg\" \/>\n<meta name=\"author\" content=\"Roger Str\u00e4ssle\" \/>\n<meta name=\"twitter:card\" content=\"summary_large_image\" \/>\n<meta name=\"twitter:label1\" content=\"Scritto da\" \/>\n\t<meta name=\"twitter:data1\" content=\"Roger Str\u00e4ssle\" \/>\n\t<meta name=\"twitter:label2\" content=\"Tempo di lettura stimato\" \/>\n\t<meta name=\"twitter:data2\" content=\"3 minuti\" \/>\n<script type=\"application\/ld+json\" class=\"yoast-schema-graph\">{\"@context\":\"https:\\\/\\\/schema.org\",\"@graph\":[{\"@type\":\"Article\",\"@id\":\"https:\\\/\\\/news.save.ch\\\/gesamtschweizerischer-sirenentest-2\\\/#article\",\"isPartOf\":{\"@id\":\"https:\\\/\\\/news.save.ch\\\/gesamtschweizerischer-sirenentest-2\\\/\"},\"author\":{\"name\":\"Roger Str\u00e4ssle\",\"@id\":\"https:\\\/\\\/news.save.ch\\\/de\\\/#\\\/schema\\\/person\\\/d5022db048e0e2b9785c50e5b24da5aa\"},\"headline\":\"Gesamtschweizerischer Sirenentest\",\"datePublished\":\"2020-02-03T12:24:59+00:00\",\"mainEntityOfPage\":{\"@id\":\"https:\\\/\\\/news.save.ch\\\/gesamtschweizerischer-sirenentest-2\\\/\"},\"wordCount\":510,\"publisher\":{\"@id\":\"https:\\\/\\\/news.save.ch\\\/de\\\/#organization\"},\"image\":{\"@id\":\"https:\\\/\\\/news.save.ch\\\/gesamtschweizerischer-sirenentest-2\\\/#primaryimage\"},\"thumbnailUrl\":\"https:\\\/\\\/news.save.ch\\\/wp-content\\\/uploads\\\/2020\\\/02\\\/sirene_babs.jpg\",\"keywords\":[\"Alarmierung\",\"Alertswiss\",\"allgemeiner Alarm\",\"Bundesamt f\u00fcr Bev\u00f6lkerungsschutz\",\"Sirenen\",\"Sirenentest\",\"Stauanlagen\",\"Wasseralarm\"],\"articleSection\":[\"ALLGEMEIN\"],\"inLanguage\":\"it-IT\"},{\"@type\":\"WebPage\",\"@id\":\"https:\\\/\\\/news.save.ch\\\/gesamtschweizerischer-sirenentest-2\\\/\",\"url\":\"https:\\\/\\\/news.save.ch\\\/gesamtschweizerischer-sirenentest-2\\\/\",\"name\":\"Gesamtschweizerischer Sirenentest - Save\",\"isPartOf\":{\"@id\":\"https:\\\/\\\/news.save.ch\\\/de\\\/#website\"},\"primaryImageOfPage\":{\"@id\":\"https:\\\/\\\/news.save.ch\\\/gesamtschweizerischer-sirenentest-2\\\/#primaryimage\"},\"image\":{\"@id\":\"https:\\\/\\\/news.save.ch\\\/gesamtschweizerischer-sirenentest-2\\\/#primaryimage\"},\"thumbnailUrl\":\"https:\\\/\\\/news.save.ch\\\/wp-content\\\/uploads\\\/2020\\\/02\\\/sirene_babs.jpg\",\"datePublished\":\"2020-02-03T12:24:59+00:00\",\"description\":\"Am Mittwoch, 5. Februar 2020, findet in der ganzen Schweiz der j\u00e4hrliche Sirenentest statt; er wird zeigen, ob die Anlagen richtig funktionieren.\",\"breadcrumb\":{\"@id\":\"https:\\\/\\\/news.save.ch\\\/gesamtschweizerischer-sirenentest-2\\\/#breadcrumb\"},\"inLanguage\":\"it-IT\",\"potentialAction\":[{\"@type\":\"ReadAction\",\"target\":[\"https:\\\/\\\/news.save.ch\\\/gesamtschweizerischer-sirenentest-2\\\/\"]}]},{\"@type\":\"ImageObject\",\"inLanguage\":\"it-IT\",\"@id\":\"https:\\\/\\\/news.save.ch\\\/gesamtschweizerischer-sirenentest-2\\\/#primaryimage\",\"url\":\"https:\\\/\\\/news.save.ch\\\/wp-content\\\/uploads\\\/2020\\\/02\\\/sirene_babs.jpg\",\"contentUrl\":\"https:\\\/\\\/news.save.ch\\\/wp-content\\\/uploads\\\/2020\\\/02\\\/sirene_babs.jpg\",\"width\":647,\"height\":475,\"caption\":\"\u00a9 BABS\"},{\"@type\":\"BreadcrumbList\",\"@id\":\"https:\\\/\\\/news.save.ch\\\/gesamtschweizerischer-sirenentest-2\\\/#breadcrumb\",\"itemListElement\":[{\"@type\":\"ListItem\",\"position\":1,\"name\":\"Home\",\"item\":\"https:\\\/\\\/news.save.ch\\\/de\\\/\"},{\"@type\":\"ListItem\",\"position\":2,\"name\":\"Gesamtschweizerischer Sirenentest\"}]},{\"@type\":\"WebSite\",\"@id\":\"https:\\\/\\\/news.save.ch\\\/de\\\/#website\",\"url\":\"https:\\\/\\\/news.save.ch\\\/de\\\/\",\"name\":\"Save\",\"description\":\"Schweizer Fachzeitschrift f\u00fcr Sicherheit\",\"publisher\":{\"@id\":\"https:\\\/\\\/news.save.ch\\\/de\\\/#organization\"},\"potentialAction\":[{\"@type\":\"SearchAction\",\"target\":{\"@type\":\"EntryPoint\",\"urlTemplate\":\"https:\\\/\\\/news.save.ch\\\/de\\\/?s={search_term_string}\"},\"query-input\":{\"@type\":\"PropertyValueSpecification\",\"valueRequired\":true,\"valueName\":\"search_term_string\"}}],\"inLanguage\":\"it-IT\"},{\"@type\":\"Organization\",\"@id\":\"https:\\\/\\\/news.save.ch\\\/de\\\/#organization\",\"name\":\"Sicherheitsforum\",\"url\":\"https:\\\/\\\/news.save.ch\\\/de\\\/\",\"logo\":{\"@type\":\"ImageObject\",\"inLanguage\":\"it-IT\",\"@id\":\"https:\\\/\\\/news.save.ch\\\/de\\\/#\\\/schema\\\/logo\\\/image\\\/\",\"url\":\"https:\\\/\\\/news.save.ch\\\/wp-content\\\/uploads\\\/2022\\\/06\\\/Logo_SF_2012.png\",\"contentUrl\":\"https:\\\/\\\/news.save.ch\\\/wp-content\\\/uploads\\\/2022\\\/06\\\/Logo_SF_2012.png\",\"width\":1100,\"height\":91,\"caption\":\"Sicherheitsforum\"},\"image\":{\"@id\":\"https:\\\/\\\/news.save.ch\\\/de\\\/#\\\/schema\\\/logo\\\/image\\\/\"}},{\"@type\":\"Person\",\"@id\":\"https:\\\/\\\/news.save.ch\\\/de\\\/#\\\/schema\\\/person\\\/d5022db048e0e2b9785c50e5b24da5aa\",\"name\":\"Roger Str\u00e4ssle\",\"image\":{\"@type\":\"ImageObject\",\"inLanguage\":\"it-IT\",\"@id\":\"https:\\\/\\\/secure.gravatar.com\\\/avatar\\\/862a5569d087de48e5856e32f45d719a03804c891d6deb8d4f71a660e79e4a47?s=96&d=mm&r=g\",\"url\":\"https:\\\/\\\/secure.gravatar.com\\\/avatar\\\/862a5569d087de48e5856e32f45d719a03804c891d6deb8d4f71a660e79e4a47?s=96&d=mm&r=g\",\"contentUrl\":\"https:\\\/\\\/secure.gravatar.com\\\/avatar\\\/862a5569d087de48e5856e32f45d719a03804c891d6deb8d4f71a660e79e4a47?s=96&d=mm&r=g\",\"caption\":\"Roger Str\u00e4ssle\"},\"url\":\"https:\\\/\\\/news.save.ch\\\/it\\\/author\\\/roger-straessle\\\/\"}]}<\/script>\n<!-- \/ Yoast SEO plugin. -->","yoast_head_json":{"title":"Test delle sirene in tutta la Svizzera - Salva","description":"Mercoled\u00ec 5 febbraio 2020 si svolger\u00e0 in tutta la Svizzera il test annuale delle sirene, che mostrer\u00e0 se i sistemi funzionano correttamente.","robots":{"index":"index","follow":"follow","max-snippet":"max-snippet:-1","max-image-preview":"max-image-preview:large","max-video-preview":"max-video-preview:-1"},"canonical":"https:\/\/news.save.ch\/it\/gesamtschweizerischer-sirenentest-2\/","og_locale":"it_IT","og_type":"article","og_title":"Gesamtschweizerischer Sirenentest - Save","og_description":"Am Mittwoch, 5. Februar 2020, findet in der ganzen Schweiz der j\u00e4hrliche Sirenentest statt; er wird zeigen, ob die Anlagen richtig funktionieren.","og_url":"https:\/\/news.save.ch\/it\/gesamtschweizerischer-sirenentest-2\/","og_site_name":"Save","article_published_time":"2020-02-03T12:24:59+00:00","og_image":[{"width":647,"height":475,"url":"https:\/\/news.save.ch\/wp-content\/uploads\/2020\/02\/sirene_babs.jpg","type":"image\/jpeg"}],"author":"Roger Str\u00e4ssle","twitter_card":"summary_large_image","twitter_misc":{"Scritto da":"Roger Str\u00e4ssle","Tempo di lettura stimato":"3 minuti"},"schema":{"@context":"https:\/\/schema.org","@graph":[{"@type":"Article","@id":"https:\/\/news.save.ch\/gesamtschweizerischer-sirenentest-2\/#article","isPartOf":{"@id":"https:\/\/news.save.ch\/gesamtschweizerischer-sirenentest-2\/"},"author":{"name":"Roger Str\u00e4ssle","@id":"https:\/\/news.save.ch\/de\/#\/schema\/person\/d5022db048e0e2b9785c50e5b24da5aa"},"headline":"Gesamtschweizerischer Sirenentest","datePublished":"2020-02-03T12:24:59+00:00","mainEntityOfPage":{"@id":"https:\/\/news.save.ch\/gesamtschweizerischer-sirenentest-2\/"},"wordCount":510,"publisher":{"@id":"https:\/\/news.save.ch\/de\/#organization"},"image":{"@id":"https:\/\/news.save.ch\/gesamtschweizerischer-sirenentest-2\/#primaryimage"},"thumbnailUrl":"https:\/\/news.save.ch\/wp-content\/uploads\/2020\/02\/sirene_babs.jpg","keywords":["Alarmierung","Alertswiss","allgemeiner Alarm","Bundesamt f\u00fcr Bev\u00f6lkerungsschutz","Sirenen","Sirenentest","Stauanlagen","Wasseralarm"],"articleSection":["ALLGEMEIN"],"inLanguage":"it-IT"},{"@type":"WebPage","@id":"https:\/\/news.save.ch\/gesamtschweizerischer-sirenentest-2\/","url":"https:\/\/news.save.ch\/gesamtschweizerischer-sirenentest-2\/","name":"Test delle sirene in tutta la Svizzera - Salva","isPartOf":{"@id":"https:\/\/news.save.ch\/de\/#website"},"primaryImageOfPage":{"@id":"https:\/\/news.save.ch\/gesamtschweizerischer-sirenentest-2\/#primaryimage"},"image":{"@id":"https:\/\/news.save.ch\/gesamtschweizerischer-sirenentest-2\/#primaryimage"},"thumbnailUrl":"https:\/\/news.save.ch\/wp-content\/uploads\/2020\/02\/sirene_babs.jpg","datePublished":"2020-02-03T12:24:59+00:00","description":"Mercoled\u00ec 5 febbraio 2020 si svolger\u00e0 in tutta la Svizzera il test annuale delle sirene, che mostrer\u00e0 se i sistemi funzionano correttamente.","breadcrumb":{"@id":"https:\/\/news.save.ch\/gesamtschweizerischer-sirenentest-2\/#breadcrumb"},"inLanguage":"it-IT","potentialAction":[{"@type":"ReadAction","target":["https:\/\/news.save.ch\/gesamtschweizerischer-sirenentest-2\/"]}]},{"@type":"ImageObject","inLanguage":"it-IT","@id":"https:\/\/news.save.ch\/gesamtschweizerischer-sirenentest-2\/#primaryimage","url":"https:\/\/news.save.ch\/wp-content\/uploads\/2020\/02\/sirene_babs.jpg","contentUrl":"https:\/\/news.save.ch\/wp-content\/uploads\/2020\/02\/sirene_babs.jpg","width":647,"height":475,"caption":"\u00a9 BABS"},{"@type":"BreadcrumbList","@id":"https:\/\/news.save.ch\/gesamtschweizerischer-sirenentest-2\/#breadcrumb","itemListElement":[{"@type":"ListItem","position":1,"name":"Home","item":"https:\/\/news.save.ch\/de\/"},{"@type":"ListItem","position":2,"name":"Gesamtschweizerischer Sirenentest"}]},{"@type":"WebSite","@id":"https:\/\/news.save.ch\/de\/#website","url":"https:\/\/news.save.ch\/de\/","name":"Risparmiare","description":"Rivista svizzera specializzata in sicurezza","publisher":{"@id":"https:\/\/news.save.ch\/de\/#organization"},"potentialAction":[{"@type":"SearchAction","target":{"@type":"EntryPoint","urlTemplate":"https:\/\/news.save.ch\/de\/?s={search_term_string}"},"query-input":{"@type":"PropertyValueSpecification","valueRequired":true,"valueName":"search_term_string"}}],"inLanguage":"it-IT"},{"@type":"Organization","@id":"https:\/\/news.save.ch\/de\/#organization","name":"Forum sulla sicurezza","url":"https:\/\/news.save.ch\/de\/","logo":{"@type":"ImageObject","inLanguage":"it-IT","@id":"https:\/\/news.save.ch\/de\/#\/schema\/logo\/image\/","url":"https:\/\/news.save.ch\/wp-content\/uploads\/2022\/06\/Logo_SF_2012.png","contentUrl":"https:\/\/news.save.ch\/wp-content\/uploads\/2022\/06\/Logo_SF_2012.png","width":1100,"height":91,"caption":"Sicherheitsforum"},"image":{"@id":"https:\/\/news.save.ch\/de\/#\/schema\/logo\/image\/"}},{"@type":"Person","@id":"https:\/\/news.save.ch\/de\/#\/schema\/person\/d5022db048e0e2b9785c50e5b24da5aa","name":"Roger Str\u00e4ssle","image":{"@type":"ImageObject","inLanguage":"it-IT","@id":"https:\/\/secure.gravatar.com\/avatar\/862a5569d087de48e5856e32f45d719a03804c891d6deb8d4f71a660e79e4a47?s=96&d=mm&r=g","url":"https:\/\/secure.gravatar.com\/avatar\/862a5569d087de48e5856e32f45d719a03804c891d6deb8d4f71a660e79e4a47?s=96&d=mm&r=g","contentUrl":"https:\/\/secure.gravatar.com\/avatar\/862a5569d087de48e5856e32f45d719a03804c891d6deb8d4f71a660e79e4a47?s=96&d=mm&r=g","caption":"Roger Str\u00e4ssle"},"url":"https:\/\/news.save.ch\/it\/author\/roger-straessle\/"}]}},"_links":{"self":[{"href":"https:\/\/news.save.ch\/it\/wp-json\/wp\/v2\/posts\/9424","targetHints":{"allow":["GET"]}}],"collection":[{"href":"https:\/\/news.save.ch\/it\/wp-json\/wp\/v2\/posts"}],"about":[{"href":"https:\/\/news.save.ch\/it\/wp-json\/wp\/v2\/types\/post"}],"author":[{"embeddable":true,"href":"https:\/\/news.save.ch\/it\/wp-json\/wp\/v2\/users\/8"}],"replies":[{"embeddable":true,"href":"https:\/\/news.save.ch\/it\/wp-json\/wp\/v2\/comments?post=9424"}],"version-history":[{"count":0,"href":"https:\/\/news.save.ch\/it\/wp-json\/wp\/v2\/posts\/9424\/revisions"}],"wp:featuredmedia":[{"embeddable":true,"href":"https:\/\/news.save.ch\/it\/wp-json\/wp\/v2\/media\/9425"}],"wp:attachment":[{"href":"https:\/\/news.save.ch\/it\/wp-json\/wp\/v2\/media?parent=9424"}],"wp:term":[{"taxonomy":"category","embeddable":true,"href":"https:\/\/news.save.ch\/it\/wp-json\/wp\/v2\/categories?post=9424"},{"taxonomy":"post_tag","embeddable":true,"href":"https:\/\/news.save.ch\/it\/wp-json\/wp\/v2\/tags?post=9424"}],"curies":[{"name":"wp","href":"https:\/\/api.w.org\/{rel}","templated":true}]}}