{"id":9523,"date":"2020-02-24T15:36:13","date_gmt":"2020-02-24T14:36:13","guid":{"rendered":"https:\/\/news.save.ch\/?p=9523"},"modified":"2023-03-14T08:56:39","modified_gmt":"2023-03-14T07:56:39","slug":"entflechtung-und-weiterentwicklung-der-ruag-nach-cyberangriff","status":null,"type":"post","link":"https:\/\/news.save.ch\/it\/entflechtung-und-weiterentwicklung-der-ruag-nach-cyberangriff\/","title":{"rendered":"Disaggregazione e ulteriore sviluppo di Ruag dopo l'attacco informatico"},"content":{"rendered":"<figure id=\"attachment_9524\" aria-describedby=\"caption-attachment-9524\" style=\"width: 680px\" class=\"wp-caption aligncenter\"><img loading=\"lazy\" decoding=\"async\" class=\"size-medium wp-image-9524\" src=\"https:\/\/news.save.ch\/wp-content\/uploads\/2020\/02\/ruag_Depositphotos.jpg\" alt=\"\" width=\"680\" height=\"454\" srcset=\"https:\/\/news.save.ch\/wp-content\/uploads\/2020\/02\/ruag_Depositphotos.jpg 1000w, https:\/\/news.save.ch\/wp-content\/uploads\/2020\/02\/ruag_Depositphotos-375x250.jpg 375w\" sizes=\"auto, (max-width: 680px) 100vw, 680px\" \/><figcaption id=\"caption-attachment-9524\" class=\"wp-caption-text\">\u00a9 depositphotos, kjekol<\/figcaption><\/figure>\n<p>&nbsp;<\/p>\n<p>Il Comitato di revisione aziendale del Consiglio nazionale (GPK-N) accoglie nel suo <a href=\"https:\/\/www.newsd.admin.ch\/newsd\/message\/attachments\/60390.pdf\">Rapporto<\/a> del 19 novembre 2019 che il Consiglio federale ha attuato le sue raccomandazioni e preso decisioni chiave per quanto riguarda la disaggregazione dell'IT e l'ulteriore sviluppo di Ruag, come si legge nel comunicato stampa odierno. Nella sua dichiarazione, il Consiglio federale conferma che la disaggregazione di Ruag procede secondo i piani. Le divisioni Ruag, che lavorano principalmente per l'Esercito svizzero, e quelle che operano sul libero mercato sono state separate organizzativamente a partire dal 1\u00b0 gennaio 2020. La disaggregazione legale e finanziaria e la separazione dell'IT saranno completate entro la met\u00e0 del 2020. Il Consiglio di amministrazione della neocostituita holding mantello BGRB, responsabile dell'attuazione degli obiettivi strategici del Consiglio federale, ha iniziato i suoi lavori.<\/p>\n<p><strong>Ridurre al minimo i rischi con la disaggregazione dell'IT<\/strong><\/p>\n<p>Come afferma il Consiglio Federale nella sua dichiarazione, la disaggregazione dell'IT e l'integrazione dei dati delle <a href=\"https:\/\/www.ruag.com\/de\/ueber-ruag\/organisation\/konzernbereiche\/ruag-mro-schweiz\">MRO Svizzera<\/a> Sono state prese ampie misure precauzionali nel perimetro di sicurezza della base di supporto del Comando delle Forze Armate (FUB). Tutte le interfacce necessarie per le operazioni aziendali saranno delimitate da firewall e controlli di accesso. Non ci saranno pi\u00f9 \"intrecci\" incontrollati e MRO Svizzera si adeguer\u00e0 agli standard di sicurezza del settore della Difesa. Il Consiglio federale ritiene che il miglioramento dei processi e la garanzia della sicurezza informatica e delle informazioni siano un compito costante.<\/p>\n<p><strong>Strumenti di guida adeguati<\/strong><\/p>\n<p>Come prosegue il Consiglio federale, ha rispettato le raccomandazioni del GPK-N sulla gestione strategica di Ruag. In particolare, garantisce che i suoi strumenti di gestione siano utilizzati in modo appropriato per salvaguardare gli interessi dei proprietari. Come per tutte le societ\u00e0 affiliate alla Confederazione, la Confederazione controlla Ruag anche a livello strategico, principalmente attraverso gli obiettivi strategici del Consiglio federale, le discussioni periodiche con i proprietari e l'elezione del Consiglio di amministrazione.<\/p>\n<p>Lo scorporo del gruppo e la prevista privatizzazione di Ruag International sono un progetto molto complesso. Il fattore decisivo per la separazione e l'ulteriore sviluppo di Ruag \u00e8 stato il tentativo di ridurre i rischi per il proprietario a medio termine, che non era pi\u00f9 disposto a sostenere a causa dell'orientamento internazionale di Ruag e dell'integrazione con l'IT della Confederazione. Inoltre, la continuazione del gruppo nella sua forma originaria non sarebbe pi\u00f9 stata legalmente sostenibile.<\/p>\n<p><em>Comunicato stampa Confederazione<\/em><\/p>\n<p>&nbsp;<\/p>","protected":false},"excerpt":{"rendered":"<p>&nbsp; Die Gesch\u00e4ftspr\u00fcfungskommission des Nationalrates (GPK-N) begr\u00fcsst in ihrem Bericht vom 19. November 2019, dass der Bundesrat ihre Empfehlungen umgesetzt und wesentliche Entscheide im Hinblick auf die Entflechtung der Informatik und die Weiterentwicklung der Ruag getroffen hat, wie es in der heutigen Medienmitteilung heisst. Der Bundesrat best\u00e4tigt in seiner Stellungnahme, dass die Entflechtung der Ruag [&hellip;]<\/p>\n","protected":false},"author":8,"featured_media":9524,"comment_status":"closed","ping_status":"closed","sticky":false,"template":"","format":"standard","meta":{"_acf_changed":false,"pgc_sgb_lightbox_settings":"","footnotes":""},"categories":[3313],"tags":[682,681,683,684],"class_list":["post-9523","post","type-post","status-publish","format-standard","has-post-thumbnail","hentry","category-digitalisierung","tag-geschaeftspruefungskommission-des-nationalrates","tag-gpk-n","tag-risikominimierung","tag-ruag"],"acf":[],"hkrextid":null,"publication":null,"issue":null,"workflow":null,"startPage":null,"spitzmarke":null,"_posts_by_tag_page_fields":{"widget_title":"","widget_tags":""},"_at_widget":"1","_yoast_wpseo_primary_category":"2","_yoast_wpseo_focuskw_text_input":"Ruag","_yoast_wpseo_opengraph-image":null,"_yoast_wpseo_opengraph-description":null,"_yoast_wpseo_opengraph-title":null,"enclosure":null,"_yoast_wpseo_twitter-title":null,"_yoast_wpseo_twitter-description":null,"_yoast_wpseo_twitter-image":null,"_wp_old_slug":null,"_yoast_wpseo_title":null,"_yoast_wpseo_canonical":null,"yoast_head":"<!-- This site is optimized with the Yoast SEO plugin v27.5 - https:\/\/yoast.com\/product\/yoast-seo-wordpress\/ -->\n<title>Entflechtung und Weiterentwicklung der Ruag nach Cyberangriff - Save<\/title>\n<meta name=\"description\" content=\"Heute sch\u00fctzen umfangreiche Vorsichtsmassnahmen die Informatik-Schnittstellen zwischen Ruag \u00abMRO Schweiz\u00bb und Bundesverwaltung.\" \/>\n<meta name=\"robots\" content=\"index, follow, max-snippet:-1, max-image-preview:large, max-video-preview:-1\" \/>\n<link rel=\"canonical\" href=\"https:\/\/news.save.ch\/it\/entflechtung-und-weiterentwicklung-der-ruag-nach-cyberangriff\/\" \/>\n<meta property=\"og:locale\" content=\"it_IT\" \/>\n<meta property=\"og:type\" content=\"article\" \/>\n<meta property=\"og:title\" content=\"Entflechtung und Weiterentwicklung der Ruag nach Cyberangriff - Save\" \/>\n<meta property=\"og:description\" content=\"Heute sch\u00fctzen umfangreiche Vorsichtsmassnahmen die Informatik-Schnittstellen zwischen Ruag \u00abMRO Schweiz\u00bb und Bundesverwaltung.\" \/>\n<meta property=\"og:url\" content=\"https:\/\/news.save.ch\/it\/entflechtung-und-weiterentwicklung-der-ruag-nach-cyberangriff\/\" \/>\n<meta property=\"og:site_name\" content=\"Save\" \/>\n<meta property=\"article:published_time\" content=\"2020-02-24T14:36:13+00:00\" \/>\n<meta property=\"article:modified_time\" content=\"2023-03-14T07:56:39+00:00\" \/>\n<meta property=\"og:image\" content=\"https:\/\/news.save.ch\/wp-content\/uploads\/2020\/02\/ruag_Depositphotos.jpg\" \/>\n\t<meta property=\"og:image:width\" content=\"1000\" \/>\n\t<meta property=\"og:image:height\" content=\"667\" \/>\n\t<meta property=\"og:image:type\" content=\"image\/jpeg\" \/>\n<meta name=\"author\" content=\"Roger Str\u00e4ssle\" \/>\n<meta name=\"twitter:card\" content=\"summary_large_image\" \/>\n<meta name=\"twitter:label1\" content=\"Scritto da\" \/>\n\t<meta name=\"twitter:data1\" content=\"Roger Str\u00e4ssle\" \/>\n\t<meta name=\"twitter:label2\" content=\"Tempo di lettura stimato\" \/>\n\t<meta name=\"twitter:data2\" content=\"2 minuti\" \/>\n<script type=\"application\/ld+json\" class=\"yoast-schema-graph\">{\"@context\":\"https:\\\/\\\/schema.org\",\"@graph\":[{\"@type\":\"Article\",\"@id\":\"https:\\\/\\\/news.save.ch\\\/entflechtung-und-weiterentwicklung-der-ruag-nach-cyberangriff\\\/#article\",\"isPartOf\":{\"@id\":\"https:\\\/\\\/news.save.ch\\\/entflechtung-und-weiterentwicklung-der-ruag-nach-cyberangriff\\\/\"},\"author\":{\"name\":\"Roger Str\u00e4ssle\",\"@id\":\"https:\\\/\\\/news.save.ch\\\/de\\\/#\\\/schema\\\/person\\\/d5022db048e0e2b9785c50e5b24da5aa\"},\"headline\":\"Entflechtung und Weiterentwicklung der Ruag nach Cyberangriff\",\"datePublished\":\"2020-02-24T14:36:13+00:00\",\"dateModified\":\"2023-03-14T07:56:39+00:00\",\"mainEntityOfPage\":{\"@id\":\"https:\\\/\\\/news.save.ch\\\/entflechtung-und-weiterentwicklung-der-ruag-nach-cyberangriff\\\/\"},\"wordCount\":389,\"publisher\":{\"@id\":\"https:\\\/\\\/news.save.ch\\\/de\\\/#organization\"},\"image\":{\"@id\":\"https:\\\/\\\/news.save.ch\\\/entflechtung-und-weiterentwicklung-der-ruag-nach-cyberangriff\\\/#primaryimage\"},\"thumbnailUrl\":\"https:\\\/\\\/news.save.ch\\\/wp-content\\\/uploads\\\/2020\\\/02\\\/ruag_Depositphotos.jpg\",\"keywords\":[\"Gesch\u00e4ftspr\u00fcfungskommission des Nationalrates\",\"GPK-N\",\"Risikominimierung\",\"Ruag\"],\"articleSection\":[\"DIGITALISIERUNG\"],\"inLanguage\":\"it-IT\"},{\"@type\":\"WebPage\",\"@id\":\"https:\\\/\\\/news.save.ch\\\/entflechtung-und-weiterentwicklung-der-ruag-nach-cyberangriff\\\/\",\"url\":\"https:\\\/\\\/news.save.ch\\\/entflechtung-und-weiterentwicklung-der-ruag-nach-cyberangriff\\\/\",\"name\":\"Entflechtung und Weiterentwicklung der Ruag nach Cyberangriff - Save\",\"isPartOf\":{\"@id\":\"https:\\\/\\\/news.save.ch\\\/de\\\/#website\"},\"primaryImageOfPage\":{\"@id\":\"https:\\\/\\\/news.save.ch\\\/entflechtung-und-weiterentwicklung-der-ruag-nach-cyberangriff\\\/#primaryimage\"},\"image\":{\"@id\":\"https:\\\/\\\/news.save.ch\\\/entflechtung-und-weiterentwicklung-der-ruag-nach-cyberangriff\\\/#primaryimage\"},\"thumbnailUrl\":\"https:\\\/\\\/news.save.ch\\\/wp-content\\\/uploads\\\/2020\\\/02\\\/ruag_Depositphotos.jpg\",\"datePublished\":\"2020-02-24T14:36:13+00:00\",\"dateModified\":\"2023-03-14T07:56:39+00:00\",\"description\":\"Heute sch\u00fctzen umfangreiche Vorsichtsmassnahmen die Informatik-Schnittstellen zwischen Ruag \u00abMRO Schweiz\u00bb und Bundesverwaltung.\",\"breadcrumb\":{\"@id\":\"https:\\\/\\\/news.save.ch\\\/entflechtung-und-weiterentwicklung-der-ruag-nach-cyberangriff\\\/#breadcrumb\"},\"inLanguage\":\"it-IT\",\"potentialAction\":[{\"@type\":\"ReadAction\",\"target\":[\"https:\\\/\\\/news.save.ch\\\/entflechtung-und-weiterentwicklung-der-ruag-nach-cyberangriff\\\/\"]}]},{\"@type\":\"ImageObject\",\"inLanguage\":\"it-IT\",\"@id\":\"https:\\\/\\\/news.save.ch\\\/entflechtung-und-weiterentwicklung-der-ruag-nach-cyberangriff\\\/#primaryimage\",\"url\":\"https:\\\/\\\/news.save.ch\\\/wp-content\\\/uploads\\\/2020\\\/02\\\/ruag_Depositphotos.jpg\",\"contentUrl\":\"https:\\\/\\\/news.save.ch\\\/wp-content\\\/uploads\\\/2020\\\/02\\\/ruag_Depositphotos.jpg\",\"width\":1000,\"height\":667,\"caption\":\"\u00a9 depositphotos, kjekol\"},{\"@type\":\"BreadcrumbList\",\"@id\":\"https:\\\/\\\/news.save.ch\\\/entflechtung-und-weiterentwicklung-der-ruag-nach-cyberangriff\\\/#breadcrumb\",\"itemListElement\":[{\"@type\":\"ListItem\",\"position\":1,\"name\":\"Home\",\"item\":\"https:\\\/\\\/news.save.ch\\\/de\\\/\"},{\"@type\":\"ListItem\",\"position\":2,\"name\":\"Entflechtung und Weiterentwicklung der Ruag nach Cyberangriff\"}]},{\"@type\":\"WebSite\",\"@id\":\"https:\\\/\\\/news.save.ch\\\/de\\\/#website\",\"url\":\"https:\\\/\\\/news.save.ch\\\/de\\\/\",\"name\":\"Save\",\"description\":\"Schweizer Fachzeitschrift f\u00fcr Sicherheit\",\"publisher\":{\"@id\":\"https:\\\/\\\/news.save.ch\\\/de\\\/#organization\"},\"potentialAction\":[{\"@type\":\"SearchAction\",\"target\":{\"@type\":\"EntryPoint\",\"urlTemplate\":\"https:\\\/\\\/news.save.ch\\\/de\\\/?s={search_term_string}\"},\"query-input\":{\"@type\":\"PropertyValueSpecification\",\"valueRequired\":true,\"valueName\":\"search_term_string\"}}],\"inLanguage\":\"it-IT\"},{\"@type\":\"Organization\",\"@id\":\"https:\\\/\\\/news.save.ch\\\/de\\\/#organization\",\"name\":\"Sicherheitsforum\",\"url\":\"https:\\\/\\\/news.save.ch\\\/de\\\/\",\"logo\":{\"@type\":\"ImageObject\",\"inLanguage\":\"it-IT\",\"@id\":\"https:\\\/\\\/news.save.ch\\\/de\\\/#\\\/schema\\\/logo\\\/image\\\/\",\"url\":\"https:\\\/\\\/news.save.ch\\\/wp-content\\\/uploads\\\/2022\\\/06\\\/Logo_SF_2012.png\",\"contentUrl\":\"https:\\\/\\\/news.save.ch\\\/wp-content\\\/uploads\\\/2022\\\/06\\\/Logo_SF_2012.png\",\"width\":1100,\"height\":91,\"caption\":\"Sicherheitsforum\"},\"image\":{\"@id\":\"https:\\\/\\\/news.save.ch\\\/de\\\/#\\\/schema\\\/logo\\\/image\\\/\"}},{\"@type\":\"Person\",\"@id\":\"https:\\\/\\\/news.save.ch\\\/de\\\/#\\\/schema\\\/person\\\/d5022db048e0e2b9785c50e5b24da5aa\",\"name\":\"Roger Str\u00e4ssle\",\"image\":{\"@type\":\"ImageObject\",\"inLanguage\":\"it-IT\",\"@id\":\"https:\\\/\\\/secure.gravatar.com\\\/avatar\\\/862a5569d087de48e5856e32f45d719a03804c891d6deb8d4f71a660e79e4a47?s=96&d=mm&r=g\",\"url\":\"https:\\\/\\\/secure.gravatar.com\\\/avatar\\\/862a5569d087de48e5856e32f45d719a03804c891d6deb8d4f71a660e79e4a47?s=96&d=mm&r=g\",\"contentUrl\":\"https:\\\/\\\/secure.gravatar.com\\\/avatar\\\/862a5569d087de48e5856e32f45d719a03804c891d6deb8d4f71a660e79e4a47?s=96&d=mm&r=g\",\"caption\":\"Roger Str\u00e4ssle\"},\"url\":\"https:\\\/\\\/news.save.ch\\\/it\\\/author\\\/roger-straessle\\\/\"}]}<\/script>\n<!-- \/ Yoast SEO plugin. -->","yoast_head_json":{"title":"Disaggregazione e ulteriore sviluppo di Ruag dopo l'attacco informatico - Save","description":"Oggi, ampie misure precauzionali proteggono le interfacce informatiche tra Ruag \"MRO Svizzera\" e l'amministrazione federale.","robots":{"index":"index","follow":"follow","max-snippet":"max-snippet:-1","max-image-preview":"max-image-preview:large","max-video-preview":"max-video-preview:-1"},"canonical":"https:\/\/news.save.ch\/it\/entflechtung-und-weiterentwicklung-der-ruag-nach-cyberangriff\/","og_locale":"it_IT","og_type":"article","og_title":"Entflechtung und Weiterentwicklung der Ruag nach Cyberangriff - Save","og_description":"Heute sch\u00fctzen umfangreiche Vorsichtsmassnahmen die Informatik-Schnittstellen zwischen Ruag \u00abMRO Schweiz\u00bb und Bundesverwaltung.","og_url":"https:\/\/news.save.ch\/it\/entflechtung-und-weiterentwicklung-der-ruag-nach-cyberangriff\/","og_site_name":"Save","article_published_time":"2020-02-24T14:36:13+00:00","article_modified_time":"2023-03-14T07:56:39+00:00","og_image":[{"width":1000,"height":667,"url":"https:\/\/news.save.ch\/wp-content\/uploads\/2020\/02\/ruag_Depositphotos.jpg","type":"image\/jpeg"}],"author":"Roger Str\u00e4ssle","twitter_card":"summary_large_image","twitter_misc":{"Scritto da":"Roger Str\u00e4ssle","Tempo di lettura stimato":"2 minuti"},"schema":{"@context":"https:\/\/schema.org","@graph":[{"@type":"Article","@id":"https:\/\/news.save.ch\/entflechtung-und-weiterentwicklung-der-ruag-nach-cyberangriff\/#article","isPartOf":{"@id":"https:\/\/news.save.ch\/entflechtung-und-weiterentwicklung-der-ruag-nach-cyberangriff\/"},"author":{"name":"Roger Str\u00e4ssle","@id":"https:\/\/news.save.ch\/de\/#\/schema\/person\/d5022db048e0e2b9785c50e5b24da5aa"},"headline":"Entflechtung und Weiterentwicklung der Ruag nach Cyberangriff","datePublished":"2020-02-24T14:36:13+00:00","dateModified":"2023-03-14T07:56:39+00:00","mainEntityOfPage":{"@id":"https:\/\/news.save.ch\/entflechtung-und-weiterentwicklung-der-ruag-nach-cyberangriff\/"},"wordCount":389,"publisher":{"@id":"https:\/\/news.save.ch\/de\/#organization"},"image":{"@id":"https:\/\/news.save.ch\/entflechtung-und-weiterentwicklung-der-ruag-nach-cyberangriff\/#primaryimage"},"thumbnailUrl":"https:\/\/news.save.ch\/wp-content\/uploads\/2020\/02\/ruag_Depositphotos.jpg","keywords":["Gesch\u00e4ftspr\u00fcfungskommission des Nationalrates","GPK-N","Risikominimierung","Ruag"],"articleSection":["DIGITALISIERUNG"],"inLanguage":"it-IT"},{"@type":"WebPage","@id":"https:\/\/news.save.ch\/entflechtung-und-weiterentwicklung-der-ruag-nach-cyberangriff\/","url":"https:\/\/news.save.ch\/entflechtung-und-weiterentwicklung-der-ruag-nach-cyberangriff\/","name":"Disaggregazione e ulteriore sviluppo di Ruag dopo l'attacco informatico - Save","isPartOf":{"@id":"https:\/\/news.save.ch\/de\/#website"},"primaryImageOfPage":{"@id":"https:\/\/news.save.ch\/entflechtung-und-weiterentwicklung-der-ruag-nach-cyberangriff\/#primaryimage"},"image":{"@id":"https:\/\/news.save.ch\/entflechtung-und-weiterentwicklung-der-ruag-nach-cyberangriff\/#primaryimage"},"thumbnailUrl":"https:\/\/news.save.ch\/wp-content\/uploads\/2020\/02\/ruag_Depositphotos.jpg","datePublished":"2020-02-24T14:36:13+00:00","dateModified":"2023-03-14T07:56:39+00:00","description":"Oggi, ampie misure precauzionali proteggono le interfacce informatiche tra Ruag \"MRO Svizzera\" e l'amministrazione federale.","breadcrumb":{"@id":"https:\/\/news.save.ch\/entflechtung-und-weiterentwicklung-der-ruag-nach-cyberangriff\/#breadcrumb"},"inLanguage":"it-IT","potentialAction":[{"@type":"ReadAction","target":["https:\/\/news.save.ch\/entflechtung-und-weiterentwicklung-der-ruag-nach-cyberangriff\/"]}]},{"@type":"ImageObject","inLanguage":"it-IT","@id":"https:\/\/news.save.ch\/entflechtung-und-weiterentwicklung-der-ruag-nach-cyberangriff\/#primaryimage","url":"https:\/\/news.save.ch\/wp-content\/uploads\/2020\/02\/ruag_Depositphotos.jpg","contentUrl":"https:\/\/news.save.ch\/wp-content\/uploads\/2020\/02\/ruag_Depositphotos.jpg","width":1000,"height":667,"caption":"\u00a9 depositphotos, kjekol"},{"@type":"BreadcrumbList","@id":"https:\/\/news.save.ch\/entflechtung-und-weiterentwicklung-der-ruag-nach-cyberangriff\/#breadcrumb","itemListElement":[{"@type":"ListItem","position":1,"name":"Home","item":"https:\/\/news.save.ch\/de\/"},{"@type":"ListItem","position":2,"name":"Entflechtung und Weiterentwicklung der Ruag nach Cyberangriff"}]},{"@type":"WebSite","@id":"https:\/\/news.save.ch\/de\/#website","url":"https:\/\/news.save.ch\/de\/","name":"Risparmiare","description":"Rivista svizzera specializzata in sicurezza","publisher":{"@id":"https:\/\/news.save.ch\/de\/#organization"},"potentialAction":[{"@type":"SearchAction","target":{"@type":"EntryPoint","urlTemplate":"https:\/\/news.save.ch\/de\/?s={search_term_string}"},"query-input":{"@type":"PropertyValueSpecification","valueRequired":true,"valueName":"search_term_string"}}],"inLanguage":"it-IT"},{"@type":"Organization","@id":"https:\/\/news.save.ch\/de\/#organization","name":"Forum sulla sicurezza","url":"https:\/\/news.save.ch\/de\/","logo":{"@type":"ImageObject","inLanguage":"it-IT","@id":"https:\/\/news.save.ch\/de\/#\/schema\/logo\/image\/","url":"https:\/\/news.save.ch\/wp-content\/uploads\/2022\/06\/Logo_SF_2012.png","contentUrl":"https:\/\/news.save.ch\/wp-content\/uploads\/2022\/06\/Logo_SF_2012.png","width":1100,"height":91,"caption":"Sicherheitsforum"},"image":{"@id":"https:\/\/news.save.ch\/de\/#\/schema\/logo\/image\/"}},{"@type":"Person","@id":"https:\/\/news.save.ch\/de\/#\/schema\/person\/d5022db048e0e2b9785c50e5b24da5aa","name":"Roger Str\u00e4ssle","image":{"@type":"ImageObject","inLanguage":"it-IT","@id":"https:\/\/secure.gravatar.com\/avatar\/862a5569d087de48e5856e32f45d719a03804c891d6deb8d4f71a660e79e4a47?s=96&d=mm&r=g","url":"https:\/\/secure.gravatar.com\/avatar\/862a5569d087de48e5856e32f45d719a03804c891d6deb8d4f71a660e79e4a47?s=96&d=mm&r=g","contentUrl":"https:\/\/secure.gravatar.com\/avatar\/862a5569d087de48e5856e32f45d719a03804c891d6deb8d4f71a660e79e4a47?s=96&d=mm&r=g","caption":"Roger Str\u00e4ssle"},"url":"https:\/\/news.save.ch\/it\/author\/roger-straessle\/"}]}},"_links":{"self":[{"href":"https:\/\/news.save.ch\/it\/wp-json\/wp\/v2\/posts\/9523","targetHints":{"allow":["GET"]}}],"collection":[{"href":"https:\/\/news.save.ch\/it\/wp-json\/wp\/v2\/posts"}],"about":[{"href":"https:\/\/news.save.ch\/it\/wp-json\/wp\/v2\/types\/post"}],"author":[{"embeddable":true,"href":"https:\/\/news.save.ch\/it\/wp-json\/wp\/v2\/users\/8"}],"replies":[{"embeddable":true,"href":"https:\/\/news.save.ch\/it\/wp-json\/wp\/v2\/comments?post=9523"}],"version-history":[{"count":1,"href":"https:\/\/news.save.ch\/it\/wp-json\/wp\/v2\/posts\/9523\/revisions"}],"predecessor-version":[{"id":17343,"href":"https:\/\/news.save.ch\/it\/wp-json\/wp\/v2\/posts\/9523\/revisions\/17343"}],"wp:featuredmedia":[{"embeddable":true,"href":"https:\/\/news.save.ch\/it\/wp-json\/wp\/v2\/media\/9524"}],"wp:attachment":[{"href":"https:\/\/news.save.ch\/it\/wp-json\/wp\/v2\/media?parent=9523"}],"wp:term":[{"taxonomy":"category","embeddable":true,"href":"https:\/\/news.save.ch\/it\/wp-json\/wp\/v2\/categories?post=9523"},{"taxonomy":"post_tag","embeddable":true,"href":"https:\/\/news.save.ch\/it\/wp-json\/wp\/v2\/tags?post=9523"}],"curies":[{"name":"wp","href":"https:\/\/api.w.org\/{rel}","templated":true}]}}