{"id":974,"date":"2016-11-23T14:12:24","date_gmt":"2016-11-23T13:12:24","guid":{"rendered":"https:\/\/dev.sicherheitsforum.ch\/?p=974"},"modified":"2023-03-14T08:57:10","modified_gmt":"2023-03-14T07:57:10","slug":"schlecht-geschuetzte-kmu","status":null,"type":"post","link":"https:\/\/news.save.ch\/it\/schlecht-geschuetzte-kmu\/","title":{"rendered":"PMI poco protette"},"content":{"rendered":"<figure id=\"attachment_975\" aria-describedby=\"caption-attachment-975\" style=\"width: 680px\" class=\"wp-caption alignnone\"><img loading=\"lazy\" decoding=\"async\" class=\"size-medium wp-image-975\" src=\"https:\/\/sicherheitsforum.ch\/wp-content\/uploads\/2016\/12\/Schlecht-gesch\u00fctzte-KMU-it-security.jpg\" alt=\"\u00a9 depositphotos\" width=\"680\" height=\"680\" \/><figcaption id=\"caption-attachment-975\" class=\"wp-caption-text\">\u00a9 depositphotos<\/figcaption><\/figure>\n<p>Nessun rischio \u00e8 diventato cos\u00ec importante per l'economia svizzera come la criminalit\u00e0 informatica. Questo \u00e8 il risultato di un'indagine rappresentativa sulle piccole e medie imprese (PMI) condotta dalla compagnia assicurativa Zurich. Nel frattempo, il 12% delle PMI ritiene che gli hacker rappresentino un rischio fondamentale per loro. Rispetto al 2013, la loro quota \u00e8 pi\u00f9 che quadruplicata. Nel frattempo, la percentuale di PMI che ritiene di essere troppo piccola e insignificante per cadere vittima dei criminali informatici \u00e8 diminuita in modo significativo. Solo il 13% ritiene di non essere preso di mira dagli hacker.<\/p>\n<p><strong>548.000 PMI non sono tutelate<\/strong><br \/>\nSebbene la paura sia in forte aumento, la stragrande maggioranza delle PMI svizzere non \u00e8 attrezzata. Solo il 2,5% dei proprietari e degli amministratori delegati intervistati dichiara che la propria azienda dispone di misure di protezione pienamente funzionali e aggiornate. Estrapolato alle circa 562.000 PMI* in Svizzera, ci\u00f2 significa che 548.000 PMI non dispongono di una protezione efficace. Particolarmente esposte sono le aziende che considerano i rischi informatici come un rischio chiave e che tuttavia non hanno adottato alcuna misura. Il loro numero \u00e8 di almeno 53.000 persone.<br \/>\n\"Questa grande discrepanza tra la consapevolezza del rischio e l'adozione di misure concrete dimostra che la maggior parte delle PMI \u00e8 completamente sopraffatta e si sente impotente di fronte ai criminali informatici\", spiega Christian La Fontaine, specialista in cyber risk di Zurich. Questo a sua volta ha due ragioni principali: \"In primo luogo, molti consigli di amministrazione non hanno un esperto in questioni informatiche, quindi i rischi informatici sono stati a lungo sottovalutati\", afferma La Fontaine. \"In secondo luogo, le misure efficaci non sono sempre economiche. Per molto tempo, quindi, le PMI hanno esitato ad approvare i budget necessari\".<\/p>\n<p><strong>Colpiti anche ristoranti e parrucchieri<\/strong><br \/>\nLa Fontaine prevede che la quota di PMI altamente esposte aumenter\u00e0 nei prossimi anni. \"Pi\u00f9 i modelli di business delle aziende sono digitalizzati, pi\u00f9 sono esposte ai rischi informatici. I ristoranti o i parrucchieri, ad esempio, che effettuano prenotazioni principalmente tramite internet o app, possono subire dolorose perdite di fatturato in seguito a un attacco hacker. \"Se i clienti non possono pi\u00f9 prenotare online come al solito, rimangono solo i clienti che camminano\", spiega La Fontaine. Se un tempo era vero che erano soprattutto le grandi PMI a essere esposte ai rischi del cyberspazio, ci\u00f2 \u00e8 sempre pi\u00f9 vero anche per le imprese pi\u00f9 piccole.<\/p>\n<p><strong>Paura del furto di dati<\/strong><br \/>\nPer quanto riguarda i rischi informatici, le PMI temono soprattutto il furto di dati. \"Il danno \u00e8 particolarmente grave quando i criminali rubano i dati delle carte di credito dei clienti\", afferma La Fontaine. \"Se ci\u00f2 accade, una PMI spesso va incontro a un grave danno di reputazione e a un calo delle vendite\". Al secondo posto c'\u00e8 il timore di un'interruzione forzata dell'attivit\u00e0. \"Questo pu\u00f2 accadere quando gli hacker sovraccaricano un sito web con una marea di richieste, rendendo impossibile ai clienti l'accesso al sito\", spiega La Fontaine. Anche i virus possono causare interruzioni. \"Se un dipendente apre un'e-mail con un virus, un intero sistema informatico pu\u00f2 essere bloccato per giorni.<\/p>\n<p><em>Comunicato stampa Zurich Insurance Group AG<\/em><\/p>\n<p>I dettagli dell'indagine, condotta dalla societ\u00e0 di ricerca GfK: <a href=\"https:\/\/www.zurich.com\/de-de\/media\/news-releases\/2016\/2016-1123-01\" target=\"_blank\" rel=\"noreferrer noopener\" data-cke-saved-href=\"https:\/\/www.zurich.com\/de-de\/media\/news-releases\/2016\/2016-1123-01\">qui<\/a><\/p>","protected":false},"excerpt":{"rendered":"<p>Kein Risiko hat in der Schweizer Wirtschaft derart an Bedeutung gewonnen wie die Cyberkriminalit\u00e4t. Dies ergibt eine repr\u00e4sentative Umfrage der Versicherung Zurich unter kleinen und mittleren Unternehmen (KMU). Mittlerweile gehen 12 Prozent der KMU davon aus, dass Hacker ein Schl\u00fcsselrisiko f\u00fcr sie darstellen. Gegen\u00fcber dem Jahr 2013 hat sich ihr Anteil mehr als vervierfacht. Deutlich [&hellip;]<\/p>\n","protected":false},"author":1,"featured_media":975,"comment_status":"open","ping_status":"open","sticky":false,"template":"","format":"standard","meta":{"_acf_changed":false,"pgc_sgb_lightbox_settings":"","footnotes":""},"categories":[3313],"tags":[96,63],"class_list":["post-974","post","type-post","status-publish","format-standard","has-post-thumbnail","hentry","category-digitalisierung","tag-cyber-crime","tag-it-security"],"acf":[],"hkrextid":null,"publication":null,"issue":null,"workflow":null,"startPage":null,"spitzmarke":null,"_posts_by_tag_page_fields":{"widget_title":"","widget_tags":""},"_at_widget":"1","_yoast_wpseo_primary_category":"2","_yoast_wpseo_focuskw_text_input":"Schweizer KMU","_yoast_wpseo_opengraph-image":null,"_yoast_wpseo_opengraph-description":null,"_yoast_wpseo_opengraph-title":null,"enclosure":null,"_yoast_wpseo_twitter-title":null,"_yoast_wpseo_twitter-description":null,"_yoast_wpseo_twitter-image":null,"_wp_old_slug":null,"_yoast_wpseo_title":null,"_yoast_wpseo_canonical":null,"yoast_head":"<!-- This site is optimized with the Yoast SEO plugin v27.5 - https:\/\/yoast.com\/product\/yoast-seo-wordpress\/ -->\n<title>Schlecht gesch\u00fctzte KMU - Save<\/title>\n<meta name=\"robots\" content=\"index, follow, max-snippet:-1, max-image-preview:large, max-video-preview:-1\" \/>\n<link rel=\"canonical\" href=\"https:\/\/news.save.ch\/it\/schlecht-geschuetzte-kmu\/\" \/>\n<meta property=\"og:locale\" content=\"it_IT\" \/>\n<meta property=\"og:type\" content=\"article\" \/>\n<meta property=\"og:title\" content=\"Schlecht gesch\u00fctzte KMU - Save\" \/>\n<meta property=\"og:description\" content=\"Kein Risiko hat in der Schweizer Wirtschaft derart an Bedeutung gewonnen wie die Cyberkriminalit\u00e4t. Dies ergibt eine repr\u00e4sentative Umfrage der Versicherung Zurich unter kleinen und mittleren Unternehmen (KMU). Mittlerweile gehen 12 Prozent der KMU davon aus, dass Hacker ein Schl\u00fcsselrisiko f\u00fcr sie darstellen. Gegen\u00fcber dem Jahr 2013 hat sich ihr Anteil mehr als vervierfacht. Deutlich [&hellip;]\" \/>\n<meta property=\"og:url\" content=\"https:\/\/news.save.ch\/it\/schlecht-geschuetzte-kmu\/\" \/>\n<meta property=\"og:site_name\" content=\"Save\" \/>\n<meta property=\"article:published_time\" content=\"2016-11-23T13:12:24+00:00\" \/>\n<meta property=\"article:modified_time\" content=\"2023-03-14T07:57:10+00:00\" \/>\n<meta property=\"og:image\" content=\"https:\/\/news.save.ch\/wp-content\/uploads\/2016\/12\/Schlecht-geschuetzte-KMU-it-security-scaled.jpg\" \/>\n\t<meta property=\"og:image:width\" content=\"1400\" \/>\n\t<meta property=\"og:image:height\" content=\"1400\" \/>\n\t<meta property=\"og:image:type\" content=\"image\/jpeg\" \/>\n<meta name=\"author\" content=\"admin\" \/>\n<meta name=\"twitter:card\" content=\"summary_large_image\" \/>\n<meta name=\"twitter:label1\" content=\"Scritto da\" \/>\n\t<meta name=\"twitter:data1\" content=\"admin\" \/>\n\t<meta name=\"twitter:label2\" content=\"Tempo di lettura stimato\" \/>\n\t<meta name=\"twitter:data2\" content=\"3 minuti\" \/>\n<script type=\"application\/ld+json\" class=\"yoast-schema-graph\">{\"@context\":\"https:\\\/\\\/schema.org\",\"@graph\":[{\"@type\":\"Article\",\"@id\":\"https:\\\/\\\/news.save.ch\\\/schlecht-geschuetzte-kmu\\\/#article\",\"isPartOf\":{\"@id\":\"https:\\\/\\\/news.save.ch\\\/schlecht-geschuetzte-kmu\\\/\"},\"author\":{\"name\":\"admin\",\"@id\":\"https:\\\/\\\/news.save.ch\\\/de\\\/#\\\/schema\\\/person\\\/d49e199490bad7c70d64b9ab51142f2b\"},\"headline\":\"Schlecht gesch\u00fctzte KMU\",\"datePublished\":\"2016-11-23T13:12:24+00:00\",\"dateModified\":\"2023-03-14T07:57:10+00:00\",\"mainEntityOfPage\":{\"@id\":\"https:\\\/\\\/news.save.ch\\\/schlecht-geschuetzte-kmu\\\/\"},\"wordCount\":521,\"commentCount\":0,\"publisher\":{\"@id\":\"https:\\\/\\\/news.save.ch\\\/de\\\/#organization\"},\"image\":{\"@id\":\"https:\\\/\\\/news.save.ch\\\/schlecht-geschuetzte-kmu\\\/#primaryimage\"},\"thumbnailUrl\":\"https:\\\/\\\/news.save.ch\\\/wp-content\\\/uploads\\\/2016\\\/12\\\/Schlecht-geschuetzte-KMU-it-security-scaled.jpg\",\"keywords\":[\"Cyber-Crime\",\"IT-SECURITY\"],\"articleSection\":[\"DIGITALISIERUNG\"],\"inLanguage\":\"it-IT\"},{\"@type\":\"WebPage\",\"@id\":\"https:\\\/\\\/news.save.ch\\\/schlecht-geschuetzte-kmu\\\/\",\"url\":\"https:\\\/\\\/news.save.ch\\\/schlecht-geschuetzte-kmu\\\/\",\"name\":\"Schlecht gesch\u00fctzte KMU - Save\",\"isPartOf\":{\"@id\":\"https:\\\/\\\/news.save.ch\\\/de\\\/#website\"},\"primaryImageOfPage\":{\"@id\":\"https:\\\/\\\/news.save.ch\\\/schlecht-geschuetzte-kmu\\\/#primaryimage\"},\"image\":{\"@id\":\"https:\\\/\\\/news.save.ch\\\/schlecht-geschuetzte-kmu\\\/#primaryimage\"},\"thumbnailUrl\":\"https:\\\/\\\/news.save.ch\\\/wp-content\\\/uploads\\\/2016\\\/12\\\/Schlecht-geschuetzte-KMU-it-security-scaled.jpg\",\"datePublished\":\"2016-11-23T13:12:24+00:00\",\"dateModified\":\"2023-03-14T07:57:10+00:00\",\"breadcrumb\":{\"@id\":\"https:\\\/\\\/news.save.ch\\\/schlecht-geschuetzte-kmu\\\/#breadcrumb\"},\"inLanguage\":\"it-IT\",\"potentialAction\":[{\"@type\":\"ReadAction\",\"target\":[\"https:\\\/\\\/news.save.ch\\\/schlecht-geschuetzte-kmu\\\/\"]}]},{\"@type\":\"ImageObject\",\"inLanguage\":\"it-IT\",\"@id\":\"https:\\\/\\\/news.save.ch\\\/schlecht-geschuetzte-kmu\\\/#primaryimage\",\"url\":\"https:\\\/\\\/news.save.ch\\\/wp-content\\\/uploads\\\/2016\\\/12\\\/Schlecht-geschuetzte-KMU-it-security-scaled.jpg\",\"contentUrl\":\"https:\\\/\\\/news.save.ch\\\/wp-content\\\/uploads\\\/2016\\\/12\\\/Schlecht-geschuetzte-KMU-it-security-scaled.jpg\",\"width\":1400,\"height\":1400,\"caption\":\"\u00a9 depositphotos\"},{\"@type\":\"BreadcrumbList\",\"@id\":\"https:\\\/\\\/news.save.ch\\\/schlecht-geschuetzte-kmu\\\/#breadcrumb\",\"itemListElement\":[{\"@type\":\"ListItem\",\"position\":1,\"name\":\"Home\",\"item\":\"https:\\\/\\\/news.save.ch\\\/de\\\/\"},{\"@type\":\"ListItem\",\"position\":2,\"name\":\"Schlecht gesch\u00fctzte KMU\"}]},{\"@type\":\"WebSite\",\"@id\":\"https:\\\/\\\/news.save.ch\\\/de\\\/#website\",\"url\":\"https:\\\/\\\/news.save.ch\\\/de\\\/\",\"name\":\"Save\",\"description\":\"Schweizer Fachzeitschrift f\u00fcr Sicherheit\",\"publisher\":{\"@id\":\"https:\\\/\\\/news.save.ch\\\/de\\\/#organization\"},\"potentialAction\":[{\"@type\":\"SearchAction\",\"target\":{\"@type\":\"EntryPoint\",\"urlTemplate\":\"https:\\\/\\\/news.save.ch\\\/de\\\/?s={search_term_string}\"},\"query-input\":{\"@type\":\"PropertyValueSpecification\",\"valueRequired\":true,\"valueName\":\"search_term_string\"}}],\"inLanguage\":\"it-IT\"},{\"@type\":\"Organization\",\"@id\":\"https:\\\/\\\/news.save.ch\\\/de\\\/#organization\",\"name\":\"Sicherheitsforum\",\"url\":\"https:\\\/\\\/news.save.ch\\\/de\\\/\",\"logo\":{\"@type\":\"ImageObject\",\"inLanguage\":\"it-IT\",\"@id\":\"https:\\\/\\\/news.save.ch\\\/de\\\/#\\\/schema\\\/logo\\\/image\\\/\",\"url\":\"https:\\\/\\\/news.save.ch\\\/wp-content\\\/uploads\\\/2022\\\/06\\\/Logo_SF_2012.png\",\"contentUrl\":\"https:\\\/\\\/news.save.ch\\\/wp-content\\\/uploads\\\/2022\\\/06\\\/Logo_SF_2012.png\",\"width\":1100,\"height\":91,\"caption\":\"Sicherheitsforum\"},\"image\":{\"@id\":\"https:\\\/\\\/news.save.ch\\\/de\\\/#\\\/schema\\\/logo\\\/image\\\/\"}},{\"@type\":\"Person\",\"@id\":\"https:\\\/\\\/news.save.ch\\\/de\\\/#\\\/schema\\\/person\\\/d49e199490bad7c70d64b9ab51142f2b\",\"name\":\"admin\",\"image\":{\"@type\":\"ImageObject\",\"inLanguage\":\"it-IT\",\"@id\":\"https:\\\/\\\/secure.gravatar.com\\\/avatar\\\/ae2f4d718e6c49043e314ce431e7e645d646302a24a5ef5a8bc8e3f5a032e319?s=96&d=mm&r=g\",\"url\":\"https:\\\/\\\/secure.gravatar.com\\\/avatar\\\/ae2f4d718e6c49043e314ce431e7e645d646302a24a5ef5a8bc8e3f5a032e319?s=96&d=mm&r=g\",\"contentUrl\":\"https:\\\/\\\/secure.gravatar.com\\\/avatar\\\/ae2f4d718e6c49043e314ce431e7e645d646302a24a5ef5a8bc8e3f5a032e319?s=96&d=mm&r=g\",\"caption\":\"admin\"},\"sameAs\":[\"https:\\\/\\\/develop.organisator.galledia.ch\"],\"url\":\"https:\\\/\\\/news.save.ch\\\/it\\\/author\\\/admin\\\/\"}]}<\/script>\n<!-- \/ Yoast SEO plugin. -->","yoast_head_json":{"title":"PMI scarsamente protette - Salva","robots":{"index":"index","follow":"follow","max-snippet":"max-snippet:-1","max-image-preview":"max-image-preview:large","max-video-preview":"max-video-preview:-1"},"canonical":"https:\/\/news.save.ch\/it\/schlecht-geschuetzte-kmu\/","og_locale":"it_IT","og_type":"article","og_title":"Schlecht gesch\u00fctzte KMU - Save","og_description":"Kein Risiko hat in der Schweizer Wirtschaft derart an Bedeutung gewonnen wie die Cyberkriminalit\u00e4t. Dies ergibt eine repr\u00e4sentative Umfrage der Versicherung Zurich unter kleinen und mittleren Unternehmen (KMU). Mittlerweile gehen 12 Prozent der KMU davon aus, dass Hacker ein Schl\u00fcsselrisiko f\u00fcr sie darstellen. Gegen\u00fcber dem Jahr 2013 hat sich ihr Anteil mehr als vervierfacht. Deutlich [&hellip;]","og_url":"https:\/\/news.save.ch\/it\/schlecht-geschuetzte-kmu\/","og_site_name":"Save","article_published_time":"2016-11-23T13:12:24+00:00","article_modified_time":"2023-03-14T07:57:10+00:00","og_image":[{"width":1400,"height":1400,"url":"https:\/\/news.save.ch\/wp-content\/uploads\/2016\/12\/Schlecht-geschuetzte-KMU-it-security-scaled.jpg","type":"image\/jpeg"}],"author":"admin","twitter_card":"summary_large_image","twitter_misc":{"Scritto da":"admin","Tempo di lettura stimato":"3 minuti"},"schema":{"@context":"https:\/\/schema.org","@graph":[{"@type":"Article","@id":"https:\/\/news.save.ch\/schlecht-geschuetzte-kmu\/#article","isPartOf":{"@id":"https:\/\/news.save.ch\/schlecht-geschuetzte-kmu\/"},"author":{"name":"admin","@id":"https:\/\/news.save.ch\/de\/#\/schema\/person\/d49e199490bad7c70d64b9ab51142f2b"},"headline":"Schlecht gesch\u00fctzte KMU","datePublished":"2016-11-23T13:12:24+00:00","dateModified":"2023-03-14T07:57:10+00:00","mainEntityOfPage":{"@id":"https:\/\/news.save.ch\/schlecht-geschuetzte-kmu\/"},"wordCount":521,"commentCount":0,"publisher":{"@id":"https:\/\/news.save.ch\/de\/#organization"},"image":{"@id":"https:\/\/news.save.ch\/schlecht-geschuetzte-kmu\/#primaryimage"},"thumbnailUrl":"https:\/\/news.save.ch\/wp-content\/uploads\/2016\/12\/Schlecht-geschuetzte-KMU-it-security-scaled.jpg","keywords":["Cyber-Crime","IT-SECURITY"],"articleSection":["DIGITALISIERUNG"],"inLanguage":"it-IT"},{"@type":"WebPage","@id":"https:\/\/news.save.ch\/schlecht-geschuetzte-kmu\/","url":"https:\/\/news.save.ch\/schlecht-geschuetzte-kmu\/","name":"PMI scarsamente protette - Salva","isPartOf":{"@id":"https:\/\/news.save.ch\/de\/#website"},"primaryImageOfPage":{"@id":"https:\/\/news.save.ch\/schlecht-geschuetzte-kmu\/#primaryimage"},"image":{"@id":"https:\/\/news.save.ch\/schlecht-geschuetzte-kmu\/#primaryimage"},"thumbnailUrl":"https:\/\/news.save.ch\/wp-content\/uploads\/2016\/12\/Schlecht-geschuetzte-KMU-it-security-scaled.jpg","datePublished":"2016-11-23T13:12:24+00:00","dateModified":"2023-03-14T07:57:10+00:00","breadcrumb":{"@id":"https:\/\/news.save.ch\/schlecht-geschuetzte-kmu\/#breadcrumb"},"inLanguage":"it-IT","potentialAction":[{"@type":"ReadAction","target":["https:\/\/news.save.ch\/schlecht-geschuetzte-kmu\/"]}]},{"@type":"ImageObject","inLanguage":"it-IT","@id":"https:\/\/news.save.ch\/schlecht-geschuetzte-kmu\/#primaryimage","url":"https:\/\/news.save.ch\/wp-content\/uploads\/2016\/12\/Schlecht-geschuetzte-KMU-it-security-scaled.jpg","contentUrl":"https:\/\/news.save.ch\/wp-content\/uploads\/2016\/12\/Schlecht-geschuetzte-KMU-it-security-scaled.jpg","width":1400,"height":1400,"caption":"\u00a9 depositphotos"},{"@type":"BreadcrumbList","@id":"https:\/\/news.save.ch\/schlecht-geschuetzte-kmu\/#breadcrumb","itemListElement":[{"@type":"ListItem","position":1,"name":"Home","item":"https:\/\/news.save.ch\/de\/"},{"@type":"ListItem","position":2,"name":"Schlecht gesch\u00fctzte KMU"}]},{"@type":"WebSite","@id":"https:\/\/news.save.ch\/de\/#website","url":"https:\/\/news.save.ch\/de\/","name":"Risparmiare","description":"Rivista svizzera specializzata in sicurezza","publisher":{"@id":"https:\/\/news.save.ch\/de\/#organization"},"potentialAction":[{"@type":"SearchAction","target":{"@type":"EntryPoint","urlTemplate":"https:\/\/news.save.ch\/de\/?s={search_term_string}"},"query-input":{"@type":"PropertyValueSpecification","valueRequired":true,"valueName":"search_term_string"}}],"inLanguage":"it-IT"},{"@type":"Organization","@id":"https:\/\/news.save.ch\/de\/#organization","name":"Forum sulla sicurezza","url":"https:\/\/news.save.ch\/de\/","logo":{"@type":"ImageObject","inLanguage":"it-IT","@id":"https:\/\/news.save.ch\/de\/#\/schema\/logo\/image\/","url":"https:\/\/news.save.ch\/wp-content\/uploads\/2022\/06\/Logo_SF_2012.png","contentUrl":"https:\/\/news.save.ch\/wp-content\/uploads\/2022\/06\/Logo_SF_2012.png","width":1100,"height":91,"caption":"Sicherheitsforum"},"image":{"@id":"https:\/\/news.save.ch\/de\/#\/schema\/logo\/image\/"}},{"@type":"Person","@id":"https:\/\/news.save.ch\/de\/#\/schema\/person\/d49e199490bad7c70d64b9ab51142f2b","name":"amministratore","image":{"@type":"ImageObject","inLanguage":"it-IT","@id":"https:\/\/secure.gravatar.com\/avatar\/ae2f4d718e6c49043e314ce431e7e645d646302a24a5ef5a8bc8e3f5a032e319?s=96&d=mm&r=g","url":"https:\/\/secure.gravatar.com\/avatar\/ae2f4d718e6c49043e314ce431e7e645d646302a24a5ef5a8bc8e3f5a032e319?s=96&d=mm&r=g","contentUrl":"https:\/\/secure.gravatar.com\/avatar\/ae2f4d718e6c49043e314ce431e7e645d646302a24a5ef5a8bc8e3f5a032e319?s=96&d=mm&r=g","caption":"admin"},"sameAs":["https:\/\/develop.organisator.galledia.ch"],"url":"https:\/\/news.save.ch\/it\/author\/admin\/"}]}},"_links":{"self":[{"href":"https:\/\/news.save.ch\/it\/wp-json\/wp\/v2\/posts\/974","targetHints":{"allow":["GET"]}}],"collection":[{"href":"https:\/\/news.save.ch\/it\/wp-json\/wp\/v2\/posts"}],"about":[{"href":"https:\/\/news.save.ch\/it\/wp-json\/wp\/v2\/types\/post"}],"author":[{"embeddable":true,"href":"https:\/\/news.save.ch\/it\/wp-json\/wp\/v2\/users\/1"}],"replies":[{"embeddable":true,"href":"https:\/\/news.save.ch\/it\/wp-json\/wp\/v2\/comments?post=974"}],"version-history":[{"count":1,"href":"https:\/\/news.save.ch\/it\/wp-json\/wp\/v2\/posts\/974\/revisions"}],"predecessor-version":[{"id":17553,"href":"https:\/\/news.save.ch\/it\/wp-json\/wp\/v2\/posts\/974\/revisions\/17553"}],"wp:featuredmedia":[{"embeddable":true,"href":"https:\/\/news.save.ch\/it\/wp-json\/wp\/v2\/media\/975"}],"wp:attachment":[{"href":"https:\/\/news.save.ch\/it\/wp-json\/wp\/v2\/media?parent=974"}],"wp:term":[{"taxonomy":"category","embeddable":true,"href":"https:\/\/news.save.ch\/it\/wp-json\/wp\/v2\/categories?post=974"},{"taxonomy":"post_tag","embeddable":true,"href":"https:\/\/news.save.ch\/it\/wp-json\/wp\/v2\/tags?post=974"}],"curies":[{"name":"wp","href":"https:\/\/api.w.org\/{rel}","templated":true}]}}