{"id":979,"date":"2016-01-14T14:15:20","date_gmt":"2016-01-14T13:15:20","guid":{"rendered":"https:\/\/dev.sicherheitsforum.ch\/?p=979"},"modified":"2023-03-14T08:57:27","modified_gmt":"2023-03-14T07:57:27","slug":"schlag-gegen-ddos-erpresser","status":null,"type":"post","link":"https:\/\/news.save.ch\/it\/schlag-gegen-ddos-erpresser\/","title":{"rendered":"Un colpo contro i ricattatori DDoS"},"content":{"rendered":"<figure id=\"attachment_981\" aria-describedby=\"caption-attachment-981\" style=\"width: 680px\" class=\"wp-caption alignnone\"><img loading=\"lazy\" decoding=\"async\" class=\"wp-image-981 size-medium\" src=\"https:\/\/news.save.ch\/wp-content\/uploads\/2016\/12\/Schlag-gegen-DDoS-Erpresser-it-security.jpg\" width=\"680\" height=\"680\" \/><figcaption id=\"caption-attachment-981\" class=\"wp-caption-text\">Valuta informatica Bitcoin<\/figcaption><\/figure>\n<p>Gli agenti del Dipartimento Hi-Tech Crime del Ministero dell'Interno della Repubblica Srpska hanno arrestato un uomo di 32 anni in Bosnia-Erzegovina nel dicembre 2015. Il cittadino bosniaco \u00e8 sospettato di svolgere un ruolo di primo piano in un gruppo di criminali informatici operante a livello internazionale con lo pseudonimo \"DD4BC\" (\"DDoS for Bitcoin\"), secondo l'Ufficio federale di polizia criminale (BKA) in Germania. Gli specialisti informatici del BKA avrebbero accompagnato le misure operative in loco. All'operazione hanno partecipato anche agenti di polizia provenienti da Stati Uniti, Gran Bretagna, Austria ed Europol.<\/p>\n<p>Il BKA sta conducendo un'indagine preliminare per conto della Procura della Repubblica di Francoforte, Ufficio centrale per la lotta alla criminalit\u00e0 informatica, contro questo gruppo per sospetto di estorsione e sabotaggio informatico. Dal 2014 gli autori hanno utilizzato attacchi DDoS contro la presenza online di grandi aziende e societ\u00e0 di e-commerce in tutto il mondo. In tutto il mondo si registrano casi di danni a tre cifre.<\/p>\n<p>Nei loro attacchi di ricatto, il gruppo seguiva sempre lo stesso schema: \"DD4BC\" chiedeva alle aziende di pagare una certa somma per fermare i loro attacchi \"in cambio\". In ogni caso, \u00e8 stato richiesto un importo in valuta digitale Bitcoin, di solito del valore di circa 10.000 euro.<\/p>\n<p>Il successo dell'arresto sottolinea ancora una volta l'importanza della cooperazione internazionale di polizia nella lotta contro i criminali informatici che operano in tutto il mondo. Secondo il BKA, per ottenere tali successi \u00e8 necessario cooperare in uno spirito di fiducia con la comunit\u00e0 imprenditoriale, come avviene, ad esempio, con il Centro di competenza tedesco contro la criminalit\u00e0 informatica (<a href=\"https:\/\/www.g4c-ev.org\" target=\"_blank\" data-cke-saved-href=\"https:\/\/www.g4c-ev.org\" rel=\"noopener\">G4C<\/a> e.V.) esiste. Solo se le aziende interessate denunciano i reati \u00e8 possibile perseguirli penalmente (in Svizzera sono responsabili le autorit\u00e0 di polizia cantonali).<\/p>\n<p><strong><em>Spiegazioni:<\/em><\/strong><\/p>\n<ul>\n<li>Attacco DDoS (Distributed Denial of Service): Attacco a un computer con l'obiettivo di disabilitarne la disponibilit\u00e0. L'attacco viene effettuato da molti computer distribuiti.<\/li>\n<li>Bitcoin: la valuta non consiste n\u00e9 in banconote n\u00e9 in monete. Consiste in blocchi di dati calcolati e crittografati. Il nome \u00e8 composto dalla pi\u00f9 piccola unit\u00e0 di memoria del computer, il bit, e dalla parola inglese che indica la moneta, coin.<\/li>\n<\/ul>\n<p>&nbsp;<\/p>","protected":false},"excerpt":{"rendered":"<p>Beamte des Hi-Tech Crime Departement, Innenministerium Republik Srpska, haben im Dezember 2015 in Bosnien und Herzegowina einen 32-j\u00e4hrigen Mann festgenommen. Der bosnische Staatsangeh\u00f6rige steht im Verdacht, eine f\u00fchrende Rolle in einer international agierenden Gruppierung von Cyberkriminellen mit dem Pseudonym &#8222;DD4BC&#8220; (&#8222;DDoS for Bitcoin&#8220;) zu spielen, wie das Bundeskriminalamt (BKA) in Deutschland schreibt. BKA-Cyberspezialisten h\u00e4tten vor [&hellip;]<\/p>\n","protected":false},"author":1,"featured_media":981,"comment_status":"open","ping_status":"open","sticky":false,"template":"","format":"standard","meta":{"_acf_changed":false,"pgc_sgb_lightbox_settings":"","footnotes":""},"categories":[3313],"tags":[96,62,63,113],"class_list":["post-979","post","type-post","status-publish","format-standard","has-post-thumbnail","hentry","category-digitalisierung","tag-cyber-crime","tag-ict-sicherheit","tag-it-security","tag-kriminalitaet"],"acf":[],"hkrextid":null,"publication":null,"issue":null,"workflow":null,"startPage":null,"spitzmarke":null,"_posts_by_tag_page_fields":{"widget_title":"","widget_tags":""},"_at_widget":"1","_yoast_wpseo_primary_category":"2","_yoast_wpseo_focuskw_text_input":"DDoS-Erpresser","_yoast_wpseo_opengraph-image":"https:\/\/news.save.ch\/wp-content\/uploads\/2016\/12\/Schlag-gegen-DDoS-Erpresser-it-security.jpg","_yoast_wpseo_opengraph-description":"Cyber-Fahnder haben einen international agierenden DDoS-Erpresser dingfest gemacht.","_yoast_wpseo_opengraph-title":"Schlag gegen DDoS-Erpresser","enclosure":null,"_yoast_wpseo_twitter-title":null,"_yoast_wpseo_twitter-description":null,"_yoast_wpseo_twitter-image":null,"_wp_old_slug":null,"_yoast_wpseo_title":null,"_yoast_wpseo_canonical":null,"yoast_head":"<!-- This site is optimized with the Yoast SEO plugin v27.5 - https:\/\/yoast.com\/product\/yoast-seo-wordpress\/ -->\n<title>Schlag gegen DDoS-Erpresser - Save<\/title>\n<meta name=\"description\" content=\"Beamte des Hi-Tech Crime Departement, Innenministerium Republik Srpska, haben einen international agierenden DDoS-Erpresser dingfest gemacht.\" \/>\n<meta name=\"robots\" content=\"index, follow, max-snippet:-1, max-image-preview:large, max-video-preview:-1\" \/>\n<link rel=\"canonical\" href=\"https:\/\/news.save.ch\/it\/schlag-gegen-ddos-erpresser\/\" \/>\n<meta property=\"og:locale\" content=\"it_IT\" \/>\n<meta property=\"og:type\" content=\"article\" \/>\n<meta property=\"og:title\" content=\"Schlag gegen DDoS-Erpresser\" \/>\n<meta property=\"og:description\" content=\"Cyber-Fahnder haben einen international agierenden DDoS-Erpresser dingfest gemacht.\" \/>\n<meta property=\"og:url\" content=\"https:\/\/news.save.ch\/it\/schlag-gegen-ddos-erpresser\/\" \/>\n<meta property=\"og:site_name\" content=\"Save\" \/>\n<meta property=\"article:published_time\" content=\"2016-01-14T13:15:20+00:00\" \/>\n<meta property=\"article:modified_time\" content=\"2023-03-14T07:57:27+00:00\" \/>\n<meta property=\"og:image\" content=\"https:\/\/news.save.ch\/wp-content\/uploads\/2016\/12\/Schlag-gegen-DDoS-Erpresser-it-security.jpg\" \/>\n<meta name=\"author\" content=\"admin\" \/>\n<meta name=\"twitter:card\" content=\"summary_large_image\" \/>\n<meta name=\"twitter:label1\" content=\"Scritto da\" \/>\n\t<meta name=\"twitter:data1\" content=\"admin\" \/>\n\t<meta name=\"twitter:label2\" content=\"Tempo di lettura stimato\" \/>\n\t<meta name=\"twitter:data2\" content=\"2 minuti\" \/>\n<script type=\"application\/ld+json\" class=\"yoast-schema-graph\">{\"@context\":\"https:\\\/\\\/schema.org\",\"@graph\":[{\"@type\":\"Article\",\"@id\":\"https:\\\/\\\/news.save.ch\\\/schlag-gegen-ddos-erpresser\\\/#article\",\"isPartOf\":{\"@id\":\"https:\\\/\\\/news.save.ch\\\/schlag-gegen-ddos-erpresser\\\/\"},\"author\":{\"name\":\"admin\",\"@id\":\"https:\\\/\\\/news.save.ch\\\/de\\\/#\\\/schema\\\/person\\\/d49e199490bad7c70d64b9ab51142f2b\"},\"headline\":\"Schlag gegen DDoS-Erpresser\",\"datePublished\":\"2016-01-14T13:15:20+00:00\",\"dateModified\":\"2023-03-14T07:57:27+00:00\",\"mainEntityOfPage\":{\"@id\":\"https:\\\/\\\/news.save.ch\\\/schlag-gegen-ddos-erpresser\\\/\"},\"wordCount\":342,\"commentCount\":0,\"publisher\":{\"@id\":\"https:\\\/\\\/news.save.ch\\\/de\\\/#organization\"},\"image\":{\"@id\":\"https:\\\/\\\/news.save.ch\\\/schlag-gegen-ddos-erpresser\\\/#primaryimage\"},\"thumbnailUrl\":\"https:\\\/\\\/news.save.ch\\\/wp-content\\\/uploads\\\/2016\\\/12\\\/Schlag-gegen-DDoS-Erpresser-it-security-scaled.jpg\",\"keywords\":[\"Cyber-Crime\",\"ICT-Sicherheit\",\"IT-SECURITY\",\"Kriminalit\u00e4t\"],\"articleSection\":[\"DIGITALISIERUNG\"],\"inLanguage\":\"it-IT\"},{\"@type\":\"WebPage\",\"@id\":\"https:\\\/\\\/news.save.ch\\\/schlag-gegen-ddos-erpresser\\\/\",\"url\":\"https:\\\/\\\/news.save.ch\\\/schlag-gegen-ddos-erpresser\\\/\",\"name\":\"Schlag gegen DDoS-Erpresser - Save\",\"isPartOf\":{\"@id\":\"https:\\\/\\\/news.save.ch\\\/de\\\/#website\"},\"primaryImageOfPage\":{\"@id\":\"https:\\\/\\\/news.save.ch\\\/schlag-gegen-ddos-erpresser\\\/#primaryimage\"},\"image\":{\"@id\":\"https:\\\/\\\/news.save.ch\\\/schlag-gegen-ddos-erpresser\\\/#primaryimage\"},\"thumbnailUrl\":\"https:\\\/\\\/news.save.ch\\\/wp-content\\\/uploads\\\/2016\\\/12\\\/Schlag-gegen-DDoS-Erpresser-it-security-scaled.jpg\",\"datePublished\":\"2016-01-14T13:15:20+00:00\",\"dateModified\":\"2023-03-14T07:57:27+00:00\",\"description\":\"Beamte des Hi-Tech Crime Departement, Innenministerium Republik Srpska, haben einen international agierenden DDoS-Erpresser dingfest gemacht.\",\"breadcrumb\":{\"@id\":\"https:\\\/\\\/news.save.ch\\\/schlag-gegen-ddos-erpresser\\\/#breadcrumb\"},\"inLanguage\":\"it-IT\",\"potentialAction\":[{\"@type\":\"ReadAction\",\"target\":[\"https:\\\/\\\/news.save.ch\\\/schlag-gegen-ddos-erpresser\\\/\"]}]},{\"@type\":\"ImageObject\",\"inLanguage\":\"it-IT\",\"@id\":\"https:\\\/\\\/news.save.ch\\\/schlag-gegen-ddos-erpresser\\\/#primaryimage\",\"url\":\"https:\\\/\\\/news.save.ch\\\/wp-content\\\/uploads\\\/2016\\\/12\\\/Schlag-gegen-DDoS-Erpresser-it-security-scaled.jpg\",\"contentUrl\":\"https:\\\/\\\/news.save.ch\\\/wp-content\\\/uploads\\\/2016\\\/12\\\/Schlag-gegen-DDoS-Erpresser-it-security-scaled.jpg\",\"width\":1400,\"height\":1400,\"caption\":\"Computerw\u00e4hrung Bitcoin\"},{\"@type\":\"BreadcrumbList\",\"@id\":\"https:\\\/\\\/news.save.ch\\\/schlag-gegen-ddos-erpresser\\\/#breadcrumb\",\"itemListElement\":[{\"@type\":\"ListItem\",\"position\":1,\"name\":\"Home\",\"item\":\"https:\\\/\\\/news.save.ch\\\/de\\\/\"},{\"@type\":\"ListItem\",\"position\":2,\"name\":\"Schlag gegen DDoS-Erpresser\"}]},{\"@type\":\"WebSite\",\"@id\":\"https:\\\/\\\/news.save.ch\\\/de\\\/#website\",\"url\":\"https:\\\/\\\/news.save.ch\\\/de\\\/\",\"name\":\"Save\",\"description\":\"Schweizer Fachzeitschrift f\u00fcr Sicherheit\",\"publisher\":{\"@id\":\"https:\\\/\\\/news.save.ch\\\/de\\\/#organization\"},\"potentialAction\":[{\"@type\":\"SearchAction\",\"target\":{\"@type\":\"EntryPoint\",\"urlTemplate\":\"https:\\\/\\\/news.save.ch\\\/de\\\/?s={search_term_string}\"},\"query-input\":{\"@type\":\"PropertyValueSpecification\",\"valueRequired\":true,\"valueName\":\"search_term_string\"}}],\"inLanguage\":\"it-IT\"},{\"@type\":\"Organization\",\"@id\":\"https:\\\/\\\/news.save.ch\\\/de\\\/#organization\",\"name\":\"Sicherheitsforum\",\"url\":\"https:\\\/\\\/news.save.ch\\\/de\\\/\",\"logo\":{\"@type\":\"ImageObject\",\"inLanguage\":\"it-IT\",\"@id\":\"https:\\\/\\\/news.save.ch\\\/de\\\/#\\\/schema\\\/logo\\\/image\\\/\",\"url\":\"https:\\\/\\\/news.save.ch\\\/wp-content\\\/uploads\\\/2022\\\/06\\\/Logo_SF_2012.png\",\"contentUrl\":\"https:\\\/\\\/news.save.ch\\\/wp-content\\\/uploads\\\/2022\\\/06\\\/Logo_SF_2012.png\",\"width\":1100,\"height\":91,\"caption\":\"Sicherheitsforum\"},\"image\":{\"@id\":\"https:\\\/\\\/news.save.ch\\\/de\\\/#\\\/schema\\\/logo\\\/image\\\/\"}},{\"@type\":\"Person\",\"@id\":\"https:\\\/\\\/news.save.ch\\\/de\\\/#\\\/schema\\\/person\\\/d49e199490bad7c70d64b9ab51142f2b\",\"name\":\"admin\",\"image\":{\"@type\":\"ImageObject\",\"inLanguage\":\"it-IT\",\"@id\":\"https:\\\/\\\/secure.gravatar.com\\\/avatar\\\/ae2f4d718e6c49043e314ce431e7e645d646302a24a5ef5a8bc8e3f5a032e319?s=96&d=mm&r=g\",\"url\":\"https:\\\/\\\/secure.gravatar.com\\\/avatar\\\/ae2f4d718e6c49043e314ce431e7e645d646302a24a5ef5a8bc8e3f5a032e319?s=96&d=mm&r=g\",\"contentUrl\":\"https:\\\/\\\/secure.gravatar.com\\\/avatar\\\/ae2f4d718e6c49043e314ce431e7e645d646302a24a5ef5a8bc8e3f5a032e319?s=96&d=mm&r=g\",\"caption\":\"admin\"},\"sameAs\":[\"https:\\\/\\\/develop.organisator.galledia.ch\"],\"url\":\"https:\\\/\\\/news.save.ch\\\/it\\\/author\\\/admin\\\/\"}]}<\/script>\n<!-- \/ Yoast SEO plugin. -->","yoast_head_json":{"title":"Un colpo contro i ricattatori DDoS - Save","description":"I funzionari del Dipartimento Hi-Tech Crime del Ministero degli Interni della Repubblica Srpska hanno arrestato un estorsore DDoS operante a livello internazionale.","robots":{"index":"index","follow":"follow","max-snippet":"max-snippet:-1","max-image-preview":"max-image-preview:large","max-video-preview":"max-video-preview:-1"},"canonical":"https:\/\/news.save.ch\/it\/schlag-gegen-ddos-erpresser\/","og_locale":"it_IT","og_type":"article","og_title":"Schlag gegen DDoS-Erpresser","og_description":"Cyber-Fahnder haben einen international agierenden DDoS-Erpresser dingfest gemacht.","og_url":"https:\/\/news.save.ch\/it\/schlag-gegen-ddos-erpresser\/","og_site_name":"Save","article_published_time":"2016-01-14T13:15:20+00:00","article_modified_time":"2023-03-14T07:57:27+00:00","og_image":[{"url":"https:\/\/news.save.ch\/wp-content\/uploads\/2016\/12\/Schlag-gegen-DDoS-Erpresser-it-security.jpg","type":"","width":"","height":""}],"author":"admin","twitter_card":"summary_large_image","twitter_misc":{"Scritto da":"admin","Tempo di lettura stimato":"2 minuti"},"schema":{"@context":"https:\/\/schema.org","@graph":[{"@type":"Article","@id":"https:\/\/news.save.ch\/schlag-gegen-ddos-erpresser\/#article","isPartOf":{"@id":"https:\/\/news.save.ch\/schlag-gegen-ddos-erpresser\/"},"author":{"name":"admin","@id":"https:\/\/news.save.ch\/de\/#\/schema\/person\/d49e199490bad7c70d64b9ab51142f2b"},"headline":"Schlag gegen DDoS-Erpresser","datePublished":"2016-01-14T13:15:20+00:00","dateModified":"2023-03-14T07:57:27+00:00","mainEntityOfPage":{"@id":"https:\/\/news.save.ch\/schlag-gegen-ddos-erpresser\/"},"wordCount":342,"commentCount":0,"publisher":{"@id":"https:\/\/news.save.ch\/de\/#organization"},"image":{"@id":"https:\/\/news.save.ch\/schlag-gegen-ddos-erpresser\/#primaryimage"},"thumbnailUrl":"https:\/\/news.save.ch\/wp-content\/uploads\/2016\/12\/Schlag-gegen-DDoS-Erpresser-it-security-scaled.jpg","keywords":["Cyber-Crime","ICT-Sicherheit","IT-SECURITY","Kriminalit\u00e4t"],"articleSection":["DIGITALISIERUNG"],"inLanguage":"it-IT"},{"@type":"WebPage","@id":"https:\/\/news.save.ch\/schlag-gegen-ddos-erpresser\/","url":"https:\/\/news.save.ch\/schlag-gegen-ddos-erpresser\/","name":"Un colpo contro i ricattatori DDoS - Save","isPartOf":{"@id":"https:\/\/news.save.ch\/de\/#website"},"primaryImageOfPage":{"@id":"https:\/\/news.save.ch\/schlag-gegen-ddos-erpresser\/#primaryimage"},"image":{"@id":"https:\/\/news.save.ch\/schlag-gegen-ddos-erpresser\/#primaryimage"},"thumbnailUrl":"https:\/\/news.save.ch\/wp-content\/uploads\/2016\/12\/Schlag-gegen-DDoS-Erpresser-it-security-scaled.jpg","datePublished":"2016-01-14T13:15:20+00:00","dateModified":"2023-03-14T07:57:27+00:00","description":"I funzionari del Dipartimento Hi-Tech Crime del Ministero degli Interni della Repubblica Srpska hanno arrestato un estorsore DDoS operante a livello internazionale.","breadcrumb":{"@id":"https:\/\/news.save.ch\/schlag-gegen-ddos-erpresser\/#breadcrumb"},"inLanguage":"it-IT","potentialAction":[{"@type":"ReadAction","target":["https:\/\/news.save.ch\/schlag-gegen-ddos-erpresser\/"]}]},{"@type":"ImageObject","inLanguage":"it-IT","@id":"https:\/\/news.save.ch\/schlag-gegen-ddos-erpresser\/#primaryimage","url":"https:\/\/news.save.ch\/wp-content\/uploads\/2016\/12\/Schlag-gegen-DDoS-Erpresser-it-security-scaled.jpg","contentUrl":"https:\/\/news.save.ch\/wp-content\/uploads\/2016\/12\/Schlag-gegen-DDoS-Erpresser-it-security-scaled.jpg","width":1400,"height":1400,"caption":"Computerw\u00e4hrung Bitcoin"},{"@type":"BreadcrumbList","@id":"https:\/\/news.save.ch\/schlag-gegen-ddos-erpresser\/#breadcrumb","itemListElement":[{"@type":"ListItem","position":1,"name":"Home","item":"https:\/\/news.save.ch\/de\/"},{"@type":"ListItem","position":2,"name":"Schlag gegen DDoS-Erpresser"}]},{"@type":"WebSite","@id":"https:\/\/news.save.ch\/de\/#website","url":"https:\/\/news.save.ch\/de\/","name":"Risparmiare","description":"Rivista svizzera specializzata in sicurezza","publisher":{"@id":"https:\/\/news.save.ch\/de\/#organization"},"potentialAction":[{"@type":"SearchAction","target":{"@type":"EntryPoint","urlTemplate":"https:\/\/news.save.ch\/de\/?s={search_term_string}"},"query-input":{"@type":"PropertyValueSpecification","valueRequired":true,"valueName":"search_term_string"}}],"inLanguage":"it-IT"},{"@type":"Organization","@id":"https:\/\/news.save.ch\/de\/#organization","name":"Forum sulla sicurezza","url":"https:\/\/news.save.ch\/de\/","logo":{"@type":"ImageObject","inLanguage":"it-IT","@id":"https:\/\/news.save.ch\/de\/#\/schema\/logo\/image\/","url":"https:\/\/news.save.ch\/wp-content\/uploads\/2022\/06\/Logo_SF_2012.png","contentUrl":"https:\/\/news.save.ch\/wp-content\/uploads\/2022\/06\/Logo_SF_2012.png","width":1100,"height":91,"caption":"Sicherheitsforum"},"image":{"@id":"https:\/\/news.save.ch\/de\/#\/schema\/logo\/image\/"}},{"@type":"Person","@id":"https:\/\/news.save.ch\/de\/#\/schema\/person\/d49e199490bad7c70d64b9ab51142f2b","name":"amministratore","image":{"@type":"ImageObject","inLanguage":"it-IT","@id":"https:\/\/secure.gravatar.com\/avatar\/ae2f4d718e6c49043e314ce431e7e645d646302a24a5ef5a8bc8e3f5a032e319?s=96&d=mm&r=g","url":"https:\/\/secure.gravatar.com\/avatar\/ae2f4d718e6c49043e314ce431e7e645d646302a24a5ef5a8bc8e3f5a032e319?s=96&d=mm&r=g","contentUrl":"https:\/\/secure.gravatar.com\/avatar\/ae2f4d718e6c49043e314ce431e7e645d646302a24a5ef5a8bc8e3f5a032e319?s=96&d=mm&r=g","caption":"admin"},"sameAs":["https:\/\/develop.organisator.galledia.ch"],"url":"https:\/\/news.save.ch\/it\/author\/admin\/"}]}},"_links":{"self":[{"href":"https:\/\/news.save.ch\/it\/wp-json\/wp\/v2\/posts\/979","targetHints":{"allow":["GET"]}}],"collection":[{"href":"https:\/\/news.save.ch\/it\/wp-json\/wp\/v2\/posts"}],"about":[{"href":"https:\/\/news.save.ch\/it\/wp-json\/wp\/v2\/types\/post"}],"author":[{"embeddable":true,"href":"https:\/\/news.save.ch\/it\/wp-json\/wp\/v2\/users\/1"}],"replies":[{"embeddable":true,"href":"https:\/\/news.save.ch\/it\/wp-json\/wp\/v2\/comments?post=979"}],"version-history":[{"count":1,"href":"https:\/\/news.save.ch\/it\/wp-json\/wp\/v2\/posts\/979\/revisions"}],"predecessor-version":[{"id":17681,"href":"https:\/\/news.save.ch\/it\/wp-json\/wp\/v2\/posts\/979\/revisions\/17681"}],"wp:featuredmedia":[{"embeddable":true,"href":"https:\/\/news.save.ch\/it\/wp-json\/wp\/v2\/media\/981"}],"wp:attachment":[{"href":"https:\/\/news.save.ch\/it\/wp-json\/wp\/v2\/media?parent=979"}],"wp:term":[{"taxonomy":"category","embeddable":true,"href":"https:\/\/news.save.ch\/it\/wp-json\/wp\/v2\/categories?post=979"},{"taxonomy":"post_tag","embeddable":true,"href":"https:\/\/news.save.ch\/it\/wp-json\/wp\/v2\/tags?post=979"}],"curies":[{"name":"wp","href":"https:\/\/api.w.org\/{rel}","templated":true}]}}