{"id":9890,"date":"2020-03-30T14:33:19","date_gmt":"2020-03-30T12:33:19","guid":{"rendered":"https:\/\/news.save.ch\/?p=9890"},"modified":"2023-03-14T08:56:38","modified_gmt":"2023-03-14T07:56:38","slug":"world-backup-day-fuenf-backup-empfehlungen","status":null,"type":"post","link":"https:\/\/news.save.ch\/it\/world-backup-day-fuenf-backup-empfehlungen\/","title":{"rendered":"Giornata mondiale del backup: cinque raccomandazioni"},"content":{"rendered":"<figure id=\"attachment_9891\" aria-describedby=\"caption-attachment-9891\" style=\"width: 680px\" class=\"wp-caption aligncenter\"><img loading=\"lazy\" decoding=\"async\" class=\"wp-image-9891 size-medium\" src=\"https:\/\/news.save.ch\/wp-content\/uploads\/2020\/03\/A_Depositphotos_123120288_s-2019-1.jpg\" alt=\"\" width=\"680\" height=\"602\" srcset=\"https:\/\/news.save.ch\/wp-content\/uploads\/2020\/03\/A_Depositphotos_123120288_s-2019-1.jpg 1000w, https:\/\/news.save.ch\/wp-content\/uploads\/2020\/03\/A_Depositphotos_123120288_s-2019-1-339x300.jpg 339w\" sizes=\"auto, (max-width: 680px) 100vw, 680px\" \/><figcaption id=\"caption-attachment-9891\" class=\"wp-caption-text\">\u00a9 depositphotos, Rawpixel<\/figcaption><\/figure>\n<p>&nbsp;<\/p>\n<p>Soprattutto in tempi in cui l'home office \u00e8 in aumento, \u00e8 necessario creare backup regolari. Il 31 marzo, ancora una volta il <a href=\"https:\/\/www.worldbackupday.com\/de\/\">Giornata mondiale del backup<\/a> cinque raccomandazioni di Toshiba Electronics Europe GmbH:<\/p>\n<ol>\n<li><strong> Pulizie di primavera:<\/strong> Prima di qualsiasi azione di backup importante, si dovrebbe sempre procedere a un'importante pulizia, ossia liberare il computer dalla zavorra di dati non necessari. Ci\u00f2 include le applicazioni non pi\u00f9 utilizzate, i dati inattivi o frammentati e i file temporanei. Anche la cronologia dei download e i cookie devono essere eliminati. Oltre ad aumentare lo spazio di archiviazione disponibile, questo semplifica e accelera i processi di backup.<\/li>\n<li><strong> Strategia di backup:<\/strong> \u00c8 importante definire una strategia di backup. Innanzitutto, l'utente deve stabilire come e quanto spesso eseguire il backup. Altre decisioni riguardano la scelta dei luoghi e dei supporti di archiviazione, come l'uso di dischi rigidi esterni o di un backup su cloud. Anche l'impostazione di backup automatici, con la definizione di tempi e intervalli per i backup, pu\u00f2 essere un passo sensato.<\/li>\n<li><strong> Backup completo contro backup incrementale:<\/strong> In ogni caso, gli utenti di PC dovrebbero eseguire un backup completo di tanto in tanto. Questi dovrebbero essere integrati da regolari backup incrementali, in cui viene eseguito il backup solo dei dati modificati dall'ultimo backup completo.<\/li>\n<li><strong> Applicazione del principio 3-2-1:<\/strong> In generale, si consiglia di eseguire il backup dei dati secondo il principio del 3-2-1. Ci\u00f2 significa che l'utente dovrebbe creare tre copie, utilizzare due supporti di archiviazione diversi, come un disco rigido esterno e un'unit\u00e0 a nastro, e archiviare una versione di backup esternamente \"fuori sede\", ad esempio nel cloud.<\/li>\n<li><strong> Recupero dati:<\/strong> Infine, \u00e8 necessario considerare anche il tema del disaster recovery, ovvero il chiarimento della questione di come i dati salvati tramite backup possano essere ripristinati in caso di perdita di dati sul computer. La soluzione di ripristino utilizzata dovrebbe offrire un elevato grado di flessibilit\u00e0 e, ad esempio, supportare il ripristino di file, cartelle o di un intero sistema. Dovrebbe anche essere possibile ripristinare i dati su un hardware diverso.<\/li>\n<\/ol>\n<p>Sul mercato esistono numerose soluzioni di backup e ripristino progettate per un'ampia variet\u00e0 di requisiti. Quando si sceglie una soluzione, \u00e8 importante assicurarsi che i prodotti offrano una qualit\u00e0 comprovata e soddisfino le proprie esigenze. Ad esempio, \u00e8 necessario verificare la compatibilit\u00e0 con il proprio computer e le funzioni software disponibili.<\/p>\n<p><em>Fonte: Toshiba Electronics Europe<\/em><\/p>\n<p>&nbsp;<\/p>\n<blockquote>\n<p><strong><span style=\"font-family: 'Arial',sans-serif;\">Scollegare i dischi rigidi esterni\u00a0<\/span><\/strong><\/p>\n<p><span style=\"font-family: 'Arial',sans-serif;\">Ecco un altro importante consiglio di Avast: i dischi rigidi esterni devono essere scollegati dopo un backup per proteggerli dal malware che potrebbe diffondersi dal computer ai dispositivi collegati.<\/span><\/p>\n<\/blockquote>\n<p>&nbsp;<\/p>\n<p>&nbsp;<\/p>","protected":false},"excerpt":{"rendered":"<p>&nbsp; Gerade in Zeiten von vermehrtem Home-Office sollte man regelm\u00e4ssige Backups erstellen. Am 31. M\u00e4rz findet einmal mehr der World Backup Day statt; dazu f\u00fcnf Empfehlungen von Toshiba Electronics Europe GmbH: Fr\u00fchjahrsputz: Vor jeder gr\u00f6sseren Backup-Aktion sollte immer auch ein Grossreinemachen auf dem Programm stehen, das heisst der Rechner muss von unn\u00f6tigem Datenballast befreit werden. [&hellip;]<\/p>\n","protected":false},"author":8,"featured_media":9891,"comment_status":"closed","ping_status":"closed","sticky":false,"template":"","format":"standard","meta":{"_acf_changed":false,"pgc_sgb_lightbox_settings":"","footnotes":""},"categories":[3313],"tags":[777,778,779,780],"class_list":["post-9890","post","type-post","status-publish","format-standard","has-post-thumbnail","hentry","category-digitalisierung","tag-backup","tag-datenwiederherstellung","tag-disaster-recovery","tag-inkrementelle-sicherung"],"acf":[],"hkrextid":null,"publication":null,"issue":null,"workflow":null,"startPage":null,"spitzmarke":null,"_posts_by_tag_page_fields":{"widget_title":"","widget_tags":""},"_at_widget":"1","_yoast_wpseo_primary_category":"2","_yoast_wpseo_focuskw_text_input":"Backup","_yoast_wpseo_opengraph-image":null,"_yoast_wpseo_opengraph-description":null,"_yoast_wpseo_opengraph-title":null,"enclosure":null,"_yoast_wpseo_twitter-title":null,"_yoast_wpseo_twitter-description":null,"_yoast_wpseo_twitter-image":null,"_wp_old_slug":null,"_yoast_wpseo_title":null,"_yoast_wpseo_canonical":null,"yoast_head":"<!-- This site is optimized with the Yoast SEO plugin v27.5 - https:\/\/yoast.com\/product\/yoast-seo-wordpress\/ -->\n<title>World Backup Day: F\u00fcnf Empfehlungen - Save<\/title>\n<meta name=\"description\" content=\"World Backup Day: Der Datenverlust auf dem heimischen Desktop-PC oder Notebook ist \u00e4rgerlich. Umso wichtiger sind regelm\u00e4ssige Backups.\" \/>\n<meta name=\"robots\" content=\"index, follow, max-snippet:-1, max-image-preview:large, max-video-preview:-1\" \/>\n<link rel=\"canonical\" href=\"https:\/\/news.save.ch\/it\/world-backup-day-fuenf-backup-empfehlungen\/\" \/>\n<meta property=\"og:locale\" content=\"it_IT\" \/>\n<meta property=\"og:type\" content=\"article\" \/>\n<meta property=\"og:title\" content=\"World Backup Day: F\u00fcnf Empfehlungen - Save\" \/>\n<meta property=\"og:description\" content=\"World Backup Day: Der Datenverlust auf dem heimischen Desktop-PC oder Notebook ist \u00e4rgerlich. Umso wichtiger sind regelm\u00e4ssige Backups.\" \/>\n<meta property=\"og:url\" content=\"https:\/\/news.save.ch\/it\/world-backup-day-fuenf-backup-empfehlungen\/\" \/>\n<meta property=\"og:site_name\" content=\"Save\" \/>\n<meta property=\"article:published_time\" content=\"2020-03-30T12:33:19+00:00\" \/>\n<meta property=\"article:modified_time\" content=\"2023-03-14T07:56:38+00:00\" \/>\n<meta property=\"og:image\" content=\"https:\/\/news.save.ch\/wp-content\/uploads\/2020\/03\/A_Depositphotos_123120288_s-2019-1.jpg\" \/>\n\t<meta property=\"og:image:width\" content=\"1000\" \/>\n\t<meta property=\"og:image:height\" content=\"886\" \/>\n\t<meta property=\"og:image:type\" content=\"image\/jpeg\" \/>\n<meta name=\"author\" content=\"Roger Str\u00e4ssle\" \/>\n<meta name=\"twitter:card\" content=\"summary_large_image\" \/>\n<meta name=\"twitter:label1\" content=\"Scritto da\" \/>\n\t<meta name=\"twitter:data1\" content=\"Roger Str\u00e4ssle\" \/>\n\t<meta name=\"twitter:label2\" content=\"Tempo di lettura stimato\" \/>\n\t<meta name=\"twitter:data2\" content=\"2 minuti\" \/>\n<script type=\"application\/ld+json\" class=\"yoast-schema-graph\">{\"@context\":\"https:\\\/\\\/schema.org\",\"@graph\":[{\"@type\":\"Article\",\"@id\":\"https:\\\/\\\/news.save.ch\\\/world-backup-day-fuenf-backup-empfehlungen\\\/#article\",\"isPartOf\":{\"@id\":\"https:\\\/\\\/news.save.ch\\\/world-backup-day-fuenf-backup-empfehlungen\\\/\"},\"author\":{\"name\":\"Roger Str\u00e4ssle\",\"@id\":\"https:\\\/\\\/news.save.ch\\\/de\\\/#\\\/schema\\\/person\\\/d5022db048e0e2b9785c50e5b24da5aa\"},\"headline\":\"World Backup Day: F\u00fcnf Empfehlungen\",\"datePublished\":\"2020-03-30T12:33:19+00:00\",\"dateModified\":\"2023-03-14T07:56:38+00:00\",\"mainEntityOfPage\":{\"@id\":\"https:\\\/\\\/news.save.ch\\\/world-backup-day-fuenf-backup-empfehlungen\\\/\"},\"wordCount\":437,\"publisher\":{\"@id\":\"https:\\\/\\\/news.save.ch\\\/de\\\/#organization\"},\"image\":{\"@id\":\"https:\\\/\\\/news.save.ch\\\/world-backup-day-fuenf-backup-empfehlungen\\\/#primaryimage\"},\"thumbnailUrl\":\"https:\\\/\\\/news.save.ch\\\/wp-content\\\/uploads\\\/2020\\\/03\\\/A_Depositphotos_123120288_s-2019-1.jpg\",\"keywords\":[\"Backup\",\"Datenwiederherstellung\",\"Disaster Recovery\",\"inkrementelle Sicherung\"],\"articleSection\":[\"DIGITALISIERUNG\"],\"inLanguage\":\"it-IT\"},{\"@type\":\"WebPage\",\"@id\":\"https:\\\/\\\/news.save.ch\\\/world-backup-day-fuenf-backup-empfehlungen\\\/\",\"url\":\"https:\\\/\\\/news.save.ch\\\/world-backup-day-fuenf-backup-empfehlungen\\\/\",\"name\":\"World Backup Day: F\u00fcnf Empfehlungen - Save\",\"isPartOf\":{\"@id\":\"https:\\\/\\\/news.save.ch\\\/de\\\/#website\"},\"primaryImageOfPage\":{\"@id\":\"https:\\\/\\\/news.save.ch\\\/world-backup-day-fuenf-backup-empfehlungen\\\/#primaryimage\"},\"image\":{\"@id\":\"https:\\\/\\\/news.save.ch\\\/world-backup-day-fuenf-backup-empfehlungen\\\/#primaryimage\"},\"thumbnailUrl\":\"https:\\\/\\\/news.save.ch\\\/wp-content\\\/uploads\\\/2020\\\/03\\\/A_Depositphotos_123120288_s-2019-1.jpg\",\"datePublished\":\"2020-03-30T12:33:19+00:00\",\"dateModified\":\"2023-03-14T07:56:38+00:00\",\"description\":\"World Backup Day: Der Datenverlust auf dem heimischen Desktop-PC oder Notebook ist \u00e4rgerlich. Umso wichtiger sind regelm\u00e4ssige Backups.\",\"breadcrumb\":{\"@id\":\"https:\\\/\\\/news.save.ch\\\/world-backup-day-fuenf-backup-empfehlungen\\\/#breadcrumb\"},\"inLanguage\":\"it-IT\",\"potentialAction\":[{\"@type\":\"ReadAction\",\"target\":[\"https:\\\/\\\/news.save.ch\\\/world-backup-day-fuenf-backup-empfehlungen\\\/\"]}]},{\"@type\":\"ImageObject\",\"inLanguage\":\"it-IT\",\"@id\":\"https:\\\/\\\/news.save.ch\\\/world-backup-day-fuenf-backup-empfehlungen\\\/#primaryimage\",\"url\":\"https:\\\/\\\/news.save.ch\\\/wp-content\\\/uploads\\\/2020\\\/03\\\/A_Depositphotos_123120288_s-2019-1.jpg\",\"contentUrl\":\"https:\\\/\\\/news.save.ch\\\/wp-content\\\/uploads\\\/2020\\\/03\\\/A_Depositphotos_123120288_s-2019-1.jpg\",\"width\":1000,\"height\":886,\"caption\":\"\u00a9 depositphotos, Rawpixel\"},{\"@type\":\"BreadcrumbList\",\"@id\":\"https:\\\/\\\/news.save.ch\\\/world-backup-day-fuenf-backup-empfehlungen\\\/#breadcrumb\",\"itemListElement\":[{\"@type\":\"ListItem\",\"position\":1,\"name\":\"Home\",\"item\":\"https:\\\/\\\/news.save.ch\\\/de\\\/\"},{\"@type\":\"ListItem\",\"position\":2,\"name\":\"World Backup Day: F\u00fcnf Empfehlungen\"}]},{\"@type\":\"WebSite\",\"@id\":\"https:\\\/\\\/news.save.ch\\\/de\\\/#website\",\"url\":\"https:\\\/\\\/news.save.ch\\\/de\\\/\",\"name\":\"Save\",\"description\":\"Schweizer Fachzeitschrift f\u00fcr Sicherheit\",\"publisher\":{\"@id\":\"https:\\\/\\\/news.save.ch\\\/de\\\/#organization\"},\"potentialAction\":[{\"@type\":\"SearchAction\",\"target\":{\"@type\":\"EntryPoint\",\"urlTemplate\":\"https:\\\/\\\/news.save.ch\\\/de\\\/?s={search_term_string}\"},\"query-input\":{\"@type\":\"PropertyValueSpecification\",\"valueRequired\":true,\"valueName\":\"search_term_string\"}}],\"inLanguage\":\"it-IT\"},{\"@type\":\"Organization\",\"@id\":\"https:\\\/\\\/news.save.ch\\\/de\\\/#organization\",\"name\":\"Sicherheitsforum\",\"url\":\"https:\\\/\\\/news.save.ch\\\/de\\\/\",\"logo\":{\"@type\":\"ImageObject\",\"inLanguage\":\"it-IT\",\"@id\":\"https:\\\/\\\/news.save.ch\\\/de\\\/#\\\/schema\\\/logo\\\/image\\\/\",\"url\":\"https:\\\/\\\/news.save.ch\\\/wp-content\\\/uploads\\\/2022\\\/06\\\/Logo_SF_2012.png\",\"contentUrl\":\"https:\\\/\\\/news.save.ch\\\/wp-content\\\/uploads\\\/2022\\\/06\\\/Logo_SF_2012.png\",\"width\":1100,\"height\":91,\"caption\":\"Sicherheitsforum\"},\"image\":{\"@id\":\"https:\\\/\\\/news.save.ch\\\/de\\\/#\\\/schema\\\/logo\\\/image\\\/\"}},{\"@type\":\"Person\",\"@id\":\"https:\\\/\\\/news.save.ch\\\/de\\\/#\\\/schema\\\/person\\\/d5022db048e0e2b9785c50e5b24da5aa\",\"name\":\"Roger Str\u00e4ssle\",\"image\":{\"@type\":\"ImageObject\",\"inLanguage\":\"it-IT\",\"@id\":\"https:\\\/\\\/secure.gravatar.com\\\/avatar\\\/862a5569d087de48e5856e32f45d719a03804c891d6deb8d4f71a660e79e4a47?s=96&d=mm&r=g\",\"url\":\"https:\\\/\\\/secure.gravatar.com\\\/avatar\\\/862a5569d087de48e5856e32f45d719a03804c891d6deb8d4f71a660e79e4a47?s=96&d=mm&r=g\",\"contentUrl\":\"https:\\\/\\\/secure.gravatar.com\\\/avatar\\\/862a5569d087de48e5856e32f45d719a03804c891d6deb8d4f71a660e79e4a47?s=96&d=mm&r=g\",\"caption\":\"Roger Str\u00e4ssle\"},\"url\":\"https:\\\/\\\/news.save.ch\\\/it\\\/author\\\/roger-straessle\\\/\"}]}<\/script>\n<!-- \/ Yoast SEO plugin. -->","yoast_head_json":{"title":"Giornata mondiale del backup: cinque raccomandazioni - Save","description":"Giornata mondiale del backup: perdere i dati sul PC desktop o sul notebook a casa \u00e8 fastidioso. Per questo \u00e8 ancora pi\u00f9 importante eseguire regolarmente dei backup.","robots":{"index":"index","follow":"follow","max-snippet":"max-snippet:-1","max-image-preview":"max-image-preview:large","max-video-preview":"max-video-preview:-1"},"canonical":"https:\/\/news.save.ch\/it\/world-backup-day-fuenf-backup-empfehlungen\/","og_locale":"it_IT","og_type":"article","og_title":"World Backup Day: F\u00fcnf Empfehlungen - Save","og_description":"World Backup Day: Der Datenverlust auf dem heimischen Desktop-PC oder Notebook ist \u00e4rgerlich. Umso wichtiger sind regelm\u00e4ssige Backups.","og_url":"https:\/\/news.save.ch\/it\/world-backup-day-fuenf-backup-empfehlungen\/","og_site_name":"Save","article_published_time":"2020-03-30T12:33:19+00:00","article_modified_time":"2023-03-14T07:56:38+00:00","og_image":[{"width":1000,"height":886,"url":"https:\/\/news.save.ch\/wp-content\/uploads\/2020\/03\/A_Depositphotos_123120288_s-2019-1.jpg","type":"image\/jpeg"}],"author":"Roger Str\u00e4ssle","twitter_card":"summary_large_image","twitter_misc":{"Scritto da":"Roger Str\u00e4ssle","Tempo di lettura stimato":"2 minuti"},"schema":{"@context":"https:\/\/schema.org","@graph":[{"@type":"Article","@id":"https:\/\/news.save.ch\/world-backup-day-fuenf-backup-empfehlungen\/#article","isPartOf":{"@id":"https:\/\/news.save.ch\/world-backup-day-fuenf-backup-empfehlungen\/"},"author":{"name":"Roger Str\u00e4ssle","@id":"https:\/\/news.save.ch\/de\/#\/schema\/person\/d5022db048e0e2b9785c50e5b24da5aa"},"headline":"World Backup Day: F\u00fcnf Empfehlungen","datePublished":"2020-03-30T12:33:19+00:00","dateModified":"2023-03-14T07:56:38+00:00","mainEntityOfPage":{"@id":"https:\/\/news.save.ch\/world-backup-day-fuenf-backup-empfehlungen\/"},"wordCount":437,"publisher":{"@id":"https:\/\/news.save.ch\/de\/#organization"},"image":{"@id":"https:\/\/news.save.ch\/world-backup-day-fuenf-backup-empfehlungen\/#primaryimage"},"thumbnailUrl":"https:\/\/news.save.ch\/wp-content\/uploads\/2020\/03\/A_Depositphotos_123120288_s-2019-1.jpg","keywords":["Backup","Datenwiederherstellung","Disaster Recovery","inkrementelle Sicherung"],"articleSection":["DIGITALISIERUNG"],"inLanguage":"it-IT"},{"@type":"WebPage","@id":"https:\/\/news.save.ch\/world-backup-day-fuenf-backup-empfehlungen\/","url":"https:\/\/news.save.ch\/world-backup-day-fuenf-backup-empfehlungen\/","name":"Giornata mondiale del backup: cinque raccomandazioni - Save","isPartOf":{"@id":"https:\/\/news.save.ch\/de\/#website"},"primaryImageOfPage":{"@id":"https:\/\/news.save.ch\/world-backup-day-fuenf-backup-empfehlungen\/#primaryimage"},"image":{"@id":"https:\/\/news.save.ch\/world-backup-day-fuenf-backup-empfehlungen\/#primaryimage"},"thumbnailUrl":"https:\/\/news.save.ch\/wp-content\/uploads\/2020\/03\/A_Depositphotos_123120288_s-2019-1.jpg","datePublished":"2020-03-30T12:33:19+00:00","dateModified":"2023-03-14T07:56:38+00:00","description":"Giornata mondiale del backup: perdere i dati sul PC desktop o sul notebook a casa \u00e8 fastidioso. Per questo \u00e8 ancora pi\u00f9 importante eseguire regolarmente dei backup.","breadcrumb":{"@id":"https:\/\/news.save.ch\/world-backup-day-fuenf-backup-empfehlungen\/#breadcrumb"},"inLanguage":"it-IT","potentialAction":[{"@type":"ReadAction","target":["https:\/\/news.save.ch\/world-backup-day-fuenf-backup-empfehlungen\/"]}]},{"@type":"ImageObject","inLanguage":"it-IT","@id":"https:\/\/news.save.ch\/world-backup-day-fuenf-backup-empfehlungen\/#primaryimage","url":"https:\/\/news.save.ch\/wp-content\/uploads\/2020\/03\/A_Depositphotos_123120288_s-2019-1.jpg","contentUrl":"https:\/\/news.save.ch\/wp-content\/uploads\/2020\/03\/A_Depositphotos_123120288_s-2019-1.jpg","width":1000,"height":886,"caption":"\u00a9 depositphotos, Rawpixel"},{"@type":"BreadcrumbList","@id":"https:\/\/news.save.ch\/world-backup-day-fuenf-backup-empfehlungen\/#breadcrumb","itemListElement":[{"@type":"ListItem","position":1,"name":"Home","item":"https:\/\/news.save.ch\/de\/"},{"@type":"ListItem","position":2,"name":"World Backup Day: F\u00fcnf Empfehlungen"}]},{"@type":"WebSite","@id":"https:\/\/news.save.ch\/de\/#website","url":"https:\/\/news.save.ch\/de\/","name":"Risparmiare","description":"Rivista svizzera specializzata in sicurezza","publisher":{"@id":"https:\/\/news.save.ch\/de\/#organization"},"potentialAction":[{"@type":"SearchAction","target":{"@type":"EntryPoint","urlTemplate":"https:\/\/news.save.ch\/de\/?s={search_term_string}"},"query-input":{"@type":"PropertyValueSpecification","valueRequired":true,"valueName":"search_term_string"}}],"inLanguage":"it-IT"},{"@type":"Organization","@id":"https:\/\/news.save.ch\/de\/#organization","name":"Forum sulla sicurezza","url":"https:\/\/news.save.ch\/de\/","logo":{"@type":"ImageObject","inLanguage":"it-IT","@id":"https:\/\/news.save.ch\/de\/#\/schema\/logo\/image\/","url":"https:\/\/news.save.ch\/wp-content\/uploads\/2022\/06\/Logo_SF_2012.png","contentUrl":"https:\/\/news.save.ch\/wp-content\/uploads\/2022\/06\/Logo_SF_2012.png","width":1100,"height":91,"caption":"Sicherheitsforum"},"image":{"@id":"https:\/\/news.save.ch\/de\/#\/schema\/logo\/image\/"}},{"@type":"Person","@id":"https:\/\/news.save.ch\/de\/#\/schema\/person\/d5022db048e0e2b9785c50e5b24da5aa","name":"Roger Str\u00e4ssle","image":{"@type":"ImageObject","inLanguage":"it-IT","@id":"https:\/\/secure.gravatar.com\/avatar\/862a5569d087de48e5856e32f45d719a03804c891d6deb8d4f71a660e79e4a47?s=96&d=mm&r=g","url":"https:\/\/secure.gravatar.com\/avatar\/862a5569d087de48e5856e32f45d719a03804c891d6deb8d4f71a660e79e4a47?s=96&d=mm&r=g","contentUrl":"https:\/\/secure.gravatar.com\/avatar\/862a5569d087de48e5856e32f45d719a03804c891d6deb8d4f71a660e79e4a47?s=96&d=mm&r=g","caption":"Roger Str\u00e4ssle"},"url":"https:\/\/news.save.ch\/it\/author\/roger-straessle\/"}]}},"_links":{"self":[{"href":"https:\/\/news.save.ch\/it\/wp-json\/wp\/v2\/posts\/9890","targetHints":{"allow":["GET"]}}],"collection":[{"href":"https:\/\/news.save.ch\/it\/wp-json\/wp\/v2\/posts"}],"about":[{"href":"https:\/\/news.save.ch\/it\/wp-json\/wp\/v2\/types\/post"}],"author":[{"embeddable":true,"href":"https:\/\/news.save.ch\/it\/wp-json\/wp\/v2\/users\/8"}],"replies":[{"embeddable":true,"href":"https:\/\/news.save.ch\/it\/wp-json\/wp\/v2\/comments?post=9890"}],"version-history":[{"count":1,"href":"https:\/\/news.save.ch\/it\/wp-json\/wp\/v2\/posts\/9890\/revisions"}],"predecessor-version":[{"id":17336,"href":"https:\/\/news.save.ch\/it\/wp-json\/wp\/v2\/posts\/9890\/revisions\/17336"}],"wp:featuredmedia":[{"embeddable":true,"href":"https:\/\/news.save.ch\/it\/wp-json\/wp\/v2\/media\/9891"}],"wp:attachment":[{"href":"https:\/\/news.save.ch\/it\/wp-json\/wp\/v2\/media?parent=9890"}],"wp:term":[{"taxonomy":"category","embeddable":true,"href":"https:\/\/news.save.ch\/it\/wp-json\/wp\/v2\/categories?post=9890"},{"taxonomy":"post_tag","embeddable":true,"href":"https:\/\/news.save.ch\/it\/wp-json\/wp\/v2\/tags?post=9890"}],"curies":[{"name":"wp","href":"https:\/\/api.w.org\/{rel}","templated":true}]}}